{"id":216,"count":1,"description":"","link":"https:\/\/fpisaofrancisco.inf.br\/index.php\/tag\/14fpialagoas-riosaofrancisco-velhochico-defesadomeioambiente-populacaoribeirinha-somostodoscarrancas-10anosfpial-defeso\/","name":"#14FPIAlagoas #RioS\u00e3oFrancisco #VelhoChico #DefesaDoMeioAmbiente #Popula\u00e7\u00e3oRibeirinha #SomosTodosCarrancas #10AnosFPIAL #Defeso","slug":"14fpialagoas-riosaofrancisco-velhochico-defesadomeioambiente-populacaoribeirinha-somostodoscarrancas-10anosfpial-defeso","taxonomy":"post_tag","meta":[],"_links":{"self":[{"href":"https:\/\/fpisaofrancisco.inf.br\/index.php\/wp-json\/wp\/v2\/tags\/216","targetHints":{"allow":["GET"]}}],"collection":[{"href":"https:\/\/fpisaofrancisco.inf.br\/index.php\/wp-json\/wp\/v2\/tags"}],"about":[{"href":"https:\/\/fpisaofrancisco.inf.br\/index.php\/wp-json\/wp\/v2\/taxonomies\/post_tag"}],"wp:post_type":[{"href":"https:\/\/fpisaofrancisco.inf.br\/index.php\/wp-json\/wp\/v2\/posts?tags=216"}],"curies":[{"name":"wp","href":"https:\/\/api.w.org\/{rel}","templated":true}]}}