{"id":9039,"date":"2025-10-18T20:51:37","date_gmt":"2025-10-18T20:51:37","guid":{"rendered":"https:\/\/fpisaofrancisco.inf.br\/?p=9039"},"modified":"2025-10-18T20:51:40","modified_gmt":"2025-10-18T20:51:40","slug":"colonia-de-abelhas-e-identificada-nas-ruinas-da-igreja-das-figuras-durante-a-52a-fpi-ba","status":"publish","type":"post","link":"https:\/\/fpisaofrancisco.inf.br\/index.php\/2025\/10\/18\/colonia-de-abelhas-e-identificada-nas-ruinas-da-igreja-das-figuras-durante-a-52a-fpi-ba\/","title":{"rendered":"Col\u00f4nia de abelhas \u00e9 identificada nas ru\u00ednas da Igreja das Figuras durante a 52\u00aa FPI\/BA"},"content":{"rendered":"\n<p>Durante as atividades da 52\u00aa etapa da Fiscaliza\u00e7\u00e3o Preventiva Integrada (FPI) do Rio S\u00e3o Francisco na Bahia, a equipe de Patrim\u00f4nio Hist\u00f3rico e Cultural identificou uma col\u00f4nia de Apis mellifera, esp\u00e9cie de abelha com ferr\u00e3o, instalada nas ru\u00ednas da Igreja das Figuras, localizada entre os munic\u00edpios de Jacobina e Ca\u00e9m.<\/p>\n\n\n<div class=\"wp-block-image\">\n<figure class=\"alignleft size-large is-resized\"><img fetchpriority=\"high\" decoding=\"async\" width=\"576\" height=\"1024\" src=\"https:\/\/fpisaofrancisco.inf.br\/wp-content\/uploads\/2025\/10\/3WhatsApp-Image-2025-10-18-at-17.40.06-576x1024.jpeg\" alt=\"\" class=\"wp-image-9041\" style=\"width:307px;height:auto\" srcset=\"https:\/\/fpisaofrancisco.inf.br\/wp-content\/uploads\/2025\/10\/3WhatsApp-Image-2025-10-18-at-17.40.06-576x1024.jpeg 576w, https:\/\/fpisaofrancisco.inf.br\/wp-content\/uploads\/2025\/10\/3WhatsApp-Image-2025-10-18-at-17.40.06-169x300.jpeg 169w, https:\/\/fpisaofrancisco.inf.br\/wp-content\/uploads\/2025\/10\/3WhatsApp-Image-2025-10-18-at-17.40.06-768x1365.jpeg 768w, https:\/\/fpisaofrancisco.inf.br\/wp-content\/uploads\/2025\/10\/3WhatsApp-Image-2025-10-18-at-17.40.06-864x1536.jpeg 864w, https:\/\/fpisaofrancisco.inf.br\/wp-content\/uploads\/2025\/10\/3WhatsApp-Image-2025-10-18-at-17.40.06.jpeg 900w\" sizes=\"(max-width: 576px) 100vw, 576px\" \/><\/figure>\n<\/div>\n\n\n<p>A situa\u00e7\u00e3o exigiu uma a\u00e7\u00e3o conjunta e criteriosa, considerando o valor hist\u00f3rico do templo e a necessidade de garantir a seguran\u00e7a e a preserva\u00e7\u00e3o da fauna. A professora Generosa Ribeiro, doutora em Ci\u00eancias Agr\u00e1rias e integrante da equipe de Combate aos Impactos dos Agrot\u00f3xicos da FPI\/BA, foi acionada para proceder \u00e0 dispers\u00e3o da col\u00f4nia, de modo a evitar danos tanto ao patrim\u00f4nio quanto \u00e0s abelhas.<\/p>\n\n\n\n<p>A a\u00e7\u00e3o contou com a participa\u00e7\u00e3o do F\u00f3rum Baiano de Combate aos Impactos dos Agrot\u00f3xicos, Transg\u00eanicos e pela Agroecologia (FBCA), que integra diversas iniciativas, incluindo a prote\u00e7\u00e3o das abelhas, e do qual a professora Generosa tamb\u00e9m faz parte.<\/p>\n\n\n\n<p>Segundo a especialista, o m\u00e9todo aplicado foi voltado \u00e0 dispers\u00e3o segura da col\u00f4nia. \u201cA gente faz a dispers\u00e3o das abelhas, primeiro liberando um grande n\u00famero de campeiras e a rainha. Depois, fechamos e bloqueamos todas as entradas e sa\u00eddas poss\u00edveis, aplicando produtos repelentes para evitar o retorno ao mesmo local\u201d, explicou.<\/p>\n\n\n\n<p>A medida foi adotada para impedir a morte dos insetos e, ao mesmo tempo, preservar as ru\u00ednas hist\u00f3ricas, que passar\u00e3o por limpeza e manuten\u00e7\u00e3o realizadas pela administra\u00e7\u00e3o municipal. A a\u00e7\u00e3o evidencia o car\u00e1ter educativo e preventivo da FPI\/BA, que busca conciliar a preserva\u00e7\u00e3o ambiental, o respeito ao patrim\u00f4nio hist\u00f3rico e a orienta\u00e7\u00e3o t\u00e9cnica \u00e0s comunidades locais.<\/p>\n\n\n\n<p>A FPI do S\u00e3o Francisco \u00e9 uma iniciativa socioeducativa que re\u00fane \u00f3rg\u00e3os p\u00fablicos, conselhos profissionais e entidades da sociedade civil, com o prop\u00f3sito de promover pr\u00e1ticas sustent\u00e1veis e a prote\u00e7\u00e3o dos recursos naturais, culturais e hist\u00f3ricos da bacia do Rio S\u00e3o Francisco.<\/p>\n\n\n\n<p>SOBRE A FPI DO S\u00c3O FRANCISCO<\/p>\n\n\n\n<p>Criada em 2002, a FPI do Rio S\u00e3o Francisco na Bahia \u00e9 um programa coordenado pelo Minist\u00e9rio P\u00fablico do Estado da Bahia (MPBA), pelo Conselho Regional de Engenharia e Agronomia da Bahia (Crea-BA), pelo Comit\u00ea da Bacia Hidrogr\u00e1fica do Rio S\u00e3o Francisco (CBHSF) e pelo Minist\u00e9rio P\u00fablico do Trabalho (MPT).<\/p>\n\n\n\n<p>De car\u00e1ter multidisciplinar, a iniciativa tem como objetivos melhorar a qualidade de vida das comunidades da bacia e dos seus recursos h\u00eddricos, combater o desmatamento, a capta\u00e7\u00e3o irregular de \u00e1gua, os impactos dos agrot\u00f3xicos, a extra\u00e7\u00e3o irregular de min\u00e9rios, o com\u00e9rcio ilegal de animais silvestres e a pesca predat\u00f3ria, al\u00e9m de atuar no gerenciamento de res\u00edduos s\u00f3lidos. Outra frente \u00e9 a preserva\u00e7\u00e3o do patrim\u00f4nio arquitet\u00f4nico, cultural e imaterial da bacia.<\/p>\n\n\n\n<p>Inicialmente realizada na Bahia, a FPI do S\u00e3o Francisco foi expandida para os estados de Sergipe, Alagoas, Pernambuco e Minas Gerais. Em 2024, o programa foi o grande vencedor do Pr\u00eamio Innovare, na categoria Minist\u00e9rio P\u00fablico, a mais alta honraria concedida ao Sistema de Justi\u00e7a brasileiro.<\/p>\n\n\n\n<p>O Pr\u00eamio Innovare \u00e9 uma realiza\u00e7\u00e3o do Instituto Innovare, em parceria com o Minist\u00e9rio da Justi\u00e7a, a Advocacia-Geral da Uni\u00e3o, associa\u00e7\u00f5es jur\u00eddicas e conselhos de justi\u00e7a do pa\u00eds, com apoio do Grupo Globo. A honraria, concedida anualmente, tem o objetivo de reconhecer e disseminar pr\u00e1ticas transformadoras desenvolvidas no sistema de Justi\u00e7a do Brasil, independentemente de altera\u00e7\u00f5es legislativas.<\/p>\n\n\n\n<p>Em 2020, a FPI do Rio S\u00e3o Francisco j\u00e1 havia sido premiada pelo Conselho Nacional do Minist\u00e9rio P\u00fablico (CNMP) como o maior indutor de pol\u00edticas p\u00fablicas do pa\u00eds.<\/p>\n\n\n\n<p>SOBRE A BACIA HIDROGR\u00c1FICA<\/p>\n\n\n\n<p>A Bacia Hidrogr\u00e1fica do Rio S\u00e3o Francisco corresponde a cerca de 8% do territ\u00f3rio nacional. Com uma extens\u00e3o de 2.863 quil\u00f4metros e uma \u00e1rea de drenagem superior a 639.219 quil\u00f4metros quadrados, estende-se desde Minas Gerais, onde o rio nasce, na Serra da Canastra, at\u00e9 o Oceano Atl\u00e2ntico, na divisa entre os estados de Alagoas e Sergipe.<\/p>\n\n\n\n<p>Essa vasta \u00e1rea integra as regi\u00f5es Nordeste, Sudeste e Centro-Oeste do pa\u00eds, abrangendo 505 munic\u00edpios em seis estados: Minas Gerais, Goi\u00e1s, Bahia, Pernambuco, Alagoas e Sergipe, al\u00e9m do Distrito Federal. Constitu\u00edda como uma das 12 regi\u00f5es hidrogr\u00e1ficas brasileiras, a bacia foi dividida, para fins de planejamento, em quatro zonas ou regi\u00f5es fisiogr\u00e1ficas: Alto S\u00e3o Francisco (Minas Gerais, Bahia, Goi\u00e1s e Distrito Federal), M\u00e9dio S\u00e3o Francisco (Bahia), Subm\u00e9dio S\u00e3o Francisco (Pernambuco, Bahia e Alagoas) e Baixo S\u00e3o Francisco (Alagoas, Sergipe, Pernambuco e Bahia).<\/p>\n\n\n\n<p>Com uma popula\u00e7\u00e3o estimada em mais de 20 milh\u00f5es de habitantes, a maior concentra\u00e7\u00e3o demogr\u00e1fica est\u00e1 no Alto S\u00e3o Francisco.<\/p>\n\n\n\n<p>\u00d3RG\u00c3OS PARCEIROS<\/p>\n\n\n\n<p>Entre os \u00f3rg\u00e3os parceiros da 52\u00aa etapa da FPI\/BA est\u00e3o o Minist\u00e9rio P\u00fablico Federal (MPF), o Minist\u00e9rio P\u00fablico do Trabalho (MPT), o Tribunal de Contas do Estado da Bahia (TCE-BA), o Tribunal de Contas dos Munic\u00edpios (TCM-BA), a Defensoria P\u00fablica da Uni\u00e3o (DPU), a Defensoria P\u00fablica do Estado da Bahia (DPE), o Instituto Brasileiro do Meio Ambiente e dos Recursos Naturais Renov\u00e1veis (Ibama), o Instituto Chico Mendes de Conserva\u00e7\u00e3o da Biodiversidade (ICMBio), o Instituto do Meio Ambiente e Recursos H\u00eddricos (Inema), a Secretaria Estadual do Meio Ambiente (Sema), a Companhia de Engenharia H\u00eddrica e de Saneamento da Bahia (Cerb), a Ag\u00eancia Reguladora de Saneamento B\u00e1sico do Estado da Bahia (Agersa), a Companhia de Desenvolvimento e A\u00e7\u00e3o Regional (CAR), a Superintend\u00eancia de Prote\u00e7\u00e3o e Defesa Civil (Sudec), a Secretaria de Infraestrutura H\u00eddrica e Saneamento (SIHS), a Secretaria de Desenvolvimento Rural (SDR), a Secretaria de Desenvolvimento Econ\u00f4mico (SDE), a Secretaria de Agricultura, Pecu\u00e1ria, Irriga\u00e7\u00e3o, Pesca e Aquicultura (Seagri), a Secretaria da Sa\u00fade do Estado da Bahia (Sesab), a Secretaria da Educa\u00e7\u00e3o (SEC), a Secretaria da Seguran\u00e7a P\u00fablica (SSP), a Secretaria da Administra\u00e7\u00e3o (Saeb), a Secretaria da Fazenda (Sefaz), a Secretaria do Planejamento (Seplan), a Secretaria do Trabalho, Emprego, Renda e Esporte (Setre), a Secretaria da Justi\u00e7a e Direitos Humanos (SJDH), a Pol\u00edcia Militar da Bahia (PMBA), a Pol\u00edcia Civil da Bahia (PCBA), o Corpo de Bombeiros Militar da Bahia (CBMBA), a Superintend\u00eancia do Patrim\u00f4nio da Uni\u00e3o (SPU), a Marinha do Brasil, a Ag\u00eancia Nacional de Minera\u00e7\u00e3o (ANM), a Ag\u00eancia de Defesa Agropecu\u00e1ria da Bahia (Adab), a Funda\u00e7\u00e3o Nacional de Sa\u00fade (Funasa), o Instituto do Patrim\u00f4nio Hist\u00f3rico e Art\u00edstico Nacional (Iphan), o Instituto do Patrim\u00f4nio Art\u00edstico e Cultural da Bahia (Ipac), o Conselho Regional de Engenharia e Agronomia da Bahia (Crea-BA), o Conselho Regional dos T\u00e9cnicos Industriais da Bahia (CRT-BA), o Conselho Regional de Qu\u00edmica da Bahia (CRQ-BA), o Conselho Regional de Medicina Veterin\u00e1ria da Bahia (CRMV-BA), o Conselho Regional de Administra\u00e7\u00e3o da Bahia (CRA-BA), o Conselho Regional de Biologia da Bahia (CRBio-BA), o Conselho Regional de Contabilidade da Bahia (CRC-BA), a Ordem dos Advogados do Brasil \u2013 Se\u00e7\u00e3o Bahia (OAB-BA), a Universidade Federal da Bahia (UFBA), a Universidade Federal do Oeste da Bahia (UFOB), a Universidade Federal do Rec\u00f4ncavo da Bahia (UFRB), a Universidade do Estado da Bahia (Uneb), a Universidade Federal do Vale do S\u00e3o Francisco (Univasf), o Instituto Federal da Bahia (IFBA), o Instituto Federal Baiano (IF Baiano), o Instituto Regional da Pequena Agropecu\u00e1ria Apropriada (Irpaa), o Grupo Ambientalista da Bahia (Germem), a Ag\u00eancia de Desenvolvimento do Nordeste (Adene), o Comit\u00ea da Bacia Hidrogr\u00e1fica do Rio S\u00e3o Francisco (CBHSF), a ONG Agendha \u2013 Assessoria e Gest\u00e3o em Estudos da Natureza, Desenvolvimento Humano e Agroecologia e a Funda\u00e7\u00e3o Palmares.<\/p>\n","protected":false},"excerpt":{"rendered":"<p>Durante as atividades da 52\u00aa etapa da Fiscaliza\u00e7\u00e3o Preventiva Integrada (FPI) do Rio S\u00e3o Francisco na Bahia, a equipe de Patrim\u00f4nio Hist\u00f3rico e Cultural identificou uma col\u00f4nia de Apis mellifera, esp\u00e9cie de abelha com ferr\u00e3o, instalada nas ru\u00ednas da Igreja das Figuras, localizada entre os munic\u00edpios de Jacobina e Ca\u00e9m. A situa\u00e7\u00e3o exigiu uma a\u00e7\u00e3o&hellip;<\/p>\n","protected":false},"author":2,"featured_media":9040,"comment_status":"open","ping_status":"open","sticky":false,"template":"","format":"standard","meta":{"_jetpack_memberships_contains_paid_content":false,"footnotes":""},"categories":[345,1,215,71],"tags":[],"class_list":["post-9039","post","type-post","status-publish","format-standard","has-post-thumbnail","hentry","category-52etapafpiba","category-blog","category-noticias","category-noticias-bahia","category-345","category-1","category-215","category-71","description-off"],"aioseo_notices":[],"jetpack_featured_media_url":"https:\/\/fpisaofrancisco.inf.br\/wp-content\/uploads\/2025\/10\/abelhas-copiar-scaled.jpg","jetpack_sharing_enabled":true,"_links":{"self":[{"href":"https:\/\/fpisaofrancisco.inf.br\/index.php\/wp-json\/wp\/v2\/posts\/9039","targetHints":{"allow":["GET"]}}],"collection":[{"href":"https:\/\/fpisaofrancisco.inf.br\/index.php\/wp-json\/wp\/v2\/posts"}],"about":[{"href":"https:\/\/fpisaofrancisco.inf.br\/index.php\/wp-json\/wp\/v2\/types\/post"}],"author":[{"embeddable":true,"href":"https:\/\/fpisaofrancisco.inf.br\/index.php\/wp-json\/wp\/v2\/users\/2"}],"replies":[{"embeddable":true,"href":"https:\/\/fpisaofrancisco.inf.br\/index.php\/wp-json\/wp\/v2\/comments?post=9039"}],"version-history":[{"count":1,"href":"https:\/\/fpisaofrancisco.inf.br\/index.php\/wp-json\/wp\/v2\/posts\/9039\/revisions"}],"predecessor-version":[{"id":9042,"href":"https:\/\/fpisaofrancisco.inf.br\/index.php\/wp-json\/wp\/v2\/posts\/9039\/revisions\/9042"}],"wp:featuredmedia":[{"embeddable":true,"href":"https:\/\/fpisaofrancisco.inf.br\/index.php\/wp-json\/wp\/v2\/media\/9040"}],"wp:attachment":[{"href":"https:\/\/fpisaofrancisco.inf.br\/index.php\/wp-json\/wp\/v2\/media?parent=9039"}],"wp:term":[{"taxonomy":"category","embeddable":true,"href":"https:\/\/fpisaofrancisco.inf.br\/index.php\/wp-json\/wp\/v2\/categories?post=9039"},{"taxonomy":"post_tag","embeddable":true,"href":"https:\/\/fpisaofrancisco.inf.br\/index.php\/wp-json\/wp\/v2\/tags?post=9039"}],"curies":[{"name":"wp","href":"https:\/\/api.w.org\/{rel}","templated":true}]}}