{"id":8858,"date":"2025-08-29T13:00:51","date_gmt":"2025-08-29T13:00:51","guid":{"rendered":"https:\/\/fpisaofrancisco.inf.br\/?p=8858"},"modified":"2025-08-29T16:07:36","modified_gmt":"2025-08-29T16:07:36","slug":"ilha-do-ferro-agua-esgoto-rio-sao-francisco","status":"publish","type":"post","link":"https:\/\/fpisaofrancisco.inf.br\/index.php\/2025\/08\/29\/ilha-do-ferro-agua-esgoto-rio-sao-francisco\/","title":{"rendered":"Ilha do Ferro tem \u00e1gua pr\u00f3pria para consumo, mas sofre com despejo de esgoto sem tratamento no Rio S\u00e3o Francisco"},"content":{"rendered":"\n<p class=\"has-accent-background-color has-background\">FPI denuncia falhas no esgotamento sanit\u00e1rio que amea\u00e7am sa\u00fade p\u00fablica e meio ambiente<\/p>\n\n\n\n<p>A beleza artesanal e cultural da Ilha do Ferro, em P\u00e3o de A\u00e7\u00facar, convive com um problema grave e silencioso: o despejo irregular de esgoto. Sem rede coletora e sem esta\u00e7\u00e3o de tratamento, os dejetos produzidos pelas fam\u00edlias da comunidade acabam sendo lan\u00e7ados diretamente no solo e, em seguida, no Rio S\u00e3o Francisco. O resultado \u00e9 a contamina\u00e7\u00e3o da \u00e1gua, a degrada\u00e7\u00e3o das condi\u00e7\u00f5es sanit\u00e1rias e a amea\u00e7a constante \u00e0 sa\u00fade da popula\u00e7\u00e3o.<\/p>\n\n\n\n<p>\u201c\u00c9 uma situa\u00e7\u00e3o preocupante, porque al\u00e9m de comprometer a qualidade de vida das fam\u00edlias, essa pr\u00e1tica representa uma amea\u00e7a s\u00e9ria para o rio e para todo o ecossistema\u201d, alertou Elisabeth Rocha, coordenadora da equipe de Abastecimento de \u00c1gua Urbano e Esgotamento Sanit\u00e1rio da Fiscaliza\u00e7\u00e3o Preventiva Integrada (FPI) do S\u00e3o Francisco.<\/p>\n\n\n\n<figure class=\"wp-block-image size-large\"><img fetchpriority=\"high\" decoding=\"async\" width=\"1024\" height=\"768\" src=\"https:\/\/fpisaofrancisco.inf.br\/wp-content\/uploads\/2025\/08\/f2_280825_esgotoilhaferro-1024x768.jpeg\" alt=\"\" class=\"wp-image-8861\" srcset=\"https:\/\/fpisaofrancisco.inf.br\/wp-content\/uploads\/2025\/08\/f2_280825_esgotoilhaferro-1024x768.jpeg 1024w, https:\/\/fpisaofrancisco.inf.br\/wp-content\/uploads\/2025\/08\/f2_280825_esgotoilhaferro-300x225.jpeg 300w, https:\/\/fpisaofrancisco.inf.br\/wp-content\/uploads\/2025\/08\/f2_280825_esgotoilhaferro-768x576.jpeg 768w, https:\/\/fpisaofrancisco.inf.br\/wp-content\/uploads\/2025\/08\/f2_280825_esgotoilhaferro.jpeg 1280w\" sizes=\"(max-width: 1024px) 100vw, 1024px\" \/><figcaption class=\"wp-element-caption\">Cr\u00e9dito: Luciano Barbosa (@lucianobarbosadasilva)<\/figcaption><\/figure>\n\n\n\n<h3 class=\"wp-block-heading\">Polui\u00e7\u00e3o e riscos \u00e0 biodiversidade<\/h3>\n\n\n\n<p>O esgoto sem tratamento altera a qualidade da \u00e1gua, polui o rio e compromete a biodiversidade aqu\u00e1tica. Esp\u00e9cies que dependem de \u00e1gua limpa para sobreviver perdem espa\u00e7o, e o equil\u00edbrio do ecossistema \u00e9 colocado em risco. Al\u00e9m disso, a infiltra\u00e7\u00e3o do material no solo atinge o len\u00e7ol fre\u00e1tico, reduzindo a qualidade da \u00e1gua subterr\u00e2nea utilizada por parte da popula\u00e7\u00e3o.<\/p>\n\n\n\n<p>Segundo Elisabeth Rocha, o impacto \u00e9 de longo alcance. \u201cQuando se polui o rio, n\u00e3o se afeta apenas a comunidade da Ilha do Ferro, mas toda a bacia do S\u00e3o Francisco. Esse tipo de dano ambiental \u00e9 cumulativo e pode gerar consequ\u00eancias irrevers\u00edveis se n\u00e3o houver interven\u00e7\u00e3o r\u00e1pida\u201d, destacou.<\/p>\n\n\n\n<h3 class=\"wp-block-heading\">Risco direto \u00e0 sa\u00fade p\u00fablica<\/h3>\n\n\n\n<p>A conviv\u00eancia di\u00e1ria com esgoto exp\u00f5e os moradores a doen\u00e7as de veicula\u00e7\u00e3o h\u00eddrica, como diarreias, verminoses e hepatites. Crian\u00e7as e idosos est\u00e3o entre os mais vulner\u00e1veis. Para a coordenadora, o saneamento b\u00e1sico deveria ser encarado como pol\u00edtica essencial de sa\u00fade.<br>\u201cO contato com esgoto \u00e9 uma porta aberta para doen\u00e7as. Investir em saneamento \u00e9 investir em preven\u00e7\u00e3o, em dignidade e em qualidade de vida\u201d, refor\u00e7ou Elisabeth Rocha.<\/p>\n\n\n\n<h3 class=\"wp-block-heading\">Lei n\u00e3o cumprida<\/h3>\n\n\n\n<p>A legisla\u00e7\u00e3o brasileira de saneamento b\u00e1sico, institu\u00edda pela Lei n\u00ba 11.445\/2007 e atualizada pelo Marco Legal de 2020, estabelece que at\u00e9 2030 todos os munic\u00edpios devem garantir coleta e tratamento de esgoto. Na pr\u00e1tica, por\u00e9m, muitas localidades seguem \u00e0 margem dessa meta.<\/p>\n\n\n\n<p>Na Ilha do Ferro, a aus\u00eancia de infraestrutura de esgotamento sanit\u00e1rio reflete um problema nacional: segundo dados oficiais, menos da metade da popula\u00e7\u00e3o brasileira tem acesso \u00e0 coleta de esgoto. Em \u00e1reas rurais e ribeirinhas, como no Sert\u00e3o de Alagoas, a situa\u00e7\u00e3o \u00e9 ainda mais cr\u00edtica.<\/p>\n\n\n\n<h3 class=\"wp-block-heading\">Comunidade pede prioridade<\/h3>\n\n\n\n<p>Enquanto a solu\u00e7\u00e3o definitiva n\u00e3o chega, os moradores da Ilha do Ferro continuam convivendo com esgoto a c\u00e9u aberto. Apelos ao poder p\u00fablico se repetem, mas at\u00e9 agora sem resposta efetiva.<\/p>\n\n\n\n<p>\u201cO rio \u00e9 fonte de vida, mas quando se transforma em destino de esgoto, ele se torna tamb\u00e9m um risco. Precisamos olhar para esse problema com a urg\u00eancia que ele merece\u201d, enfatizou a coordenadora da FPI.<\/p>\n\n\n\n<h3 class=\"wp-block-heading\">\u00c1gua que chega \u00e0s casas \u00e9 tratada<\/h3>\n\n\n\n<p>A Fiscaliza\u00e7\u00e3o Preventiva Integrada (FPI) do S\u00e3o Francisco atua na an\u00e1lise de todo o sistema de saneamento b\u00e1sico, que envolve o abastecimento de \u00e1gua, o esgotamento sanit\u00e1rio, a gest\u00e3o de res\u00edduos s\u00f3lidos e a drenagem urbana. No caso da comunidade da Ilha do Ferro, em P\u00e3o de A\u00e7\u00facar, a equipe j\u00e1 havia constatado avan\u00e7os no abastecimento: a \u00e1gua que chega \u00e0s casas est\u00e1 passando por capta\u00e7\u00e3o, tratamento e distribui\u00e7\u00e3o adequados, tornando-se pr\u00f3pria para o consumo humano, conforme divulgado em reportagem publicada pela FPI na manh\u00e3 desta quinta-feira (28).<\/p>\n\n\n\n<p>No entanto, durante a mesma etapa de fiscaliza\u00e7\u00e3o, tamb\u00e9m foi identificada uma grave defici\u00eancia no esgotamento sanit\u00e1rio. Por falta de rede coletora e de Esta\u00e7\u00e3o de Tratamento de Esgoto (ETE), os dejetos continuam sendo lan\u00e7ados de forma irregular, atingindo o solo, o len\u00e7ol fre\u00e1tico e chegando diretamente ao Rio S\u00e3o Francisco. Esse cen\u00e1rio compromete o meio ambiente e a sa\u00fade p\u00fablica, refor\u00e7ando a necessidade de investimentos estruturais para que a comunidade tenha condi\u00e7\u00f5es completas de saneamento.<\/p>\n\n\n\n<h3 class=\"wp-block-heading\">Fiscaliza\u00e7\u00e3o integrada<\/h3>\n\n\n\n<p>A equipe de Abastecimento de \u00c1gua Urbano e Esgotamento Sanit\u00e1rio da Fiscaliza\u00e7\u00e3o Preventiva Integrada \u00e9 formada por representantes do Conselho Regional de Engenharia e Agronomia de Alagoas (Crea-AL), Conselho Regional de Qu\u00edmica da 17\u00aa Regi\u00e3o (CRQ-17), Conselho Regional dos T\u00e9cnicos Industriais da 3\u00aa Regi\u00e3o (CRT-3), Instituto do Meio Ambiente de Alagoas (IMA\/AL), Minist\u00e9rio P\u00fablico Estadual (MPE), Secretaria de Estado da Sa\u00fade (Sesau) e Secretaria de Estado do Meio Ambiente e dos Recursos H\u00eddricos (Semarh).<\/p>\n\n\n\n<p>A atua\u00e7\u00e3o conjunta busca n\u00e3o apenas identificar os problemas, mas tamb\u00e9m apontar caminhos para solu\u00e7\u00f5es que garantam a preserva\u00e7\u00e3o do Rio S\u00e3o Francisco e melhores condi\u00e7\u00f5es de vida para as comunidades que dele dependem.<\/p>\n\n\n\n<figure class=\"wp-block-image size-large\"><img fetchpriority=\"high\" decoding=\"async\" width=\"1024\" height=\"768\" src=\"https:\/\/fpisaofrancisco.inf.br\/wp-content\/uploads\/2025\/08\/f2_280825_esgotoilhaferro-1024x768.jpeg\" alt=\"\" class=\"wp-image-8861\" srcset=\"https:\/\/fpisaofrancisco.inf.br\/wp-content\/uploads\/2025\/08\/f2_280825_esgotoilhaferro-1024x768.jpeg 1024w, https:\/\/fpisaofrancisco.inf.br\/wp-content\/uploads\/2025\/08\/f2_280825_esgotoilhaferro-300x225.jpeg 300w, https:\/\/fpisaofrancisco.inf.br\/wp-content\/uploads\/2025\/08\/f2_280825_esgotoilhaferro-768x576.jpeg 768w, https:\/\/fpisaofrancisco.inf.br\/wp-content\/uploads\/2025\/08\/f2_280825_esgotoilhaferro.jpeg 1280w\" sizes=\"(max-width: 1024px) 100vw, 1024px\" \/><figcaption class=\"wp-element-caption\">Cr\u00e9dito: Luciano Barbosa (@lucianobarbosadasilva)<\/figcaption><\/figure>\n\n\n\n<h3 class=\"wp-block-heading\"><strong>Leia tamb\u00e9m outras not\u00edcias da 15a etapa da FPI AL<\/strong><\/h3>\n\n\n\n<p><a href=\"https:\/\/fpisaofrancisco.inf.br\/index.php\/2025\/08\/29\/ilha-do-ferro-agua-esgoto-rio-sao-francisco\/\" title=\"\">Falta de vistoria em ve\u00edculos amea\u00e7a a qualidade da \u00e1gua consumida por milhares de sertanejos<\/a><\/p>\n\n\n\n<p><a href=\"https:\/\/fpisaofrancisco.inf.br\/index.php\/2025\/08\/29\/fpial-audienciapublica-15etapa\/\" title=\"\">FPI Alagoas realiza audi\u00eancia p\u00fablica neste s\u00e1bado (30) para apresentar resultados da 15\u00aa etapa<\/a><\/p>\n\n\n\n<p><a href=\"https:\/\/fpisaofrancisco.inf.br\/index.php\/2025\/08\/28\/clipagem-da-fpi-al-do-dia-28-08-2025\/\">Clipagem da FPI\/AL do dia 28\/08\/2025<\/a><\/p>\n\n\n\n<p><a href=\"https:\/\/fpisaofrancisco.inf.br\/index.php\/2025\/08\/28\/fpi-coetrae-arapiraca\/\">FPI Alagoas participa da primeira reuni\u00e3o interiorizada da Coetrae em Arapiraca<\/a><\/p>\n\n\n\n<p><a href=\"https:\/\/fpisaofrancisco.inf.br\/index.php\/2025\/08\/28\/agua-propria-consumo-ilha-do-ferro-fpi\/\">Na Ilha do Ferro, FPI do Rio S\u00e3o Francisco constata melhoria na qualidade da \u00e1gua para consumo humano<\/a><\/p>\n\n\n\n<p><a href=\"https:\/\/fpisaofrancisco.inf.br\/index.php\/2025\/08\/28\/saneamento-precario-municipios-fpi-al\/\">Saneamento b\u00e1sico ainda \u00e9 desafio em munic\u00edpios fiscalizados pela FPI<\/a><\/p>\n\n\n\n<p><a href=\"https:\/\/fpisaofrancisco.inf.br\/index.php\/2025\/08\/27\/clipagem-da-fpi-al-do-dia-27-08-2025\/\">Clipagem da FPI\/AL do dia 27\/08\/2025<\/a><\/p>\n\n\n\n<p><a href=\"https:\/\/fpisaofrancisco.inf.br\/index.php\/2025\/08\/27\/fpi-salva-iguana-santana-do-ipanema\/\">Atua\u00e7\u00e3o r\u00e1pida da equipe da FPI salva a vida de iguana com machucado na pata<\/a><\/p>\n\n\n\n<p><a href=\"https:\/\/fpisaofrancisco.inf.br\/index.php\/2025\/08\/27\/barragem-boacica-falhas-sem-plano-seguranca\/\">Barragem Boacica apresenta falhas estruturais e segue sem plano de seguran\u00e7a, constata FPI<\/a><\/p>\n\n\n\n<p><a href=\"https:\/\/fpisaofrancisco.inf.br\/index.php\/2025\/08\/27\/perimetro-gaviao-canal-sertao-transforma-semiarido-alagoano\/\">Per\u00edmetro do Gavi\u00e3o: primeiro projeto irrigado do Canal do Sert\u00e3o promete transformar o semi\u00e1rido alagoano<\/a><\/p>\n\n\n\n<p><a href=\"https:\/\/fpisaofrancisco.inf.br\/index.php\/2025\/08\/26\/clipagem-da-fpi-al-do-dia-26-08-2025\/\">Clipagem da FPI\/AL do dia 26\/08\/2025<\/a><\/p>\n\n\n\n<p><a href=\"https:\/\/fpisaofrancisco.inf.br\/index.php\/2025\/08\/26\/fpial-visita-quilombo-caititu-jacare-dos-homens\/\">Visita da FPI a comunidade quilombola em Jacar\u00e9 dos Homens aponta desafios ambientais com pr\u00e1tica tradicional<\/a><\/p>\n\n\n\n<p><a href=\"https:\/\/fpisaofrancisco.inf.br\/index.php\/2025\/08\/26\/%20fpi-riscos-barragem-piscicultura-sao-francisco\">FPI constata riscos em barragem e irregularidades em piscicultura na bacia do S\u00e3o Francisco<\/a><br><br><a href=\"https:\/\/fpisaofrancisco.inf.br\/index.php\/2025\/08\/26\/riscos-desmatamento-ilegal-fpi-alagoas\/\">Multas milion\u00e1rias, embargo e at\u00e9 bloqueio de cr\u00e9dito: entenda os riscos de desmatar sem autoriza\u00e7\u00e3o<\/a><\/p>\n\n\n\n<p><a href=\"https:\/\/fpisaofrancisco.inf.br\/index.php\/2025\/08\/26\/fpi-monitoramento-agua-alagoas\/\">FPI refor\u00e7a import\u00e2ncia do monitoramento da \u00e1gua para consumo humano em Alagoas<\/a><\/p>\n\n\n\n<p><a href=\"https:\/\/fpisaofrancisco.inf.br\/index.php\/2025\/08\/25\/clipagem-da-fpi-al-do-dia-25-08-2025\/\">Clipagem da FPI\/AL do dia 25\/08\/2025<\/a><\/p>\n\n\n\n<p><a href=\"https:\/\/fpisaofrancisco.inf.br\/index.php\/2025\/08\/25\/fpi-resgata-animais-silvestres-feira-palmeira-dos-indios\/\">FPI do Rio S\u00e3o Francisco resgata 26 animais silvestres v\u00edtimas de maus-tratos em feira livre<\/a><\/p>\n\n\n\n<p><a href=\"https:\/\/fpisaofrancisco.inf.br\/index.php\/2025\/08\/25\/fpi-quilombolas-gameleiro-plantio-antigo-lixao\/\">FPI AL denuncia: falta de terra leva quilombolas a plantar em lix\u00e3o<\/a><\/p>\n\n\n\n<p><a href=\"https:\/\/fpisaofrancisco.inf.br\/index.php\/2025\/08\/25\/fpial-flagra-lixao-esgoto-sao-francisco\/\">Fiscaliza\u00e7\u00e3o flagra lix\u00e3o sem recupera\u00e7\u00e3o ambiental e esgoto lan\u00e7ado no S\u00e3o Francisco<\/a><\/p>\n\n\n\n<p><a href=\"https:\/\/fpisaofrancisco.inf.br\/index.php\/2025\/08\/24\/clipagem-da-fpi-al-do-dia-24-08-2025\/\">Clipagem da FPI\/AL do dia 24\/08\/2025<\/a><\/p>\n\n\n\n<p><a href=\"https:\/\/fpisaofrancisco.inf.br\/index.php\/2025\/08\/24\/fpi-alagoas-primeira-semana-15a-etapa\/\">Na primeira semana de atua\u00e7\u00e3o, FPI Alagoas alcan\u00e7a mais da metade dos pontos de interesse previstos para 15\u00aa etapa<\/a><\/p>\n\n\n\n<p><a href=\"https:\/\/fpisaofrancisco.inf.br\/index.php\/2025\/08\/24\/fpial-visita-quilombo-pau-ferro\/\">FPI do S\u00e3o Francisco visita Pau Ferro, a mais nova comunidade quilombola certificada em Alagoas<\/a><\/p>\n\n\n\n<p><a href=\"https:\/\/fpisaofrancisco.inf.br\/index.php\/2025\/08\/23\/clipagem-da-fpi-al-do-dia-23-08-2025\/\">Clipagem da FPI\/AL do dia 23\/08\/2025<\/a><\/p>\n\n\n\n<p><a href=\"https:\/\/fpisaofrancisco.inf.br\/index.php\/2025\/08\/23\/fpial-fiscaliza-carros-pipa-pao-de-acucar\/\">Prote\u00e7\u00e3o da \u00e1gua e sa\u00fade p\u00fablica: FPI fiscaliza abastecimento por carros-pipa em P\u00e3o de A\u00e7\u00facar<\/a><\/p>\n\n\n\n<p><a href=\"https:\/\/fpisaofrancisco.inf.br\/index.php\/2025\/08\/23\/fpial-fecha-laticinio-clandestino-girau-ponciano\/\">Betoneira enferrujada era usada em latic\u00ednio insalubre na zona rural de Girau do Ponciano<\/a><\/p>\n\n\n\n<p><a href=\"https:\/\/fpisaofrancisco.inf.br\/index.php\/2025\/08\/22\/clipagem-da-fpi-al-do-dia-22-08-25\/\">Clipagem da FPI\/AL do dia 22\/08\/2025<\/a><\/p>\n\n\n\n<p><a href=\"https:\/\/fpisaofrancisco.inf.br\/index.php\/2025\/08\/22\/feducacao-ambiental-guardioes-caatinga-tapera\/\">FPI promove educa\u00e7\u00e3o ambiental que torna alunos guardi\u00f5es da natureza em S\u00e3o Jos\u00e9 da Tapera<\/a><\/p>\n\n\n\n<p><a href=\"https:\/\/fpisaofrancisco.inf.br\/index.php\/2025\/08\/22\/fpial-sitio-fossil-aguazinha-quilombo\/\">FPI do S\u00e3o Francisco visita poss\u00edvel s\u00edtio paleontol\u00f3gico em comunidade quilombola de Aguazinha, em Carneiros<\/a><\/p>\n\n\n\n<p><a href=\"https:\/\/fpisaofrancisco.inf.br\/index.php\/2025\/08\/22\/invasao-compromete-sistema-de-dessalinizacao\/\">Invas\u00e3o compromete sistema de dessaliniza\u00e7\u00e3o em Olho d\u2019\u00c1gua das Flores, enquanto comunidade quilombola em Carneiros vira modelo de gest\u00e3o<\/a><\/p>\n\n\n\n<p><a href=\"https:\/\/fpisaofrancisco.inf.br\/index.php\/2025\/08\/21\/clipagem-da-fpi-al-do-dia-21-08-2025\/\">Clipagem da FPI\/AL do dia 21\/08\/2025<\/a><\/p>\n\n\n\n<p><a href=\"https:\/\/fpisaofrancisco.inf.br\/index.php\/2025\/08\/21\/fpial-flagra-irregularidades-em-criatorio-de-aves\/\">FPI do S\u00e3o Francisco flagra irregularidades em criat\u00f3rio de aves em Arapiraca<\/a><\/p>\n\n\n\n<p><a href=\"https:\/\/fpisaofrancisco.inf.br\/index.php\/2025\/08\/21\/fpi-flagra-lixao-em-sao-jose-da-tapera-e-aplica-multa-de-r-80-mil\/\">FPI flagra lix\u00e3o em S\u00e3o Jos\u00e9 da Tapera e aplica multa de R$ 80 mil<\/a><\/p>\n\n\n\n<p><a href=\"file:\/\/\/S:\/\/fpisaofrancisco.inf.br\/index.php\/2025\/08\/21\/municipios-alagoanos-recebem-orientacoes-para-fortalecer-politica-ambiental\">Munic\u00edpios alagoanos recebem orienta\u00e7\u00f5es da FPI para fortalecer pol\u00edtica ambiental local<\/a><\/p>\n\n\n\n<p><a href=\"https:\/\/fpisaofrancisco.inf.br\/index.php\/2025\/08\/21\/fpi-flagra-laticinio-e-pocilga-clandestinos\/\">FPI flagra latic\u00ednio e pocilga clandestinos em Major Izidoro e recolhe quase uma tonelada de alimento impr\u00f3prio para consumo<\/a><\/p>\n\n\n\n<p><a href=\"https:\/\/fpisaofrancisco.inf.br\/index.php\/2025\/08\/21\/clipagem-da-fpi-al-do-dia-20-08-2025\/\">Clipagem da FPI\/AL do dia 20\/08\/2025<\/a><\/p>\n\n\n\n<p><a href=\"https:\/\/fpisaofrancisco.inf.br\/index.php\/2025\/08\/20\/guardioes-do-velho-chico-protege-vida-e-sustento-no-sao-francisco\/\">Guardi\u00f5es do Velho Chico: combate \u00e0 pesca predat\u00f3ria protege vida e sustento no S\u00e3o Francisco<\/a><\/p>\n\n\n\n<p><a href=\"https:\/\/fpisaofrancisco.inf.br\/index.php\/2025\/08\/20\/fpi-em-comunidades-tradicionais-relatos-reforcam-urgencia-em-saude-e-educacao-em-pao-de-acucar\/\">FPI em comunidades tradicionais: relatos refor\u00e7am urg\u00eancia em sa\u00fade e educa\u00e7\u00e3o em P\u00e3o de A\u00e7\u00facar<\/a><\/p>\n\n\n\n<p><a href=\"https:\/\/fpisaofrancisco.inf.br\/index.php\/2025\/08\/20\/fpial-leva-educacao-ambiental-a-escolas-e-comunidades-tradicionais-em-palestina\/\">FPI em Alagoas leva educa\u00e7\u00e3o ambiental a escolas e comunidades tradicionais em Palestina<\/a><\/p>\n\n\n\n<p><a href=\"https:\/\/fpisaofrancisco.inf.br\/index.php\/2025\/08\/20\/fpial-constata-maior-desmatamento-registrado\/\">FPI do S\u00e3o Francisco constata maior desmatamento j\u00e1 registrado durante as 15 etapas da fiscaliza\u00e7\u00e3o em Alagoas<\/a><\/p>\n\n\n\n<p><a href=\"https:\/\/fpisaofrancisco.inf.br\/index.php\/2025\/08\/19\/fpi-atua-para-combater-trabalho-analogo-a-escravidao-em-pedreiras\/\">FPI atua para combater trabalho an\u00e1logo \u00e0 escravid\u00e3o em pedreiras<\/a><\/p>\n\n\n\n<p><a href=\"https:\/\/fpisaofrancisco.inf.br\/index.php\/2025\/08\/19\/fpial-discute-dignidade-e-politicas-publicas-com-comunidade-quilombola-cacimba-do-barro\/\">FPI do Rio S\u00e3o Francisco discute dignidade e pol\u00edticas p\u00fablicas com comunidade quilombola Cacimba do Barro, no alto sert\u00e3o<\/a><\/p>\n\n\n\n<p><a href=\"https:\/\/fpisaofrancisco.inf.br\/index.php\/2025\/08\/18\/fpi-interdita-clinica-veterinaria-em-sao-jose-da-tapera\/\">FPI do Rio S\u00e3o Francisco interdita cl\u00ednica veterin\u00e1ria em S\u00e3o Jos\u00e9 da Tapera por cirurgias irregulares de animais<\/a><\/p>\n\n\n\n<p><a href=\"http:\/\/xn--defesa%20da%20sade%20pblica-c2cg:%20FPI%20impede%20venda%20de%20368%20litros%20de%20leite%20impr%C3%B3prio%20para%20consumo%20humano%20em%20P%C3%A3o%20de%20A%C3%A7%C3%BAcar\/\">Defesa da sa\u00fade p\u00fablica: FPI impede venda de 368 litros de leite impr\u00f3prio para consumo humano em P\u00e3o de A\u00e7\u00facar<\/a><\/p>\n\n\n\n<p><a href=\"https:\/\/fpisaofrancisco.inf.br\/index.php\/2025\/08\/18\/fpi-inicia-a-15a-etapa-em-alagoas-com-fiscalizacao-e-educacao-ambiental-para-populacao-sertaneja\/\">FPI do Rio S\u00e3o Francisco d\u00e1 in\u00edcio \u00e0 15\u00aa etapa em Alagoas com fiscaliza\u00e7\u00e3o e educa\u00e7\u00e3o ambiental para popula\u00e7\u00e3o sertaneja<\/a><\/p>\n\n\n\n<p><\/p>\n","protected":false},"excerpt":{"rendered":"<p>Na Ilha do Ferro, em P\u00e3o de A\u00e7\u00facar, a \u00e1gua distribu\u00edda \u00e0s fam\u00edlias \u00e9 considerada pr\u00f3pria para consumo. Por\u00e9m, o despejo de esgoto sem tratamento no Rio S\u00e3o Francisco amea\u00e7a a sa\u00fade p\u00fablica e a biodiversidade. A FPI alerta para a urg\u00eancia de investimentos em saneamento b\u00e1sico na comunidade.<\/p>\n","protected":false},"author":7,"featured_media":8860,"comment_status":"open","ping_status":"open","sticky":false,"template":"","format":"standard","meta":{"_jetpack_memberships_contains_paid_content":false,"footnotes":""},"categories":[286,215,72],"tags":[287,213,256,82,337],"class_list":["post-8858","post","type-post","status-publish","format-standard","has-post-thumbnail","hentry","category-15-etapa-fpi-al","category-noticias","category-noticias-alagoas","tag-15fpial","tag-bhsf","tag-esgoto","tag-fpial","tag-ilhadoferro","category-286","category-215","category-72","description-off"],"aioseo_notices":[],"jetpack_featured_media_url":"https:\/\/fpisaofrancisco.inf.br\/wp-content\/uploads\/2025\/08\/f1_280825_esgotoilhaferro.jpeg","jetpack_sharing_enabled":true,"_links":{"self":[{"href":"https:\/\/fpisaofrancisco.inf.br\/index.php\/wp-json\/wp\/v2\/posts\/8858","targetHints":{"allow":["GET"]}}],"collection":[{"href":"https:\/\/fpisaofrancisco.inf.br\/index.php\/wp-json\/wp\/v2\/posts"}],"about":[{"href":"https:\/\/fpisaofrancisco.inf.br\/index.php\/wp-json\/wp\/v2\/types\/post"}],"author":[{"embeddable":true,"href":"https:\/\/fpisaofrancisco.inf.br\/index.php\/wp-json\/wp\/v2\/users\/7"}],"replies":[{"embeddable":true,"href":"https:\/\/fpisaofrancisco.inf.br\/index.php\/wp-json\/wp\/v2\/comments?post=8858"}],"version-history":[{"count":3,"href":"https:\/\/fpisaofrancisco.inf.br\/index.php\/wp-json\/wp\/v2\/posts\/8858\/revisions"}],"predecessor-version":[{"id":8864,"href":"https:\/\/fpisaofrancisco.inf.br\/index.php\/wp-json\/wp\/v2\/posts\/8858\/revisions\/8864"}],"wp:featuredmedia":[{"embeddable":true,"href":"https:\/\/fpisaofrancisco.inf.br\/index.php\/wp-json\/wp\/v2\/media\/8860"}],"wp:attachment":[{"href":"https:\/\/fpisaofrancisco.inf.br\/index.php\/wp-json\/wp\/v2\/media?parent=8858"}],"wp:term":[{"taxonomy":"category","embeddable":true,"href":"https:\/\/fpisaofrancisco.inf.br\/index.php\/wp-json\/wp\/v2\/categories?post=8858"},{"taxonomy":"post_tag","embeddable":true,"href":"https:\/\/fpisaofrancisco.inf.br\/index.php\/wp-json\/wp\/v2\/tags?post=8858"}],"curies":[{"name":"wp","href":"https:\/\/api.w.org\/{rel}","templated":true}]}}