{"id":8848,"date":"2025-08-29T09:50:45","date_gmt":"2025-08-29T09:50:45","guid":{"rendered":"https:\/\/fpisaofrancisco.inf.br\/?p=8848"},"modified":"2025-08-29T13:08:56","modified_gmt":"2025-08-29T13:08:56","slug":"risco-saude-carros-pipa-semiarido-alagoano","status":"publish","type":"post","link":"https:\/\/fpisaofrancisco.inf.br\/index.php\/2025\/08\/29\/risco-saude-carros-pipa-semiarido-alagoano\/","title":{"rendered":"Risco \u00e0 sa\u00fade: carros-pipa sem autoriza\u00e7\u00e3o sanit\u00e1ria no Semi\u00e1rido alagoano"},"content":{"rendered":"\n<p class=\"has-accent-background-color has-background\">Falta de vistoria em ve\u00edculos amea\u00e7a a qualidade da \u00e1gua consumida por milhares de sertanejos; Vigil\u00e2ncia Sanit\u00e1ria inicia trabalho de regulariza\u00e7\u00e3o<\/p>\n\n\n\n<p>A cena \u00e9 comum no Semi\u00e1rido: carros-pipa cruzando estradas de barro para levar \u00e1gua at\u00e9 quem mais precisa. Mas, por tr\u00e1s do que parece um al\u00edvio, a Fiscaliza\u00e7\u00e3o Preventiva Integrada (FPI) do S\u00e3o Francisco descobriu um grave problema. Muitos desses ve\u00edculos estavam circulando sem a autoriza\u00e7\u00e3o sanit\u00e1ria exigida por lei, colocando em risco a sa\u00fade da popula\u00e7\u00e3o.<\/p>\n\n\n\n<h3 class=\"wp-block-heading\">\u00c1gua sem garantia de qualidade<\/h3>\n\n\n\n<p>De acordo com a coordenadora da equipe de Abastecimento de \u00c1gua Urbano e Esgotamento Sanit\u00e1rio da FPI, Elisabeth Rocha, a irregularidade acendeu um alerta imediato.<\/p>\n\n\n\n<p>\u201cA \u00e1gua tem que ser captada e transportada em caminh\u00f5es com condi\u00e7\u00f5es adequadas. Por isso \u00e9 fundamental que eles passem por vistoria e tenham alvar\u00e1 sanit\u00e1rio. \u00c9 uma medida para garantir ao sertanejo uma \u00e1gua de qualidade, sem risco de contamina\u00e7\u00e3o\u201d, explicou.<\/p>\n\n\n\n<p>Diante da situa\u00e7\u00e3o, a Secretaria de Estado da Sa\u00fade foi acionada e determinou a atua\u00e7\u00e3o da Vigil\u00e2ncia Sanit\u00e1ria Estadual (VISA), que iniciou inspe\u00e7\u00f5es nos ve\u00edculos.<\/p>\n\n\n\n<figure class=\"wp-block-gallery has-nested-images columns-default is-cropped wp-block-gallery-1 is-layout-flex wp-block-gallery-is-layout-flex\">\n<figure class=\"wp-block-image size-large\"><img fetchpriority=\"high\" decoding=\"async\" width=\"1024\" height=\"576\" data-id=\"8856\" src=\"https:\/\/fpisaofrancisco.inf.br\/wp-content\/uploads\/2025\/08\/f2_290825_carropipa-1024x576.jpeg\" alt=\"\" class=\"wp-image-8856\" srcset=\"https:\/\/fpisaofrancisco.inf.br\/wp-content\/uploads\/2025\/08\/f2_290825_carropipa-1024x576.jpeg 1024w, https:\/\/fpisaofrancisco.inf.br\/wp-content\/uploads\/2025\/08\/f2_290825_carropipa-300x169.jpeg 300w, https:\/\/fpisaofrancisco.inf.br\/wp-content\/uploads\/2025\/08\/f2_290825_carropipa-768x432.jpeg 768w, https:\/\/fpisaofrancisco.inf.br\/wp-content\/uploads\/2025\/08\/f2_290825_carropipa.jpeg 1280w\" sizes=\"(max-width: 1024px) 100vw, 1024px\" \/><figcaption class=\"wp-element-caption\">Cr\u00e9dito: Luciano Barbosa (@lucianobarbosadasilva)<\/figcaption><\/figure>\n\n\n\n<figure class=\"wp-block-image size-large\"><img decoding=\"async\" width=\"1024\" height=\"589\" data-id=\"8855\" src=\"https:\/\/fpisaofrancisco.inf.br\/wp-content\/uploads\/2025\/08\/f1_290825_carropipa-1024x589.jpeg\" alt=\"\" class=\"wp-image-8855\" srcset=\"https:\/\/fpisaofrancisco.inf.br\/wp-content\/uploads\/2025\/08\/f1_290825_carropipa-1024x589.jpeg 1024w, https:\/\/fpisaofrancisco.inf.br\/wp-content\/uploads\/2025\/08\/f1_290825_carropipa-300x173.jpeg 300w, https:\/\/fpisaofrancisco.inf.br\/wp-content\/uploads\/2025\/08\/f1_290825_carropipa-768x442.jpeg 768w, https:\/\/fpisaofrancisco.inf.br\/wp-content\/uploads\/2025\/08\/f1_290825_carropipa.jpeg 1280w\" sizes=\"(max-width: 1024px) 100vw, 1024px\" \/><figcaption class=\"wp-element-caption\">Cr\u00e9dito: Luciano Barbosa (@lucianobarbosadasilva)<\/figcaption><\/figure>\n<\/figure>\n\n\n\n<h3 class=\"wp-block-heading\">Caminh\u00f5es sob fiscaliza\u00e7\u00e3o<\/h3>\n\n\n\n<p>As vistorias buscam assegurar que os tanques sejam constru\u00eddos em materiais pr\u00f3prios para \u00e1gua pot\u00e1vel, estejam limpos, livres de ferrugem e com tampas vedadas. Tamb\u00e9m \u00e9 obrigat\u00f3rio que cada ve\u00edculo traga, de forma vis\u00edvel, a identifica\u00e7\u00e3o \u201c\u00c1GUA POT\u00c1VEL\u201d e a documenta\u00e7\u00e3o necess\u00e1ria.<br>Essas medidas seguem normas nacionais e estaduais que visam proteger a sa\u00fade coletiva.<\/p>\n\n\n\n<h3 class=\"wp-block-heading\">O papel do Minist\u00e9rio P\u00fablico<\/h3>\n\n\n\n<p>Para o promotor de Justi\u00e7a Alberto Fonseca, integrante da coordena\u00e7\u00e3o da FPI, a fiscaliza\u00e7\u00e3o n\u00e3o \u00e9 apenas burocracia, mas um cuidado essencial com o povo do sert\u00e3o.<\/p>\n\n\n\n<p>\u201cO carro-pipa leva a esperan\u00e7a da \u00e1gua, mas essa esperan\u00e7a n\u00e3o pode se transformar em risco. A lei existe justamente para proteger as pessoas. \u00c9 preciso que prefeituras e fornecedores fa\u00e7am a sua parte, regularizando a frota e garantindo um bem b\u00e1sico com seguran\u00e7a\u201d, afirmou.<\/p>\n\n\n\n<h3 class=\"wp-block-heading\">Mais do que uma exig\u00eancia<\/h3>\n\n\n\n<p>A a\u00e7\u00e3o da FPI e da Vigil\u00e2ncia Sanit\u00e1ria busca transformar um problema em oportunidade de mudan\u00e7a. Elisabeth Rocha refor\u00e7a que o objetivo n\u00e3o \u00e9 punir, mas orientar:<\/p>\n\n\n\n<p>Nosso trabalho \u00e9 de fiscaliza\u00e7\u00e3o, mas tamb\u00e9m de preven\u00e7\u00e3o. Queremos oportunizar que esses caminh\u00f5es se regularizem, para que a popula\u00e7\u00e3o tenha a seguran\u00e7a de que a \u00e1gua que chega \u00e0 sua casa \u00e9, de fato, pr\u00f3pria para consumo.<\/p>\n\n\n\n<p>A equipe de Abastecimento de \u00c1gua Urbano e Esgotamento Sanit\u00e1rio da FPI \u00e9 formada por representantes de institui\u00e7\u00f5es t\u00e9cnicas e de controle, garantindo a seriedade do trabalho. Integram o grupo o <a href=\"https:\/\/www.crea-al.org.br\/\" title=\"\">Conselho Regional de Engenharia e Agronomia de Alagoas (Crea-AL)<\/a>, o <a href=\"https:\/\/crq17.org.br\/\" title=\"\">Conselho Regional de Qu\u00edmica da 17\u00aa Regi\u00e3o (CRQ-17)<\/a>, o <a href=\"https:\/\/www.crt03.gov.br\/\" title=\"\">Conselho Regional dos T\u00e9cnicos Industriais da 3\u00aa Regi\u00e3o (CRT-3)<\/a>, o <a href=\"https:\/\/www2.ima.al.gov.br\/\" title=\"Instituto do Meio Ambiente de Alagoas (IMA\/AL),\">Instituto do Meio Ambiente de Alagoas (IMA\/AL),<\/a> o <a href=\"https:\/\/www.mpal.mp.br\/\" title=\"\">Minist\u00e9rio P\u00fablico Estadual (MPE),<\/a> a <a href=\"https:\/\/www.saude.al.gov.br\/\" title=\"\">Secretaria de Estado da Sa\u00fade (Sesau)<\/a> e a <a href=\"https:\/\/semarh.al.gov.br\/\" title=\"\">Secretaria de Estado do Meio Ambiente e dos Recursos H\u00eddricos (Semarh).<\/a><\/p>\n\n\n\n<h3 class=\"wp-block-heading\">Normas r\u00edgidas<\/h3>\n\n\n\n<p>O transporte de \u00e1gua pot\u00e1vel em carros-pipa deve seguir normas r\u00edgidas para garantir a qualidade da \u00e1gua consumida:<br>\u2022 ANVISA e Vigil\u00e2ncias Sanit\u00e1rias locais \u2013 Respons\u00e1veis por regulamentar e fiscalizar as condi\u00e7\u00f5es sanit\u00e1rias dos ve\u00edculos.<br>\u2022 Lei Estadual n\u00ba 7.675\/2014 \u2013 Disp\u00f5e sobre a pol\u00edtica estadual de recursos h\u00eddricos e seguran\u00e7a no abastecimento.<br>\u2022 Portaria GM\/MS n\u00ba 888\/2021 \u2013 Estabelece os padr\u00f5es de potabilidade da \u00e1gua destinada ao consumo humano.<br>\u2022 Norma ABNT NBR 15892 \u2013 Define requisitos t\u00e9cnicos para caminh\u00f5es-pipa destinados ao transporte de \u00e1gua pot\u00e1vel.<\/p>\n\n\n\n<p><\/p>\n\n\n\n<h3 class=\"wp-block-heading\"><strong>Leia tamb\u00e9m outras not\u00edcias da 15a etapa da FPI AL<\/strong><\/h3>\n\n\n\n<p><a href=\"https:\/\/fpisaofrancisco.inf.br\/index.php\/2025\/08\/29\/fpial-audienciapublica-15etapa\/\" title=\"\">FPI Alagoas realiza audi\u00eancia p\u00fablica neste s\u00e1bado (30) para apresentar resultados da 15\u00aa etapa<\/a><\/p>\n\n\n\n<p><a href=\"https:\/\/fpisaofrancisco.inf.br\/index.php\/2025\/08\/28\/clipagem-da-fpi-al-do-dia-28-08-2025\/\">Clipagem da FPI\/AL do dia 28\/08\/2025<\/a><\/p>\n\n\n\n<p><a href=\"https:\/\/fpisaofrancisco.inf.br\/index.php\/2025\/08\/28\/fpi-coetrae-arapiraca\/\">FPI Alagoas participa da primeira reuni\u00e3o interiorizada da Coetrae em Arapiraca<\/a><\/p>\n\n\n\n<p><a href=\"https:\/\/fpisaofrancisco.inf.br\/index.php\/2025\/08\/28\/agua-propria-consumo-ilha-do-ferro-fpi\/\">Na Ilha do Ferro, FPI do Rio S\u00e3o Francisco constata melhoria na qualidade da \u00e1gua para consumo humano<\/a><\/p>\n\n\n\n<p><a href=\"https:\/\/fpisaofrancisco.inf.br\/index.php\/2025\/08\/28\/saneamento-precario-municipios-fpi-al\/\">Saneamento b\u00e1sico ainda \u00e9 desafio em munic\u00edpios fiscalizados pela FPI<\/a><\/p>\n\n\n\n<p><a href=\"https:\/\/fpisaofrancisco.inf.br\/index.php\/2025\/08\/27\/clipagem-da-fpi-al-do-dia-27-08-2025\/\">Clipagem da FPI\/AL do dia 27\/08\/2025<\/a><\/p>\n\n\n\n<p><a href=\"https:\/\/fpisaofrancisco.inf.br\/index.php\/2025\/08\/27\/fpi-salva-iguana-santana-do-ipanema\/\">Atua\u00e7\u00e3o r\u00e1pida da equipe da FPI salva a vida de iguana com machucado na pata<\/a><\/p>\n\n\n\n<p><a href=\"https:\/\/fpisaofrancisco.inf.br\/index.php\/2025\/08\/27\/barragem-boacica-falhas-sem-plano-seguranca\/\">Barragem Boacica apresenta falhas estruturais e segue sem plano de seguran\u00e7a, constata FPI<\/a><\/p>\n\n\n\n<p><a href=\"https:\/\/fpisaofrancisco.inf.br\/index.php\/2025\/08\/27\/perimetro-gaviao-canal-sertao-transforma-semiarido-alagoano\/\">Per\u00edmetro do Gavi\u00e3o: primeiro projeto irrigado do Canal do Sert\u00e3o promete transformar o semi\u00e1rido alagoano<\/a><\/p>\n\n\n\n<p><a href=\"https:\/\/fpisaofrancisco.inf.br\/index.php\/2025\/08\/26\/clipagem-da-fpi-al-do-dia-26-08-2025\/\">Clipagem da FPI\/AL do dia 26\/08\/2025<\/a><\/p>\n\n\n\n<p><a href=\"https:\/\/fpisaofrancisco.inf.br\/index.php\/2025\/08\/26\/fpial-visita-quilombo-caititu-jacare-dos-homens\/\">Visita da FPI a comunidade quilombola em Jacar\u00e9 dos Homens aponta desafios ambientais com pr\u00e1tica tradicional<\/a><\/p>\n\n\n\n<p><a href=\"https:\/\/fpisaofrancisco.inf.br\/index.php\/2025\/08\/26\/%20fpi-riscos-barragem-piscicultura-sao-francisco\">FPI constata riscos em barragem e irregularidades em piscicultura na bacia do S\u00e3o Francisco<\/a><br><br><a href=\"https:\/\/fpisaofrancisco.inf.br\/index.php\/2025\/08\/26\/riscos-desmatamento-ilegal-fpi-alagoas\/\">Multas milion\u00e1rias, embargo e at\u00e9 bloqueio de cr\u00e9dito: entenda os riscos de desmatar sem autoriza\u00e7\u00e3o<\/a><\/p>\n\n\n\n<p><a href=\"https:\/\/fpisaofrancisco.inf.br\/index.php\/2025\/08\/26\/fpi-monitoramento-agua-alagoas\/\">FPI refor\u00e7a import\u00e2ncia do monitoramento da \u00e1gua para consumo humano em Alagoas<\/a><\/p>\n\n\n\n<p><a href=\"https:\/\/fpisaofrancisco.inf.br\/index.php\/2025\/08\/25\/clipagem-da-fpi-al-do-dia-25-08-2025\/\">Clipagem da FPI\/AL do dia 25\/08\/2025<\/a><\/p>\n\n\n\n<p><a href=\"https:\/\/fpisaofrancisco.inf.br\/index.php\/2025\/08\/25\/fpi-resgata-animais-silvestres-feira-palmeira-dos-indios\/\">FPI do Rio S\u00e3o Francisco resgata 26 animais silvestres v\u00edtimas de maus-tratos em feira livre<\/a><\/p>\n\n\n\n<p><a href=\"https:\/\/fpisaofrancisco.inf.br\/index.php\/2025\/08\/25\/fpi-quilombolas-gameleiro-plantio-antigo-lixao\/\">FPI AL denuncia: falta de terra leva quilombolas a plantar em lix\u00e3o<\/a><\/p>\n\n\n\n<p><a href=\"https:\/\/fpisaofrancisco.inf.br\/index.php\/2025\/08\/25\/fpial-flagra-lixao-esgoto-sao-francisco\/\">Fiscaliza\u00e7\u00e3o flagra lix\u00e3o sem recupera\u00e7\u00e3o ambiental e esgoto lan\u00e7ado no S\u00e3o Francisco<\/a><\/p>\n\n\n\n<p><a href=\"https:\/\/fpisaofrancisco.inf.br\/index.php\/2025\/08\/24\/clipagem-da-fpi-al-do-dia-24-08-2025\/\">Clipagem da FPI\/AL do dia 24\/08\/2025<\/a><\/p>\n\n\n\n<p><a href=\"https:\/\/fpisaofrancisco.inf.br\/index.php\/2025\/08\/24\/fpi-alagoas-primeira-semana-15a-etapa\/\">Na primeira semana de atua\u00e7\u00e3o, FPI Alagoas alcan\u00e7a mais da metade dos pontos de interesse previstos para 15\u00aa etapa<\/a><\/p>\n\n\n\n<p><a href=\"https:\/\/fpisaofrancisco.inf.br\/index.php\/2025\/08\/24\/fpial-visita-quilombo-pau-ferro\/\">FPI do S\u00e3o Francisco visita Pau Ferro, a mais nova comunidade quilombola certificada em Alagoas<\/a><\/p>\n\n\n\n<p><a href=\"https:\/\/fpisaofrancisco.inf.br\/index.php\/2025\/08\/23\/clipagem-da-fpi-al-do-dia-23-08-2025\/\">Clipagem da FPI\/AL do dia 23\/08\/2025<\/a><\/p>\n\n\n\n<p><a href=\"https:\/\/fpisaofrancisco.inf.br\/index.php\/2025\/08\/23\/fpial-fiscaliza-carros-pipa-pao-de-acucar\/\">Prote\u00e7\u00e3o da \u00e1gua e sa\u00fade p\u00fablica: FPI fiscaliza abastecimento por carros-pipa em P\u00e3o de A\u00e7\u00facar<\/a><\/p>\n\n\n\n<p><a href=\"https:\/\/fpisaofrancisco.inf.br\/index.php\/2025\/08\/23\/fpial-fecha-laticinio-clandestino-girau-ponciano\/\">Betoneira enferrujada era usada em latic\u00ednio insalubre na zona rural de Girau do Ponciano<\/a><\/p>\n\n\n\n<p><a href=\"https:\/\/fpisaofrancisco.inf.br\/index.php\/2025\/08\/22\/clipagem-da-fpi-al-do-dia-22-08-25\/\">Clipagem da FPI\/AL do dia 22\/08\/2025<\/a><\/p>\n\n\n\n<p><a href=\"https:\/\/fpisaofrancisco.inf.br\/index.php\/2025\/08\/22\/feducacao-ambiental-guardioes-caatinga-tapera\/\">FPI promove educa\u00e7\u00e3o ambiental que torna alunos guardi\u00f5es da natureza em S\u00e3o Jos\u00e9 da Tapera<\/a><\/p>\n\n\n\n<p><a href=\"https:\/\/fpisaofrancisco.inf.br\/index.php\/2025\/08\/22\/fpial-sitio-fossil-aguazinha-quilombo\/\">FPI do S\u00e3o Francisco visita poss\u00edvel s\u00edtio paleontol\u00f3gico em comunidade quilombola de Aguazinha, em Carneiros<\/a><\/p>\n\n\n\n<p><a href=\"https:\/\/fpisaofrancisco.inf.br\/index.php\/2025\/08\/22\/invasao-compromete-sistema-de-dessalinizacao\/\">Invas\u00e3o compromete sistema de dessaliniza\u00e7\u00e3o em Olho d\u2019\u00c1gua das Flores, enquanto comunidade quilombola em Carneiros vira modelo de gest\u00e3o<\/a><\/p>\n\n\n\n<p><a href=\"https:\/\/fpisaofrancisco.inf.br\/index.php\/2025\/08\/21\/clipagem-da-fpi-al-do-dia-21-08-2025\/\">Clipagem da FPI\/AL do dia 21\/08\/2025<\/a><\/p>\n\n\n\n<p><a href=\"https:\/\/fpisaofrancisco.inf.br\/index.php\/2025\/08\/21\/fpial-flagra-irregularidades-em-criatorio-de-aves\/\">FPI do S\u00e3o Francisco flagra irregularidades em criat\u00f3rio de aves em Arapiraca<\/a><\/p>\n\n\n\n<p><a href=\"https:\/\/fpisaofrancisco.inf.br\/index.php\/2025\/08\/21\/fpi-flagra-lixao-em-sao-jose-da-tapera-e-aplica-multa-de-r-80-mil\/\">FPI flagra lix\u00e3o em S\u00e3o Jos\u00e9 da Tapera e aplica multa de R$ 80 mil<\/a><\/p>\n\n\n\n<p><a href=\"file:\/\/\/S:\/\/fpisaofrancisco.inf.br\/index.php\/2025\/08\/21\/municipios-alagoanos-recebem-orientacoes-para-fortalecer-politica-ambiental\">Munic\u00edpios alagoanos recebem orienta\u00e7\u00f5es da FPI para fortalecer pol\u00edtica ambiental local<\/a><\/p>\n\n\n\n<p><a href=\"https:\/\/fpisaofrancisco.inf.br\/index.php\/2025\/08\/21\/fpi-flagra-laticinio-e-pocilga-clandestinos\/\">FPI flagra latic\u00ednio e pocilga clandestinos em Major Izidoro e recolhe quase uma tonelada de alimento impr\u00f3prio para consumo<\/a><\/p>\n\n\n\n<p><a href=\"https:\/\/fpisaofrancisco.inf.br\/index.php\/2025\/08\/21\/clipagem-da-fpi-al-do-dia-20-08-2025\/\">Clipagem da FPI\/AL do dia 20\/08\/2025<\/a><\/p>\n\n\n\n<p><a href=\"https:\/\/fpisaofrancisco.inf.br\/index.php\/2025\/08\/20\/guardioes-do-velho-chico-protege-vida-e-sustento-no-sao-francisco\/\">Guardi\u00f5es do Velho Chico: combate \u00e0 pesca predat\u00f3ria protege vida e sustento no S\u00e3o Francisco<\/a><\/p>\n\n\n\n<p><a href=\"https:\/\/fpisaofrancisco.inf.br\/index.php\/2025\/08\/20\/fpi-em-comunidades-tradicionais-relatos-reforcam-urgencia-em-saude-e-educacao-em-pao-de-acucar\/\">FPI em comunidades tradicionais: relatos refor\u00e7am urg\u00eancia em sa\u00fade e educa\u00e7\u00e3o em P\u00e3o de A\u00e7\u00facar<\/a><\/p>\n\n\n\n<p><a href=\"https:\/\/fpisaofrancisco.inf.br\/index.php\/2025\/08\/20\/fpial-leva-educacao-ambiental-a-escolas-e-comunidades-tradicionais-em-palestina\/\">FPI em Alagoas leva educa\u00e7\u00e3o ambiental a escolas e comunidades tradicionais em Palestina<\/a><\/p>\n\n\n\n<p><a href=\"https:\/\/fpisaofrancisco.inf.br\/index.php\/2025\/08\/20\/fpial-constata-maior-desmatamento-registrado\/\">FPI do S\u00e3o Francisco constata maior desmatamento j\u00e1 registrado durante as 15 etapas da fiscaliza\u00e7\u00e3o em Alagoas<\/a><\/p>\n\n\n\n<p><a href=\"https:\/\/fpisaofrancisco.inf.br\/index.php\/2025\/08\/19\/fpi-atua-para-combater-trabalho-analogo-a-escravidao-em-pedreiras\/\">FPI atua para combater trabalho an\u00e1logo \u00e0 escravid\u00e3o em pedreiras<\/a><\/p>\n\n\n\n<p><a href=\"https:\/\/fpisaofrancisco.inf.br\/index.php\/2025\/08\/19\/fpial-discute-dignidade-e-politicas-publicas-com-comunidade-quilombola-cacimba-do-barro\/\">FPI do Rio S\u00e3o Francisco discute dignidade e pol\u00edticas p\u00fablicas com comunidade quilombola Cacimba do Barro, no alto sert\u00e3o<\/a><\/p>\n\n\n\n<p><a href=\"https:\/\/fpisaofrancisco.inf.br\/index.php\/2025\/08\/18\/fpi-interdita-clinica-veterinaria-em-sao-jose-da-tapera\/\">FPI do Rio S\u00e3o Francisco interdita cl\u00ednica veterin\u00e1ria em S\u00e3o Jos\u00e9 da Tapera por cirurgias irregulares de animais<\/a><\/p>\n\n\n\n<p><a href=\"http:\/\/xn--defesa%20da%20sade%20pblica-c2cg:%20FPI%20impede%20venda%20de%20368%20litros%20de%20leite%20impr%C3%B3prio%20para%20consumo%20humano%20em%20P%C3%A3o%20de%20A%C3%A7%C3%BAcar\/\">Defesa da sa\u00fade p\u00fablica: FPI impede venda de 368 litros de leite impr\u00f3prio para consumo humano em P\u00e3o de A\u00e7\u00facar<\/a><\/p>\n\n\n\n<p><a href=\"https:\/\/fpisaofrancisco.inf.br\/index.php\/2025\/08\/18\/fpi-inicia-a-15a-etapa-em-alagoas-com-fiscalizacao-e-educacao-ambiental-para-populacao-sertaneja\/\">FPI do Rio S\u00e3o Francisco d\u00e1 in\u00edcio \u00e0 15\u00aa etapa em Alagoas com fiscaliza\u00e7\u00e3o e educa\u00e7\u00e3o ambiental para popula\u00e7\u00e3o sertaneja<\/a><\/p>\n","protected":false},"excerpt":{"rendered":"<p>A Fiscaliza\u00e7\u00e3o Preventiva Integrada (FPI) do S\u00e3o Francisco identificou caminh\u00f5es-pipa circulando sem autoriza\u00e7\u00e3o sanit\u00e1ria no Semi\u00e1rido alagoano, colocando em risco a qualidade da \u00e1gua consumida por milhares de pessoas. A Vigil\u00e2ncia Sanit\u00e1ria iniciou inspe\u00e7\u00f5es para regularizar os ve\u00edculos e garantir que o transporte siga as normas de potabilidade, prote\u00e7\u00e3o \u00e0 sa\u00fade e seguran\u00e7a da popula\u00e7\u00e3o sertaneja.<\/p>\n","protected":false},"author":7,"featured_media":8854,"comment_status":"open","ping_status":"open","sticky":false,"template":"","format":"standard","meta":{"_jetpack_memberships_contains_paid_content":false,"footnotes":""},"categories":[286,215,72],"tags":[287,213,340,82],"class_list":["post-8848","post","type-post","status-publish","format-standard","has-post-thumbnail","hentry","category-15-etapa-fpi-al","category-noticias","category-noticias-alagoas","tag-15fpial","tag-bhsf","tag-carrospipa","tag-fpial","category-286","category-215","category-72","description-off"],"aioseo_notices":[],"jetpack_featured_media_url":"https:\/\/fpisaofrancisco.inf.br\/wp-content\/uploads\/2025\/08\/f3_290825_carropipa.jpeg","jetpack_sharing_enabled":true,"_links":{"self":[{"href":"https:\/\/fpisaofrancisco.inf.br\/index.php\/wp-json\/wp\/v2\/posts\/8848","targetHints":{"allow":["GET"]}}],"collection":[{"href":"https:\/\/fpisaofrancisco.inf.br\/index.php\/wp-json\/wp\/v2\/posts"}],"about":[{"href":"https:\/\/fpisaofrancisco.inf.br\/index.php\/wp-json\/wp\/v2\/types\/post"}],"author":[{"embeddable":true,"href":"https:\/\/fpisaofrancisco.inf.br\/index.php\/wp-json\/wp\/v2\/users\/7"}],"replies":[{"embeddable":true,"href":"https:\/\/fpisaofrancisco.inf.br\/index.php\/wp-json\/wp\/v2\/comments?post=8848"}],"version-history":[{"count":1,"href":"https:\/\/fpisaofrancisco.inf.br\/index.php\/wp-json\/wp\/v2\/posts\/8848\/revisions"}],"predecessor-version":[{"id":8857,"href":"https:\/\/fpisaofrancisco.inf.br\/index.php\/wp-json\/wp\/v2\/posts\/8848\/revisions\/8857"}],"wp:featuredmedia":[{"embeddable":true,"href":"https:\/\/fpisaofrancisco.inf.br\/index.php\/wp-json\/wp\/v2\/media\/8854"}],"wp:attachment":[{"href":"https:\/\/fpisaofrancisco.inf.br\/index.php\/wp-json\/wp\/v2\/media?parent=8848"}],"wp:term":[{"taxonomy":"category","embeddable":true,"href":"https:\/\/fpisaofrancisco.inf.br\/index.php\/wp-json\/wp\/v2\/categories?post=8848"},{"taxonomy":"post_tag","embeddable":true,"href":"https:\/\/fpisaofrancisco.inf.br\/index.php\/wp-json\/wp\/v2\/tags?post=8848"}],"curies":[{"name":"wp","href":"https:\/\/api.w.org\/{rel}","templated":true}]}}