{"id":8844,"date":"2025-08-29T08:00:24","date_gmt":"2025-08-29T08:00:24","guid":{"rendered":"https:\/\/fpisaofrancisco.inf.br\/?p=8844"},"modified":"2025-08-29T10:40:45","modified_gmt":"2025-08-29T10:40:45","slug":"fpial-audienciapublica-15etapa","status":"publish","type":"post","link":"https:\/\/fpisaofrancisco.inf.br\/index.php\/2025\/08\/29\/fpial-audienciapublica-15etapa\/","title":{"rendered":"FPI Alagoas realiza audi\u00eancia p\u00fablica neste s\u00e1bado (30) para apresentar resultados da 15\u00aa etapa"},"content":{"rendered":"\n<p class=\"has-accent-background-color has-background\">Encontro de di\u00e1logo com gestores p\u00fablicos, empres\u00e1rios, trabalhadores e popula\u00e7\u00e3o sertaneja ser\u00e1 realizado em Olho d\u2019\u00c1gua das Flores, \u00e0s 8h, na Escola Maria Augusta Silva de Melo<\/p>\n\n\n\n<p>Depois de duas semanas de atua\u00e7\u00e3o em campo, a Fiscaliza\u00e7\u00e3o Preventiva Integrada (FPI) da Bacia Hidrogr\u00e1fica do Rio S\u00e3o Francisco encerra suas atividades com a realiza\u00e7\u00e3o de uma audi\u00eancia p\u00fablica neste s\u00e1bado (30), \u00e0s 8h, em Olho D\u2019\u00e1gua das Flores, com transmiss\u00e3o ao vivo pelo canal do programa no YouTube. Na ocasi\u00e3o, ser\u00e3o apresentados os resultados da 15\u00aa etapa do programa em Alagoas.<\/p>\n\n\n\n<p>O encontro ter\u00e1 como sede a Escola Maria Augusta Silva de Melo, localizada na Rua 6 de fevereiro, sem n\u00famero, no munic\u00edpio sertanejo. A FPI do Rio S\u00e3o Francisco espera receber gestores p\u00fablicos, empres\u00e1rios, trabalhadores, comunidades tradicionais e a popula\u00e7\u00e3o da regi\u00e3o que recebeu as a\u00e7\u00f5es de fiscaliza\u00e7\u00e3o e educa\u00e7\u00e3o ambiental nos \u00faltimos dias. \u00c9 o momento em que n\u00e3o s\u00f3 se apresenta enquanto programa, mas tamb\u00e9m se promove a escuta dos ribeirinhos.<\/p>\n\n\n\n<p>A audi\u00eancia p\u00fablica ser\u00e1 dividida em tr\u00eas momentos: abertura, apresenta\u00e7\u00e3o dos resultados das equipes de campo e participa\u00e7\u00e3o do p\u00fablico presente.<\/p>\n\n\n\n<p>A mesa de abertura ser\u00e1 composta por representantes do Comit\u00ea da Bacia Hidrogr\u00e1fica do Rio S\u00e3o Francisco e dos Minist\u00e9rios P\u00fablicos (Estadual, Federal e do Trabalho), mais os coordenadores das 12 equipes de campo da 15\u00aa etapa.<\/p>\n\n\n\n<p>Por ordem de apresenta\u00e7\u00e3o, as equipes s\u00e3o: 1) Res\u00edduos S\u00f3lidos, Extra\u00e7\u00e3o Mineral e Seguran\u00e7a de Barragens; 2) Produtos de Origem Animal; 3) Abastecimento de \u00c1gua e Esgotamento Sanit\u00e1rio Urbano; 4) Aqu\u00e1tica; 5) Produtos Perigosos; 6) Fauna; 7) Abastecimento de \u00c1gua e Esgotamento Sanit\u00e1rio Rural; 8) Flora; 9) Educa\u00e7\u00e3o Ambiental; 10) Comunidades Tradicionais e Patrim\u00f4nio Cultural; 11) Gest\u00e3o Ambiental e 12) Sede de Aprender.<\/p>\n\n\n\n<p>Na sequ\u00eancia, ser\u00e1 franqueada a palavra para o p\u00fablico presente, que poder\u00e1 se manifestar no sentido de compartilhar opini\u00f5es, esclarecer d\u00favidas ou intervir naquilo que considerar pertinente.<\/p>\n\n\n\n<h3 class=\"wp-block-heading\">Palavra dos coordenadores-gerais<\/h3>\n\n\n\n<p>Para a coordenadora-geral da FPI em Alagoas, promotora de Justi\u00e7a Lav\u00ednia Fragoso, a audi\u00eancia p\u00fablica coroa as atividades de campo da 15\u00aa etapa. \u201cTrata-se do momento em que compartilhamos o diagn\u00f3stico da regi\u00e3o, popularizando o mapeamento das conformidades e n\u00e3o conformidades encontradas nos munic\u00edpios sertanejos\u201d, disse.<\/p>\n\n\n\n<p>\u201c\u00c9 na audi\u00eancia que os t\u00e9cnicos da FPI se colocam \u00e0 disposi\u00e7\u00e3o para prestar informa\u00e7\u00f5es. Vamos ter um momento de troca n\u00e3o apenas com o poder p\u00fablico, mas tamb\u00e9m com toda a sociedade civil\u201d, complementou o promotor de Justi\u00e7a Alberto Fonseca, tamb\u00e9m coordenador-geral da FPI em Alagoas.<\/p>\n\n\n\n<p>O procurador da Rep\u00fablica \u00c9rico partilhou o prop\u00f3sito do programa, que ser\u00e1 refor\u00e7ado no encontro deste s\u00e1bado. \u201cA FPI vai muito al\u00e9m da fiscaliza\u00e7\u00e3o. Estamos aqui para falar de educa\u00e7\u00e3o ambiental, de melhoria do meio ambiente e do uso sustent\u00e1vel da Bacia Hidrogr\u00e1fica do Rio S\u00e3o Francisco. Buscamos preservar essa bacia para que todo mundo possa usar esse recurso t\u00e3o valioso, que \u00e9 a \u00e1gua, de maneira adequada e justa\u201d, explicou o coordenador-geral.<\/p>\n\n\n\n<h3 class=\"wp-block-heading\">Transmiss\u00e3o online e certificado<\/h3>\n\n\n\n<p>Quem estiver impedido de participar presencialmente pode acompanhar a audi\u00eancia pelo canal da FPI em Alagoas no YouTube (FPI Alagoas \u2013 @fpiAlagoasoficial), sem necessidade de cadastro pr\u00e9vio.<\/p>\n\n\n\n<p>Haver\u00e1 entrega de certificado de participa\u00e7\u00e3o com carga hor\u00e1ria de seis horas para quem acompanhar as exposi\u00e7\u00f5es da FPI do Rio S\u00e3o Francisco. As inscri\u00e7\u00f5es na audi\u00eancia p\u00fablica poder\u00e3o ser feitas presencialmente e enquanto durar o evento.<\/p>\n\n\n\n<p>No entanto, s\u00f3 haver\u00e1 emiss\u00e3o de certificado para os que acompanharem remotamente se fizerem a inscri\u00e7\u00e3o na p\u00e1gina do evento. Para se inscrever, basta acessar o link bit.ly\/audienciaFPI15 e preencher o cadastro de visitante.<\/p>\n\n\n\n<h3 class=\"wp-block-heading\">A FPI do Rio S\u00e3o Francisco<\/h3>\n\n\n\n<p>A FPI tem o objetivo de melhorar a qualidade ambiental da Bacia Hidrogr\u00e1fica do Rio S\u00e3o Francisco e a qualidade de vida dos seus povos. Os trabalhos acontecem de modo cont\u00ednuo e permanente. Para isso, realizam-se o diagn\u00f3stico dos danos ambientais e a ado\u00e7\u00e3o de provid\u00eancias administrativas, c\u00edveis e criminais com a indu\u00e7\u00e3o de pol\u00edticas p\u00fablicas.<\/p>\n\n\n\n<p>Como programa, a FPI \u00e9 estruturada em tr\u00eas fases: planejamento, execu\u00e7\u00e3o e desdobramentos. A fase de desdobramento compreende o acompanhamento e monitoramento dos diagn\u00f3sticos realizados e a atua\u00e7\u00e3o de repercuss\u00f5es de medidas administrativas pelos \u00f3rg\u00e3os envolvidos, c\u00edveis e\/ou criminais e pelo Minist\u00e9rio P\u00fablico competente.<\/p>\n\n\n\n<p>Tamb\u00e9m \u00e9 na fase de desdobramentos que o poder p\u00fablico e a sociedade civil organizada contribuem na regulariza\u00e7\u00e3o dos empreendimentos, repara\u00e7\u00e3o de danos detectados e efetiva\u00e7\u00e3o das medidas de prote\u00e7\u00e3o necess\u00e1rias.<\/p>\n\n\n\n<p>Inicialmente realizada na Bahia, a FPI do S\u00e3o Francisco foi expandida para os estados de Sergipe, Alagoas, Pernambuco e Minas Gerais.<\/p>\n\n\n\n<h3 class=\"wp-block-heading\">Sobre a Bacia Hidrogr\u00e1fica<\/h3>\n\n\n\n<p>A Bacia Hidrogr\u00e1fica do Rio S\u00e3o Francisco corresponde a 8% do territ\u00f3rio nacional. Com uma extens\u00e3o 2.863 km e uma \u00e1rea de drenagem de mais de 639.219 km\u00b2, estende-se desde Minas Gerais, onde o rio nasce, na Serra da Canastra, at\u00e9 o Oceano Atl\u00e2ntico, onde des\u00e1gua, na divisa dos estados de Alagoas e de Sergipe.<\/p>\n\n\n\n<p>Essa vasta \u00e1rea integra as regi\u00f5es Nordeste, Sudeste e Centro-Oeste do pa\u00eds, percorrendo 505 munic\u00edpios, em seis estados \u2013 Minas Gerais, Goi\u00e1s, Bahia, Pernambuco, Alagoas e Sergipe -, al\u00e9m do Distrito Federal. Constituindo uma das 12 regi\u00f5es hidrogr\u00e1ficas brasileiras, a bacia foi dividida, para fins de planejamento, em quatro zonas ou regi\u00f5es fisiogr\u00e1ficas: Alto (Minas Gerais, Bahia, Goi\u00e1s e Distrito Federal); M\u00e9dio (Bahia), Subm\u00e9dio (Pernambuco, Bahia e Alagoas); e Baixo S\u00e3o Francisco (Alagoas, Sergipe, Pernambuco e Bahia).<\/p>\n\n\n\n<p>Com uma popula\u00e7\u00e3o estimada em mais 20 milh\u00f5es de habitantes, a maior concentra\u00e7\u00e3o demogr\u00e1fica est\u00e1 no Alto S\u00e3o Francisco.<\/p>\n\n\n\n<h4 class=\"wp-block-heading\">Servi\u00e7o:<\/h4>\n\n\n\n<p><strong>O que<\/strong>: Audi\u00eancia P\u00fablica da 15\u00aa etapa da FPI Alagoas.<br><strong>Quando<\/strong>: 30 de agosto, s\u00e1bado, \u00e0s 8h.<\/p>\n\n\n\n<p> <strong>Onde<\/strong>: Escola Maria Augusta Silva de Melo, Rua 6 de fevereiro, sem n\u00famero, Olho d&#8217;\u00c1gua das Flores.<br><strong>Transmiss\u00e3o online<\/strong>: <a href=\"https:\/\/www.youtube.com\/watch?v=9cfCm4nfqkI\" title=\"\">https:\/\/www.youtube.com\/watch?v=9cfCm4nfqkI<\/a>. Basta clicar no link, sem inscri\u00e7\u00e3o pr\u00e9via.<\/p>\n\n\n\n<p>No entanto, para receber certificado, quem acompanhar a audi\u00eancia remotamente ter\u00e1 de se inscrever no evento (QR Code).<\/p>\n\n\n\n<figure class=\"wp-block-image size-large\"><img fetchpriority=\"high\" decoding=\"async\" width=\"819\" height=\"1024\" src=\"https:\/\/fpisaofrancisco.inf.br\/wp-content\/uploads\/2025\/08\/sem-logos-819x1024.jpg\" alt=\"\" class=\"wp-image-8846\" srcset=\"https:\/\/fpisaofrancisco.inf.br\/wp-content\/uploads\/2025\/08\/sem-logos-819x1024.jpg 819w, https:\/\/fpisaofrancisco.inf.br\/wp-content\/uploads\/2025\/08\/sem-logos-240x300.jpg 240w, https:\/\/fpisaofrancisco.inf.br\/wp-content\/uploads\/2025\/08\/sem-logos-768x960.jpg 768w, https:\/\/fpisaofrancisco.inf.br\/wp-content\/uploads\/2025\/08\/sem-logos.jpg 1080w\" sizes=\"(max-width: 819px) 100vw, 819px\" \/><\/figure>\n\n\n\n<p><\/p>\n\n\n\n<p><\/p>\n\n\n\n<h3 class=\"wp-block-heading\"><strong>Leia tamb\u00e9m outras not\u00edcias da 15a etapa da FPI AL<\/strong><\/h3>\n\n\n\n<p><br><a href=\"https:\/\/fpisaofrancisco.inf.br\/index.php\/2025\/08\/28\/clipagem-da-fpi-al-do-dia-28-08-2025\/\" title=\"\">Clipagem da FPI\/AL do dia 28\/08\/2025<\/a><\/p>\n\n\n\n<p><a href=\"https:\/\/fpisaofrancisco.inf.br\/index.php\/2025\/08\/28\/fpi-coetrae-arapiraca\/\">FPI Alagoas participa da primeira reuni\u00e3o interiorizada da Coetrae em Arapiraca<\/a><\/p>\n\n\n\n<p><a href=\"https:\/\/fpisaofrancisco.inf.br\/index.php\/2025\/08\/28\/agua-propria-consumo-ilha-do-ferro-fpi\/\">Na Ilha do Ferro, FPI do Rio S\u00e3o Francisco constata melhoria na qualidade da \u00e1gua para consumo humano<\/a><\/p>\n\n\n\n<p><a href=\"https:\/\/fpisaofrancisco.inf.br\/index.php\/2025\/08\/28\/saneamento-precario-municipios-fpi-al\/\">Saneamento b\u00e1sico ainda \u00e9 desafio em munic\u00edpios fiscalizados pela FPI<\/a><\/p>\n\n\n\n<p><a href=\"https:\/\/fpisaofrancisco.inf.br\/index.php\/2025\/08\/27\/clipagem-da-fpi-al-do-dia-27-08-2025\/\">Clipagem da FPI\/AL do dia 27\/08\/2025<\/a><\/p>\n\n\n\n<p><a href=\"https:\/\/fpisaofrancisco.inf.br\/index.php\/2025\/08\/27\/fpi-salva-iguana-santana-do-ipanema\/\">Atua\u00e7\u00e3o r\u00e1pida da equipe da FPI salva a vida de iguana com machucado na pata<\/a><\/p>\n\n\n\n<p><a href=\"https:\/\/fpisaofrancisco.inf.br\/index.php\/2025\/08\/27\/barragem-boacica-falhas-sem-plano-seguranca\/\">Barragem Boacica apresenta falhas estruturais e segue sem plano de seguran\u00e7a, constata FPI<\/a><\/p>\n\n\n\n<p><a href=\"https:\/\/fpisaofrancisco.inf.br\/index.php\/2025\/08\/27\/perimetro-gaviao-canal-sertao-transforma-semiarido-alagoano\/\">Per\u00edmetro do Gavi\u00e3o: primeiro projeto irrigado do Canal do Sert\u00e3o promete transformar o semi\u00e1rido alagoano<\/a><\/p>\n\n\n\n<p><a href=\"https:\/\/fpisaofrancisco.inf.br\/index.php\/2025\/08\/26\/clipagem-da-fpi-al-do-dia-26-08-2025\/\">Clipagem da FPI\/AL do dia 26\/08\/2025<\/a><\/p>\n\n\n\n<p><a href=\"https:\/\/fpisaofrancisco.inf.br\/index.php\/2025\/08\/26\/fpial-visita-quilombo-caititu-jacare-dos-homens\/\">Visita da FPI a comunidade quilombola em Jacar\u00e9 dos Homens aponta desafios ambientais com pr\u00e1tica tradicional<\/a><\/p>\n\n\n\n<p><a href=\"https:\/\/fpisaofrancisco.inf.br\/index.php\/2025\/08\/26\/%20fpi-riscos-barragem-piscicultura-sao-francisco\">FPI constata riscos em barragem e irregularidades em piscicultura na bacia do S\u00e3o Francisco<\/a><br><br><a href=\"https:\/\/fpisaofrancisco.inf.br\/index.php\/2025\/08\/26\/riscos-desmatamento-ilegal-fpi-alagoas\/\">Multas milion\u00e1rias, embargo e at\u00e9 bloqueio de cr\u00e9dito: entenda os riscos de desmatar sem autoriza\u00e7\u00e3o<\/a><\/p>\n\n\n\n<p><a href=\"https:\/\/fpisaofrancisco.inf.br\/index.php\/2025\/08\/26\/fpi-monitoramento-agua-alagoas\/\">FPI refor\u00e7a import\u00e2ncia do monitoramento da \u00e1gua para consumo humano em Alagoas<\/a><\/p>\n\n\n\n<p><a href=\"https:\/\/fpisaofrancisco.inf.br\/index.php\/2025\/08\/25\/clipagem-da-fpi-al-do-dia-25-08-2025\/\">Clipagem da FPI\/AL do dia 25\/08\/2025<\/a><\/p>\n\n\n\n<p><a href=\"https:\/\/fpisaofrancisco.inf.br\/index.php\/2025\/08\/25\/fpi-resgata-animais-silvestres-feira-palmeira-dos-indios\/\">FPI do Rio S\u00e3o Francisco resgata 26 animais silvestres v\u00edtimas de maus-tratos em feira livre<\/a><\/p>\n\n\n\n<p><a href=\"https:\/\/fpisaofrancisco.inf.br\/index.php\/2025\/08\/25\/fpi-quilombolas-gameleiro-plantio-antigo-lixao\/\">FPI AL denuncia: falta de terra leva quilombolas a plantar em lix\u00e3o<\/a><\/p>\n\n\n\n<p><a href=\"https:\/\/fpisaofrancisco.inf.br\/index.php\/2025\/08\/25\/fpial-flagra-lixao-esgoto-sao-francisco\/\">Fiscaliza\u00e7\u00e3o flagra lix\u00e3o sem recupera\u00e7\u00e3o ambiental e esgoto lan\u00e7ado no S\u00e3o Francisco<\/a><\/p>\n\n\n\n<p><a href=\"https:\/\/fpisaofrancisco.inf.br\/index.php\/2025\/08\/24\/clipagem-da-fpi-al-do-dia-24-08-2025\/\">Clipagem da FPI\/AL do dia 24\/08\/2025<\/a><\/p>\n\n\n\n<p><a href=\"https:\/\/fpisaofrancisco.inf.br\/index.php\/2025\/08\/24\/fpi-alagoas-primeira-semana-15a-etapa\/\">Na primeira semana de atua\u00e7\u00e3o, FPI Alagoas alcan\u00e7a mais da metade dos pontos de interesse previstos para 15\u00aa etapa<\/a><\/p>\n\n\n\n<p><a href=\"https:\/\/fpisaofrancisco.inf.br\/index.php\/2025\/08\/24\/fpial-visita-quilombo-pau-ferro\/\">FPI do S\u00e3o Francisco visita Pau Ferro, a mais nova comunidade quilombola certificada em Alagoas<\/a><\/p>\n\n\n\n<p><a href=\"https:\/\/fpisaofrancisco.inf.br\/index.php\/2025\/08\/23\/clipagem-da-fpi-al-do-dia-23-08-2025\/\">Clipagem da FPI\/AL do dia 23\/08\/2025<\/a><\/p>\n\n\n\n<p><a href=\"https:\/\/fpisaofrancisco.inf.br\/index.php\/2025\/08\/23\/fpial-fiscaliza-carros-pipa-pao-de-acucar\/\">Prote\u00e7\u00e3o da \u00e1gua e sa\u00fade p\u00fablica: FPI fiscaliza abastecimento por carros-pipa em P\u00e3o de A\u00e7\u00facar<\/a><\/p>\n\n\n\n<p><a href=\"https:\/\/fpisaofrancisco.inf.br\/index.php\/2025\/08\/23\/fpial-fecha-laticinio-clandestino-girau-ponciano\/\">Betoneira enferrujada era usada em latic\u00ednio insalubre na zona rural de Girau do Ponciano<\/a><\/p>\n\n\n\n<p><a href=\"https:\/\/fpisaofrancisco.inf.br\/index.php\/2025\/08\/22\/clipagem-da-fpi-al-do-dia-22-08-25\/\">Clipagem da FPI\/AL do dia 22\/08\/2025<\/a><\/p>\n\n\n\n<p><a href=\"https:\/\/fpisaofrancisco.inf.br\/index.php\/2025\/08\/22\/feducacao-ambiental-guardioes-caatinga-tapera\/\">FPI promove educa\u00e7\u00e3o ambiental que torna alunos guardi\u00f5es da natureza em S\u00e3o Jos\u00e9 da Tapera<\/a><\/p>\n\n\n\n<p><a href=\"https:\/\/fpisaofrancisco.inf.br\/index.php\/2025\/08\/22\/fpial-sitio-fossil-aguazinha-quilombo\/\">FPI do S\u00e3o Francisco visita poss\u00edvel s\u00edtio paleontol\u00f3gico em comunidade quilombola de Aguazinha, em Carneiros<\/a><\/p>\n\n\n\n<p><a href=\"https:\/\/fpisaofrancisco.inf.br\/index.php\/2025\/08\/22\/invasao-compromete-sistema-de-dessalinizacao\/\">Invas\u00e3o compromete sistema de dessaliniza\u00e7\u00e3o em Olho d\u2019\u00c1gua das Flores, enquanto comunidade quilombola em Carneiros vira modelo de gest\u00e3o<\/a><\/p>\n\n\n\n<p><a href=\"https:\/\/fpisaofrancisco.inf.br\/index.php\/2025\/08\/21\/clipagem-da-fpi-al-do-dia-21-08-2025\/\">Clipagem da FPI\/AL do dia 21\/08\/2025<\/a><\/p>\n\n\n\n<p><a href=\"https:\/\/fpisaofrancisco.inf.br\/index.php\/2025\/08\/21\/fpial-flagra-irregularidades-em-criatorio-de-aves\/\">FPI do S\u00e3o Francisco flagra irregularidades em criat\u00f3rio de aves em Arapiraca<\/a><\/p>\n\n\n\n<p><a href=\"https:\/\/fpisaofrancisco.inf.br\/index.php\/2025\/08\/21\/fpi-flagra-lixao-em-sao-jose-da-tapera-e-aplica-multa-de-r-80-mil\/\">FPI flagra lix\u00e3o em S\u00e3o Jos\u00e9 da Tapera e aplica multa de R$ 80 mil<\/a><\/p>\n\n\n\n<p><a href=\"file:\/\/\/S:\/\/fpisaofrancisco.inf.br\/index.php\/2025\/08\/21\/municipios-alagoanos-recebem-orientacoes-para-fortalecer-politica-ambiental\">Munic\u00edpios alagoanos recebem orienta\u00e7\u00f5es da FPI para fortalecer pol\u00edtica ambiental local<\/a><\/p>\n\n\n\n<p><a href=\"https:\/\/fpisaofrancisco.inf.br\/index.php\/2025\/08\/21\/fpi-flagra-laticinio-e-pocilga-clandestinos\/\">FPI flagra latic\u00ednio e pocilga clandestinos em Major Izidoro e recolhe quase uma tonelada de alimento impr\u00f3prio para consumo<\/a><\/p>\n\n\n\n<p><a href=\"https:\/\/fpisaofrancisco.inf.br\/index.php\/2025\/08\/21\/clipagem-da-fpi-al-do-dia-20-08-2025\/\">Clipagem da FPI\/AL do dia 20\/08\/2025<\/a><\/p>\n\n\n\n<p><a href=\"https:\/\/fpisaofrancisco.inf.br\/index.php\/2025\/08\/20\/guardioes-do-velho-chico-protege-vida-e-sustento-no-sao-francisco\/\">Guardi\u00f5es do Velho Chico: combate \u00e0 pesca predat\u00f3ria protege vida e sustento no S\u00e3o Francisco<\/a><\/p>\n\n\n\n<p><a href=\"https:\/\/fpisaofrancisco.inf.br\/index.php\/2025\/08\/20\/fpi-em-comunidades-tradicionais-relatos-reforcam-urgencia-em-saude-e-educacao-em-pao-de-acucar\/\">FPI em comunidades tradicionais: relatos refor\u00e7am urg\u00eancia em sa\u00fade e educa\u00e7\u00e3o em P\u00e3o de A\u00e7\u00facar<\/a><\/p>\n\n\n\n<p><a href=\"https:\/\/fpisaofrancisco.inf.br\/index.php\/2025\/08\/20\/fpial-leva-educacao-ambiental-a-escolas-e-comunidades-tradicionais-em-palestina\/\">FPI em Alagoas leva educa\u00e7\u00e3o ambiental a escolas e comunidades tradicionais em Palestina<\/a><\/p>\n\n\n\n<p><a href=\"https:\/\/fpisaofrancisco.inf.br\/index.php\/2025\/08\/20\/fpial-constata-maior-desmatamento-registrado\/\">FPI do S\u00e3o Francisco constata maior desmatamento j\u00e1 registrado durante as 15 etapas da fiscaliza\u00e7\u00e3o em Alagoas<\/a><\/p>\n\n\n\n<p><a href=\"https:\/\/fpisaofrancisco.inf.br\/index.php\/2025\/08\/19\/fpi-atua-para-combater-trabalho-analogo-a-escravidao-em-pedreiras\/\">FPI atua para combater trabalho an\u00e1logo \u00e0 escravid\u00e3o em pedreiras<\/a><\/p>\n\n\n\n<p><a href=\"https:\/\/fpisaofrancisco.inf.br\/index.php\/2025\/08\/19\/fpial-discute-dignidade-e-politicas-publicas-com-comunidade-quilombola-cacimba-do-barro\/\">FPI do Rio S\u00e3o Francisco discute dignidade e pol\u00edticas p\u00fablicas com comunidade quilombola Cacimba do Barro, no alto sert\u00e3o<\/a><\/p>\n\n\n\n<p><a href=\"https:\/\/fpisaofrancisco.inf.br\/index.php\/2025\/08\/18\/fpi-interdita-clinica-veterinaria-em-sao-jose-da-tapera\/\">FPI do Rio S\u00e3o Francisco interdita cl\u00ednica veterin\u00e1ria em S\u00e3o Jos\u00e9 da Tapera por cirurgias irregulares de animais<\/a><\/p>\n\n\n\n<p><a href=\"http:\/\/xn--defesa%20da%20sade%20pblica-c2cg:%20FPI%20impede%20venda%20de%20368%20litros%20de%20leite%20impr%C3%B3prio%20para%20consumo%20humano%20em%20P%C3%A3o%20de%20A%C3%A7%C3%BAcar\/\">Defesa da sa\u00fade p\u00fablica: FPI impede venda de 368 litros de leite impr\u00f3prio para consumo humano em P\u00e3o de A\u00e7\u00facar<\/a><\/p>\n\n\n\n<p><a href=\"https:\/\/fpisaofrancisco.inf.br\/index.php\/2025\/08\/18\/fpi-inicia-a-15a-etapa-em-alagoas-com-fiscalizacao-e-educacao-ambiental-para-populacao-sertaneja\/\">FPI do Rio S\u00e3o Francisco d\u00e1 in\u00edcio \u00e0 15\u00aa etapa em Alagoas com fiscaliza\u00e7\u00e3o e educa\u00e7\u00e3o ambiental para popula\u00e7\u00e3o sertaneja<\/a><\/p>\n","protected":false},"excerpt":{"rendered":"<p>A FPI do S\u00e3o Francisco em Alagoas encerra neste s\u00e1bado (30) a 15\u00aa etapa com audi\u00eancia p\u00fablica em Olho d\u2019\u00c1gua das Flores. O encontro, \u00e0s 8h na Escola Maria Augusta Silva de Melo, reunir\u00e1 gestores, trabalhadores, comunidades tradicionais e a popula\u00e7\u00e3o local, com transmiss\u00e3o ao vivo no YouTube e emiss\u00e3o de certificados.<\/p>\n","protected":false},"author":7,"featured_media":8853,"comment_status":"open","ping_status":"open","sticky":false,"template":"","format":"standard","meta":{"_jetpack_memberships_contains_paid_content":false,"footnotes":""},"categories":[286,215,72],"tags":[287,339,213,82],"class_list":["post-8844","post","type-post","status-publish","format-standard","has-post-thumbnail","hentry","category-15-etapa-fpi-al","category-noticias","category-noticias-alagoas","tag-15fpial","tag-audienciapublica2025","tag-bhsf","tag-fpial","category-286","category-215","category-72","description-off"],"aioseo_notices":[],"jetpack_featured_media_url":"https:\/\/fpisaofrancisco.inf.br\/wp-content\/uploads\/2025\/08\/thumbnail-1.png","jetpack_sharing_enabled":true,"_links":{"self":[{"href":"https:\/\/fpisaofrancisco.inf.br\/index.php\/wp-json\/wp\/v2\/posts\/8844","targetHints":{"allow":["GET"]}}],"collection":[{"href":"https:\/\/fpisaofrancisco.inf.br\/index.php\/wp-json\/wp\/v2\/posts"}],"about":[{"href":"https:\/\/fpisaofrancisco.inf.br\/index.php\/wp-json\/wp\/v2\/types\/post"}],"author":[{"embeddable":true,"href":"https:\/\/fpisaofrancisco.inf.br\/index.php\/wp-json\/wp\/v2\/users\/7"}],"replies":[{"embeddable":true,"href":"https:\/\/fpisaofrancisco.inf.br\/index.php\/wp-json\/wp\/v2\/comments?post=8844"}],"version-history":[{"count":4,"href":"https:\/\/fpisaofrancisco.inf.br\/index.php\/wp-json\/wp\/v2\/posts\/8844\/revisions"}],"predecessor-version":[{"id":8852,"href":"https:\/\/fpisaofrancisco.inf.br\/index.php\/wp-json\/wp\/v2\/posts\/8844\/revisions\/8852"}],"wp:featuredmedia":[{"embeddable":true,"href":"https:\/\/fpisaofrancisco.inf.br\/index.php\/wp-json\/wp\/v2\/media\/8853"}],"wp:attachment":[{"href":"https:\/\/fpisaofrancisco.inf.br\/index.php\/wp-json\/wp\/v2\/media?parent=8844"}],"wp:term":[{"taxonomy":"category","embeddable":true,"href":"https:\/\/fpisaofrancisco.inf.br\/index.php\/wp-json\/wp\/v2\/categories?post=8844"},{"taxonomy":"post_tag","embeddable":true,"href":"https:\/\/fpisaofrancisco.inf.br\/index.php\/wp-json\/wp\/v2\/tags?post=8844"}],"curies":[{"name":"wp","href":"https:\/\/api.w.org\/{rel}","templated":true}]}}