{"id":8837,"date":"2025-08-28T21:00:46","date_gmt":"2025-08-28T21:00:46","guid":{"rendered":"https:\/\/fpisaofrancisco.inf.br\/?p=8837"},"modified":"2025-08-29T09:31:10","modified_gmt":"2025-08-29T09:31:10","slug":"fpi-coetrae-arapiraca","status":"publish","type":"post","link":"https:\/\/fpisaofrancisco.inf.br\/index.php\/2025\/08\/28\/fpi-coetrae-arapiraca\/","title":{"rendered":"FPI Alagoas participa da primeira reuni\u00e3o interiorizada da Coetrae em Arapiraca"},"content":{"rendered":"\n<p class=\"has-accent-background-color has-background\">Encontro reuniu \u00f3rg\u00e3os p\u00fablicos e sociedade civil para discutir estrat\u00e9gias de enfrentamento ao trabalho escravo em Alagoas<\/p>\n\n\n\n<p>A Fiscaliza\u00e7\u00e3o Preventiva Integrada (FPI) do S\u00e3o Francisco em Alagoas participou, nesta quinta-feira (28), da primeira reuni\u00e3o interiorizada da Comiss\u00e3o Estadual de Erradica\u00e7\u00e3o do Trabalho Escravo (Coetrae), realizada em Arapiraca. O encontro marcou um avan\u00e7o importante na interioriza\u00e7\u00e3o das discuss\u00f5es sobre o combate ao trabalho an\u00e1logo \u00e0 escravid\u00e3o e ao tr\u00e1fico de pessoas, especialmente em comunidades tradicionais do agreste e sert\u00e3o alagoanos.<\/p>\n\n\n\n<p>A reuni\u00e3o contou com a presen\u00e7a de representantes do <a href=\"https:\/\/www.prt19.mpt.mp.br\/\" title=\"\">Minist\u00e9rio P\u00fablico do Trabalho (MPT)<\/a>, <a href=\"https:\/\/www.mpf.mp.br\/al\/\" title=\"\">Minist\u00e9rio P\u00fablico Federal (MPF)<\/a>, Tribunal Regional do Trabalho (TRT19), Secretaria do Trabalho do Estado de Alagoas, <a href=\"http:\/\/www.instagram.com\/redemulheresnct\" title=\"\">Rede de Mulheres de Comunidades Tradicionai<\/a>s, Procuradoria Geral do Munic\u00edpio de Arapiraca, Superintend\u00eancia de Direitos Humanos da Secretaria Municipal de Desenvolvimento Social, Defesa Civil, entre outros atores locais e regionais.<\/p>\n\n\n\n<figure class=\"wp-block-image size-large\"><img fetchpriority=\"high\" decoding=\"async\" width=\"1024\" height=\"576\" src=\"https:\/\/fpisaofrancisco.inf.br\/wp-content\/uploads\/2025\/08\/f2-280825_contrae-1024x576.jpeg\" alt=\"\" class=\"wp-image-8838\" srcset=\"https:\/\/fpisaofrancisco.inf.br\/wp-content\/uploads\/2025\/08\/f2-280825_contrae-1024x576.jpeg 1024w, https:\/\/fpisaofrancisco.inf.br\/wp-content\/uploads\/2025\/08\/f2-280825_contrae-300x169.jpeg 300w, https:\/\/fpisaofrancisco.inf.br\/wp-content\/uploads\/2025\/08\/f2-280825_contrae-768x432.jpeg 768w, https:\/\/fpisaofrancisco.inf.br\/wp-content\/uploads\/2025\/08\/f2-280825_contrae-1536x864.jpeg 1536w, https:\/\/fpisaofrancisco.inf.br\/wp-content\/uploads\/2025\/08\/f2-280825_contrae.jpeg 1600w\" sizes=\"(max-width: 1024px) 100vw, 1024px\" \/><figcaption class=\"wp-element-caption\">Cr\u00e9dito: Alessandro Ribeiro (@alessandroribeiro13)<\/figcaption><\/figure>\n\n\n\n<p>Durante o encontro, foram apresentados relatos de situa\u00e7\u00f5es de vulnerabilidade enfrentadas por trabalhadores alagoanos em estados como S\u00e3o Paulo, Paran\u00e1, Esp\u00edrito Santo, Mato Grosso e Santa Catarina. As den\u00fancias inclu\u00edram condi\u00e7\u00f5es degradantes de alojamento, reten\u00e7\u00e3o de documentos, jornadas exaustivas e aus\u00eancia de garantias trabalhistas.<\/p>\n\n\n\n<p>Segundo a procuradora do trabalho Marcela D\u00f3ria, membro da Coetrae, o momento foi fundamental para dar voz \u00e0s comunidades locais: \u201cUm dos objetivos dessa reuni\u00e3o foi justamente fazer uma escuta social da comunidade local e da regi\u00e3o, trazendo elementos para planejar futuras atua\u00e7\u00f5es preventivas e repressivas. A participa\u00e7\u00e3o da FPI trouxe elementos importantes das fiscaliza\u00e7\u00f5es em comunidades tradicionais, fortalecendo a integra\u00e7\u00e3o com a Coetrae.\u201d<\/p>\n\n\n\n<p>O procurador da Rep\u00fablica Eliabe Soares, que representou o MPF, destacou a import\u00e2ncia da interioriza\u00e7\u00e3o: \u201cH\u00e1 muitas comunidades tradicionais na regi\u00e3o de Arapiraca. Nosso objetivo \u00e9 que o trabalho da Coetrae chegue ao conhecimento dessas popula\u00e7\u00f5es e que possamos avan\u00e7ar no combate \u00e0 escravid\u00e3o contempor\u00e2nea com o apoio tamb\u00e9m da imprensa e da sociedade.\u201d<\/p>\n\n\n\n<p>O coordenador da FPI em Alagoas, \u00c9rico Gomes, refor\u00e7ou o compromisso da iniciativa com o tema: \u201cA participa\u00e7\u00e3o da FPI nesta reuni\u00e3o demonstra o nosso empenho em integrar esfor\u00e7os para erradicar o trabalho escravo em Alagoas. Esse tema ser\u00e1 levado tamb\u00e9m para nossas atividades de campo e para os relat\u00f3rios que elaboramos, garantindo que os \u00f3rg\u00e3os competentes possam adotar provid\u00eancias.\u201d<\/p>\n\n\n\n<p>Entre os encaminhamentos, ficou definido que a Coetrae ir\u00e1 oficiar a nova Secretaria de Estado dos Direitos Humanos (Sedhu) para acelerar a instala\u00e7\u00e3o definitiva da comiss\u00e3o, com nomea\u00e7\u00e3o da equipe t\u00e9cnica e convoca\u00e7\u00e3o da sociedade civil. Tamb\u00e9m foi discutida a cria\u00e7\u00e3o de grupos m\u00f3veis de fiscaliza\u00e7\u00e3o em Alagoas e a realiza\u00e7\u00e3o de capacita\u00e7\u00f5es para agentes p\u00fablicos e privados, incluindo o Sine municipal e estadual, a fim de identificar situa\u00e7\u00f5es de aliciamento de trabalhadores.<\/p>\n\n\n\n<p>A reuni\u00e3o tamb\u00e9m ressaltou a import\u00e2ncia do projeto Ominira Liberdade, desenvolvido pela Rede Mulheres de Comunidades Tradicionais com apoio da FPI, que tem identificado rotas de migra\u00e7\u00e3o de trabalhadores alagoanos em condi\u00e7\u00f5es prec\u00e1rias. \u201cOs relatos coletados durante esta etapa da FPI ser\u00e3o reunidos em relat\u00f3rio a ser encaminhado ao MPT e \u00e0 pr\u00f3pria Coetrae, para subsidiar provid\u00eancias legais e pol\u00edticas p\u00fablicas espec\u00edficas\u201d, destacou Elis Lopes, coordenadora da Rede.<\/p>\n\n\n\n<p>Institu\u00edda em 2024 pelo Decreto Estadual n\u00ba 99.820, a Coetrae tem como fun\u00e7\u00e3o avaliar, acompanhar e propor a\u00e7\u00f5es de preven\u00e7\u00e3o e combate ao trabalho an\u00e1logo \u00e0 escravid\u00e3o em Alagoas.<\/p>\n\n\n\n<p>Comp\u00f5em a comiss\u00e3o, al\u00e9m da Secretaria de Direitos Humanos, o Gabinete Civil, as secretarias estaduais da Seguran\u00e7a P\u00fablica (SSP), do Trabalho, Emprego e Qualifica\u00e7\u00e3o Profissional (Seteq), de Agricultura e Pecu\u00e1ria (Seagri) e da Cidadania e da Pessoa com Defici\u00eancia (Secdef); o Tribunal Regional do Trabalho da 19\u00aa Regi\u00e3o (TRT19), o Minist\u00e9rio P\u00fablico do Trabalho (MPT), a Superintend\u00eancia Regional do Trabalho em Alagoas (SRTb\/AL), o Minist\u00e9rio P\u00fablico Federal (MPF), a Defensoria P\u00fablica da Uni\u00e3o (DPU), a Pol\u00edcia Federal (PF) e a Pol\u00edcia Rodovi\u00e1ria Federal (PRF). Tamb\u00e9m integram a comiss\u00e3o, representando a sociedade civil, a Federa\u00e7\u00e3o dos Trabalhadores Rurais Agricultores e Agricultoras Familiares de Alagoas (Fetag) e a Rede de Mulheres de Comunidades Tradicionais de Alagoas.<\/p>\n\n\n\n<h3 class=\"wp-block-heading\"><strong>Leia tamb\u00e9m outras not\u00edcias da 15a etapa da FPI AL<\/strong><\/h3>\n\n\n\n<p><a href=\"https:\/\/fpisaofrancisco.inf.br\/index.php\/2025\/08\/28\/agua-propria-consumo-ilha-do-ferro-fpi\/\" title=\"\">Na Ilha do Ferro, FPI do Rio S\u00e3o Francisco constata melhoria na qualidade da \u00e1gua para consumo humano<\/a><\/p>\n\n\n\n<p><a href=\"https:\/\/fpisaofrancisco.inf.br\/index.php\/2025\/08\/28\/saneamento-precario-municipios-fpi-al\/\">Saneamento b\u00e1sico ainda \u00e9 desafio em munic\u00edpios fiscalizados pela FPI<\/a><\/p>\n\n\n\n<p><a href=\"https:\/\/fpisaofrancisco.inf.br\/index.php\/2025\/08\/27\/clipagem-da-fpi-al-do-dia-27-08-2025\/\">Clipagem da FPI\/AL do dia 27\/08\/2025<\/a><\/p>\n\n\n\n<p><a href=\"https:\/\/fpisaofrancisco.inf.br\/index.php\/2025\/08\/27\/fpi-salva-iguana-santana-do-ipanema\/\">Atua\u00e7\u00e3o r\u00e1pida da equipe da FPI salva a vida de iguana com machucado na pata<\/a><\/p>\n\n\n\n<p><a href=\"https:\/\/fpisaofrancisco.inf.br\/index.php\/2025\/08\/27\/barragem-boacica-falhas-sem-plano-seguranca\/\">Barragem Boacica apresenta falhas estruturais e segue sem plano de seguran\u00e7a, constata FPI<\/a><\/p>\n\n\n\n<p><a href=\"https:\/\/fpisaofrancisco.inf.br\/index.php\/2025\/08\/27\/perimetro-gaviao-canal-sertao-transforma-semiarido-alagoano\/\">Per\u00edmetro do Gavi\u00e3o: primeiro projeto irrigado do Canal do Sert\u00e3o promete transformar o semi\u00e1rido alagoano<\/a><\/p>\n\n\n\n<p><a href=\"https:\/\/fpisaofrancisco.inf.br\/index.php\/2025\/08\/26\/clipagem-da-fpi-al-do-dia-26-08-2025\/\">Clipagem da FPI\/AL do dia 26\/08\/2025<\/a><\/p>\n\n\n\n<p><a href=\"https:\/\/fpisaofrancisco.inf.br\/index.php\/2025\/08\/26\/fpial-visita-quilombo-caititu-jacare-dos-homens\/\">Visita da FPI a comunidade quilombola em Jacar\u00e9 dos Homens aponta desafios ambientais com pr\u00e1tica tradicional<\/a><\/p>\n\n\n\n<p><a href=\"https:\/\/fpisaofrancisco.inf.br\/index.php\/2025\/08\/26\/%20fpi-riscos-barragem-piscicultura-sao-francisco\">FPI constata riscos em barragem e irregularidades em piscicultura na bacia do S\u00e3o Francisco<\/a><br><br><a href=\"https:\/\/fpisaofrancisco.inf.br\/index.php\/2025\/08\/26\/riscos-desmatamento-ilegal-fpi-alagoas\/\">Multas milion\u00e1rias, embargo e at\u00e9 bloqueio de cr\u00e9dito: entenda os riscos de desmatar sem autoriza\u00e7\u00e3o<\/a><\/p>\n\n\n\n<p><a href=\"https:\/\/fpisaofrancisco.inf.br\/index.php\/2025\/08\/26\/fpi-monitoramento-agua-alagoas\/\">FPI refor\u00e7a import\u00e2ncia do monitoramento da \u00e1gua para consumo humano em Alagoas<\/a><\/p>\n\n\n\n<p><a href=\"https:\/\/fpisaofrancisco.inf.br\/index.php\/2025\/08\/25\/clipagem-da-fpi-al-do-dia-25-08-2025\/\">Clipagem da FPI\/AL do dia 25\/08\/2025<\/a><\/p>\n\n\n\n<p><a href=\"https:\/\/fpisaofrancisco.inf.br\/index.php\/2025\/08\/25\/fpi-resgata-animais-silvestres-feira-palmeira-dos-indios\/\">FPI do Rio S\u00e3o Francisco resgata 26 animais silvestres v\u00edtimas de maus-tratos em feira livre<\/a><\/p>\n\n\n\n<p><a href=\"https:\/\/fpisaofrancisco.inf.br\/index.php\/2025\/08\/25\/fpi-quilombolas-gameleiro-plantio-antigo-lixao\/\">FPI AL denuncia: falta de terra leva quilombolas a plantar em lix\u00e3o<\/a><\/p>\n\n\n\n<p><a href=\"https:\/\/fpisaofrancisco.inf.br\/index.php\/2025\/08\/25\/fpial-flagra-lixao-esgoto-sao-francisco\/\">Fiscaliza\u00e7\u00e3o flagra lix\u00e3o sem recupera\u00e7\u00e3o ambiental e esgoto lan\u00e7ado no S\u00e3o Francisco<\/a><\/p>\n\n\n\n<p><a href=\"https:\/\/fpisaofrancisco.inf.br\/index.php\/2025\/08\/24\/clipagem-da-fpi-al-do-dia-24-08-2025\/\">Clipagem da FPI\/AL do dia 24\/08\/2025<\/a><\/p>\n\n\n\n<p><a href=\"https:\/\/fpisaofrancisco.inf.br\/index.php\/2025\/08\/24\/fpi-alagoas-primeira-semana-15a-etapa\/\">Na primeira semana de atua\u00e7\u00e3o, FPI Alagoas alcan\u00e7a mais da metade dos pontos de interesse previstos para 15\u00aa etapa<\/a><\/p>\n\n\n\n<p><a href=\"https:\/\/fpisaofrancisco.inf.br\/index.php\/2025\/08\/24\/fpial-visita-quilombo-pau-ferro\/\">FPI do S\u00e3o Francisco visita Pau Ferro, a mais nova comunidade quilombola certificada em Alagoas<\/a><\/p>\n\n\n\n<p><a href=\"https:\/\/fpisaofrancisco.inf.br\/index.php\/2025\/08\/23\/clipagem-da-fpi-al-do-dia-23-08-2025\/\">Clipagem da FPI\/AL do dia 23\/08\/2025<\/a><\/p>\n\n\n\n<p><a href=\"https:\/\/fpisaofrancisco.inf.br\/index.php\/2025\/08\/23\/fpial-fiscaliza-carros-pipa-pao-de-acucar\/\">Prote\u00e7\u00e3o da \u00e1gua e sa\u00fade p\u00fablica: FPI fiscaliza abastecimento por carros-pipa em P\u00e3o de A\u00e7\u00facar<\/a><\/p>\n\n\n\n<p><a href=\"https:\/\/fpisaofrancisco.inf.br\/index.php\/2025\/08\/23\/fpial-fecha-laticinio-clandestino-girau-ponciano\/\">Betoneira enferrujada era usada em latic\u00ednio insalubre na zona rural de Girau do Ponciano<\/a><\/p>\n\n\n\n<p><a href=\"https:\/\/fpisaofrancisco.inf.br\/index.php\/2025\/08\/22\/clipagem-da-fpi-al-do-dia-22-08-25\/\">Clipagem da FPI\/AL do dia 22\/08\/2025<\/a><\/p>\n\n\n\n<p><a href=\"https:\/\/fpisaofrancisco.inf.br\/index.php\/2025\/08\/22\/feducacao-ambiental-guardioes-caatinga-tapera\/\">FPI promove educa\u00e7\u00e3o ambiental que torna alunos guardi\u00f5es da natureza em S\u00e3o Jos\u00e9 da Tapera<\/a><\/p>\n\n\n\n<p><a href=\"https:\/\/fpisaofrancisco.inf.br\/index.php\/2025\/08\/22\/fpial-sitio-fossil-aguazinha-quilombo\/\">FPI do S\u00e3o Francisco visita poss\u00edvel s\u00edtio paleontol\u00f3gico em comunidade quilombola de Aguazinha, em Carneiros<\/a><\/p>\n\n\n\n<p><a href=\"https:\/\/fpisaofrancisco.inf.br\/index.php\/2025\/08\/22\/invasao-compromete-sistema-de-dessalinizacao\/\">Invas\u00e3o compromete sistema de dessaliniza\u00e7\u00e3o em Olho d\u2019\u00c1gua das Flores, enquanto comunidade quilombola em Carneiros vira modelo de gest\u00e3o<\/a><\/p>\n\n\n\n<p><a href=\"https:\/\/fpisaofrancisco.inf.br\/index.php\/2025\/08\/21\/clipagem-da-fpi-al-do-dia-21-08-2025\/\">Clipagem da FPI\/AL do dia 21\/08\/2025<\/a><\/p>\n\n\n\n<p><a href=\"https:\/\/fpisaofrancisco.inf.br\/index.php\/2025\/08\/21\/fpial-flagra-irregularidades-em-criatorio-de-aves\/\">FPI do S\u00e3o Francisco flagra irregularidades em criat\u00f3rio de aves em Arapiraca<\/a><\/p>\n\n\n\n<p><a href=\"https:\/\/fpisaofrancisco.inf.br\/index.php\/2025\/08\/21\/fpi-flagra-lixao-em-sao-jose-da-tapera-e-aplica-multa-de-r-80-mil\/\">FPI flagra lix\u00e3o em S\u00e3o Jos\u00e9 da Tapera e aplica multa de R$ 80 mil<\/a><\/p>\n\n\n\n<p><a href=\"file:\/\/\/S:\/\/fpisaofrancisco.inf.br\/index.php\/2025\/08\/21\/municipios-alagoanos-recebem-orientacoes-para-fortalecer-politica-ambiental\">Munic\u00edpios alagoanos recebem orienta\u00e7\u00f5es da FPI para fortalecer pol\u00edtica ambiental local<\/a><\/p>\n\n\n\n<p><a href=\"https:\/\/fpisaofrancisco.inf.br\/index.php\/2025\/08\/21\/fpi-flagra-laticinio-e-pocilga-clandestinos\/\">FPI flagra latic\u00ednio e pocilga clandestinos em Major Izidoro e recolhe quase uma tonelada de alimento impr\u00f3prio para consumo<\/a><\/p>\n\n\n\n<p><a href=\"https:\/\/fpisaofrancisco.inf.br\/index.php\/2025\/08\/21\/clipagem-da-fpi-al-do-dia-20-08-2025\/\">Clipagem da FPI\/AL do dia 20\/08\/2025<\/a><\/p>\n\n\n\n<p><a href=\"https:\/\/fpisaofrancisco.inf.br\/index.php\/2025\/08\/20\/guardioes-do-velho-chico-protege-vida-e-sustento-no-sao-francisco\/\">Guardi\u00f5es do Velho Chico: combate \u00e0 pesca predat\u00f3ria protege vida e sustento no S\u00e3o Francisco<\/a><\/p>\n\n\n\n<p><a href=\"https:\/\/fpisaofrancisco.inf.br\/index.php\/2025\/08\/20\/fpi-em-comunidades-tradicionais-relatos-reforcam-urgencia-em-saude-e-educacao-em-pao-de-acucar\/\">FPI em comunidades tradicionais: relatos refor\u00e7am urg\u00eancia em sa\u00fade e educa\u00e7\u00e3o em P\u00e3o de A\u00e7\u00facar<\/a><\/p>\n\n\n\n<p><a href=\"https:\/\/fpisaofrancisco.inf.br\/index.php\/2025\/08\/20\/fpial-leva-educacao-ambiental-a-escolas-e-comunidades-tradicionais-em-palestina\/\">FPI em Alagoas leva educa\u00e7\u00e3o ambiental a escolas e comunidades tradicionais em Palestina<\/a><\/p>\n\n\n\n<p><a href=\"https:\/\/fpisaofrancisco.inf.br\/index.php\/2025\/08\/20\/fpial-constata-maior-desmatamento-registrado\/\">FPI do S\u00e3o Francisco constata maior desmatamento j\u00e1 registrado durante as 15 etapas da fiscaliza\u00e7\u00e3o em Alagoas<\/a><\/p>\n\n\n\n<p><a href=\"https:\/\/fpisaofrancisco.inf.br\/index.php\/2025\/08\/19\/fpi-atua-para-combater-trabalho-analogo-a-escravidao-em-pedreiras\/\">FPI atua para combater trabalho an\u00e1logo \u00e0 escravid\u00e3o em pedreiras<\/a><\/p>\n\n\n\n<p><a href=\"https:\/\/fpisaofrancisco.inf.br\/index.php\/2025\/08\/19\/fpial-discute-dignidade-e-politicas-publicas-com-comunidade-quilombola-cacimba-do-barro\/\">FPI do Rio S\u00e3o Francisco discute dignidade e pol\u00edticas p\u00fablicas com comunidade quilombola Cacimba do Barro, no alto sert\u00e3o<\/a><\/p>\n\n\n\n<p><a href=\"https:\/\/fpisaofrancisco.inf.br\/index.php\/2025\/08\/18\/fpi-interdita-clinica-veterinaria-em-sao-jose-da-tapera\/\">FPI do Rio S\u00e3o Francisco interdita cl\u00ednica veterin\u00e1ria em S\u00e3o Jos\u00e9 da Tapera por cirurgias irregulares de animais<\/a><\/p>\n\n\n\n<p><a href=\"http:\/\/xn--defesa%20da%20sade%20pblica-c2cg:%20FPI%20impede%20venda%20de%20368%20litros%20de%20leite%20impr%C3%B3prio%20para%20consumo%20humano%20em%20P%C3%A3o%20de%20A%C3%A7%C3%BAcar\/\">Defesa da sa\u00fade p\u00fablica: FPI impede venda de 368 litros de leite impr\u00f3prio para consumo humano em P\u00e3o de A\u00e7\u00facar<\/a><\/p>\n\n\n\n<p><a href=\"https:\/\/fpisaofrancisco.inf.br\/index.php\/2025\/08\/18\/fpi-inicia-a-15a-etapa-em-alagoas-com-fiscalizacao-e-educacao-ambiental-para-populacao-sertaneja\/\">FPI do Rio S\u00e3o Francisco d\u00e1 in\u00edcio \u00e0 15\u00aa etapa em Alagoas com fiscaliza\u00e7\u00e3o e educa\u00e7\u00e3o ambiental para popula\u00e7\u00e3o sertaneja<\/a><\/p>\n","protected":false},"excerpt":{"rendered":"<p>A FPI do S\u00e3o Francisco em Alagoas participou da 1\u00aa reuni\u00e3o interiorizada da Coetrae em Arapiraca, que reuniu \u00f3rg\u00e3os p\u00fablicos e sociedade civil para discutir estrat\u00e9gias de combate ao trabalho escravo. O encontro fortaleceu a escuta de comunidades tradicionais e a interioriza\u00e7\u00e3o das a\u00e7\u00f5es no estado.<\/p>\n","protected":false},"author":7,"featured_media":8839,"comment_status":"open","ping_status":"open","sticky":false,"template":"","format":"standard","meta":{"_jetpack_memberships_contains_paid_content":false,"footnotes":""},"categories":[286,215,72],"tags":[287,213,338,94],"class_list":["post-8837","post","type-post","status-publish","format-standard","has-post-thumbnail","hentry","category-15-etapa-fpi-al","category-noticias","category-noticias-alagoas","tag-15fpial","tag-bhsf","tag-coetrae","tag-fpi","category-286","category-215","category-72","description-off"],"aioseo_notices":[],"jetpack_featured_media_url":"https:\/\/fpisaofrancisco.inf.br\/wp-content\/uploads\/2025\/08\/f1-280825_contrae.jpeg","jetpack_sharing_enabled":true,"_links":{"self":[{"href":"https:\/\/fpisaofrancisco.inf.br\/index.php\/wp-json\/wp\/v2\/posts\/8837","targetHints":{"allow":["GET"]}}],"collection":[{"href":"https:\/\/fpisaofrancisco.inf.br\/index.php\/wp-json\/wp\/v2\/posts"}],"about":[{"href":"https:\/\/fpisaofrancisco.inf.br\/index.php\/wp-json\/wp\/v2\/types\/post"}],"author":[{"embeddable":true,"href":"https:\/\/fpisaofrancisco.inf.br\/index.php\/wp-json\/wp\/v2\/users\/7"}],"replies":[{"embeddable":true,"href":"https:\/\/fpisaofrancisco.inf.br\/index.php\/wp-json\/wp\/v2\/comments?post=8837"}],"version-history":[{"count":1,"href":"https:\/\/fpisaofrancisco.inf.br\/index.php\/wp-json\/wp\/v2\/posts\/8837\/revisions"}],"predecessor-version":[{"id":8840,"href":"https:\/\/fpisaofrancisco.inf.br\/index.php\/wp-json\/wp\/v2\/posts\/8837\/revisions\/8840"}],"wp:featuredmedia":[{"embeddable":true,"href":"https:\/\/fpisaofrancisco.inf.br\/index.php\/wp-json\/wp\/v2\/media\/8839"}],"wp:attachment":[{"href":"https:\/\/fpisaofrancisco.inf.br\/index.php\/wp-json\/wp\/v2\/media?parent=8837"}],"wp:term":[{"taxonomy":"category","embeddable":true,"href":"https:\/\/fpisaofrancisco.inf.br\/index.php\/wp-json\/wp\/v2\/categories?post=8837"},{"taxonomy":"post_tag","embeddable":true,"href":"https:\/\/fpisaofrancisco.inf.br\/index.php\/wp-json\/wp\/v2\/tags?post=8837"}],"curies":[{"name":"wp","href":"https:\/\/api.w.org\/{rel}","templated":true}]}}