{"id":8824,"date":"2025-08-28T15:00:36","date_gmt":"2025-08-28T15:00:36","guid":{"rendered":"https:\/\/fpisaofrancisco.inf.br\/?p=8824"},"modified":"2025-08-28T18:08:28","modified_gmt":"2025-08-28T18:08:28","slug":"agua-propria-consumo-ilha-do-ferro-fpi","status":"publish","type":"post","link":"https:\/\/fpisaofrancisco.inf.br\/index.php\/2025\/08\/28\/agua-propria-consumo-ilha-do-ferro-fpi\/","title":{"rendered":"Na Ilha do Ferro, FPI do Rio S\u00e3o Francisco constata melhoria na qualidade da \u00e1gua para consumo humano"},"content":{"rendered":"\n<p class=\"has-accent-background-color has-background\">T\u00e9cnicos do programa de fiscaliza\u00e7\u00e3o inspecionaram sistema de abastecimento local com objetivo de analisar qualidade do l\u00edquido consumido no povoado<\/p>\n\n\n\n<p>A Fiscaliza\u00e7\u00e3o Preventiva Integrada (FPI) do Rio S\u00e3o Francisco foi at\u00e9 o povoado Ilha do Ferro, em P\u00e3o de A\u00e7\u00facar, para saber a qualidade da \u00e1gua que a comunidade consome. E o resultado foi positivo: ela \u00e9 pr\u00f3pria para consumo humano. Em rela\u00e7\u00e3o a outras etapas, programa comemora evolu\u00e7\u00e3o do sistema de abastecimento no munic\u00edpio.<\/p>\n\n\n\n<p>A visita realizada pela equipe Abastecimento de \u00c1gua Rural na ter\u00e7a-feira (26) levou t\u00e9cnicos para o povoado conhecido pela produ\u00e7\u00e3o original de artesanato. No chamado \u201ccaminho da \u00e1gua\u201d, foram inspecionadas as estruturas de capta\u00e7\u00e3o, tratamento e distribui\u00e7\u00e3o do l\u00edquido.<\/p>\n\n\n\n<figure class=\"wp-block-gallery has-nested-images columns-default is-cropped wp-block-gallery-1 is-layout-flex wp-block-gallery-is-layout-flex\">\n<figure class=\"wp-block-image size-large\"><img fetchpriority=\"high\" decoding=\"async\" width=\"1024\" height=\"683\" data-id=\"8832\" src=\"https:\/\/fpisaofrancisco.inf.br\/wp-content\/uploads\/2025\/08\/f8_28-825ilha-1024x683.jpeg\" alt=\"\" class=\"wp-image-8832\" srcset=\"https:\/\/fpisaofrancisco.inf.br\/wp-content\/uploads\/2025\/08\/f8_28-825ilha-1024x683.jpeg 1024w, https:\/\/fpisaofrancisco.inf.br\/wp-content\/uploads\/2025\/08\/f8_28-825ilha-300x200.jpeg 300w, https:\/\/fpisaofrancisco.inf.br\/wp-content\/uploads\/2025\/08\/f8_28-825ilha-768x512.jpeg 768w, https:\/\/fpisaofrancisco.inf.br\/wp-content\/uploads\/2025\/08\/f8_28-825ilha.jpeg 1200w\" sizes=\"(max-width: 1024px) 100vw, 1024px\" \/><figcaption class=\"wp-element-caption\">Cr\u00e9dito: Anderson Macena (@bambluck)<\/figcaption><\/figure>\n\n\n\n<figure class=\"wp-block-image size-large\"><img decoding=\"async\" width=\"1024\" height=\"683\" data-id=\"8831\" src=\"https:\/\/fpisaofrancisco.inf.br\/wp-content\/uploads\/2025\/08\/f7_28-825ilha-1024x683.jpeg\" alt=\"\" class=\"wp-image-8831\" srcset=\"https:\/\/fpisaofrancisco.inf.br\/wp-content\/uploads\/2025\/08\/f7_28-825ilha-1024x683.jpeg 1024w, https:\/\/fpisaofrancisco.inf.br\/wp-content\/uploads\/2025\/08\/f7_28-825ilha-300x200.jpeg 300w, https:\/\/fpisaofrancisco.inf.br\/wp-content\/uploads\/2025\/08\/f7_28-825ilha-768x512.jpeg 768w, https:\/\/fpisaofrancisco.inf.br\/wp-content\/uploads\/2025\/08\/f7_28-825ilha.jpeg 1200w\" sizes=\"(max-width: 1024px) 100vw, 1024px\" \/><figcaption class=\"wp-element-caption\">Cr\u00e9dito: Anderson Macena (@bambluck)<\/figcaption><\/figure>\n<\/figure>\n\n\n\n<figure class=\"wp-block-gallery has-nested-images columns-default is-cropped wp-block-gallery-2 is-layout-flex wp-block-gallery-is-layout-flex\">\n<figure class=\"wp-block-image size-large\"><img decoding=\"async\" width=\"1024\" height=\"683\" data-id=\"8830\" src=\"https:\/\/fpisaofrancisco.inf.br\/wp-content\/uploads\/2025\/08\/f6_28-825ilha-1024x683.jpeg\" alt=\"\" class=\"wp-image-8830\" srcset=\"https:\/\/fpisaofrancisco.inf.br\/wp-content\/uploads\/2025\/08\/f6_28-825ilha-1024x683.jpeg 1024w, https:\/\/fpisaofrancisco.inf.br\/wp-content\/uploads\/2025\/08\/f6_28-825ilha-300x200.jpeg 300w, https:\/\/fpisaofrancisco.inf.br\/wp-content\/uploads\/2025\/08\/f6_28-825ilha-768x512.jpeg 768w, https:\/\/fpisaofrancisco.inf.br\/wp-content\/uploads\/2025\/08\/f6_28-825ilha.jpeg 1200w\" sizes=\"(max-width: 1024px) 100vw, 1024px\" \/><figcaption class=\"wp-element-caption\">Cr\u00e9dito: Anderson Macena (@bambluck)<\/figcaption><\/figure>\n\n\n\n<figure class=\"wp-block-image size-large\"><img loading=\"lazy\" decoding=\"async\" width=\"1024\" height=\"683\" data-id=\"8829\" src=\"https:\/\/fpisaofrancisco.inf.br\/wp-content\/uploads\/2025\/08\/f5_28-825ilha-1024x683.jpeg\" alt=\"\" class=\"wp-image-8829\" srcset=\"https:\/\/fpisaofrancisco.inf.br\/wp-content\/uploads\/2025\/08\/f5_28-825ilha-1024x683.jpeg 1024w, https:\/\/fpisaofrancisco.inf.br\/wp-content\/uploads\/2025\/08\/f5_28-825ilha-300x200.jpeg 300w, https:\/\/fpisaofrancisco.inf.br\/wp-content\/uploads\/2025\/08\/f5_28-825ilha-768x512.jpeg 768w, https:\/\/fpisaofrancisco.inf.br\/wp-content\/uploads\/2025\/08\/f5_28-825ilha.jpeg 1200w\" sizes=\"(max-width: 1024px) 100vw, 1024px\" \/><figcaption class=\"wp-element-caption\">Cr\u00e9dito: Anderson Macena (@bambluck)<\/figcaption><\/figure>\n<\/figure>\n\n\n\n<figure class=\"wp-block-gallery has-nested-images columns-default is-cropped wp-block-gallery-3 is-layout-flex wp-block-gallery-is-layout-flex\">\n<figure class=\"wp-block-image size-large\"><img loading=\"lazy\" decoding=\"async\" width=\"1024\" height=\"683\" data-id=\"8828\" src=\"https:\/\/fpisaofrancisco.inf.br\/wp-content\/uploads\/2025\/08\/f4_28-825ilha-1024x683.jpeg\" alt=\"\" class=\"wp-image-8828\" srcset=\"https:\/\/fpisaofrancisco.inf.br\/wp-content\/uploads\/2025\/08\/f4_28-825ilha-1024x683.jpeg 1024w, https:\/\/fpisaofrancisco.inf.br\/wp-content\/uploads\/2025\/08\/f4_28-825ilha-300x200.jpeg 300w, https:\/\/fpisaofrancisco.inf.br\/wp-content\/uploads\/2025\/08\/f4_28-825ilha-768x512.jpeg 768w, https:\/\/fpisaofrancisco.inf.br\/wp-content\/uploads\/2025\/08\/f4_28-825ilha.jpeg 1200w\" sizes=\"(max-width: 1024px) 100vw, 1024px\" \/><figcaption class=\"wp-element-caption\">Cr\u00e9dito: Anderson Macena (@bambluck)<\/figcaption><\/figure>\n\n\n\n<figure class=\"wp-block-image size-large\"><img loading=\"lazy\" decoding=\"async\" width=\"1024\" height=\"683\" data-id=\"8825\" src=\"https:\/\/fpisaofrancisco.inf.br\/wp-content\/uploads\/2025\/08\/f1_28-825ilha-1024x683.jpeg\" alt=\"\" class=\"wp-image-8825\" srcset=\"https:\/\/fpisaofrancisco.inf.br\/wp-content\/uploads\/2025\/08\/f1_28-825ilha-1024x683.jpeg 1024w, https:\/\/fpisaofrancisco.inf.br\/wp-content\/uploads\/2025\/08\/f1_28-825ilha-300x200.jpeg 300w, https:\/\/fpisaofrancisco.inf.br\/wp-content\/uploads\/2025\/08\/f1_28-825ilha-768x512.jpeg 768w, https:\/\/fpisaofrancisco.inf.br\/wp-content\/uploads\/2025\/08\/f1_28-825ilha.jpeg 1200w\" sizes=\"(max-width: 1024px) 100vw, 1024px\" \/><figcaption class=\"wp-element-caption\">Cr\u00e9dito: Anderson Macena (@bambluck)<\/figcaption><\/figure>\n\n\n\n<figure class=\"wp-block-image size-large\"><img loading=\"lazy\" decoding=\"async\" width=\"1024\" height=\"683\" data-id=\"8827\" src=\"https:\/\/fpisaofrancisco.inf.br\/wp-content\/uploads\/2025\/08\/f3_28-825ilha-1024x683.jpeg\" alt=\"\" class=\"wp-image-8827\" srcset=\"https:\/\/fpisaofrancisco.inf.br\/wp-content\/uploads\/2025\/08\/f3_28-825ilha-1024x683.jpeg 1024w, https:\/\/fpisaofrancisco.inf.br\/wp-content\/uploads\/2025\/08\/f3_28-825ilha-300x200.jpeg 300w, https:\/\/fpisaofrancisco.inf.br\/wp-content\/uploads\/2025\/08\/f3_28-825ilha-768x512.jpeg 768w, https:\/\/fpisaofrancisco.inf.br\/wp-content\/uploads\/2025\/08\/f3_28-825ilha.jpeg 1200w\" sizes=\"(max-width: 1024px) 100vw, 1024px\" \/><figcaption class=\"wp-element-caption\">Cr\u00e9dito: Anderson Macena (@bambluck)<\/figcaption><\/figure>\n\n\n\n<figure class=\"wp-block-image size-large\"><img loading=\"lazy\" decoding=\"async\" width=\"1024\" height=\"683\" data-id=\"8826\" src=\"https:\/\/fpisaofrancisco.inf.br\/wp-content\/uploads\/2025\/08\/f2_28-825ilha-1024x683.jpeg\" alt=\"\" class=\"wp-image-8826\" srcset=\"https:\/\/fpisaofrancisco.inf.br\/wp-content\/uploads\/2025\/08\/f2_28-825ilha-1024x683.jpeg 1024w, https:\/\/fpisaofrancisco.inf.br\/wp-content\/uploads\/2025\/08\/f2_28-825ilha-300x200.jpeg 300w, https:\/\/fpisaofrancisco.inf.br\/wp-content\/uploads\/2025\/08\/f2_28-825ilha-768x512.jpeg 768w, https:\/\/fpisaofrancisco.inf.br\/wp-content\/uploads\/2025\/08\/f2_28-825ilha.jpeg 1200w\" sizes=\"(max-width: 1024px) 100vw, 1024px\" \/><figcaption class=\"wp-element-caption\">Cr\u00e9dito: Anderson Macena (@bambluck)<\/figcaption><\/figure>\n<\/figure>\n\n\n\n<p>Durante a capta\u00e7\u00e3o, os t\u00e9cnicos da FPI constataram que a retirada da \u00e1gua ocorre direto no Rio S\u00e3o Francisco, com adequada restri\u00e7\u00e3o de acesso ao local do maquin\u00e1rio, nas conformidades de seguran\u00e7a previstas na legisla\u00e7\u00e3o vigente.<\/p>\n\n\n\n<p>No momento, h\u00e1 um processo de solicita\u00e7\u00e3o de outorga de capta\u00e7\u00e3o em andamento na Secretaria de Estado do Meio Ambiente e dos Recursos H\u00eddricos (Semarh) e tamb\u00e9m t\u00e9cnico industrial respons\u00e1vel pela manuten\u00e7\u00e3o do equipamento.<\/p>\n\n\n\n<p>Na sequ\u00eancia, a fiscaliza\u00e7\u00e3o passou por resid\u00eancias e ateli\u00eas de onde foram coletadas amostras de \u00e1gua. A FPI tamb\u00e9m inspecionou o maquin\u00e1rio da esta\u00e7\u00e3o de tratamento da \u00e1gua e n\u00e3o encontrou nenhuma irregularidade.<\/p>\n\n\n\n<p>\u201cDas tr\u00eas amostras coletadas na rede de abastecimento do povoado Ilha do Ferro, todas apresentam resultados dentro dos padr\u00f5es de potabilidade. Isso porque, no ato de coleta, detectamos a presen\u00e7a de Cloro Residual Livre dentro dos padr\u00f5es, turbidez abaixo do valor m\u00e1ximo permitido e aus\u00eancia de Coliformes Totais e E. Coli\u201d, explicou a coordenadora da equipe, Isabel Castro, ap\u00f3s an\u00e1lise da \u00e1gua feita no laborat\u00f3rio itinerante da Secretaria de Estado de Sa\u00fade de Alagoas.<\/p>\n\n\n\n<p>Por consumo de \u00e1gua, entende-se todo uso dela na forma dom\u00e9stica. Para al\u00e9m da ingest\u00e3o, consumir o l\u00edquido inclui o dom\u00e9stico (escovar os dentes, tomar banho, cozinhar, lavar roupas) e produ\u00e7\u00e3o de bens e servi\u00e7os.<\/p>\n\n\n\n<h3 class=\"wp-block-heading\">\u00c1gua contaminada transmite doen\u00e7as<\/h3>\n\n\n\n<p>A FPI do S\u00e3o Francisco comemorou os avan\u00e7os no sistema de abastecimento no munic\u00edpio de no povoado de P\u00e3o de A\u00e7\u00facar: \u201cAntes s\u00f3 havia a capta\u00e7\u00e3o. Captava-se \u00e1gua do rio, colocava no reservat\u00f3rio, numa caixa d&#8217;\u00e1gua e distribu\u00eda para a popula\u00e7\u00e3o. \u00c9 o que a gente considera uma \u2018\u00e1gua bruta\u2019. Porque n\u00e3o passa por nenhuma etapa de tratamento. Essa sim p\u00f5e em risco a popula\u00e7\u00e3o em rela\u00e7\u00e3o ao adoecimento\u201d, disse Isabel Castro<\/p>\n\n\n\n<p>A \u00e1gua contaminada \u00e9 um dos principais ve\u00edculos de transmiss\u00e3o de doen\u00e7as de \u201cVeicula\u00e7\u00e3o h\u00eddrica\u201d Entre as mais comuns est\u00e3o a diarreia, a hepatite A, a febre tifoide e a c\u00f3lera. De acordo com estimativas da Organiza\u00e7\u00e3o Mundial da Sa\u00fade (OMS), as chamadas doen\u00e7as diarreicas matam cerca de 485 mil pessoas por ano no mundo, muitas delas crian\u00e7as. No Brasil, surtos regionais ligados ao consumo de \u00e1gua impr\u00f3pria ainda s\u00e3o registrados, sobretudo em \u00e1reas com saneamento b\u00e1sico prec\u00e1rio.<\/p>\n\n\n\n<p>Em Alagoas, epis\u00f3dios de doen\u00e7as relacionadas \u00e0 \u00e1gua tamb\u00e9m representam uma preocupa\u00e7\u00e3o. Munic\u00edpios do semi\u00e1rido, que dependem de sistemas simplificados de abastecimento ou de po\u00e7os artesianos, muitas vezes enfrentam problemas de contamina\u00e7\u00e3o por bact\u00e9rias, res\u00edduos qu\u00edmicos ou excesso de sais. Nesses casos, a atua\u00e7\u00e3o da FPI \u00e9 vista como essencial, j\u00e1 que o monitoramento cont\u00ednuo possibilita identificar os riscos e cobrar solu\u00e7\u00f5es imediatas.<\/p>\n\n\n\n<h3 class=\"wp-block-heading\">Composi\u00e7\u00e3o da equipe<\/h3>\n\n\n\n<p>A equipe de Abastecimento de \u00c1gua Rural \u00e9 composta pelo <a href=\"https:\/\/alagoasdigital.al.gov.br\/unidade-de-atendimento\/814\" title=\"\">Batalh\u00e3o de Pol\u00edcia Ambiental (BPA)<\/a>, <a href=\"https:\/\/www.crt03.gov.br\/\" title=\"\">Conselho Regional dos T\u00e9cnicos Industriais da 3\u00aa Regi\u00e3o (CRT-3)<\/a> e <a href=\"https:\/\/www.saude.al.gov.br\/\" title=\"\">Secretaria de Estado da Sa\u00fade de Alagoas (Sesau).<\/a><\/p>\n\n\n\n<h3 class=\"wp-block-heading\"><strong>Leia tamb\u00e9m outras not\u00edcias da 15a etapa da FPI AL<\/strong><\/h3>\n\n\n\n<p><a href=\"https:\/\/fpisaofrancisco.inf.br\/index.php\/2025\/08\/28\/saneamento-precario-municipios-fpi-al\/\">Saneamento b\u00e1sico ainda \u00e9 desafio em munic\u00edpios fiscalizados pela FPI<\/a><\/p>\n\n\n\n<p><a href=\"https:\/\/fpisaofrancisco.inf.br\/index.php\/2025\/08\/27\/clipagem-da-fpi-al-do-dia-27-08-2025\/\">Clipagem da FPI\/AL do dia 27\/08\/2025<\/a><\/p>\n\n\n\n<p><a href=\"https:\/\/fpisaofrancisco.inf.br\/index.php\/2025\/08\/27\/fpi-salva-iguana-santana-do-ipanema\/\">Atua\u00e7\u00e3o r\u00e1pida da equipe da FPI salva a vida de iguana com machucado na pata<\/a><\/p>\n\n\n\n<p><a href=\"https:\/\/fpisaofrancisco.inf.br\/index.php\/2025\/08\/27\/barragem-boacica-falhas-sem-plano-seguranca\/\">Barragem Boacica apresenta falhas estruturais e segue sem plano de seguran\u00e7a, constata FPI<\/a><\/p>\n\n\n\n<p><a href=\"https:\/\/fpisaofrancisco.inf.br\/index.php\/2025\/08\/27\/perimetro-gaviao-canal-sertao-transforma-semiarido-alagoano\/\">Per\u00edmetro do Gavi\u00e3o: primeiro projeto irrigado do Canal do Sert\u00e3o promete transformar o semi\u00e1rido alagoano<\/a><\/p>\n\n\n\n<p><a href=\"https:\/\/fpisaofrancisco.inf.br\/index.php\/2025\/08\/26\/clipagem-da-fpi-al-do-dia-26-08-2025\/\">Clipagem da FPI\/AL do dia 26\/08\/2025<\/a><\/p>\n\n\n\n<p><a href=\"https:\/\/fpisaofrancisco.inf.br\/index.php\/2025\/08\/26\/fpial-visita-quilombo-caititu-jacare-dos-homens\/\">Visita da FPI a comunidade quilombola em Jacar\u00e9 dos Homens aponta desafios ambientais com pr\u00e1tica tradicional<\/a><\/p>\n\n\n\n<p><a href=\"https:\/\/fpisaofrancisco.inf.br\/index.php\/2025\/08\/26\/%20fpi-riscos-barragem-piscicultura-sao-francisco\">FPI constata riscos em barragem e irregularidades em piscicultura na bacia do S\u00e3o Francisco<\/a><br><br><a href=\"https:\/\/fpisaofrancisco.inf.br\/index.php\/2025\/08\/26\/riscos-desmatamento-ilegal-fpi-alagoas\/\">Multas milion\u00e1rias, embargo e at\u00e9 bloqueio de cr\u00e9dito: entenda os riscos de desmatar sem autoriza\u00e7\u00e3o<\/a><\/p>\n\n\n\n<p><a href=\"https:\/\/fpisaofrancisco.inf.br\/index.php\/2025\/08\/26\/fpi-monitoramento-agua-alagoas\/\">FPI refor\u00e7a import\u00e2ncia do monitoramento da \u00e1gua para consumo humano em Alagoas<\/a><\/p>\n\n\n\n<p><a href=\"https:\/\/fpisaofrancisco.inf.br\/index.php\/2025\/08\/25\/clipagem-da-fpi-al-do-dia-25-08-2025\/\">Clipagem da FPI\/AL do dia 25\/08\/2025<\/a><\/p>\n\n\n\n<p><a href=\"https:\/\/fpisaofrancisco.inf.br\/index.php\/2025\/08\/25\/fpi-resgata-animais-silvestres-feira-palmeira-dos-indios\/\">FPI do Rio S\u00e3o Francisco resgata 26 animais silvestres v\u00edtimas de maus-tratos em feira livre<\/a><\/p>\n\n\n\n<p><a href=\"https:\/\/fpisaofrancisco.inf.br\/index.php\/2025\/08\/25\/fpi-quilombolas-gameleiro-plantio-antigo-lixao\/\">FPI AL denuncia: falta de terra leva quilombolas a plantar em lix\u00e3o<\/a><\/p>\n\n\n\n<p><a href=\"https:\/\/fpisaofrancisco.inf.br\/index.php\/2025\/08\/25\/fpial-flagra-lixao-esgoto-sao-francisco\/\">Fiscaliza\u00e7\u00e3o flagra lix\u00e3o sem recupera\u00e7\u00e3o ambiental e esgoto lan\u00e7ado no S\u00e3o Francisco<\/a><\/p>\n\n\n\n<p><a href=\"https:\/\/fpisaofrancisco.inf.br\/index.php\/2025\/08\/24\/clipagem-da-fpi-al-do-dia-24-08-2025\/\">Clipagem da FPI\/AL do dia 24\/08\/2025<\/a><\/p>\n\n\n\n<p><a href=\"https:\/\/fpisaofrancisco.inf.br\/index.php\/2025\/08\/24\/fpi-alagoas-primeira-semana-15a-etapa\/\">Na primeira semana de atua\u00e7\u00e3o, FPI Alagoas alcan\u00e7a mais da metade dos pontos de interesse previstos para 15\u00aa etapa<\/a><\/p>\n\n\n\n<p><a href=\"https:\/\/fpisaofrancisco.inf.br\/index.php\/2025\/08\/24\/fpial-visita-quilombo-pau-ferro\/\">FPI do S\u00e3o Francisco visita Pau Ferro, a mais nova comunidade quilombola certificada em Alagoas<\/a><\/p>\n\n\n\n<p><a href=\"https:\/\/fpisaofrancisco.inf.br\/index.php\/2025\/08\/23\/clipagem-da-fpi-al-do-dia-23-08-2025\/\">Clipagem da FPI\/AL do dia 23\/08\/2025<\/a><\/p>\n\n\n\n<p><a href=\"https:\/\/fpisaofrancisco.inf.br\/index.php\/2025\/08\/23\/fpial-fiscaliza-carros-pipa-pao-de-acucar\/\">Prote\u00e7\u00e3o da \u00e1gua e sa\u00fade p\u00fablica: FPI fiscaliza abastecimento por carros-pipa em P\u00e3o de A\u00e7\u00facar<\/a><\/p>\n\n\n\n<p><a href=\"https:\/\/fpisaofrancisco.inf.br\/index.php\/2025\/08\/23\/fpial-fecha-laticinio-clandestino-girau-ponciano\/\">Betoneira enferrujada era usada em latic\u00ednio insalubre na zona rural de Girau do Ponciano<\/a><\/p>\n\n\n\n<p><a href=\"https:\/\/fpisaofrancisco.inf.br\/index.php\/2025\/08\/22\/clipagem-da-fpi-al-do-dia-22-08-25\/\">Clipagem da FPI\/AL do dia 22\/08\/2025<\/a><\/p>\n\n\n\n<p><a href=\"https:\/\/fpisaofrancisco.inf.br\/index.php\/2025\/08\/22\/feducacao-ambiental-guardioes-caatinga-tapera\/\">FPI promove educa\u00e7\u00e3o ambiental que torna alunos guardi\u00f5es da natureza em S\u00e3o Jos\u00e9 da Tapera<\/a><\/p>\n\n\n\n<p><a href=\"https:\/\/fpisaofrancisco.inf.br\/index.php\/2025\/08\/22\/fpial-sitio-fossil-aguazinha-quilombo\/\">FPI do S\u00e3o Francisco visita poss\u00edvel s\u00edtio paleontol\u00f3gico em comunidade quilombola de Aguazinha, em Carneiros<\/a><\/p>\n\n\n\n<p><a href=\"https:\/\/fpisaofrancisco.inf.br\/index.php\/2025\/08\/22\/invasao-compromete-sistema-de-dessalinizacao\/\">Invas\u00e3o compromete sistema de dessaliniza\u00e7\u00e3o em Olho d\u2019\u00c1gua das Flores, enquanto comunidade quilombola em Carneiros vira modelo de gest\u00e3o<\/a><\/p>\n\n\n\n<p><a href=\"https:\/\/fpisaofrancisco.inf.br\/index.php\/2025\/08\/21\/clipagem-da-fpi-al-do-dia-21-08-2025\/\">Clipagem da FPI\/AL do dia 21\/08\/2025<\/a><\/p>\n\n\n\n<p><a href=\"https:\/\/fpisaofrancisco.inf.br\/index.php\/2025\/08\/21\/fpial-flagra-irregularidades-em-criatorio-de-aves\/\">FPI do S\u00e3o Francisco flagra irregularidades em criat\u00f3rio de aves em Arapiraca<\/a><\/p>\n\n\n\n<p><a href=\"https:\/\/fpisaofrancisco.inf.br\/index.php\/2025\/08\/21\/fpi-flagra-lixao-em-sao-jose-da-tapera-e-aplica-multa-de-r-80-mil\/\">FPI flagra lix\u00e3o em S\u00e3o Jos\u00e9 da Tapera e aplica multa de R$ 80 mil<\/a><\/p>\n\n\n\n<p><a href=\"file:\/\/\/S:\/\/fpisaofrancisco.inf.br\/index.php\/2025\/08\/21\/municipios-alagoanos-recebem-orientacoes-para-fortalecer-politica-ambiental\">Munic\u00edpios alagoanos recebem orienta\u00e7\u00f5es da FPI para fortalecer pol\u00edtica ambiental local<\/a><\/p>\n\n\n\n<p><a href=\"https:\/\/fpisaofrancisco.inf.br\/index.php\/2025\/08\/21\/fpi-flagra-laticinio-e-pocilga-clandestinos\/\">FPI flagra latic\u00ednio e pocilga clandestinos em Major Izidoro e recolhe quase uma tonelada de alimento impr\u00f3prio para consumo<\/a><\/p>\n\n\n\n<p><a href=\"https:\/\/fpisaofrancisco.inf.br\/index.php\/2025\/08\/21\/clipagem-da-fpi-al-do-dia-20-08-2025\/\">Clipagem da FPI\/AL do dia 20\/08\/2025<\/a><\/p>\n\n\n\n<p><a href=\"https:\/\/fpisaofrancisco.inf.br\/index.php\/2025\/08\/20\/guardioes-do-velho-chico-protege-vida-e-sustento-no-sao-francisco\/\">Guardi\u00f5es do Velho Chico: combate \u00e0 pesca predat\u00f3ria protege vida e sustento no S\u00e3o Francisco<\/a><\/p>\n\n\n\n<p><a href=\"https:\/\/fpisaofrancisco.inf.br\/index.php\/2025\/08\/20\/fpi-em-comunidades-tradicionais-relatos-reforcam-urgencia-em-saude-e-educacao-em-pao-de-acucar\/\">FPI em comunidades tradicionais: relatos refor\u00e7am urg\u00eancia em sa\u00fade e educa\u00e7\u00e3o em P\u00e3o de A\u00e7\u00facar<\/a><\/p>\n\n\n\n<p><a href=\"https:\/\/fpisaofrancisco.inf.br\/index.php\/2025\/08\/20\/fpial-leva-educacao-ambiental-a-escolas-e-comunidades-tradicionais-em-palestina\/\">FPI em Alagoas leva educa\u00e7\u00e3o ambiental a escolas e comunidades tradicionais em Palestina<\/a><\/p>\n\n\n\n<p><a href=\"https:\/\/fpisaofrancisco.inf.br\/index.php\/2025\/08\/20\/fpial-constata-maior-desmatamento-registrado\/\">FPI do S\u00e3o Francisco constata maior desmatamento j\u00e1 registrado durante as 15 etapas da fiscaliza\u00e7\u00e3o em Alagoas<\/a><\/p>\n\n\n\n<p><a href=\"https:\/\/fpisaofrancisco.inf.br\/index.php\/2025\/08\/19\/fpi-atua-para-combater-trabalho-analogo-a-escravidao-em-pedreiras\/\">FPI atua para combater trabalho an\u00e1logo \u00e0 escravid\u00e3o em pedreiras<\/a><\/p>\n\n\n\n<p><a href=\"https:\/\/fpisaofrancisco.inf.br\/index.php\/2025\/08\/19\/fpial-discute-dignidade-e-politicas-publicas-com-comunidade-quilombola-cacimba-do-barro\/\">FPI do Rio S\u00e3o Francisco discute dignidade e pol\u00edticas p\u00fablicas com comunidade quilombola Cacimba do Barro, no alto sert\u00e3o<\/a><\/p>\n\n\n\n<p><a href=\"https:\/\/fpisaofrancisco.inf.br\/index.php\/2025\/08\/18\/fpi-interdita-clinica-veterinaria-em-sao-jose-da-tapera\/\">FPI do Rio S\u00e3o Francisco interdita cl\u00ednica veterin\u00e1ria em S\u00e3o Jos\u00e9 da Tapera por cirurgias irregulares de animais<\/a><\/p>\n\n\n\n<p><a href=\"http:\/\/xn--defesa%20da%20sade%20pblica-c2cg:%20FPI%20impede%20venda%20de%20368%20litros%20de%20leite%20impr%C3%B3prio%20para%20consumo%20humano%20em%20P%C3%A3o%20de%20A%C3%A7%C3%BAcar\/\">Defesa da sa\u00fade p\u00fablica: FPI impede venda de 368 litros de leite impr\u00f3prio para consumo humano em P\u00e3o de A\u00e7\u00facar<\/a><\/p>\n\n\n\n<p><a href=\"https:\/\/fpisaofrancisco.inf.br\/index.php\/2025\/08\/18\/fpi-inicia-a-15a-etapa-em-alagoas-com-fiscalizacao-e-educacao-ambiental-para-populacao-sertaneja\/\">FPI do Rio S\u00e3o Francisco d\u00e1 in\u00edcio \u00e0 15\u00aa etapa em Alagoas com fiscaliza\u00e7\u00e3o e educa\u00e7\u00e3o ambiental para popula\u00e7\u00e3o sertaneja<\/a><\/p>\n","protected":false},"excerpt":{"rendered":"<p>A FPI do Rio S\u00e3o Francisco constatou que a \u00e1gua consumida no povoado Ilha do Ferro, em P\u00e3o de A\u00e7\u00facar\/AL, \u00e9 pr\u00f3pria para consumo humano. T\u00e9cnicos inspecionaram o sistema de capta\u00e7\u00e3o, tratamento e distribui\u00e7\u00e3o, coletaram amostras e confirmaram que todos os par\u00e2metros est\u00e3o dentro dos padr\u00f5es de potabilidade.<\/p>\n","protected":false},"author":7,"featured_media":8833,"comment_status":"open","ping_status":"open","sticky":false,"template":"","format":"standard","meta":{"_jetpack_memberships_contains_paid_content":false,"footnotes":""},"categories":[286,1,215,72],"tags":[287,213,82,337],"class_list":["post-8824","post","type-post","status-publish","format-standard","has-post-thumbnail","hentry","category-15-etapa-fpi-al","category-blog","category-noticias","category-noticias-alagoas","tag-15fpial","tag-bhsf","tag-fpial","tag-ilhadoferro","category-286","category-1","category-215","category-72","description-off"],"aioseo_notices":[],"jetpack_featured_media_url":"https:\/\/fpisaofrancisco.inf.br\/wp-content\/uploads\/2025\/08\/f9_28-825ilha.jpeg","jetpack_sharing_enabled":true,"_links":{"self":[{"href":"https:\/\/fpisaofrancisco.inf.br\/index.php\/wp-json\/wp\/v2\/posts\/8824","targetHints":{"allow":["GET"]}}],"collection":[{"href":"https:\/\/fpisaofrancisco.inf.br\/index.php\/wp-json\/wp\/v2\/posts"}],"about":[{"href":"https:\/\/fpisaofrancisco.inf.br\/index.php\/wp-json\/wp\/v2\/types\/post"}],"author":[{"embeddable":true,"href":"https:\/\/fpisaofrancisco.inf.br\/index.php\/wp-json\/wp\/v2\/users\/7"}],"replies":[{"embeddable":true,"href":"https:\/\/fpisaofrancisco.inf.br\/index.php\/wp-json\/wp\/v2\/comments?post=8824"}],"version-history":[{"count":2,"href":"https:\/\/fpisaofrancisco.inf.br\/index.php\/wp-json\/wp\/v2\/posts\/8824\/revisions"}],"predecessor-version":[{"id":8836,"href":"https:\/\/fpisaofrancisco.inf.br\/index.php\/wp-json\/wp\/v2\/posts\/8824\/revisions\/8836"}],"wp:featuredmedia":[{"embeddable":true,"href":"https:\/\/fpisaofrancisco.inf.br\/index.php\/wp-json\/wp\/v2\/media\/8833"}],"wp:attachment":[{"href":"https:\/\/fpisaofrancisco.inf.br\/index.php\/wp-json\/wp\/v2\/media?parent=8824"}],"wp:term":[{"taxonomy":"category","embeddable":true,"href":"https:\/\/fpisaofrancisco.inf.br\/index.php\/wp-json\/wp\/v2\/categories?post=8824"},{"taxonomy":"post_tag","embeddable":true,"href":"https:\/\/fpisaofrancisco.inf.br\/index.php\/wp-json\/wp\/v2\/tags?post=8824"}],"curies":[{"name":"wp","href":"https:\/\/api.w.org\/{rel}","templated":true}]}}