{"id":8768,"date":"2025-08-27T08:00:30","date_gmt":"2025-08-27T08:00:30","guid":{"rendered":"https:\/\/fpisaofrancisco.inf.br\/?p=8768"},"modified":"2025-08-27T11:29:15","modified_gmt":"2025-08-27T11:29:15","slug":"perimetro-gaviao-canal-sertao-transforma-semiarido-alagoano","status":"publish","type":"post","link":"https:\/\/fpisaofrancisco.inf.br\/index.php\/2025\/08\/27\/perimetro-gaviao-canal-sertao-transforma-semiarido-alagoano\/","title":{"rendered":"Per\u00edmetro do Gavi\u00e3o: primeiro projeto irrigado do Canal do Sert\u00e3o promete transformar o semi\u00e1rido alagoano"},"content":{"rendered":"\n<p class=\"has-accent-background-color has-background\">Com acompanhamento da FPI, \u00e1gua do S\u00e3o Francisco chega para irrigar 300 hectares em S\u00e3o Jos\u00e9 da Tapera e fortalecer a agricultura familiar<\/p>\n\n\n\n<p>O Per\u00edmetro Irrigado do Gavi\u00e3o, em S\u00e3o Jos\u00e9 da Tapera, marca um divisor de \u00e1guas para o Canal do Sert\u00e3o. \u00c9 o primeiro projeto de irriga\u00e7\u00e3o executado com recursos internos do Estado de Alagoas, que, com acompanhamento da Fiscaliza\u00e7\u00e3o Preventiva Integrada (FPI), leva a \u00e1gua do Rio S\u00e3o Francisco para fortalecer a agricultura familiar, atrair investimentos e garantir desenvolvimento sustent\u00e1vel ao semi\u00e1rido.<\/p>\n\n\n\n<h3 class=\"wp-block-heading\">Desenvolvimento regional e participa\u00e7\u00e3o social<\/h3>\n\n\n\n<p>A promotora de Justi\u00e7a Lav\u00ednia Fragoso destacou o papel estrat\u00e9gico do projeto:<\/p>\n\n\n\n<p>\u201cUm dos objetivos do Canal do Sert\u00e3o de Alagoas, por meio da \u00e1gua que vem do Rio S\u00e3o Francisco, \u00e9 fomentar o desenvolvimento regional. Ou seja, conseguir que, atrav\u00e9s de projetos, parcerias e incentivos, a economia da regi\u00e3o seja aquecida, que haja capacita\u00e7\u00e3o e utiliza\u00e7\u00e3o da m\u00e3o de obra local e um incremento na produ\u00e7\u00e3o agr\u00edcola do nosso estado\u201d.<\/p>\n\n\n\n<p>Ela ressaltou ainda que o acompanhamento do Minist\u00e9rio P\u00fablico garante transpar\u00eancia e articula\u00e7\u00e3o entre as institui\u00e7\u00f5es e a sociedade civil:<\/p>\n\n\n\n<p>\u201cA FPI cumpre essa atribui\u00e7\u00e3o de reunir diversos atores, mapear a\u00e7\u00f5es positivas e identificar gargalos que precisam ser melhorados. \u00c9 uma constru\u00e7\u00e3o participativa e democr\u00e1tica, na qual a associa\u00e7\u00e3o dos usu\u00e1rios do Canal do Sert\u00e3o tem voz ativa, porque representa aqueles que vivem a experi\u00eancia no dia a dia\u201d.<\/p>\n\n\n\n<figure class=\"wp-block-gallery has-nested-images columns-default is-cropped wp-block-gallery-1 is-layout-flex wp-block-gallery-is-layout-flex\">\n<figure class=\"wp-block-image size-large\"><img fetchpriority=\"high\" decoding=\"async\" width=\"1024\" height=\"768\" data-id=\"8772\" src=\"https:\/\/fpisaofrancisco.inf.br\/wp-content\/uploads\/2025\/08\/f4_260825_barr-1024x768.jpeg\" alt=\"\" class=\"wp-image-8772\" srcset=\"https:\/\/fpisaofrancisco.inf.br\/wp-content\/uploads\/2025\/08\/f4_260825_barr-1024x768.jpeg 1024w, https:\/\/fpisaofrancisco.inf.br\/wp-content\/uploads\/2025\/08\/f4_260825_barr-300x225.jpeg 300w, https:\/\/fpisaofrancisco.inf.br\/wp-content\/uploads\/2025\/08\/f4_260825_barr-768x576.jpeg 768w, https:\/\/fpisaofrancisco.inf.br\/wp-content\/uploads\/2025\/08\/f4_260825_barr.jpeg 1280w\" sizes=\"(max-width: 1024px) 100vw, 1024px\" \/><figcaption class=\"wp-element-caption\">cr\u00e9dito: Luciano Barbosa (@lucianobarbosadasilva)<\/figcaption><\/figure>\n\n\n\n<figure class=\"wp-block-image size-large\"><img decoding=\"async\" width=\"1024\" height=\"576\" data-id=\"8769\" src=\"https:\/\/fpisaofrancisco.inf.br\/wp-content\/uploads\/2025\/08\/f1_260825_barr-1024x576.jpeg\" alt=\"\" class=\"wp-image-8769\" srcset=\"https:\/\/fpisaofrancisco.inf.br\/wp-content\/uploads\/2025\/08\/f1_260825_barr-1024x576.jpeg 1024w, https:\/\/fpisaofrancisco.inf.br\/wp-content\/uploads\/2025\/08\/f1_260825_barr-300x169.jpeg 300w, https:\/\/fpisaofrancisco.inf.br\/wp-content\/uploads\/2025\/08\/f1_260825_barr-768x432.jpeg 768w, https:\/\/fpisaofrancisco.inf.br\/wp-content\/uploads\/2025\/08\/f1_260825_barr.jpeg 1280w\" sizes=\"(max-width: 1024px) 100vw, 1024px\" \/><figcaption class=\"wp-element-caption\">cr\u00e9dito: Luciano Barbosa (@lucianobarbosadasilva)<\/figcaption><\/figure>\n\n\n\n<figure class=\"wp-block-image size-large\"><img decoding=\"async\" width=\"1024\" height=\"768\" data-id=\"8770\" src=\"https:\/\/fpisaofrancisco.inf.br\/wp-content\/uploads\/2025\/08\/f2_260825_barr-1024x768.jpeg\" alt=\"\" class=\"wp-image-8770\" srcset=\"https:\/\/fpisaofrancisco.inf.br\/wp-content\/uploads\/2025\/08\/f2_260825_barr-1024x768.jpeg 1024w, https:\/\/fpisaofrancisco.inf.br\/wp-content\/uploads\/2025\/08\/f2_260825_barr-300x225.jpeg 300w, https:\/\/fpisaofrancisco.inf.br\/wp-content\/uploads\/2025\/08\/f2_260825_barr-768x576.jpeg 768w, https:\/\/fpisaofrancisco.inf.br\/wp-content\/uploads\/2025\/08\/f2_260825_barr.jpeg 1280w\" sizes=\"(max-width: 1024px) 100vw, 1024px\" \/><figcaption class=\"wp-element-caption\">cr\u00e9dito: Luciano Barbosa (@lucianobarbosadasilva)<\/figcaption><\/figure>\n\n\n\n<figure class=\"wp-block-image size-large\"><img loading=\"lazy\" decoding=\"async\" width=\"1024\" height=\"768\" data-id=\"8771\" src=\"https:\/\/fpisaofrancisco.inf.br\/wp-content\/uploads\/2025\/08\/f3_260825_barr-1024x768.jpeg\" alt=\"\" class=\"wp-image-8771\" srcset=\"https:\/\/fpisaofrancisco.inf.br\/wp-content\/uploads\/2025\/08\/f3_260825_barr-1024x768.jpeg 1024w, https:\/\/fpisaofrancisco.inf.br\/wp-content\/uploads\/2025\/08\/f3_260825_barr-300x225.jpeg 300w, https:\/\/fpisaofrancisco.inf.br\/wp-content\/uploads\/2025\/08\/f3_260825_barr-768x576.jpeg 768w, https:\/\/fpisaofrancisco.inf.br\/wp-content\/uploads\/2025\/08\/f3_260825_barr.jpeg 1280w\" sizes=\"(max-width: 1024px) 100vw, 1024px\" \/><figcaption class=\"wp-element-caption\">cr\u00e9dito: Luciano Barbosa (@lucianobarbosadasilva)<\/figcaption><\/figure>\n<\/figure>\n\n\n\n<h3 class=\"wp-block-heading\">Obras em fase final<\/h3>\n\n\n\n<p>O projeto, iniciado em 2021 pela Secretaria de Infraestrutura, est\u00e1 na reta final. Segundo Eduardo Passos, gerente de planejamento estrat\u00e9gico da Seinfra, restam apenas ajustes estruturais:<\/p>\n\n\n\n<p>\u201cO prazo que n\u00f3s temos para entregar \u00e0 popula\u00e7\u00e3o \u00e9 de 60 dias. O que falta s\u00e3o os acessos, a rede el\u00e9trica e o cercamento das \u00e1reas. \u00c9 uma obra social de import\u00e2ncia relevante para a regi\u00e3o, porque com ela vamos conseguir desenvolver outros projetos do mesmo porte\u201d.<\/p>\n\n\n\n<p>Ele lembrou que a voca\u00e7\u00e3o \u00e9 atender a quem mais precisa:<\/p>\n\n\n\n<p>\u201cN\u00e3o s\u00e3o grandes projetos, mas pequenos projetos que funcionam e atendem \u00e0 agricultura familiar e \u00e0 popula\u00e7\u00e3o rural, a mais necessitada. \u00c9 assim que justificamos o uso e a execu\u00e7\u00e3o continuada do Canal do Sert\u00e3o\u201d.<\/p>\n\n\n\n<p>A secret\u00e1ria executiva de Pol\u00edticas Agropecu\u00e1rias e Agroneg\u00f3cio da Seagri, Aline Melo, destacou o papel da pasta no projeto:<\/p>\n\n\n\n<p>\u201cA Seagri \u00e9 a idealizadora do Per\u00edmetro Irrigado do Gavi\u00e3o e tem atuado para transformar essa proposta em realidade. Estamos finalizando o edital de licita\u00e7\u00e3o dos 18 lotes, dos quais tr\u00eas ser\u00e3o destinados \u00e0 agricultura familiar e um voltado a estudos t\u00e9cnicos em parceria com institui\u00e7\u00f5es de ensino. Ser\u00e3o 238 hectares totalmente irrigados, reafirmando o compromisso da Seagri tanto com a agricultura familiar quanto com os empres\u00e1rios do setor produtivo, que s\u00e3o o foco principal desse trabalho\u201d.<\/p>\n\n\n\n<p>O superintendente de Irriga\u00e7\u00e3o da Seagri, Joelmir Farias, ressaltou que o Per\u00edmetro Gavi\u00e3o inaugura um novo ciclo para a agricultura irrigada em Alagoas:<\/p>\n\n\n\n<p>\u201cEsse projeto n\u00e3o \u00e9 apenas a implanta\u00e7\u00e3o de lotes produtivos, mas um espa\u00e7o de aprendizado e inova\u00e7\u00e3o. O Gavi\u00e3o vai servir como refer\u00eancia para demonstrar a efici\u00eancia da irriga\u00e7\u00e3o no Sert\u00e3o, estimulando boas pr\u00e1ticas e mostrando aos produtores que \u00e9 poss\u00edvel ter seguran\u00e7a h\u00eddrica e sustentabilidade econ\u00f4mica. Nosso desafio \u00e9 garantir que esse piloto abra caminho para novas \u00e1reas irrigadas e fortale\u00e7a, cada vez mais, a agricultura familiar e empresarial no Estado\u201d.<\/p>\n\n\n\n<h3 class=\"wp-block-heading\">Estrutura para transformar o Sert\u00e3o<\/h3>\n\n\n\n<p>O per\u00edmetro soma 300 hectares, dos quais 238 hectares s\u00e3o destinados \u00e0 agricultura irrigada. No total, s\u00e3o 19 lotes: tr\u00eas reservados para entidades de agricultura familiar, um lote t\u00e9cnico voltado \u00e0 pesquisa e inova\u00e7\u00e3o, e 15 voltados a empresas do setor produtivo.<\/p>\n\n\n\n<p>O presidente da Agecsa, Rog\u00e9rio Alc\u00e2ntara, detalhou a voca\u00e7\u00e3o do projeto:<\/p>\n\n\n\n<p>\u201cO Per\u00edmetro Gavi\u00e3o tem como finalidade a hortifruticultura, priorizando culturas de alto valor agregado e sistemas de irriga\u00e7\u00e3o de alta efici\u00eancia. Cada lote ter\u00e1 um reservat\u00f3rio pr\u00f3prio com capacidade de 300 metros c\u00fabicos e infraestrutura de energia para que o produtor instale seu sistema\u201d.<\/p>\n\n\n\n<p>Ele refor\u00e7ou que o Gavi\u00e3o representa um marco:<\/p>\n\n\n\n<p>\u201c\u00c9 o primeiro piloto do Estado, mostrando finalmente a finalidade e o potencial produtivo do Canal do Sert\u00e3o. A agricultura irrigada \u00e9 um vetor de transforma\u00e7\u00e3o econ\u00f4mica e social para Alagoas\u201d.<\/p>\n\n\n\n<h3 class=\"wp-block-heading\">Gest\u00e3o compartilhada da \u00e1gua<\/h3>\n\n\n\n<p>A Companhia de Saneamento de Alagoas (Casal) ser\u00e1 respons\u00e1vel pela capta\u00e7\u00e3o e manuten\u00e7\u00e3o da infraestrutura h\u00eddrica. O superintendente do Canal do Sert\u00e3o, Raniel Gomes, explicou o modelo de gest\u00e3o:<\/p>\n\n\n\n<p>\u201cA \u00e1gua s\u00f3 vai chegar ao per\u00edmetro do Gavi\u00e3o se tivermos condi\u00e7\u00f5es \u00f3timas de capta\u00e7\u00e3o no canal. A cobran\u00e7a ser\u00e1 feita por macromedidores em uma \u00fanica liga\u00e7\u00e3o, e a administra\u00e7\u00e3o ficar\u00e1 a cargo da associa\u00e7\u00e3o de produtores\u201d.<\/p>\n\n\n\n<p>Segundo ele, o projeto beneficia n\u00e3o apenas S\u00e3o Jos\u00e9 da Tapera, mas todo o semi\u00e1rido:<\/p>\n\n\n\n<p>\u201cO per\u00edmetro do Gavi\u00e3o ser\u00e1 fundamental para o desenvolvimento econ\u00f4mico do Sert\u00e3o alagoano.\u201d<\/p>\n\n\n\n<p>Expectativa dos produtores<\/p>\n\n\n\n<p>Para os agricultores, o sentimento \u00e9 de esperan\u00e7a. Rog\u00e9rio Alc\u00e2ntara, tamb\u00e9m produtor e usu\u00e1rio do Canal, lembrou a longa espera at\u00e9 este momento:<\/p>\n\n\n\n<p>\u201cO primeiro trecho do Canal foi inaugurado em 2013. Agora, 12 anos depois, temos o primeiro per\u00edmetro irrigado. Estamos otimistas porque teremos um campo demonstrativo que vai nos ensinar a produzir de forma mais eficiente e a escolher as culturas mais apropriadas\u201d.<\/p>\n\n\n\n<p>Ele finalizou com um apelo:<\/p>\n\n\n\n<p>\u201cEsperamos mais assist\u00eancia, mais acompanhamento do Estado e dos munic\u00edpios, para que possamos ter um melhor desempenho nas nossas culturas e transformar de verdade a vida no Sert\u00e3o\u201d.<\/p>\n\n\n\n<h3 class=\"wp-block-heading\">\u00c1gua como vetor de mudan\u00e7a<\/h3>\n\n\n\n<p>Mais do que uma obra de engenharia, o Per\u00edmetro Gavi\u00e3o simboliza o in\u00edcio de uma nova fase no Canal do Sert\u00e3o. A chegada da \u00e1gua do S\u00e3o Francisco para irriga\u00e7\u00e3o significa desenvolvimento regional, seguran\u00e7a alimentar e melhoria da qualidade de vida para milhares de fam\u00edlias sertanejas.<\/p>\n\n\n\n<h3 class=\"wp-block-heading\"><strong>Leia tamb\u00e9m outras not\u00edcias da 15a etapa da FPI AL<\/strong><\/h3>\n\n\n\n<p><br><a href=\"https:\/\/fpisaofrancisco.inf.br\/index.php\/2025\/08\/26\/clipagem-da-fpi-al-do-dia-26-08-2025\/\" title=\"\">Clipagem da FPI\/AL do dia 26\/08\/2025<\/a><\/p>\n\n\n\n<p><a href=\"https:\/\/fpisaofrancisco.inf.br\/index.php\/2025\/08\/26\/fpial-visita-quilombo-caititu-jacare-dos-homens\/\">Visita da FPI a comunidade quilombola em Jacar\u00e9 dos Homens aponta desafios ambientais com pr\u00e1tica tradicional<\/a><\/p>\n\n\n\n<p><a href=\"https:\/\/fpisaofrancisco.inf.br\/index.php\/2025\/08\/26\/%20fpi-riscos-barragem-piscicultura-sao-francisco\">FPI constata riscos em barragem e irregularidades em piscicultura na bacia do S\u00e3o Francisco<\/a><br><br><a href=\"https:\/\/fpisaofrancisco.inf.br\/index.php\/2025\/08\/26\/riscos-desmatamento-ilegal-fpi-alagoas\/\">Multas milion\u00e1rias, embargo e at\u00e9 bloqueio de cr\u00e9dito: entenda os riscos de desmatar sem autoriza\u00e7\u00e3o<\/a><\/p>\n\n\n\n<p><a href=\"https:\/\/fpisaofrancisco.inf.br\/index.php\/2025\/08\/26\/fpi-monitoramento-agua-alagoas\/\">FPI refor\u00e7a import\u00e2ncia do monitoramento da \u00e1gua para consumo humano em Alagoas<\/a><\/p>\n\n\n\n<p><a href=\"https:\/\/fpisaofrancisco.inf.br\/index.php\/2025\/08\/25\/clipagem-da-fpi-al-do-dia-25-08-2025\/\">Clipagem da FPI\/AL do dia 25\/08\/2025<\/a><\/p>\n\n\n\n<p><a href=\"https:\/\/fpisaofrancisco.inf.br\/index.php\/2025\/08\/25\/fpi-resgata-animais-silvestres-feira-palmeira-dos-indios\/\">FPI do Rio S\u00e3o Francisco resgata 26 animais silvestres v\u00edtimas de maus-tratos em feira livre<\/a><\/p>\n\n\n\n<p><a href=\"https:\/\/fpisaofrancisco.inf.br\/index.php\/2025\/08\/25\/fpi-quilombolas-gameleiro-plantio-antigo-lixao\/\">FPI AL denuncia: falta de terra leva quilombolas a plantar em lix\u00e3o<\/a><\/p>\n\n\n\n<p><a href=\"https:\/\/fpisaofrancisco.inf.br\/index.php\/2025\/08\/25\/fpial-flagra-lixao-esgoto-sao-francisco\/\">Fiscaliza\u00e7\u00e3o flagra lix\u00e3o sem recupera\u00e7\u00e3o ambiental e esgoto lan\u00e7ado no S\u00e3o Francisco<\/a><\/p>\n\n\n\n<p><a href=\"https:\/\/fpisaofrancisco.inf.br\/index.php\/2025\/08\/24\/clipagem-da-fpi-al-do-dia-24-08-2025\/\">Clipagem da FPI\/AL do dia 24\/08\/2025<\/a><\/p>\n\n\n\n<p><a href=\"https:\/\/fpisaofrancisco.inf.br\/index.php\/2025\/08\/24\/fpi-alagoas-primeira-semana-15a-etapa\/\">Na primeira semana de atua\u00e7\u00e3o, FPI Alagoas alcan\u00e7a mais da metade dos pontos de interesse previstos para 15\u00aa etapa<\/a><\/p>\n\n\n\n<p><a href=\"https:\/\/fpisaofrancisco.inf.br\/index.php\/2025\/08\/24\/fpial-visita-quilombo-pau-ferro\/\">FPI do S\u00e3o Francisco visita Pau Ferro, a mais nova comunidade quilombola certificada em Alagoas<\/a><\/p>\n\n\n\n<p><a href=\"https:\/\/fpisaofrancisco.inf.br\/index.php\/2025\/08\/23\/clipagem-da-fpi-al-do-dia-23-08-2025\/\">Clipagem da FPI\/AL do dia 23\/08\/2025<\/a><\/p>\n\n\n\n<p><a href=\"https:\/\/fpisaofrancisco.inf.br\/index.php\/2025\/08\/23\/fpial-fiscaliza-carros-pipa-pao-de-acucar\/\">Prote\u00e7\u00e3o da \u00e1gua e sa\u00fade p\u00fablica: FPI fiscaliza abastecimento por carros-pipa em P\u00e3o de A\u00e7\u00facar<\/a><\/p>\n\n\n\n<p><a href=\"https:\/\/fpisaofrancisco.inf.br\/index.php\/2025\/08\/23\/fpial-fecha-laticinio-clandestino-girau-ponciano\/\">Betoneira enferrujada era usada em latic\u00ednio insalubre na zona rural de Girau do Ponciano<\/a><\/p>\n\n\n\n<p><a href=\"https:\/\/fpisaofrancisco.inf.br\/index.php\/2025\/08\/22\/clipagem-da-fpi-al-do-dia-22-08-25\/\">Clipagem da FPI\/AL do dia 22\/08\/2025<\/a><\/p>\n\n\n\n<p><a href=\"https:\/\/fpisaofrancisco.inf.br\/index.php\/2025\/08\/22\/feducacao-ambiental-guardioes-caatinga-tapera\/\">FPI promove educa\u00e7\u00e3o ambiental que torna alunos guardi\u00f5es da natureza em S\u00e3o Jos\u00e9 da Tapera<\/a><\/p>\n\n\n\n<p><a href=\"https:\/\/fpisaofrancisco.inf.br\/index.php\/2025\/08\/22\/fpial-sitio-fossil-aguazinha-quilombo\/\">FPI do S\u00e3o Francisco visita poss\u00edvel s\u00edtio paleontol\u00f3gico em comunidade quilombola de Aguazinha, em Carneiros<\/a><\/p>\n\n\n\n<p><a href=\"https:\/\/fpisaofrancisco.inf.br\/index.php\/2025\/08\/22\/invasao-compromete-sistema-de-dessalinizacao\/\">Invas\u00e3o compromete sistema de dessaliniza\u00e7\u00e3o em Olho d\u2019\u00c1gua das Flores, enquanto comunidade quilombola em Carneiros vira modelo de gest\u00e3o<\/a><\/p>\n\n\n\n<p><a href=\"https:\/\/fpisaofrancisco.inf.br\/index.php\/2025\/08\/21\/clipagem-da-fpi-al-do-dia-21-08-2025\/\">Clipagem da FPI\/AL do dia 21\/08\/2025<\/a><\/p>\n\n\n\n<p><a href=\"https:\/\/fpisaofrancisco.inf.br\/index.php\/2025\/08\/21\/fpial-flagra-irregularidades-em-criatorio-de-aves\/\">FPI do S\u00e3o Francisco flagra irregularidades em criat\u00f3rio de aves em Arapiraca<\/a><\/p>\n\n\n\n<p><a href=\"https:\/\/fpisaofrancisco.inf.br\/index.php\/2025\/08\/21\/fpi-flagra-lixao-em-sao-jose-da-tapera-e-aplica-multa-de-r-80-mil\/\">FPI flagra lix\u00e3o em S\u00e3o Jos\u00e9 da Tapera e aplica multa de R$ 80 mil<\/a><\/p>\n\n\n\n<p><a href=\"file:\/\/\/S:\/\/fpisaofrancisco.inf.br\/index.php\/2025\/08\/21\/municipios-alagoanos-recebem-orientacoes-para-fortalecer-politica-ambiental\">Munic\u00edpios alagoanos recebem orienta\u00e7\u00f5es da FPI para fortalecer pol\u00edtica ambiental local<\/a><\/p>\n\n\n\n<p><a href=\"https:\/\/fpisaofrancisco.inf.br\/index.php\/2025\/08\/21\/fpi-flagra-laticinio-e-pocilga-clandestinos\/\">FPI flagra latic\u00ednio e pocilga clandestinos em Major Izidoro e recolhe quase uma tonelada de alimento impr\u00f3prio para consumo<\/a><\/p>\n\n\n\n<p><a href=\"https:\/\/fpisaofrancisco.inf.br\/index.php\/2025\/08\/21\/clipagem-da-fpi-al-do-dia-20-08-2025\/\">Clipagem da FPI\/AL do dia 20\/08\/2025<\/a><\/p>\n\n\n\n<p><a href=\"https:\/\/fpisaofrancisco.inf.br\/index.php\/2025\/08\/20\/guardioes-do-velho-chico-protege-vida-e-sustento-no-sao-francisco\/\">Guardi\u00f5es do Velho Chico: combate \u00e0 pesca predat\u00f3ria protege vida e sustento no S\u00e3o Francisco<\/a><\/p>\n\n\n\n<p><a href=\"https:\/\/fpisaofrancisco.inf.br\/index.php\/2025\/08\/20\/fpi-em-comunidades-tradicionais-relatos-reforcam-urgencia-em-saude-e-educacao-em-pao-de-acucar\/\">FPI em comunidades tradicionais: relatos refor\u00e7am urg\u00eancia em sa\u00fade e educa\u00e7\u00e3o em P\u00e3o de A\u00e7\u00facar<\/a><\/p>\n\n\n\n<p><a href=\"https:\/\/fpisaofrancisco.inf.br\/index.php\/2025\/08\/20\/fpial-leva-educacao-ambiental-a-escolas-e-comunidades-tradicionais-em-palestina\/\">FPI em Alagoas leva educa\u00e7\u00e3o ambiental a escolas e comunidades tradicionais em Palestina<\/a><\/p>\n\n\n\n<p><a href=\"https:\/\/fpisaofrancisco.inf.br\/index.php\/2025\/08\/20\/fpial-constata-maior-desmatamento-registrado\/\">FPI do S\u00e3o Francisco constata maior desmatamento j\u00e1 registrado durante as 15 etapas da fiscaliza\u00e7\u00e3o em Alagoas<\/a><\/p>\n\n\n\n<p><a href=\"https:\/\/fpisaofrancisco.inf.br\/index.php\/2025\/08\/19\/fpi-atua-para-combater-trabalho-analogo-a-escravidao-em-pedreiras\/\">FPI atua para combater trabalho an\u00e1logo \u00e0 escravid\u00e3o em pedreiras<\/a><\/p>\n\n\n\n<p><a href=\"https:\/\/fpisaofrancisco.inf.br\/index.php\/2025\/08\/19\/fpial-discute-dignidade-e-politicas-publicas-com-comunidade-quilombola-cacimba-do-barro\/\">FPI do Rio S\u00e3o Francisco discute dignidade e pol\u00edticas p\u00fablicas com comunidade quilombola Cacimba do Barro, no alto sert\u00e3o<\/a><\/p>\n\n\n\n<p><a href=\"https:\/\/fpisaofrancisco.inf.br\/index.php\/2025\/08\/18\/fpi-interdita-clinica-veterinaria-em-sao-jose-da-tapera\/\">FPI do Rio S\u00e3o Francisco interdita cl\u00ednica veterin\u00e1ria em S\u00e3o Jos\u00e9 da Tapera por cirurgias irregulares de animais<\/a><\/p>\n\n\n\n<p><a href=\"http:\/\/xn--defesa%20da%20sade%20pblica-c2cg:%20FPI%20impede%20venda%20de%20368%20litros%20de%20leite%20impr%C3%B3prio%20para%20consumo%20humano%20em%20P%C3%A3o%20de%20A%C3%A7%C3%BAcar\/\">Defesa da sa\u00fade p\u00fablica: FPI impede venda de 368 litros de leite impr\u00f3prio para consumo humano em P\u00e3o de A\u00e7\u00facar<\/a><\/p>\n\n\n\n<p><a href=\"https:\/\/fpisaofrancisco.inf.br\/index.php\/2025\/08\/18\/fpi-inicia-a-15a-etapa-em-alagoas-com-fiscalizacao-e-educacao-ambiental-para-populacao-sertaneja\/\">FPI do Rio S\u00e3o Francisco d\u00e1 in\u00edcio \u00e0 15\u00aa etapa em Alagoas com fiscaliza\u00e7\u00e3o e educa\u00e7\u00e3o ambiental para popula\u00e7\u00e3o sertaneja<\/a><\/p>\n","protected":false},"excerpt":{"rendered":"<p>O Per\u00edmetro do Gavi\u00e3o ser\u00e1 o primeiro projeto irrigado do Canal do Sert\u00e3o Alagoano. A iniciativa promete impulsionar a agricultura, gerar empregos e transformar a realidade socioecon\u00f4mica do semi\u00e1rido alagoano, com foco no desenvolvimento sustent\u00e1vel e na seguran\u00e7a h\u00eddrica.<\/p>\n","protected":false},"author":7,"featured_media":8773,"comment_status":"open","ping_status":"open","sticky":false,"template":"","format":"standard","meta":{"_jetpack_memberships_contains_paid_content":false,"footnotes":""},"categories":[286,1,215,72],"tags":[287,329,213,82,328],"class_list":["post-8768","post","type-post","status-publish","format-standard","has-post-thumbnail","hentry","category-15-etapa-fpi-al","category-blog","category-noticias","category-noticias-alagoas","tag-15fpial","tag-al","tag-bhsf","tag-fpial","tag-perimetroirrigadogaviao","category-286","category-1","category-215","category-72","description-off"],"aioseo_notices":[],"jetpack_featured_media_url":"https:\/\/fpisaofrancisco.inf.br\/wp-content\/uploads\/2025\/08\/f5_260825_barr.jpeg","jetpack_sharing_enabled":true,"_links":{"self":[{"href":"https:\/\/fpisaofrancisco.inf.br\/index.php\/wp-json\/wp\/v2\/posts\/8768","targetHints":{"allow":["GET"]}}],"collection":[{"href":"https:\/\/fpisaofrancisco.inf.br\/index.php\/wp-json\/wp\/v2\/posts"}],"about":[{"href":"https:\/\/fpisaofrancisco.inf.br\/index.php\/wp-json\/wp\/v2\/types\/post"}],"author":[{"embeddable":true,"href":"https:\/\/fpisaofrancisco.inf.br\/index.php\/wp-json\/wp\/v2\/users\/7"}],"replies":[{"embeddable":true,"href":"https:\/\/fpisaofrancisco.inf.br\/index.php\/wp-json\/wp\/v2\/comments?post=8768"}],"version-history":[{"count":1,"href":"https:\/\/fpisaofrancisco.inf.br\/index.php\/wp-json\/wp\/v2\/posts\/8768\/revisions"}],"predecessor-version":[{"id":8774,"href":"https:\/\/fpisaofrancisco.inf.br\/index.php\/wp-json\/wp\/v2\/posts\/8768\/revisions\/8774"}],"wp:featuredmedia":[{"embeddable":true,"href":"https:\/\/fpisaofrancisco.inf.br\/index.php\/wp-json\/wp\/v2\/media\/8773"}],"wp:attachment":[{"href":"https:\/\/fpisaofrancisco.inf.br\/index.php\/wp-json\/wp\/v2\/media?parent=8768"}],"wp:term":[{"taxonomy":"category","embeddable":true,"href":"https:\/\/fpisaofrancisco.inf.br\/index.php\/wp-json\/wp\/v2\/categories?post=8768"},{"taxonomy":"post_tag","embeddable":true,"href":"https:\/\/fpisaofrancisco.inf.br\/index.php\/wp-json\/wp\/v2\/tags?post=8768"}],"curies":[{"name":"wp","href":"https:\/\/api.w.org\/{rel}","templated":true}]}}