{"id":8756,"date":"2025-08-26T15:00:05","date_gmt":"2025-08-26T15:00:05","guid":{"rendered":"https:\/\/fpisaofrancisco.inf.br\/?p=8756"},"modified":"2025-08-26T12:46:09","modified_gmt":"2025-08-26T12:46:09","slug":"fpial-visita-quilombo-caititu-jacare-dos-homens","status":"publish","type":"post","link":"https:\/\/fpisaofrancisco.inf.br\/index.php\/2025\/08\/26\/fpial-visita-quilombo-caititu-jacare-dos-homens\/","title":{"rendered":"Visita da FPI a comunidade quilombola em Jacar\u00e9 dos Homens aponta desafios ambientais com pr\u00e1tica tradicional"},"content":{"rendered":"\n<p class=\"has-accent-background-color has-background\">Regulariza\u00e7\u00e3o da cria\u00e7\u00e3o de porcos, d\u00e9bitos de contas de \u00e1gua n\u00e3o fornecidas e interesse das mulheres por empreendedorismo foram temas centrais do encontro<\/p>\n\n\n\n<p>Na tarde desta segunda-feira (25), a equipe de Comunidades Tradicionais e Patrim\u00f4nio Cultural da Fiscaliza\u00e7\u00e3o Preventiva Integrada (FPI) do Rio S\u00e3o Francisco esteve na comunidade quilombola Caitit\u00fa, em Jacar\u00e9 dos Homens\/AL, para dialogar com moradores sobre quest\u00f5es essenciais \u00e0 vida comunit\u00e1ria, como o abastecimento de \u00e1gua, a cria\u00e7\u00e3o tradicional de porcos (caititus) e o acesso a pol\u00edticas p\u00fablicas.<\/p>\n\n\n\n<p>Durante a visita, foi ressaltada a import\u00e2ncia da regulariza\u00e7\u00e3o das pocilgas, uma vez que a cria\u00e7\u00e3o dos animais faz parte da identidade cultural e da hist\u00f3ria da forma\u00e7\u00e3o da pr\u00f3pria comunidade.<\/p>\n\n\n\n<figure class=\"wp-block-gallery has-nested-images columns-default is-cropped wp-block-gallery-1 is-layout-flex wp-block-gallery-is-layout-flex\">\n<figure class=\"wp-block-image size-large\"><img fetchpriority=\"high\" decoding=\"async\" width=\"1024\" height=\"683\" data-id=\"8759\" src=\"https:\/\/fpisaofrancisco.inf.br\/wp-content\/uploads\/2025\/08\/f3_250825pct-1024x683.jpeg\" alt=\"\" class=\"wp-image-8759\" srcset=\"https:\/\/fpisaofrancisco.inf.br\/wp-content\/uploads\/2025\/08\/f3_250825pct-1024x683.jpeg 1024w, https:\/\/fpisaofrancisco.inf.br\/wp-content\/uploads\/2025\/08\/f3_250825pct-300x200.jpeg 300w, https:\/\/fpisaofrancisco.inf.br\/wp-content\/uploads\/2025\/08\/f3_250825pct-768x512.jpeg 768w, https:\/\/fpisaofrancisco.inf.br\/wp-content\/uploads\/2025\/08\/f3_250825pct-1536x1024.jpeg 1536w, https:\/\/fpisaofrancisco.inf.br\/wp-content\/uploads\/2025\/08\/f3_250825pct-2048x1366.jpeg 2048w\" sizes=\"(max-width: 1024px) 100vw, 1024px\" \/><figcaption class=\"wp-element-caption\">Cr\u00e9dito: Bruna Cordeiro\/AGENDHA (@brunaosyris)<\/figcaption><\/figure>\n\n\n\n<figure class=\"wp-block-image size-large\"><img decoding=\"async\" width=\"1024\" height=\"683\" data-id=\"8761\" src=\"https:\/\/fpisaofrancisco.inf.br\/wp-content\/uploads\/2025\/08\/f5_250825pct-1024x683.jpeg\" alt=\"\" class=\"wp-image-8761\" srcset=\"https:\/\/fpisaofrancisco.inf.br\/wp-content\/uploads\/2025\/08\/f5_250825pct-1024x683.jpeg 1024w, https:\/\/fpisaofrancisco.inf.br\/wp-content\/uploads\/2025\/08\/f5_250825pct-300x200.jpeg 300w, https:\/\/fpisaofrancisco.inf.br\/wp-content\/uploads\/2025\/08\/f5_250825pct-768x512.jpeg 768w, https:\/\/fpisaofrancisco.inf.br\/wp-content\/uploads\/2025\/08\/f5_250825pct-1536x1024.jpeg 1536w, https:\/\/fpisaofrancisco.inf.br\/wp-content\/uploads\/2025\/08\/f5_250825pct-2048x1366.jpeg 2048w\" sizes=\"(max-width: 1024px) 100vw, 1024px\" \/><figcaption class=\"wp-element-caption\">Cr\u00e9dito: Bruna Cordeiro\/AGENDHA (@brunaosyris)<\/figcaption><\/figure>\n\n\n\n<figure class=\"wp-block-image size-large\"><img decoding=\"async\" width=\"1024\" height=\"683\" data-id=\"8762\" src=\"https:\/\/fpisaofrancisco.inf.br\/wp-content\/uploads\/2025\/08\/f6_250825pct-1024x683.jpeg\" alt=\"\" class=\"wp-image-8762\" srcset=\"https:\/\/fpisaofrancisco.inf.br\/wp-content\/uploads\/2025\/08\/f6_250825pct-1024x683.jpeg 1024w, https:\/\/fpisaofrancisco.inf.br\/wp-content\/uploads\/2025\/08\/f6_250825pct-300x200.jpeg 300w, https:\/\/fpisaofrancisco.inf.br\/wp-content\/uploads\/2025\/08\/f6_250825pct-768x512.jpeg 768w, https:\/\/fpisaofrancisco.inf.br\/wp-content\/uploads\/2025\/08\/f6_250825pct-1536x1024.jpeg 1536w, https:\/\/fpisaofrancisco.inf.br\/wp-content\/uploads\/2025\/08\/f6_250825pct-2048x1366.jpeg 2048w\" sizes=\"(max-width: 1024px) 100vw, 1024px\" \/><figcaption class=\"wp-element-caption\">Cr\u00e9dito: Bruna Cordeiro\/AGENDHA (@brunaosyris)<\/figcaption><\/figure>\n<\/figure>\n\n\n\n<p>Outro ponto central foi o relato dos moradores sobre os d\u00e9bitos de contas de \u00e1gua referentes aos anos de 2022 e 2023, per\u00edodo em que o fornecimento n\u00e3o foi realizado, mas as cobran\u00e7as continuaram a ser emitidas. Atualmente, a \u00e1gua chega \u00e0s resid\u00eancias, mas ainda h\u00e1 problemas relacionados \u00e0 instala\u00e7\u00e3o e funcionamento dos hidr\u00f4metros, al\u00e9m da necessidade de reativa\u00e7\u00e3o do po\u00e7o comunit\u00e1rio para uso na agricultura.<\/p>\n\n\n\n<p>A visita tamb\u00e9m evidenciou o interesse das mulheres em empreender, aproveitando seus talentos art\u00edsticos, culin\u00e1rios e artesanais. A Rede Mulheres de Comunidades Tradicionais tem atuado para fortalecer esse protagonismo, apoiando a comercializa\u00e7\u00e3o dos produtos e incentivando a participa\u00e7\u00e3o das quilombolas em programas governamentais como o Programa de Aquisi\u00e7\u00e3o de Alimentos (PAA) e o Programa Nacional de Alimenta\u00e7\u00e3o Escolar (PNAE).<\/p>\n\n\n\n<p>Segundo registros, a comunidade Caitit\u00fa re\u00fane cerca de 111 fam\u00edlias, totalizando aproximadamente 400 pessoas, com economia baseada principalmente na produ\u00e7\u00e3o de leite e na agricultura (palma, milho e feij\u00e3o) voltada \u00e0 alimenta\u00e7\u00e3o do gado e \u00e0 subsist\u00eancia.<\/p>\n\n\n\n<p>A equipe Comunidades Tradicionais e Patrim\u00f4nio Cultural, coordenada pelo antrop\u00f3logo Ivan Farias, do MPF, conta com representantes do <a href=\"https:\/\/www.mpf.mp.br\/al\/\" title=\"\">Minist\u00e9rio P\u00fablico Federal (MPF)<\/a>, <a href=\"https:\/\/www.gov.br\/incra\/pt-br\" title=\"\">Instituto Nacional de Coloniza\u00e7\u00e3o e Reforma Agr\u00e1ria (Incra)<\/a>, <a href=\"http:\/\/www.instagram.com\/redemulheresnct\" title=\"\">Rede de Mulheres de Comunidades Tradicionais<\/a>, <a href=\"https:\/\/semarh.al.gov.br\/\" title=\"\">Secretaria de Estado do Meio Ambiente e Recursos H\u00eddricos (Semarh)<\/a>, Minist\u00e9rio do Desenvolvimento Agr\u00e1rio e Agricultura Familiar (MDA) e da <a href=\"https:\/\/www.agendha.org\/\" title=\"\">ONG Agendha.<\/a><\/p>\n\n\n\n<figure class=\"wp-block-gallery has-nested-images columns-default is-cropped wp-block-gallery-2 is-layout-flex wp-block-gallery-is-layout-flex\">\n<figure class=\"wp-block-image size-large\"><img loading=\"lazy\" decoding=\"async\" width=\"1024\" height=\"683\" data-id=\"8764\" src=\"https:\/\/fpisaofrancisco.inf.br\/wp-content\/uploads\/2025\/08\/f8_250825pct-1024x683.jpeg\" alt=\"\" class=\"wp-image-8764\" srcset=\"https:\/\/fpisaofrancisco.inf.br\/wp-content\/uploads\/2025\/08\/f8_250825pct-1024x683.jpeg 1024w, https:\/\/fpisaofrancisco.inf.br\/wp-content\/uploads\/2025\/08\/f8_250825pct-300x200.jpeg 300w, https:\/\/fpisaofrancisco.inf.br\/wp-content\/uploads\/2025\/08\/f8_250825pct-768x512.jpeg 768w, https:\/\/fpisaofrancisco.inf.br\/wp-content\/uploads\/2025\/08\/f8_250825pct-1536x1024.jpeg 1536w, https:\/\/fpisaofrancisco.inf.br\/wp-content\/uploads\/2025\/08\/f8_250825pct-2048x1366.jpeg 2048w\" sizes=\"(max-width: 1024px) 100vw, 1024px\" \/><figcaption class=\"wp-element-caption\">Cr\u00e9dito: Bruna Cordeiro\/AGENDHA (@brunaosyris)<\/figcaption><\/figure>\n\n\n\n<figure class=\"wp-block-image size-large\"><img loading=\"lazy\" decoding=\"async\" width=\"1024\" height=\"683\" data-id=\"8763\" src=\"https:\/\/fpisaofrancisco.inf.br\/wp-content\/uploads\/2025\/08\/f7_250825pct-1024x683.jpeg\" alt=\"\" class=\"wp-image-8763\" srcset=\"https:\/\/fpisaofrancisco.inf.br\/wp-content\/uploads\/2025\/08\/f7_250825pct-1024x683.jpeg 1024w, https:\/\/fpisaofrancisco.inf.br\/wp-content\/uploads\/2025\/08\/f7_250825pct-300x200.jpeg 300w, https:\/\/fpisaofrancisco.inf.br\/wp-content\/uploads\/2025\/08\/f7_250825pct-768x512.jpeg 768w, https:\/\/fpisaofrancisco.inf.br\/wp-content\/uploads\/2025\/08\/f7_250825pct-1536x1024.jpeg 1536w, https:\/\/fpisaofrancisco.inf.br\/wp-content\/uploads\/2025\/08\/f7_250825pct-2048x1366.jpeg 2048w\" sizes=\"(max-width: 1024px) 100vw, 1024px\" \/><figcaption class=\"wp-element-caption\">Cr\u00e9dito: Bruna Cordeiro\/AGENDHA (@brunaosyris)<\/figcaption><\/figure>\n\n\n\n<figure class=\"wp-block-image size-large\"><img loading=\"lazy\" decoding=\"async\" width=\"1024\" height=\"683\" data-id=\"8760\" src=\"https:\/\/fpisaofrancisco.inf.br\/wp-content\/uploads\/2025\/08\/f4_250825pct-1024x683.jpeg\" alt=\"\" class=\"wp-image-8760\" srcset=\"https:\/\/fpisaofrancisco.inf.br\/wp-content\/uploads\/2025\/08\/f4_250825pct-1024x683.jpeg 1024w, https:\/\/fpisaofrancisco.inf.br\/wp-content\/uploads\/2025\/08\/f4_250825pct-300x200.jpeg 300w, https:\/\/fpisaofrancisco.inf.br\/wp-content\/uploads\/2025\/08\/f4_250825pct-768x512.jpeg 768w, https:\/\/fpisaofrancisco.inf.br\/wp-content\/uploads\/2025\/08\/f4_250825pct-1536x1024.jpeg 1536w, https:\/\/fpisaofrancisco.inf.br\/wp-content\/uploads\/2025\/08\/f4_250825pct-2048x1366.jpeg 2048w\" sizes=\"(max-width: 1024px) 100vw, 1024px\" \/><figcaption class=\"wp-element-caption\">Cr\u00e9dito: Bruna Cordeiro\/AGENDHA (@brunaosyris)<\/figcaption><\/figure>\n<\/figure>\n\n\n\n<p>O procurador da Rep\u00fablica Lucas Horta, do n\u00facleo de meio ambiente do MPF em Alagoas, que acompanhou a visita, destacou a import\u00e2ncia de preservar a tradi\u00e7\u00e3o local dentro da legalidade: \u201cO MPF esteve presente na comunidade Caitit\u00fa justamente para ouvir e colher relatos a respeito de seus problemas. Uma das quest\u00f5es levantadas foi a cria\u00e7\u00e3o de porcos, que por ser uma pr\u00e1tica tradicional deve ser mantida, mas precisa estar regularizada. Orientamos que a comunidade busque, primeiramente, a Secretaria Municipal de Agricultura, que poder\u00e1 dar o encaminhamento necess\u00e1rio para que essa atividade t\u00e3o importante se mantenha, por\u00e9m dentro da legalidade\u201d, afirmou.<\/p>\n\n\n\n<p>J\u00e1 Margarida Andrade, lideran\u00e7a da comunidade quilombola, ressaltou a import\u00e2ncia da presen\u00e7a das institui\u00e7\u00f5es e a expectativa de avan\u00e7os: \u201cA expectativa que n\u00f3s temos como comunidade quilombola \u00e9 que, a partir da vinda do Minist\u00e9rio P\u00fablico e demais \u00f3rg\u00e3os, nos ouvindo e conhecendo nossas demandas, possamos de fato ter nossos direitos garantidos. Tenho a certeza de que, com essa escuta e com a parceria das institui\u00e7\u00f5es, vamos avan\u00e7ar muito e alcan\u00e7ar melhorias para o nosso quilombo\u201d, afirmou.<\/p>\n\n\n\n<p>O encontro tamb\u00e9m trouxe informa\u00e7\u00f5es sobre o Cadastro Nacional da Agricultura Familiar (CAF), documento gratuito que garante o acesso a pol\u00edticas p\u00fablicas voltadas para a agricultura familiar. Para os quilombolas, a inscri\u00e7\u00e3o pode ser feita de forma coletiva, a partir do Cadastro Ambiental Rural (CAR).<\/p>\n\n\n\n<p>Humberto Santos destacou ainda que o Projeto Dom Helder C\u00e2mara, do Minist\u00e9rio do Desenvolvimento Agr\u00e1rio e Agricultura Familiar, segue em execu\u00e7\u00e3o no semi\u00e1rido alagoano, com novas a\u00e7\u00f5es programadas para os dias 3 a 5 de setembro, em P\u00e3o de A\u00e7\u00facar. Al\u00e9m de promover inscri\u00e7\u00f5es no CAR e CAF, outras a\u00e7\u00f5es sociais do Munic\u00edpio ser\u00e3o disponibilizadas.<\/p>\n\n\n\n<h3 class=\"wp-block-heading\"><strong>Leia tamb\u00e9m outras not\u00edcias da 15a etapa da FPI AL<\/strong><\/h3>\n\n\n\n<p><a href=\"https:\/\/fpisaofrancisco.inf.br\/index.php\/2025\/08\/26\/ fpi-riscos-barragem-piscicultura-sao-francisco\" title=\"\">FPI constata riscos em barragem e irregularidades em piscicultura na bacia do S\u00e3o Francisco<\/a><br><br><a href=\"https:\/\/fpisaofrancisco.inf.br\/index.php\/2025\/08\/26\/riscos-desmatamento-ilegal-fpi-alagoas\/\" title=\"\">Multas milion\u00e1rias, embargo e at\u00e9 bloqueio de cr\u00e9dito: entenda os riscos de desmatar sem autoriza\u00e7\u00e3o<\/a><\/p>\n\n\n\n<p><a href=\"https:\/\/fpisaofrancisco.inf.br\/index.php\/2025\/08\/26\/fpi-monitoramento-agua-alagoas\/\">FPI refor\u00e7a import\u00e2ncia do monitoramento da \u00e1gua para consumo humano em Alagoas<\/a><\/p>\n\n\n\n<p><a href=\"https:\/\/fpisaofrancisco.inf.br\/index.php\/2025\/08\/25\/clipagem-da-fpi-al-do-dia-25-08-2025\/\">Clipagem da FPI\/AL do dia 25\/08\/2025<\/a><\/p>\n\n\n\n<p><a href=\"https:\/\/fpisaofrancisco.inf.br\/index.php\/2025\/08\/25\/fpi-resgata-animais-silvestres-feira-palmeira-dos-indios\/\">FPI do Rio S\u00e3o Francisco resgata 26 animais silvestres v\u00edtimas de maus-tratos em feira livre<\/a><\/p>\n\n\n\n<p><a href=\"https:\/\/fpisaofrancisco.inf.br\/index.php\/2025\/08\/25\/fpi-quilombolas-gameleiro-plantio-antigo-lixao\/\">FPI AL denuncia: falta de terra leva quilombolas a plantar em lix\u00e3o<\/a><\/p>\n\n\n\n<p><a href=\"https:\/\/fpisaofrancisco.inf.br\/index.php\/2025\/08\/25\/fpial-flagra-lixao-esgoto-sao-francisco\/\">Fiscaliza\u00e7\u00e3o flagra lix\u00e3o sem recupera\u00e7\u00e3o ambiental e esgoto lan\u00e7ado no S\u00e3o Francisco<\/a><\/p>\n\n\n\n<p><a href=\"https:\/\/fpisaofrancisco.inf.br\/index.php\/2025\/08\/24\/clipagem-da-fpi-al-do-dia-24-08-2025\/\">Clipagem da FPI\/AL do dia 24\/08\/2025<\/a><\/p>\n\n\n\n<p><a href=\"https:\/\/fpisaofrancisco.inf.br\/index.php\/2025\/08\/24\/fpi-alagoas-primeira-semana-15a-etapa\/\">Na primeira semana de atua\u00e7\u00e3o, FPI Alagoas alcan\u00e7a mais da metade dos pontos de interesse previstos para 15\u00aa etapa<\/a><\/p>\n\n\n\n<p><a href=\"https:\/\/fpisaofrancisco.inf.br\/index.php\/2025\/08\/24\/fpial-visita-quilombo-pau-ferro\/\">FPI do S\u00e3o Francisco visita Pau Ferro, a mais nova comunidade quilombola certificada em Alagoas<\/a><\/p>\n\n\n\n<p><a href=\"https:\/\/fpisaofrancisco.inf.br\/index.php\/2025\/08\/23\/clipagem-da-fpi-al-do-dia-23-08-2025\/\">Clipagem da FPI\/AL do dia 23\/08\/2025<\/a><\/p>\n\n\n\n<p><a href=\"https:\/\/fpisaofrancisco.inf.br\/index.php\/2025\/08\/23\/fpial-fiscaliza-carros-pipa-pao-de-acucar\/\">Prote\u00e7\u00e3o da \u00e1gua e sa\u00fade p\u00fablica: FPI fiscaliza abastecimento por carros-pipa em P\u00e3o de A\u00e7\u00facar<\/a><\/p>\n\n\n\n<p><a href=\"https:\/\/fpisaofrancisco.inf.br\/index.php\/2025\/08\/23\/fpial-fecha-laticinio-clandestino-girau-ponciano\/\">Betoneira enferrujada era usada em latic\u00ednio insalubre na zona rural de Girau do Ponciano<\/a><\/p>\n\n\n\n<p><a href=\"https:\/\/fpisaofrancisco.inf.br\/index.php\/2025\/08\/22\/clipagem-da-fpi-al-do-dia-22-08-25\/\">Clipagem da FPI\/AL do dia 22\/08\/2025<\/a><\/p>\n\n\n\n<p><a href=\"https:\/\/fpisaofrancisco.inf.br\/index.php\/2025\/08\/22\/feducacao-ambiental-guardioes-caatinga-tapera\/\">FPI promove educa\u00e7\u00e3o ambiental que torna alunos guardi\u00f5es da natureza em S\u00e3o Jos\u00e9 da Tapera<\/a><\/p>\n\n\n\n<p><a href=\"https:\/\/fpisaofrancisco.inf.br\/index.php\/2025\/08\/22\/fpial-sitio-fossil-aguazinha-quilombo\/\">FPI do S\u00e3o Francisco visita poss\u00edvel s\u00edtio paleontol\u00f3gico em comunidade quilombola de Aguazinha, em Carneiros<\/a><\/p>\n\n\n\n<p><a href=\"https:\/\/fpisaofrancisco.inf.br\/index.php\/2025\/08\/22\/invasao-compromete-sistema-de-dessalinizacao\/\">Invas\u00e3o compromete sistema de dessaliniza\u00e7\u00e3o em Olho d\u2019\u00c1gua das Flores, enquanto comunidade quilombola em Carneiros vira modelo de gest\u00e3o<\/a><\/p>\n\n\n\n<p><a href=\"https:\/\/fpisaofrancisco.inf.br\/index.php\/2025\/08\/21\/clipagem-da-fpi-al-do-dia-21-08-2025\/\">Clipagem da FPI\/AL do dia 21\/08\/2025<\/a><\/p>\n\n\n\n<p><a href=\"https:\/\/fpisaofrancisco.inf.br\/index.php\/2025\/08\/21\/fpial-flagra-irregularidades-em-criatorio-de-aves\/\">FPI do S\u00e3o Francisco flagra irregularidades em criat\u00f3rio de aves em Arapiraca<\/a><\/p>\n\n\n\n<p><a href=\"https:\/\/fpisaofrancisco.inf.br\/index.php\/2025\/08\/21\/fpi-flagra-lixao-em-sao-jose-da-tapera-e-aplica-multa-de-r-80-mil\/\">FPI flagra lix\u00e3o em S\u00e3o Jos\u00e9 da Tapera e aplica multa de R$ 80 mil<\/a><\/p>\n\n\n\n<p><a href=\"file:\/\/\/S:\/\/fpisaofrancisco.inf.br\/index.php\/2025\/08\/21\/municipios-alagoanos-recebem-orientacoes-para-fortalecer-politica-ambiental\">Munic\u00edpios alagoanos recebem orienta\u00e7\u00f5es da FPI para fortalecer pol\u00edtica ambiental local<\/a><\/p>\n\n\n\n<p><a href=\"https:\/\/fpisaofrancisco.inf.br\/index.php\/2025\/08\/21\/fpi-flagra-laticinio-e-pocilga-clandestinos\/\">FPI flagra latic\u00ednio e pocilga clandestinos em Major Izidoro e recolhe quase uma tonelada de alimento impr\u00f3prio para consumo<\/a><\/p>\n\n\n\n<p><a href=\"https:\/\/fpisaofrancisco.inf.br\/index.php\/2025\/08\/21\/clipagem-da-fpi-al-do-dia-20-08-2025\/\">Clipagem da FPI\/AL do dia 20\/08\/2025<\/a><\/p>\n\n\n\n<p><a href=\"https:\/\/fpisaofrancisco.inf.br\/index.php\/2025\/08\/20\/guardioes-do-velho-chico-protege-vida-e-sustento-no-sao-francisco\/\">Guardi\u00f5es do Velho Chico: combate \u00e0 pesca predat\u00f3ria protege vida e sustento no S\u00e3o Francisco<\/a><\/p>\n\n\n\n<p><a href=\"https:\/\/fpisaofrancisco.inf.br\/index.php\/2025\/08\/20\/fpi-em-comunidades-tradicionais-relatos-reforcam-urgencia-em-saude-e-educacao-em-pao-de-acucar\/\">FPI em comunidades tradicionais: relatos refor\u00e7am urg\u00eancia em sa\u00fade e educa\u00e7\u00e3o em P\u00e3o de A\u00e7\u00facar<\/a><\/p>\n\n\n\n<p><a href=\"https:\/\/fpisaofrancisco.inf.br\/index.php\/2025\/08\/20\/fpial-leva-educacao-ambiental-a-escolas-e-comunidades-tradicionais-em-palestina\/\">FPI em Alagoas leva educa\u00e7\u00e3o ambiental a escolas e comunidades tradicionais em Palestina<\/a><\/p>\n\n\n\n<p><a href=\"https:\/\/fpisaofrancisco.inf.br\/index.php\/2025\/08\/20\/fpial-constata-maior-desmatamento-registrado\/\">FPI do S\u00e3o Francisco constata maior desmatamento j\u00e1 registrado durante as 15 etapas da fiscaliza\u00e7\u00e3o em Alagoas<\/a><\/p>\n\n\n\n<p><a href=\"https:\/\/fpisaofrancisco.inf.br\/index.php\/2025\/08\/19\/fpi-atua-para-combater-trabalho-analogo-a-escravidao-em-pedreiras\/\">FPI atua para combater trabalho an\u00e1logo \u00e0 escravid\u00e3o em pedreiras<\/a><\/p>\n\n\n\n<p><a href=\"https:\/\/fpisaofrancisco.inf.br\/index.php\/2025\/08\/19\/fpial-discute-dignidade-e-politicas-publicas-com-comunidade-quilombola-cacimba-do-barro\/\">FPI do Rio S\u00e3o Francisco discute dignidade e pol\u00edticas p\u00fablicas com comunidade quilombola Cacimba do Barro, no alto sert\u00e3o<\/a><\/p>\n\n\n\n<p><a href=\"https:\/\/fpisaofrancisco.inf.br\/index.php\/2025\/08\/18\/fpi-interdita-clinica-veterinaria-em-sao-jose-da-tapera\/\">FPI do Rio S\u00e3o Francisco interdita cl\u00ednica veterin\u00e1ria em S\u00e3o Jos\u00e9 da Tapera por cirurgias irregulares de animais<\/a><\/p>\n\n\n\n<p><a href=\"http:\/\/xn--defesa%20da%20sade%20pblica-c2cg:%20FPI%20impede%20venda%20de%20368%20litros%20de%20leite%20impr%C3%B3prio%20para%20consumo%20humano%20em%20P%C3%A3o%20de%20A%C3%A7%C3%BAcar\/\">Defesa da sa\u00fade p\u00fablica: FPI impede venda de 368 litros de leite impr\u00f3prio para consumo humano em P\u00e3o de A\u00e7\u00facar<\/a><\/p>\n\n\n\n<p><a href=\"https:\/\/fpisaofrancisco.inf.br\/index.php\/2025\/08\/18\/fpi-inicia-a-15a-etapa-em-alagoas-com-fiscalizacao-e-educacao-ambiental-para-populacao-sertaneja\/\">FPI do Rio S\u00e3o Francisco d\u00e1 in\u00edcio \u00e0 15\u00aa etapa em Alagoas com fiscaliza\u00e7\u00e3o e educa\u00e7\u00e3o ambiental para popula\u00e7\u00e3o sertaneja<\/a><\/p>\n","protected":false},"excerpt":{"rendered":"<p>FPI visita comunidade quilombola Caitit\u00fa (Jacar\u00e9 dos Homens\/AL) e debate \u00e1gua, cria\u00e7\u00e3o tradicional de porcos e empreendedorismo feminino. A a\u00e7\u00e3o refor\u00e7a direitos, cultura e acesso a pol\u00edticas p\u00fablicas como PAA, PNAE e CAF.<\/p>\n","protected":false},"author":7,"featured_media":8757,"comment_status":"open","ping_status":"open","sticky":false,"template":"","format":"standard","meta":{"_jetpack_memberships_contains_paid_content":false,"footnotes":""},"categories":[286,1,215,72],"tags":[287,213,327,82,322],"class_list":["post-8756","post","type-post","status-publish","format-standard","has-post-thumbnail","hentry","category-15-etapa-fpi-al","category-blog","category-noticias","category-noticias-alagoas","tag-15fpial","tag-bhsf","tag-comunidadetradicional","tag-fpial","tag-quilombo","category-286","category-1","category-215","category-72","description-off"],"aioseo_notices":[],"jetpack_featured_media_url":"https:\/\/fpisaofrancisco.inf.br\/wp-content\/uploads\/2025\/08\/f1_250825pct-scaled.jpeg","jetpack_sharing_enabled":true,"_links":{"self":[{"href":"https:\/\/fpisaofrancisco.inf.br\/index.php\/wp-json\/wp\/v2\/posts\/8756","targetHints":{"allow":["GET"]}}],"collection":[{"href":"https:\/\/fpisaofrancisco.inf.br\/index.php\/wp-json\/wp\/v2\/posts"}],"about":[{"href":"https:\/\/fpisaofrancisco.inf.br\/index.php\/wp-json\/wp\/v2\/types\/post"}],"author":[{"embeddable":true,"href":"https:\/\/fpisaofrancisco.inf.br\/index.php\/wp-json\/wp\/v2\/users\/7"}],"replies":[{"embeddable":true,"href":"https:\/\/fpisaofrancisco.inf.br\/index.php\/wp-json\/wp\/v2\/comments?post=8756"}],"version-history":[{"count":1,"href":"https:\/\/fpisaofrancisco.inf.br\/index.php\/wp-json\/wp\/v2\/posts\/8756\/revisions"}],"predecessor-version":[{"id":8765,"href":"https:\/\/fpisaofrancisco.inf.br\/index.php\/wp-json\/wp\/v2\/posts\/8756\/revisions\/8765"}],"wp:featuredmedia":[{"embeddable":true,"href":"https:\/\/fpisaofrancisco.inf.br\/index.php\/wp-json\/wp\/v2\/media\/8757"}],"wp:attachment":[{"href":"https:\/\/fpisaofrancisco.inf.br\/index.php\/wp-json\/wp\/v2\/media?parent=8756"}],"wp:term":[{"taxonomy":"category","embeddable":true,"href":"https:\/\/fpisaofrancisco.inf.br\/index.php\/wp-json\/wp\/v2\/categories?post=8756"},{"taxonomy":"post_tag","embeddable":true,"href":"https:\/\/fpisaofrancisco.inf.br\/index.php\/wp-json\/wp\/v2\/tags?post=8756"}],"curies":[{"name":"wp","href":"https:\/\/api.w.org\/{rel}","templated":true}]}}