{"id":8719,"date":"2025-08-25T23:44:39","date_gmt":"2025-08-25T23:44:39","guid":{"rendered":"https:\/\/fpisaofrancisco.inf.br\/?p=8719"},"modified":"2025-08-26T11:45:12","modified_gmt":"2025-08-26T11:45:12","slug":"clipagem-da-fpi-al-do-dia-25-08-2025","status":"publish","type":"post","link":"https:\/\/fpisaofrancisco.inf.br\/index.php\/2025\/08\/25\/clipagem-da-fpi-al-do-dia-25-08-2025\/","title":{"rendered":"Clipagem da FPI\/AL do dia 25\/08\/2025"},"content":{"rendered":"\n<p class=\"has-accent-background-color has-background\"><strong>FISCALIZA\u00c7\u00c3O FLAGRA LIX\u00c3O SEM RECUPERA\u00c7\u00c3O AMBIENTAL E ESGOTO LAN\u00c7ADO NO S\u00c3O FRANCISCO<\/strong><\/p>\n\n\n\n<p>TNH1 &#8211; <a href=\"https:\/\/www.tnh1.com.br\/noticia\/nid\/fiscalizacao-flagra-lixao-sem-recuperacao-ambiental-e-esgoto-lancado-no-sao-francisco\/\">https:\/\/www.tnh1.com.br\/noticia\/nid\/fiscalizacao-flagra-lixao-sem-recuperacao-ambiental-e-esgoto-lancado-no-sao-francisco\/<\/a><\/p>\n\n\n\n<p>GAZETAWEB &#8211;<a href=\" https:\/\/www.gazetaweb.com\/noticias\/interior\/fiscalizacao-flagra-lixao-irregular-e-esgoto-sendo-despejado-no-sao-francisco-832906\"> https:\/\/www.gazetaweb.com\/noticias\/interior\/fiscalizacao-flagra-lixao-irregular-e-esgoto-sendo-despejado-no-sao-francisco-832906<\/a><\/p>\n\n\n\n<p>CADA MINUTO &#8211; <a href=\"https:\/\/www.cadaminuto.com.br\/noticia\/2025\/08\/25\/fiscalizacao-flagra-lixao-irregular-e-despejo-de-esgoto-no-rio-sao-francisco-em-pao-de-acucar\">https:\/\/www.cadaminuto.com.br\/noticia\/2025\/08\/25\/fiscalizacao-flagra-lixao-irregular-e-despejo-de-esgoto-no-rio-sao-francisco-em-pao-de-acucar<\/a><\/p>\n\n\n\n<p>TRIBUNA HOJE &#8211; <a href=\"https:\/\/tribunahoje.com\/noticias\/interior\/2025\/08\/25\/164665-lixao-sem-recuperacao-ambiental-e-esgoto-lancado-sao-flagrados-pela-fpi-do-sao-francisco\">https:\/\/tribunahoje.com\/noticias\/interior\/2025\/08\/25\/164665-lixao-sem-recuperacao-ambiental-e-esgoto-lancado-sao-flagrados-pela-fpi-do-sao-francisco<\/a><\/p>\n\n\n\n<p>MELHOR NOT\u00cdCIA &#8211; <a href=\"https:\/\/melhornoticia.com.br\/noticia\/politicas-publicas\/mn134402147\/fiscalizacao-flagra-lixao-sem-recuperacao-ambiental-e-esgoto-lancado-no-sao-francisco\">https:\/\/melhornoticia.com.br\/noticia\/politicas-publicas\/mn134402147\/fiscalizacao-flagra-lixao-sem-recuperacao-ambiental-e-esgoto-lancado-no-sao-francisco<\/a><\/p>\n\n\n\n<p>AG\u00caNCIA SERT\u00c3O &#8211; <a href=\"https:\/\/agenciasertao.com\/2025\/08\/25\/fpi-flagra-lixao-irregular-e-esgoto-sendo-despejado-no-rio-sao-francisco\/\">https:\/\/agenciasertao.com\/2025\/08\/25\/fpi-flagra-lixao-irregular-e-esgoto-sendo-despejado-no-rio-sao-francisco\/<\/a><\/p>\n\n\n\n<p>JORNAL EXTRA &#8211;<a href=\" https:\/\/ojornalextra.com.br\/noticias\/alagoas\/2025\/08\/117597-pao-de-acucar-e-multada-por-lixao-e-esgoto-no-sao-francisco\"> https:\/\/ojornalextra.com.br\/noticias\/alagoas\/2025\/08\/117597-pao-de-acucar-e-multada-por-lixao-e-esgoto-no-sao-francisco<\/a><\/p>\n\n\n\n<p>JORNAL DE ALAGOAS &#8211; <a href=\"https:\/\/www.jornaldealagoas.com.br\/municipios\/2025\/08\/25\/8101-fpi-flagra-esgoto-no-rio-sao-francisco-e-descaso-com-lixao-em-pao-de-acucar\">https:\/\/www.jornaldealagoas.com.br\/municipios\/2025\/08\/25\/8101-fpi-flagra-esgoto-no-rio-sao-francisco-e-descaso-com-lixao-em-pao-de-acucar<\/a><\/p>\n\n\n\n<p>ALAGOAS 24 HORAS &#8211; <a href=\"https:\/\/www.alagoas24horas.com.br\/tags\/esgoto-lancado-no-sao-francisco\/\">https:\/\/www.alagoas24horas.com.br\/tags\/esgoto-lancado-no-sao-francisco\/<\/a><\/p>\n\n\n\n<p>ALAGOAS ALERTA &#8211; <a href=\"https:\/\/alagoasalerta.com.br\/noticias\/interior\/fiscalizacao-flagra-lixao-sem-recuperacao-ambiental-e-esgoto-lancado-no-sao-francisco-em-pao-de-acucar\">https:\/\/alagoasalerta.com.br\/noticias\/interior\/fiscalizacao-flagra-lixao-sem-recuperacao-ambiental-e-esgoto-lancado-no-sao-francisco-em-pao-de-acucar<\/a><\/p>\n\n\n\n<p>ALAGOAS NA NET &#8211; <a href=\"https:\/\/www.alagoasnanet.com.br\/noticia\/9819\/santana-do-ipanema\/noticias\/fiscalizacao-flagra-lixao-sem-recuperacao-ambiental-e-esgoto-lancado-no-sao-francisco.html\">https:\/\/www.alagoasnanet.com.br\/noticia\/9819\/santana-do-ipanema\/noticias\/fiscalizacao-flagra-lixao-sem-recuperacao-ambiental-e-esgoto-lancado-no-sao-francisco.html<\/a><\/p>\n\n\n\n<p>AL 102 &#8211; <a href=\"https:\/\/www.al102.com.br\/noticias\/27362\/pao-de-acucar-e-multada-por-lixao-e-esgoto-lancado-no-rio-sao-francisco\">https:\/\/www.al102.com.br\/noticias\/27362\/pao-de-acucar-e-multada-por-lixao-e-esgoto-lancado-no-rio-sao-francisco<\/a><\/p>\n\n\n\n<p class=\"has-accent-background-color has-background\"><strong>TR\u00c1FEGO AQUAVI\u00c1RIO: FPI DE ALAGOAS INSPECIONA EMBARCA\u00c7\u00d5ES E COMPETI\u00c7\u00c3O DE CANOAS NO BAIXO S\u00c3O FRANCISCO<\/strong><\/p>\n\n\n\n<p>O DIA &#8211; https:\/\/www.odiamais.com.br\/o-dia-digital\/2025\/edicao-Edi%C3%A7%C3%A3o%201064#dflip-df_manual\/1\/<\/p>\n\n\n\n<p>TNH1 &#8211; <a href=\"https:\/\/www.tnh1.com.br\/noticia\/nid\/fiscalizacao-inspeciona-embarcacoes-e-competicao-de-canoas-no-baixo-sao-francisco\/\">https:\/\/www.tnh1.com.br\/noticia\/nid\/fiscalizacao-inspeciona-embarcacoes-e-competicao-de-canoas-no-baixo-sao-francisco\/<\/a><\/p>\n\n\n\n<p>TRIBUNA HOJE &#8211;<a href=\" https:\/\/tribunahoje.com\/noticias\/interior\/2025\/08\/25\/164689-trafego-aquaviario-fpi-de-alagoas-inspeciona-embarcacoes-e-competicao-de-canoas-no-baixo-sao-francisco\"> https:\/\/tribunahoje.com\/noticias\/interior\/2025\/08\/25\/164689-trafego-aquaviario-fpi-de-alagoas-inspeciona-embarcacoes-e-competicao-de-canoas-no-baixo-sao-francisco<\/a><\/p>\n\n\n\n<p>TUDO NO MINUTO &#8211; <a href=\"https:\/\/tudonominuto.com.br\/portal\/2025\/08\/25\/fiscalizacao-inspeciona-embarcacoes-e-competicao-de-canoas-no-baixo-sao-francisco\/\">https:\/\/tudonominuto.com.br\/portal\/2025\/08\/25\/fiscalizacao-inspeciona-embarcacoes-e-competicao-de-canoas-no-baixo-sao-francisco\/<\/a><\/p>\n\n\n\n<p class=\"has-accent-background-color has-background\"><strong>FPI AL DENUNCIA: FALTA DE TERRA LEVA QUILOMBOLAS A PLANTAR EM LIX\u00c3O<\/strong><\/p>\n\n\n\n<p>TRIBUNA HOJE &#8211; <a href=\"https:\/\/tribunahoje.com\/noticias\/interior\/2025\/08\/25\/164746-olho-dagua-das-flores-fpi-denuncia-que-falta-de-terra-levou-quilombolas-a-plantar-em-lixao\">https:\/\/tribunahoje.com\/noticias\/interior\/2025\/08\/25\/164746-olho-dagua-das-flores-fpi-denuncia-que-falta-de-terra-levou-quilombolas-a-plantar-em-lixao<\/a><\/p>\n\n\n\n<p>TRIBUNA DO SERT\u00c3O &#8211; <a href=\"https:\/\/redacao.tribunadosertao.com.br\/noticias\/2025\/08\/25\/713179-fpi-al-denuncia-falta-de-terra-leva-quilombolas-a-plantar-em-lixao\">https:\/\/redacao.tribunadosertao.com.br\/noticias\/2025\/08\/25\/713179-fpi-al-denuncia-falta-de-terra-leva-quilombolas-a-plantar-em-lixao<\/a><\/p>\n\n\n\n<p>TRIBUNA DO AGRESTE &#8211;<a href=\" https:\/\/www.tribunadoagreste.com.br\/alagoas\/2025\/08\/25\/132736-fpi-al-denuncia-falta-de-terra-leva-quilombolas-a-plantar-em-lixao\"> https:\/\/www.tribunadoagreste.com.br\/alagoas\/2025\/08\/25\/132736-fpi-al-denuncia-falta-de-terra-leva-quilombolas-a-plantar-em-lixao<\/a><\/p>\n\n\n\n<p>SETE SEGUNDOS &#8211; <a href=\"https:\/\/www.7segundos.com.br\/arapiraca\/noticias\/2025\/08\/25\/282688-fpi-denuncia-falta-de-terra-leva-quilombolas-a-plantar-em-lixao-no-sertao\">https:\/\/www.7segundos.com.br\/arapiraca\/noticias\/2025\/08\/25\/282688-fpi-denuncia-falta-de-terra-leva-quilombolas-a-plantar-em-lixao-no-sertao<\/a><\/p>\n\n\n\n<p>R\u00c1DIO CACIQUE 104,9 MHZ &#8211; <a href=\"https:\/\/www.radiocaciquefm.com.br\/noticias\/fpi-al-denuncia-falta-de-terra-leva-quilombolas-a-plantar-em-lixao\/\">https:\/\/www.radiocaciquefm.com.br\/noticias\/fpi-al-denuncia-falta-de-terra-leva-quilombolas-a-plantar-em-lixao\/<\/a><\/p>\n\n\n\n<p>JORNAL EXTRA &#8211; <a href=\"https:\/\/ojornalextra.com.br\/noticias\/alagoas\/2025\/08\/117612-fiscalizacao-denuncia-falta-de-terra-leva-quilombolas-a-plantar-em-lixao\">https:\/\/ojornalextra.com.br\/noticias\/alagoas\/2025\/08\/117612-fiscalizacao-denuncia-falta-de-terra-leva-quilombolas-a-plantar-em-lixao<\/a><\/p>\n\n\n\n<p class=\"has-accent-background-color has-background\"><strong>FPI DO RIO S\u00c3O FRANCISCO RESGATA 26 ANIMAIS SILVESTRES V\u00cdTIMAS DE MAUS-TRATOS EM FEIRA LIVRE<\/strong><\/p>\n\n\n\n<p>TNH1 &#8211; https:\/\/www.tnh1.com.br\/noticia\/nid\/vinte-e-seis-animais-silvestres-sao-resgatados-de-maus-tratos-em-feira-de-palmeira-dos-indios\/<\/p>\n\n\n\n<p>JORNAL EXTRA &#8211; <a href=\"https:\/\/ojornalextra.com.br\/noticias\/alagoas\/2025\/08\/117624-fpi-do-rio-sao-francisco-resgata-26-animais-silvestres\">https:\/\/ojornalextra.com.br\/noticias\/alagoas\/2025\/08\/117624-fpi-do-rio-sao-francisco-resgata-26-animais-silvestres<\/a><\/p>\n\n\n\n<p>ALAGOAS 24 HORAS &#8211; <a href=\"https:\/\/www.alagoas24horas.com.br\/1688334\/fiscalizacao-resgata-26-animais-silvestres-vitimas-de-maus-tratos-em-feira-livre\/\">https:\/\/www.alagoas24horas.com.br\/1688334\/fiscalizacao-resgata-26-animais-silvestres-vitimas-de-maus-tratos-em-feira-livre\/<\/a><\/p>\n\n\n\n<p>TRIBUNA HOJE &#8211; <a href=\"https:\/\/tribunahoje.com\/noticias\/interior\/2025\/08\/25\/164724-fpi-do-rio-sao-francisco-resgata-26-animais-silvestres-vitimas-de-maus-tratos-em-feira-livre\">https:\/\/tribunahoje.com\/noticias\/interior\/2025\/08\/25\/164724-fpi-do-rio-sao-francisco-resgata-26-animais-silvestres-vitimas-de-maus-tratos-em-feira-livre<\/a><\/p>\n\n\n\n<p>TRIBUNA DO SERT\u00c3O &#8211;<a href=\" https:\/\/redacao.tribunadosertao.com.br\/noticias\/2025\/08\/25\/713252-fpi-do-rio-sao-francisco-resgata-26-animais-silvestres-vitimas-de-maus-tratos-em-feira-livre\"> https:\/\/redacao.tribunadosertao.com.br\/noticias\/2025\/08\/25\/713252-fpi-do-rio-sao-francisco-resgata-26-animais-silvestres-vitimas-de-maus-tratos-em-feira-livre<\/a><\/p>\n\n\n\n<p>TRIBUNA DO AGRESTE &#8211; <a href=\"https:\/\/www.tribunadoagreste.com.br\/geral\/2025\/08\/25\/132806-fpi-do-rio-sao-francisco-resgata-26-animais-silvestres-vitimas-de-maus-tratos-em-feira-livre#google_vignette\">https:\/\/www.tribunadoagreste.com.br\/geral\/2025\/08\/25\/132806-fpi-do-rio-sao-francisco-resgata-26-animais-silvestres-vitimas-de-maus-tratos-em-feira-livre#google_vignette<\/a><\/p>\n\n\n\n<p>MELHOR NOT\u00cdCIA &#8211;<a href=\" https:\/\/melhornoticia.com.br\/noticia\/interior\/mn134417201\/fiscalizacao-resgata-26-animais-silvestres-vitimas-de-maus-tratos-em-feira-livre\"> https:\/\/melhornoticia.com.br\/noticia\/interior\/mn134417201\/fiscalizacao-resgata-26-animais-silvestres-vitimas-de-maus-tratos-em-feira-livre<\/a><\/p>\n\n\n\n<p>ALAGOAS ALERTA &#8211; <a href=\"https:\/\/alagoasalerta.com.br\/noticias\/interior\/fpi-do-rio-sao-francisco-resgata-26-animais-silvestres-vitimas-de-maus-tratos-em-feira-livre\">https:\/\/alagoasalerta.com.br\/noticias\/interior\/fpi-do-rio-sao-francisco-resgata-26-animais-silvestres-vitimas-de-maus-tratos-em-feira-livre<\/a><\/p>\n\n\n\n<p>7 SEGUNDOS &#8211; <a href=\"https:\/\/www.7segundos.com.br\/palmeira\/noticias\/2025\/08\/25\/282698-video-fpi-resgata-26-animais-silvestres-vitimas-de-maus-tratos-em-feira-livre-na-zona-rural-de-palmeira\">https:\/\/www.7segundos.com.br\/palmeira\/noticias\/2025\/08\/25\/282698-video-fpi-resgata-26-animais-silvestres-vitimas-de-maus-tratos-em-feira-livre-na-zona-rural-de-palmeira<\/a><\/p>\n\n\n\n<p>J\u00c1 \u00c9 NOT\u00cdCIA &#8211; <a href=\"https:\/\/www.jaenoticia.com.br\/noticias\/2025\/08\/25\/138160-vinte-e-seis-animais-silvestres-sao-resgatados-de-maus-tratos-em-feira-de-palmeira-dos-indios\">https:\/\/www.jaenoticia.com.br\/noticias\/2025\/08\/25\/138160-vinte-e-seis-animais-silvestres-sao-resgatados-de-maus-tratos-em-feira-de-palmeira-dos-indios<\/a><\/p>\n\n\n\n<p><\/p>\n\n\n\n<h3 class=\"wp-block-heading\"><strong>Leia tamb\u00e9m outras not\u00edcias da 15a etapa da FPI AL<\/strong><\/h3>\n\n\n\n<p><a href=\"https:\/\/fpisaofrancisco.inf.br\/index.php\/2025\/08\/25\/fpi-resgata-animais-silvestres-feira-palmeira-dos-indios\/\">FPI do Rio S\u00e3o Francisco resgata 26 animais silvestres v\u00edtimas de maus-tratos em feira livre<\/a><\/p>\n\n\n\n<p><a href=\"https:\/\/fpisaofrancisco.inf.br\/index.php\/2025\/08\/25\/fpi-quilombolas-gameleiro-plantio-antigo-lixao\/\">FPI AL denuncia: falta de terra leva quilombolas a plantar em lix\u00e3o<\/a><\/p>\n\n\n\n<p><a href=\"https:\/\/fpisaofrancisco.inf.br\/index.php\/2025\/08\/25\/fpial-flagra-lixao-esgoto-sao-francisco\/\">Fiscaliza\u00e7\u00e3o flagra lix\u00e3o sem recupera\u00e7\u00e3o ambiental e esgoto lan\u00e7ado no S\u00e3o Francisco<\/a><\/p>\n\n\n\n<p><a href=\"https:\/\/fpisaofrancisco.inf.br\/index.php\/2025\/08\/24\/clipagem-da-fpi-al-do-dia-24-08-2025\/\">Clipagem da FPI\/AL do dia 24\/08\/2025<\/a><\/p>\n\n\n\n<p><a href=\"https:\/\/fpisaofrancisco.inf.br\/index.php\/2025\/08\/24\/fpi-alagoas-primeira-semana-15a-etapa\/\">Na primeira semana de atua\u00e7\u00e3o, FPI Alagoas alcan\u00e7a mais da metade dos pontos de interesse previstos para 15\u00aa etapa<\/a><\/p>\n\n\n\n<p><a href=\"https:\/\/fpisaofrancisco.inf.br\/index.php\/2025\/08\/24\/fpial-visita-quilombo-pau-ferro\/\">FPI do S\u00e3o Francisco visita Pau Ferro, a mais nova comunidade quilombola certificada em Alagoas<\/a><\/p>\n\n\n\n<p><a href=\"https:\/\/fpisaofrancisco.inf.br\/index.php\/2025\/08\/23\/clipagem-da-fpi-al-do-dia-23-08-2025\/\">Clipagem da FPI\/AL do dia 23\/08\/2025<\/a><\/p>\n\n\n\n<p><a href=\"https:\/\/fpisaofrancisco.inf.br\/index.php\/2025\/08\/23\/fpial-fiscaliza-carros-pipa-pao-de-acucar\/\">Prote\u00e7\u00e3o da \u00e1gua e sa\u00fade p\u00fablica: FPI fiscaliza abastecimento por carros-pipa em P\u00e3o de A\u00e7\u00facar<\/a><\/p>\n\n\n\n<p><a href=\"https:\/\/fpisaofrancisco.inf.br\/index.php\/2025\/08\/23\/fpial-fecha-laticinio-clandestino-girau-ponciano\/\">Betoneira enferrujada era usada em latic\u00ednio insalubre na zona rural de Girau do Ponciano<\/a><\/p>\n\n\n\n<p><a href=\"https:\/\/fpisaofrancisco.inf.br\/index.php\/2025\/08\/22\/clipagem-da-fpi-al-do-dia-22-08-25\/\">Clipagem da FPI\/AL do dia 22\/08\/2025<\/a><\/p>\n\n\n\n<p><a href=\"https:\/\/fpisaofrancisco.inf.br\/index.php\/2025\/08\/22\/feducacao-ambiental-guardioes-caatinga-tapera\/\">FPI promove educa\u00e7\u00e3o ambiental que torna alunos guardi\u00f5es da natureza em S\u00e3o Jos\u00e9 da Tapera<\/a><\/p>\n\n\n\n<p><a href=\"https:\/\/fpisaofrancisco.inf.br\/index.php\/2025\/08\/22\/fpial-sitio-fossil-aguazinha-quilombo\/\">FPI do S\u00e3o Francisco visita poss\u00edvel s\u00edtio paleontol\u00f3gico em comunidade quilombola de Aguazinha, em Carneiros<\/a><\/p>\n\n\n\n<p><a href=\"https:\/\/fpisaofrancisco.inf.br\/index.php\/2025\/08\/22\/invasao-compromete-sistema-de-dessalinizacao\/\">Invas\u00e3o compromete sistema de dessaliniza\u00e7\u00e3o em Olho d\u2019\u00c1gua das Flores, enquanto comunidade quilombola em Carneiros vira modelo de gest\u00e3o<\/a><\/p>\n\n\n\n<p><a href=\"https:\/\/fpisaofrancisco.inf.br\/index.php\/2025\/08\/21\/clipagem-da-fpi-al-do-dia-21-08-2025\/\">Clipagem da FPI\/AL do dia 21\/08\/2025<\/a><\/p>\n\n\n\n<p><a href=\"https:\/\/fpisaofrancisco.inf.br\/index.php\/2025\/08\/21\/fpial-flagra-irregularidades-em-criatorio-de-aves\/\">FPI do S\u00e3o Francisco flagra irregularidades em criat\u00f3rio de aves em Arapiraca<\/a><\/p>\n\n\n\n<p><a href=\"https:\/\/fpisaofrancisco.inf.br\/index.php\/2025\/08\/21\/fpi-flagra-lixao-em-sao-jose-da-tapera-e-aplica-multa-de-r-80-mil\/\">FPI flagra lix\u00e3o em S\u00e3o Jos\u00e9 da Tapera e aplica multa de R$ 80 mil<\/a><\/p>\n\n\n\n<p><a href=\"file:\/\/\/S:\/\/fpisaofrancisco.inf.br\/index.php\/2025\/08\/21\/municipios-alagoanos-recebem-orientacoes-para-fortalecer-politica-ambiental\">Munic\u00edpios alagoanos recebem orienta\u00e7\u00f5es da FPI para fortalecer pol\u00edtica ambiental local<\/a><\/p>\n\n\n\n<p><a href=\"https:\/\/fpisaofrancisco.inf.br\/index.php\/2025\/08\/21\/fpi-flagra-laticinio-e-pocilga-clandestinos\/\">FPI flagra latic\u00ednio e pocilga clandestinos em Major Izidoro e recolhe quase uma tonelada de alimento impr\u00f3prio para consumo<\/a><\/p>\n\n\n\n<p><a href=\"https:\/\/fpisaofrancisco.inf.br\/index.php\/2025\/08\/21\/clipagem-da-fpi-al-do-dia-20-08-2025\/\">Clipagem da FPI\/AL do dia 20\/08\/2025<\/a><\/p>\n\n\n\n<p><a href=\"https:\/\/fpisaofrancisco.inf.br\/index.php\/2025\/08\/20\/guardioes-do-velho-chico-protege-vida-e-sustento-no-sao-francisco\/\">Guardi\u00f5es do Velho Chico: combate \u00e0 pesca predat\u00f3ria protege vida e sustento no S\u00e3o Francisco<\/a><\/p>\n\n\n\n<p><a href=\"https:\/\/fpisaofrancisco.inf.br\/index.php\/2025\/08\/20\/fpi-em-comunidades-tradicionais-relatos-reforcam-urgencia-em-saude-e-educacao-em-pao-de-acucar\/\">FPI em comunidades tradicionais: relatos refor\u00e7am urg\u00eancia em sa\u00fade e educa\u00e7\u00e3o em P\u00e3o de A\u00e7\u00facar<\/a><\/p>\n\n\n\n<p><a href=\"https:\/\/fpisaofrancisco.inf.br\/index.php\/2025\/08\/20\/fpial-leva-educacao-ambiental-a-escolas-e-comunidades-tradicionais-em-palestina\/\">FPI em Alagoas leva educa\u00e7\u00e3o ambiental a escolas e comunidades tradicionais em Palestina<\/a><\/p>\n\n\n\n<p><a href=\"https:\/\/fpisaofrancisco.inf.br\/index.php\/2025\/08\/20\/fpial-constata-maior-desmatamento-registrado\/\">FPI do S\u00e3o Francisco constata maior desmatamento j\u00e1 registrado durante as 15 etapas da fiscaliza\u00e7\u00e3o em Alagoas<\/a><\/p>\n\n\n\n<p><a href=\"https:\/\/fpisaofrancisco.inf.br\/index.php\/2025\/08\/19\/fpi-atua-para-combater-trabalho-analogo-a-escravidao-em-pedreiras\/\">FPI atua para combater trabalho an\u00e1logo \u00e0 escravid\u00e3o em pedreiras<\/a><\/p>\n\n\n\n<p><a href=\"https:\/\/fpisaofrancisco.inf.br\/index.php\/2025\/08\/19\/fpial-discute-dignidade-e-politicas-publicas-com-comunidade-quilombola-cacimba-do-barro\/\">FPI do Rio S\u00e3o Francisco discute dignidade e pol\u00edticas p\u00fablicas com comunidade quilombola Cacimba do Barro, no alto sert\u00e3o<\/a><\/p>\n\n\n\n<p><a href=\"https:\/\/fpisaofrancisco.inf.br\/index.php\/2025\/08\/18\/fpi-interdita-clinica-veterinaria-em-sao-jose-da-tapera\/\">FPI do Rio S\u00e3o Francisco interdita cl\u00ednica veterin\u00e1ria em S\u00e3o Jos\u00e9 da Tapera por cirurgias irregulares de animais<\/a><\/p>\n\n\n\n<p><a href=\"http:\/\/xn--defesa%20da%20sade%20pblica-c2cg:%20FPI%20impede%20venda%20de%20368%20litros%20de%20leite%20impr%C3%B3prio%20para%20consumo%20humano%20em%20P%C3%A3o%20de%20A%C3%A7%C3%BAcar\/\">Defesa da sa\u00fade p\u00fablica: FPI impede venda de 368 litros de leite impr\u00f3prio para consumo humano em P\u00e3o de A\u00e7\u00facar<\/a><\/p>\n\n\n\n<p><a href=\"https:\/\/fpisaofrancisco.inf.br\/index.php\/2025\/08\/18\/fpi-inicia-a-15a-etapa-em-alagoas-com-fiscalizacao-e-educacao-ambiental-para-populacao-sertaneja\/\">FPI do Rio S\u00e3o Francisco d\u00e1 in\u00edcio \u00e0 15\u00aa etapa em Alagoas com fiscaliza\u00e7\u00e3o e educa\u00e7\u00e3o ambiental para popula\u00e7\u00e3o sertaneja<\/a><\/p>\n","protected":false},"excerpt":{"rendered":"<p>Clipagem da FPI\/AL do dia 25\/08\/2025<\/p>\n","protected":false},"author":7,"featured_media":7806,"comment_status":"open","ping_status":"open","sticky":false,"template":"","format":"standard","meta":{"_jetpack_memberships_contains_paid_content":false,"footnotes":""},"categories":[286,215,72],"tags":[287,213,82],"class_list":["post-8719","post","type-post","status-publish","format-standard","has-post-thumbnail","hentry","category-15-etapa-fpi-al","category-noticias","category-noticias-alagoas","tag-15fpial","tag-bhsf","tag-fpial","category-286","category-215","category-72","description-off"],"aioseo_notices":[],"jetpack_featured_media_url":"https:\/\/fpisaofrancisco.inf.br\/wp-content\/uploads\/2024\/11\/WhatsApp-Image-2024-11-22-at-13.53.36-1.jpeg","jetpack_sharing_enabled":true,"_links":{"self":[{"href":"https:\/\/fpisaofrancisco.inf.br\/index.php\/wp-json\/wp\/v2\/posts\/8719","targetHints":{"allow":["GET"]}}],"collection":[{"href":"https:\/\/fpisaofrancisco.inf.br\/index.php\/wp-json\/wp\/v2\/posts"}],"about":[{"href":"https:\/\/fpisaofrancisco.inf.br\/index.php\/wp-json\/wp\/v2\/types\/post"}],"author":[{"embeddable":true,"href":"https:\/\/fpisaofrancisco.inf.br\/index.php\/wp-json\/wp\/v2\/users\/7"}],"replies":[{"embeddable":true,"href":"https:\/\/fpisaofrancisco.inf.br\/index.php\/wp-json\/wp\/v2\/comments?post=8719"}],"version-history":[{"count":1,"href":"https:\/\/fpisaofrancisco.inf.br\/index.php\/wp-json\/wp\/v2\/posts\/8719\/revisions"}],"predecessor-version":[{"id":8720,"href":"https:\/\/fpisaofrancisco.inf.br\/index.php\/wp-json\/wp\/v2\/posts\/8719\/revisions\/8720"}],"wp:featuredmedia":[{"embeddable":true,"href":"https:\/\/fpisaofrancisco.inf.br\/index.php\/wp-json\/wp\/v2\/media\/7806"}],"wp:attachment":[{"href":"https:\/\/fpisaofrancisco.inf.br\/index.php\/wp-json\/wp\/v2\/media?parent=8719"}],"wp:term":[{"taxonomy":"category","embeddable":true,"href":"https:\/\/fpisaofrancisco.inf.br\/index.php\/wp-json\/wp\/v2\/categories?post=8719"},{"taxonomy":"post_tag","embeddable":true,"href":"https:\/\/fpisaofrancisco.inf.br\/index.php\/wp-json\/wp\/v2\/tags?post=8719"}],"curies":[{"name":"wp","href":"https:\/\/api.w.org\/{rel}","templated":true}]}}