{"id":8669,"date":"2025-08-25T13:02:00","date_gmt":"2025-08-25T13:02:00","guid":{"rendered":"https:\/\/fpisaofrancisco.inf.br\/?p=8669"},"modified":"2025-08-25T15:41:41","modified_gmt":"2025-08-25T15:41:41","slug":"fpi-quilombolas-gameleiro-plantio-antigo-lixao","status":"publish","type":"post","link":"https:\/\/fpisaofrancisco.inf.br\/index.php\/2025\/08\/25\/fpi-quilombolas-gameleiro-plantio-antigo-lixao\/","title":{"rendered":"FPI AL denuncia: falta de terra leva quilombolas a plantar em lix\u00e3o"},"content":{"rendered":"\n<p class=\"has-accent-background-color has-background\">16 fam\u00edlias cultivam milho e feij\u00e3o em solo possivelmente contaminado; titula\u00e7\u00e3o do territ\u00f3rio \u00e9 medida urgente<\/p>\n\n\n\n<p><\/p>\n\n\n\n<p>Uma comunidade agr\u00edcola, que mant\u00e9m as tradi\u00e7\u00f5es de cultivo da terra como mecanismo de uni\u00e3o e de fortalecimento da popula\u00e7\u00e3o. Encontrando resili\u00eancia e persist\u00eancia, a Fiscaliza\u00e7\u00e3o Preventiva Integrada (FPI) do S\u00e3o Francisco esteve na manh\u00e3 desta quinta-feira (21) na comunidade quilombola Gameleiro, em Olho d\u2019\u00c1gua das Flores (AL).<\/p>\n\n\n\n<p>A visita da equipe 10 \u2014 Comunidades Tradicionais e Patrim\u00f4nio Cultural teve como objetivo ouvir as demandas da comunidade, que re\u00fane cerca de 65 fam\u00edlias, e avaliar a situa\u00e7\u00e3o local. O ponto que mais chamou a aten\u00e7\u00e3o das equipes foi o uso da \u00e1rea de um antigo lix\u00e3o, desativado em 2008, por 16 fam\u00edlias para o plantio de milho, feij\u00e3o e macaxeira.<\/p>\n\n\n\n<figure class=\"wp-block-gallery has-nested-images columns-default is-cropped wp-block-gallery-1 is-layout-flex wp-block-gallery-is-layout-flex\">\n<figure class=\"wp-block-image size-large\"><img fetchpriority=\"high\" decoding=\"async\" width=\"1024\" height=\"768\" data-id=\"8681\" src=\"https:\/\/fpisaofrancisco.inf.br\/wp-content\/uploads\/2025\/08\/f8_220825_gameleira-1024x768.jpeg\" alt=\"\" class=\"wp-image-8681\" srcset=\"https:\/\/fpisaofrancisco.inf.br\/wp-content\/uploads\/2025\/08\/f8_220825_gameleira-1024x768.jpeg 1024w, https:\/\/fpisaofrancisco.inf.br\/wp-content\/uploads\/2025\/08\/f8_220825_gameleira-300x225.jpeg 300w, https:\/\/fpisaofrancisco.inf.br\/wp-content\/uploads\/2025\/08\/f8_220825_gameleira-768x576.jpeg 768w, https:\/\/fpisaofrancisco.inf.br\/wp-content\/uploads\/2025\/08\/f8_220825_gameleira-1536x1152.jpeg 1536w, https:\/\/fpisaofrancisco.inf.br\/wp-content\/uploads\/2025\/08\/f8_220825_gameleira.jpeg 1600w\" sizes=\"(max-width: 1024px) 100vw, 1024px\" \/><figcaption class=\"wp-element-caption\">Cr\u00e9dito: Bruna Cordeiro\/AGENDHA (@brunaosyris)<\/figcaption><\/figure>\n\n\n\n<figure class=\"wp-block-image size-large\"><img decoding=\"async\" width=\"1024\" height=\"768\" data-id=\"8672\" src=\"https:\/\/fpisaofrancisco.inf.br\/wp-content\/uploads\/2025\/08\/f3_220825_gameleira-1024x768.jpeg\" alt=\"\" class=\"wp-image-8672\" srcset=\"https:\/\/fpisaofrancisco.inf.br\/wp-content\/uploads\/2025\/08\/f3_220825_gameleira-1024x768.jpeg 1024w, https:\/\/fpisaofrancisco.inf.br\/wp-content\/uploads\/2025\/08\/f3_220825_gameleira-300x225.jpeg 300w, https:\/\/fpisaofrancisco.inf.br\/wp-content\/uploads\/2025\/08\/f3_220825_gameleira-768x576.jpeg 768w, https:\/\/fpisaofrancisco.inf.br\/wp-content\/uploads\/2025\/08\/f3_220825_gameleira-1536x1152.jpeg 1536w, https:\/\/fpisaofrancisco.inf.br\/wp-content\/uploads\/2025\/08\/f3_220825_gameleira.jpeg 1600w\" sizes=\"(max-width: 1024px) 100vw, 1024px\" \/><figcaption class=\"wp-element-caption\">Cr\u00e9dito: Bruna Cordeiro\/AGENDHA (@brunaosyris)<\/figcaption><\/figure>\n\n\n\n<figure class=\"wp-block-image size-large\"><img decoding=\"async\" width=\"1024\" height=\"768\" data-id=\"8671\" src=\"https:\/\/fpisaofrancisco.inf.br\/wp-content\/uploads\/2025\/08\/f2_220825_gameleira-1024x768.jpeg\" alt=\"\" class=\"wp-image-8671\" srcset=\"https:\/\/fpisaofrancisco.inf.br\/wp-content\/uploads\/2025\/08\/f2_220825_gameleira-1024x768.jpeg 1024w, https:\/\/fpisaofrancisco.inf.br\/wp-content\/uploads\/2025\/08\/f2_220825_gameleira-300x225.jpeg 300w, https:\/\/fpisaofrancisco.inf.br\/wp-content\/uploads\/2025\/08\/f2_220825_gameleira-768x576.jpeg 768w, https:\/\/fpisaofrancisco.inf.br\/wp-content\/uploads\/2025\/08\/f2_220825_gameleira-1536x1152.jpeg 1536w, https:\/\/fpisaofrancisco.inf.br\/wp-content\/uploads\/2025\/08\/f2_220825_gameleira.jpeg 1600w\" sizes=\"(max-width: 1024px) 100vw, 1024px\" \/><figcaption class=\"wp-element-caption\">Cr\u00e9dito: Bruna Cordeiro\/AGENDHA (@brunaosyris)<\/figcaption><\/figure>\n\n\n\n<figure class=\"wp-block-image size-large\"><img loading=\"lazy\" decoding=\"async\" width=\"1024\" height=\"768\" data-id=\"8670\" src=\"https:\/\/fpisaofrancisco.inf.br\/wp-content\/uploads\/2025\/08\/f1_220825_gameleira-1024x768.jpeg\" alt=\"\" class=\"wp-image-8670\" srcset=\"https:\/\/fpisaofrancisco.inf.br\/wp-content\/uploads\/2025\/08\/f1_220825_gameleira-1024x768.jpeg 1024w, https:\/\/fpisaofrancisco.inf.br\/wp-content\/uploads\/2025\/08\/f1_220825_gameleira-300x225.jpeg 300w, https:\/\/fpisaofrancisco.inf.br\/wp-content\/uploads\/2025\/08\/f1_220825_gameleira-768x576.jpeg 768w, https:\/\/fpisaofrancisco.inf.br\/wp-content\/uploads\/2025\/08\/f1_220825_gameleira-1536x1152.jpeg 1536w, https:\/\/fpisaofrancisco.inf.br\/wp-content\/uploads\/2025\/08\/f1_220825_gameleira.jpeg 1600w\" sizes=\"(max-width: 1024px) 100vw, 1024px\" \/><figcaption class=\"wp-element-caption\">Cr\u00e9dito: Bruna Cordeiro\/AGENDHA (@brunaosyris)<\/figcaption><\/figure>\n<\/figure>\n\n\n\n<p>Segundo os moradores, a pr\u00e1tica, mesmo arriscada, \u00e9 a alternativa encontrada diante da escassez de terras para a produ\u00e7\u00e3o agr\u00edcola. A situa\u00e7\u00e3o refor\u00e7a a urg\u00eancia do processo de titula\u00e7\u00e3o do territ\u00f3rio quilombola, aberto neste ano junto ao Instituto Nacional de Coloniza\u00e7\u00e3o e Reforma Agr\u00e1ria (Incra), e da devida recupera\u00e7\u00e3o ambiental da \u00e1rea degradada.<\/p>\n\n\n\n<p>O procurador da Rep\u00fablica \u00c9rico Gomes, que atua na \u00e1rea ambiental e \u00e9 um dos coordenadores gerais da FPI, alertou para os riscos de contamina\u00e7\u00e3o do solo e do len\u00e7ol fre\u00e1tico. \u201cA recupera\u00e7\u00e3o ambiental \u00e9 obrigat\u00f3ria e deveria ter sido iniciada pelo munic\u00edpio logo ap\u00f3s a desativa\u00e7\u00e3o do lix\u00e3o. Um TAC foi assinado e ainda n\u00e3o foi cumprido. \u00c9 um aspecto s\u00e9rio de sa\u00fade p\u00fablica que precisa de solu\u00e7\u00e3o imediata\u201d, afirmou.<\/p>\n\n\n\n<p>Representando o <a href=\"https:\/\/institutohori.org.br\/\" title=\"\">Instituto Hori,<\/a> <a href=\"http:\/\/www.instagram.com\/tatianascalco\" title=\"\">Tatiana Scalco<\/a>, refor\u00e7ou que o cultivo em \u00e1reas contaminadas pode causar doen\u00e7as semelhantes \u00e0s provocadas pelo uso de agrot\u00f3xicos, com efeitos cumulativos ao longo do tempo.<\/p>\n\n\n\n<p>J\u00e1 o procurador da Rep\u00fablica Eliabe Soares, respons\u00e1vel por acompanhar a implementa\u00e7\u00e3o de pol\u00edticas p\u00fablicas para comunidades tradicionais em Alagoas, destacou o papel do Minist\u00e9rio P\u00fablico Federal no di\u00e1logo com \u00f3rg\u00e3os p\u00fablicos para a efetiva\u00e7\u00e3o de direitos. \u201cO poder p\u00fablico n\u00e3o est\u00e1 aqui para amedrontar, mas para construir solu\u00e7\u00f5es junto \u00e0 comunidade. Nossa miss\u00e3o \u00e9 assegurar que os direitos constitucionais dos quilombolas sejam respeitados\u201d, disse.<\/p>\n\n\n\n<figure class=\"wp-block-gallery has-nested-images columns-default is-cropped wp-block-gallery-2 is-layout-flex wp-block-gallery-is-layout-flex\">\n<figure class=\"wp-block-image size-large\"><img loading=\"lazy\" decoding=\"async\" width=\"1024\" height=\"576\" data-id=\"8680\" src=\"https:\/\/fpisaofrancisco.inf.br\/wp-content\/uploads\/2025\/08\/f12_220825_gameleira-1024x576.jpeg\" alt=\"\" class=\"wp-image-8680\" srcset=\"https:\/\/fpisaofrancisco.inf.br\/wp-content\/uploads\/2025\/08\/f12_220825_gameleira-1024x576.jpeg 1024w, https:\/\/fpisaofrancisco.inf.br\/wp-content\/uploads\/2025\/08\/f12_220825_gameleira-300x169.jpeg 300w, https:\/\/fpisaofrancisco.inf.br\/wp-content\/uploads\/2025\/08\/f12_220825_gameleira-768x432.jpeg 768w, https:\/\/fpisaofrancisco.inf.br\/wp-content\/uploads\/2025\/08\/f12_220825_gameleira-1536x864.jpeg 1536w, https:\/\/fpisaofrancisco.inf.br\/wp-content\/uploads\/2025\/08\/f12_220825_gameleira.jpeg 1600w\" sizes=\"(max-width: 1024px) 100vw, 1024px\" \/><figcaption class=\"wp-element-caption\">Cr\u00e9dito: Bruna Cordeiro\/AGENDHA (@brunaosyris)<\/figcaption><\/figure>\n\n\n\n<figure class=\"wp-block-image size-large\"><img loading=\"lazy\" decoding=\"async\" width=\"1024\" height=\"768\" data-id=\"8678\" src=\"https:\/\/fpisaofrancisco.inf.br\/wp-content\/uploads\/2025\/08\/f10_220825_gameleira-1024x768.jpeg\" alt=\"\" class=\"wp-image-8678\" srcset=\"https:\/\/fpisaofrancisco.inf.br\/wp-content\/uploads\/2025\/08\/f10_220825_gameleira-1024x768.jpeg 1024w, https:\/\/fpisaofrancisco.inf.br\/wp-content\/uploads\/2025\/08\/f10_220825_gameleira-300x225.jpeg 300w, https:\/\/fpisaofrancisco.inf.br\/wp-content\/uploads\/2025\/08\/f10_220825_gameleira-768x576.jpeg 768w, https:\/\/fpisaofrancisco.inf.br\/wp-content\/uploads\/2025\/08\/f10_220825_gameleira-1536x1152.jpeg 1536w, https:\/\/fpisaofrancisco.inf.br\/wp-content\/uploads\/2025\/08\/f10_220825_gameleira.jpeg 1600w\" sizes=\"(max-width: 1024px) 100vw, 1024px\" \/><figcaption class=\"wp-element-caption\">Cr\u00e9dito: Bruna Cordeiro\/AGENDHA (@brunaosyris)<\/figcaption><\/figure>\n\n\n\n<figure class=\"wp-block-image size-large\"><img loading=\"lazy\" decoding=\"async\" width=\"1024\" height=\"768\" data-id=\"8677\" src=\"https:\/\/fpisaofrancisco.inf.br\/wp-content\/uploads\/2025\/08\/f9_220825_gameleira-1024x768.jpeg\" alt=\"\" class=\"wp-image-8677\" srcset=\"https:\/\/fpisaofrancisco.inf.br\/wp-content\/uploads\/2025\/08\/f9_220825_gameleira-1024x768.jpeg 1024w, https:\/\/fpisaofrancisco.inf.br\/wp-content\/uploads\/2025\/08\/f9_220825_gameleira-300x225.jpeg 300w, https:\/\/fpisaofrancisco.inf.br\/wp-content\/uploads\/2025\/08\/f9_220825_gameleira-768x576.jpeg 768w, https:\/\/fpisaofrancisco.inf.br\/wp-content\/uploads\/2025\/08\/f9_220825_gameleira-1536x1152.jpeg 1536w, https:\/\/fpisaofrancisco.inf.br\/wp-content\/uploads\/2025\/08\/f9_220825_gameleira.jpeg 1600w\" sizes=\"(max-width: 1024px) 100vw, 1024px\" \/><figcaption class=\"wp-element-caption\">Cr\u00e9dito: Bruna Cordeiro\/AGENDHA (@brunaosyris)<\/figcaption><\/figure>\n\n\n\n<figure class=\"wp-block-image size-large\"><img loading=\"lazy\" decoding=\"async\" width=\"1024\" height=\"682\" data-id=\"8675\" src=\"https:\/\/fpisaofrancisco.inf.br\/wp-content\/uploads\/2025\/08\/f6_220825_gameleira-1024x682.jpeg\" alt=\"\" class=\"wp-image-8675\" srcset=\"https:\/\/fpisaofrancisco.inf.br\/wp-content\/uploads\/2025\/08\/f6_220825_gameleira-1024x682.jpeg 1024w, https:\/\/fpisaofrancisco.inf.br\/wp-content\/uploads\/2025\/08\/f6_220825_gameleira-300x200.jpeg 300w, https:\/\/fpisaofrancisco.inf.br\/wp-content\/uploads\/2025\/08\/f6_220825_gameleira-768x512.jpeg 768w, https:\/\/fpisaofrancisco.inf.br\/wp-content\/uploads\/2025\/08\/f6_220825_gameleira-1536x1023.jpeg 1536w, https:\/\/fpisaofrancisco.inf.br\/wp-content\/uploads\/2025\/08\/f6_220825_gameleira.jpeg 1600w\" sizes=\"(max-width: 1024px) 100vw, 1024px\" \/><figcaption class=\"wp-element-caption\">Cr\u00e9dito: Bruna Cordeiro\/AGENDHA (@brunaosyris)<\/figcaption><\/figure>\n\n\n\n<figure class=\"wp-block-image size-large\"><img loading=\"lazy\" decoding=\"async\" width=\"1024\" height=\"682\" data-id=\"8674\" src=\"https:\/\/fpisaofrancisco.inf.br\/wp-content\/uploads\/2025\/08\/f5_220825_gameleira-1024x682.jpeg\" alt=\"\" class=\"wp-image-8674\" srcset=\"https:\/\/fpisaofrancisco.inf.br\/wp-content\/uploads\/2025\/08\/f5_220825_gameleira-1024x682.jpeg 1024w, https:\/\/fpisaofrancisco.inf.br\/wp-content\/uploads\/2025\/08\/f5_220825_gameleira-300x200.jpeg 300w, https:\/\/fpisaofrancisco.inf.br\/wp-content\/uploads\/2025\/08\/f5_220825_gameleira-768x512.jpeg 768w, https:\/\/fpisaofrancisco.inf.br\/wp-content\/uploads\/2025\/08\/f5_220825_gameleira-1536x1023.jpeg 1536w, https:\/\/fpisaofrancisco.inf.br\/wp-content\/uploads\/2025\/08\/f5_220825_gameleira.jpeg 1600w\" sizes=\"(max-width: 1024px) 100vw, 1024px\" \/><figcaption class=\"wp-element-caption\">Cr\u00e9dito: Bruna Cordeiro\/AGENDHA (@brunaosyris)<\/figcaption><\/figure>\n\n\n\n<figure class=\"wp-block-image size-large\"><img loading=\"lazy\" decoding=\"async\" width=\"1024\" height=\"682\" data-id=\"8673\" src=\"https:\/\/fpisaofrancisco.inf.br\/wp-content\/uploads\/2025\/08\/f4_220825_gameleira-1024x682.jpeg\" alt=\"\" class=\"wp-image-8673\" srcset=\"https:\/\/fpisaofrancisco.inf.br\/wp-content\/uploads\/2025\/08\/f4_220825_gameleira-1024x682.jpeg 1024w, https:\/\/fpisaofrancisco.inf.br\/wp-content\/uploads\/2025\/08\/f4_220825_gameleira-300x200.jpeg 300w, https:\/\/fpisaofrancisco.inf.br\/wp-content\/uploads\/2025\/08\/f4_220825_gameleira-768x512.jpeg 768w, https:\/\/fpisaofrancisco.inf.br\/wp-content\/uploads\/2025\/08\/f4_220825_gameleira-1536x1023.jpeg 1536w, https:\/\/fpisaofrancisco.inf.br\/wp-content\/uploads\/2025\/08\/f4_220825_gameleira.jpeg 1600w\" sizes=\"(max-width: 1024px) 100vw, 1024px\" \/><figcaption class=\"wp-element-caption\">Cr\u00e9dito: Bruna Cordeiro\/AGENDHA (@brunaosyris)<\/figcaption><\/figure>\n<\/figure>\n\n\n\n<p>Durante a visita, foram discutidas ainda quest\u00f5es relacionadas \u00e0 constru\u00e7\u00e3o de 85 casas rurais pelo programa Minha Casa Minha Vida, ao acesso \u00e0 sa\u00fade e \u00e0 educa\u00e7\u00e3o, al\u00e9m da necessidade de alternativas imediatas de produ\u00e7\u00e3o agr\u00edcola para as fam\u00edlias que hoje cultivam na \u00e1rea do antigo lix\u00e3o.<\/p>\n\n\n\n<p>Considerando a gravidade da situa\u00e7\u00e3o, que demanda amplos estudos e medidas urgentes, os procuradores da Rep\u00fablica Eliabe Soares e \u00c9rico Gomes atuar\u00e3o em conjunto para que os direitos quilombolas sejam protegidos, assim como o meio ambiente recuperado.<\/p>\n\n\n\n<p>Para o Incra, a regulariza\u00e7\u00e3o fundi\u00e1ria \u00e9 a medida que pode garantir seguran\u00e7a territorial e melhores condi\u00e7\u00f5es de subsist\u00eancia \u00e0 comunidade. \u00c2ngela Greg\u00f3rio, antrop\u00f3loga e chefe da Divis\u00e3o de Territ\u00f3rios Quilombolas do Incra em Alagoas, \u201co processo de reconhecimento e titula\u00e7\u00e3o, ap\u00f3s conclu\u00eddo, possibilitar\u00e1 tamb\u00e9m o acesso a cr\u00e9ditos e pol\u00edticas p\u00fablicas espec\u00edficas\u201d.<br>A lideran\u00e7a quilombola Rafaela Alves reafirmou a resist\u00eancia do Gameleiro e a necessidade de garantir o futuro dos jovens da comunidade. \u201cNossa luta \u00e9 para que os filhos e netos n\u00e3o precisem sair daqui em busca de sustento. A terra \u00e9 nossa exist\u00eancia, dela tiramos o que precisamos para viver\u201d, declarou.<\/p>\n\n\n\n<p>A atividade de iniciativa da equipe 10 \u2014 Comunidades Tradicionais e Patrim\u00f4nio Cultural contou com a participa\u00e7\u00e3o do <a href=\"https:\/\/www.mpf.mp.br\/al\/\" title=\"\">Minist\u00e9rio P\u00fablico Federal<\/a>, <a href=\"https:\/\/www.gov.br\/incra\/pt-br\" title=\"\">Instituto Nacional de Coloniza\u00e7\u00e3o e Reforma Agr\u00e1ria (Incra)<\/a>, Minist\u00e9rio de Desenvolvimento Agr\u00e1rio e Agricultura Familiar (MDA), <a href=\"https:\/\/semarh.al.gov.br\/\" title=\"\">Secretaria de Estado de Meio Ambiente e dos Recursos H\u00eddricos (Semarh)<\/a>, da <a href=\"http:\/\/www.instagram.com\/redemulheresnct\" title=\"\">Rede Mulheres de Comunidades Tradicionais<\/a>,<a href=\"https:\/\/institutohori.org.br\/\" title=\"\"> Instituto Hori<\/a> e da <a href=\"https:\/\/www.agendha.org\/\" title=\"\">ONG Agendha.<\/a><\/p>\n\n\n\n<p>Diferentemente de outras equipes da Fiscaliza\u00e7\u00e3o Preventiva Integrada (FPI) do Rio S\u00e3o Francisco em Alagoas, a equipe de Comunidades Tradicionais e Patrim\u00f4nio Cultural presta-se n\u00e3o \u00e0 fiscaliza\u00e7\u00e3o dessas comunidades, mas \u00e0 sua prote\u00e7\u00e3o e preserva\u00e7\u00e3o. A defesa dos modos tradicionais de vida do povo da bacia do Rio S\u00e3o Francisco, que tem uma rela\u00e7\u00e3o de depend\u00eancia com a terra, de onde tira seu sustento, \u00e9 importante para todo o ecossistema. O fortalecimento dessas comunidades passa diretamente pelo acesso a pol\u00edticas p\u00fablicas e programas de gera\u00e7\u00e3o de renda.<\/p>\n\n\n\n<p>A FPI do S\u00e3o Francisco \u00e9 uma iniciativa interinstitucional que re\u00fane \u00f3rg\u00e3os federais e estaduais, al\u00e9m de entidades da sociedade civil, com o objetivo de identificar problemas socioambientais e buscar solu\u00e7\u00f5es conjuntas em defesa do meio ambiente, da sa\u00fade p\u00fablica e da dignidade das popula\u00e7\u00f5es tradicionais da bacia do Rio S\u00e3o Francisco.<\/p>\n\n\n\n<h3 class=\"wp-block-heading\"><strong>Leia tamb\u00e9m outras not\u00edcias da 15a etapa da FPI AL<\/strong><\/h3>\n\n\n\n<p><\/p>\n\n\n\n<p><a href=\"https:\/\/fpisaofrancisco.inf.br\/index.php\/2025\/08\/25\/fpial-flagra-lixao-esgoto-sao-francisco\/\" title=\"\">Fiscaliza\u00e7\u00e3o flagra lix\u00e3o sem recupera\u00e7\u00e3o ambiental e esgoto lan\u00e7ado no S\u00e3o Francisco<\/a><\/p>\n\n\n\n<p><a href=\"https:\/\/fpisaofrancisco.inf.br\/index.php\/2025\/08\/24\/clipagem-da-fpi-al-do-dia-24-08-2025\/\">Clipagem da FPI\/AL do dia 24\/08\/2025<\/a><\/p>\n\n\n\n<p><a href=\"https:\/\/fpisaofrancisco.inf.br\/index.php\/2025\/08\/24\/fpi-alagoas-primeira-semana-15a-etapa\/\">Na primeira semana de atua\u00e7\u00e3o, FPI Alagoas alcan\u00e7a mais da metade dos pontos de interesse previstos para 15\u00aa etapa<\/a><\/p>\n\n\n\n<p><a href=\"https:\/\/fpisaofrancisco.inf.br\/index.php\/2025\/08\/24\/fpial-visita-quilombo-pau-ferro\/\">FPI do S\u00e3o Francisco visita Pau Ferro, a mais nova comunidade quilombola certificada em Alagoas<\/a><\/p>\n\n\n\n<p><a href=\"https:\/\/fpisaofrancisco.inf.br\/index.php\/2025\/08\/23\/clipagem-da-fpi-al-do-dia-23-08-2025\/\">Clipagem da FPI\/AL do dia 23\/08\/2025<\/a><\/p>\n\n\n\n<p><a href=\"https:\/\/fpisaofrancisco.inf.br\/index.php\/2025\/08\/23\/fpial-fiscaliza-carros-pipa-pao-de-acucar\/\">Prote\u00e7\u00e3o da \u00e1gua e sa\u00fade p\u00fablica: FPI fiscaliza abastecimento por carros-pipa em P\u00e3o de A\u00e7\u00facar<\/a><\/p>\n\n\n\n<p><a href=\"https:\/\/fpisaofrancisco.inf.br\/index.php\/2025\/08\/23\/fpial-fecha-laticinio-clandestino-girau-ponciano\/\">Betoneira enferrujada era usada em latic\u00ednio insalubre na zona rural de Girau do Ponciano<\/a><\/p>\n\n\n\n<p><a href=\"https:\/\/fpisaofrancisco.inf.br\/index.php\/2025\/08\/22\/clipagem-da-fpi-al-do-dia-22-08-25\/\">Clipagem da FPI\/AL do dia 22\/08\/2025<\/a><\/p>\n\n\n\n<p><a href=\"https:\/\/fpisaofrancisco.inf.br\/index.php\/2025\/08\/22\/feducacao-ambiental-guardioes-caatinga-tapera\/\">FPI promove educa\u00e7\u00e3o ambiental que torna alunos guardi\u00f5es da natureza em S\u00e3o Jos\u00e9 da Tapera<\/a><\/p>\n\n\n\n<p><a href=\"https:\/\/fpisaofrancisco.inf.br\/index.php\/2025\/08\/22\/fpial-sitio-fossil-aguazinha-quilombo\/\">FPI do S\u00e3o Francisco visita poss\u00edvel s\u00edtio paleontol\u00f3gico em comunidade quilombola de Aguazinha, em Carneiros<\/a><\/p>\n\n\n\n<p><a href=\"https:\/\/fpisaofrancisco.inf.br\/index.php\/2025\/08\/22\/invasao-compromete-sistema-de-dessalinizacao\/\">Invas\u00e3o compromete sistema de dessaliniza\u00e7\u00e3o em Olho d\u2019\u00c1gua das Flores, enquanto comunidade quilombola em Carneiros vira modelo de gest\u00e3o<\/a><\/p>\n\n\n\n<p><a href=\"https:\/\/fpisaofrancisco.inf.br\/index.php\/2025\/08\/21\/clipagem-da-fpi-al-do-dia-21-08-2025\/\">Clipagem da FPI\/AL do dia 21\/08\/2025<\/a><\/p>\n\n\n\n<p><a href=\"https:\/\/fpisaofrancisco.inf.br\/index.php\/2025\/08\/21\/fpial-flagra-irregularidades-em-criatorio-de-aves\/\">FPI do S\u00e3o Francisco flagra irregularidades em criat\u00f3rio de aves em Arapiraca<\/a><\/p>\n\n\n\n<p><a href=\"https:\/\/fpisaofrancisco.inf.br\/index.php\/2025\/08\/21\/fpi-flagra-lixao-em-sao-jose-da-tapera-e-aplica-multa-de-r-80-mil\/\">FPI flagra lix\u00e3o em S\u00e3o Jos\u00e9 da Tapera e aplica multa de R$ 80 mil<\/a><\/p>\n\n\n\n<p><a href=\"file:\/\/\/S:\/\/fpisaofrancisco.inf.br\/index.php\/2025\/08\/21\/municipios-alagoanos-recebem-orientacoes-para-fortalecer-politica-ambiental\">Munic\u00edpios alagoanos recebem orienta\u00e7\u00f5es da FPI para fortalecer pol\u00edtica ambiental local<\/a><\/p>\n\n\n\n<p><a href=\"https:\/\/fpisaofrancisco.inf.br\/index.php\/2025\/08\/21\/fpi-flagra-laticinio-e-pocilga-clandestinos\/\">FPI flagra latic\u00ednio e pocilga clandestinos em Major Izidoro e recolhe quase uma tonelada de alimento impr\u00f3prio para consumo<\/a><\/p>\n\n\n\n<p><a href=\"https:\/\/fpisaofrancisco.inf.br\/index.php\/2025\/08\/21\/clipagem-da-fpi-al-do-dia-20-08-2025\/\">Clipagem da FPI\/AL do dia 20\/08\/2025<\/a><\/p>\n\n\n\n<p><a href=\"https:\/\/fpisaofrancisco.inf.br\/index.php\/2025\/08\/20\/guardioes-do-velho-chico-protege-vida-e-sustento-no-sao-francisco\/\">Guardi\u00f5es do Velho Chico: combate \u00e0 pesca predat\u00f3ria protege vida e sustento no S\u00e3o Francisco<\/a><\/p>\n\n\n\n<p><a href=\"https:\/\/fpisaofrancisco.inf.br\/index.php\/2025\/08\/20\/fpi-em-comunidades-tradicionais-relatos-reforcam-urgencia-em-saude-e-educacao-em-pao-de-acucar\/\">FPI em comunidades tradicionais: relatos refor\u00e7am urg\u00eancia em sa\u00fade e educa\u00e7\u00e3o em P\u00e3o de A\u00e7\u00facar<\/a><\/p>\n\n\n\n<p><a href=\"https:\/\/fpisaofrancisco.inf.br\/index.php\/2025\/08\/20\/fpial-leva-educacao-ambiental-a-escolas-e-comunidades-tradicionais-em-palestina\/\">FPI em Alagoas leva educa\u00e7\u00e3o ambiental a escolas e comunidades tradicionais em Palestina<\/a><\/p>\n\n\n\n<p><a href=\"https:\/\/fpisaofrancisco.inf.br\/index.php\/2025\/08\/20\/fpial-constata-maior-desmatamento-registrado\/\">FPI do S\u00e3o Francisco constata maior desmatamento j\u00e1 registrado durante as 15 etapas da fiscaliza\u00e7\u00e3o em Alagoas<\/a><\/p>\n\n\n\n<p><a href=\"https:\/\/fpisaofrancisco.inf.br\/index.php\/2025\/08\/19\/fpi-atua-para-combater-trabalho-analogo-a-escravidao-em-pedreiras\/\">FPI atua para combater trabalho an\u00e1logo \u00e0 escravid\u00e3o em pedreiras<\/a><\/p>\n\n\n\n<p><a href=\"https:\/\/fpisaofrancisco.inf.br\/index.php\/2025\/08\/19\/fpial-discute-dignidade-e-politicas-publicas-com-comunidade-quilombola-cacimba-do-barro\/\">FPI do Rio S\u00e3o Francisco discute dignidade e pol\u00edticas p\u00fablicas com comunidade quilombola Cacimba do Barro, no alto sert\u00e3o<\/a><\/p>\n\n\n\n<p><a href=\"https:\/\/fpisaofrancisco.inf.br\/index.php\/2025\/08\/18\/fpi-interdita-clinica-veterinaria-em-sao-jose-da-tapera\/\">FPI do Rio S\u00e3o Francisco interdita cl\u00ednica veterin\u00e1ria em S\u00e3o Jos\u00e9 da Tapera por cirurgias irregulares de animais<\/a><\/p>\n\n\n\n<p><a href=\"http:\/\/xn--defesa%20da%20sade%20pblica-c2cg:%20FPI%20impede%20venda%20de%20368%20litros%20de%20leite%20impr%C3%B3prio%20para%20consumo%20humano%20em%20P%C3%A3o%20de%20A%C3%A7%C3%BAcar\/\">Defesa da sa\u00fade p\u00fablica: FPI impede venda de 368 litros de leite impr\u00f3prio para consumo humano em P\u00e3o de A\u00e7\u00facar<\/a><\/p>\n\n\n\n<p><a href=\"https:\/\/fpisaofrancisco.inf.br\/index.php\/2025\/08\/18\/fpi-inicia-a-15a-etapa-em-alagoas-com-fiscalizacao-e-educacao-ambiental-para-populacao-sertaneja\/\">FPI do Rio S\u00e3o Francisco d\u00e1 in\u00edcio \u00e0 15\u00aa etapa em Alagoas com fiscaliza\u00e7\u00e3o e educa\u00e7\u00e3o ambiental para popula\u00e7\u00e3o sertaneja<\/a><\/p>\n","protected":false},"excerpt":{"rendered":"<p>FPI do S\u00e3o Francisco visitou a comunidade quilombola Gameleiro (AL) e identificou cultivo em solo de antigo lix\u00e3o. A a\u00e7\u00e3o refor\u00e7ou a urg\u00eancia da titula\u00e7\u00e3o do territ\u00f3rio e da recupera\u00e7\u00e3o ambiental da \u00e1rea.<\/p>\n","protected":false},"author":7,"featured_media":8676,"comment_status":"open","ping_status":"open","sticky":false,"template":"","format":"standard","meta":{"_jetpack_memberships_contains_paid_content":false,"footnotes":""},"categories":[286,215,72],"tags":[287,213,195,82,322,323],"class_list":["post-8669","post","type-post","status-publish","format-standard","has-post-thumbnail","hentry","category-15-etapa-fpi-al","category-noticias","category-noticias-alagoas","tag-15fpial","tag-bhsf","tag-comunidadestradicionais","tag-fpial","tag-quilombo","tag-quilombogameleiro","category-286","category-215","category-72","description-off"],"aioseo_notices":[],"jetpack_featured_media_url":"https:\/\/fpisaofrancisco.inf.br\/wp-content\/uploads\/2025\/08\/f7_220825_gameleira.jpeg","jetpack_sharing_enabled":true,"_links":{"self":[{"href":"https:\/\/fpisaofrancisco.inf.br\/index.php\/wp-json\/wp\/v2\/posts\/8669","targetHints":{"allow":["GET"]}}],"collection":[{"href":"https:\/\/fpisaofrancisco.inf.br\/index.php\/wp-json\/wp\/v2\/posts"}],"about":[{"href":"https:\/\/fpisaofrancisco.inf.br\/index.php\/wp-json\/wp\/v2\/types\/post"}],"author":[{"embeddable":true,"href":"https:\/\/fpisaofrancisco.inf.br\/index.php\/wp-json\/wp\/v2\/users\/7"}],"replies":[{"embeddable":true,"href":"https:\/\/fpisaofrancisco.inf.br\/index.php\/wp-json\/wp\/v2\/comments?post=8669"}],"version-history":[{"count":5,"href":"https:\/\/fpisaofrancisco.inf.br\/index.php\/wp-json\/wp\/v2\/posts\/8669\/revisions"}],"predecessor-version":[{"id":8688,"href":"https:\/\/fpisaofrancisco.inf.br\/index.php\/wp-json\/wp\/v2\/posts\/8669\/revisions\/8688"}],"wp:featuredmedia":[{"embeddable":true,"href":"https:\/\/fpisaofrancisco.inf.br\/index.php\/wp-json\/wp\/v2\/media\/8676"}],"wp:attachment":[{"href":"https:\/\/fpisaofrancisco.inf.br\/index.php\/wp-json\/wp\/v2\/media?parent=8669"}],"wp:term":[{"taxonomy":"category","embeddable":true,"href":"https:\/\/fpisaofrancisco.inf.br\/index.php\/wp-json\/wp\/v2\/categories?post=8669"},{"taxonomy":"post_tag","embeddable":true,"href":"https:\/\/fpisaofrancisco.inf.br\/index.php\/wp-json\/wp\/v2\/tags?post=8669"}],"curies":[{"name":"wp","href":"https:\/\/api.w.org\/{rel}","templated":true}]}}