{"id":8644,"date":"2025-08-25T10:00:53","date_gmt":"2025-08-25T10:00:53","guid":{"rendered":"https:\/\/fpisaofrancisco.inf.br\/?p=8644"},"modified":"2025-08-25T13:05:16","modified_gmt":"2025-08-25T13:05:16","slug":"fpial-fiscaliza-embarcacoes-e-canoas-baixo-sao-francisco","status":"publish","type":"post","link":"https:\/\/fpisaofrancisco.inf.br\/index.php\/2025\/08\/25\/fpial-fiscaliza-embarcacoes-e-canoas-baixo-sao-francisco\/","title":{"rendered":"Tr\u00e1fego aquavi\u00e1rio: FPI de Alagoas inspeciona embarca\u00e7\u00f5es e competi\u00e7\u00e3o de canoas no Baixo S\u00e3o Francisco"},"content":{"rendered":"\n<p class=\"has-accent-background-color has-background\">Fiscaliza\u00e7\u00e3o tem por objetivos proteger pessoas, garantir acesso a servi\u00e7os essenciais, fomentar economia local, defender meio ambiente e preservar cultura das comunidades ribeirinhas<\/p>\n\n\n\n<p>Em situa\u00e7\u00f5es de transporte, trabalho e lazer, nem sempre a seguran\u00e7a da navega\u00e7\u00e3o \u00e9 prioridade de quem comanda embarca\u00e7\u00f5es. A preocupa\u00e7\u00e3o com o impacto no meio ambiente, ent\u00e3o, passa longe. Diante desse quadro de desaten\u00e7\u00e3o com a coletividade, a Fiscaliza\u00e7\u00e3o Preventiva Integrada (FPI) do Rio S\u00e3o Francisco realizou, neste domingo (24), a inspe\u00e7\u00e3o naval do tr\u00e1fego aquavi\u00e1rio no leito do Velho Chico, na extens\u00e3o compreendida entre os munic\u00edpios de Piranhas e Traipu, em Alagoas.<\/p>\n\n\n\n<p>Foram inspecionadas as balsas de P\u00e3o de A\u00e7\u00facar e de Barra do Ipanema, que s\u00e3o respons\u00e1veis pelo transporte de carga, ve\u00edculos e pessoas entre os estados de Alagoas e Sergipe. Para a presta\u00e7\u00e3o de servi\u00e7o, elas devem observar as Normas de Autoridade Mar\u00edtima. Ao todo, os agentes da equipe Aqu\u00e1tica da FPI fiscalizaram 66 embarca\u00e7\u00f5es de empurrador, esporte, pesca, recreio, transporte de cargas e transporte de passageiros.<\/p>\n\n\n\n<figure class=\"wp-block-gallery has-nested-images columns-default is-cropped wp-block-gallery-1 is-layout-flex wp-block-gallery-is-layout-flex\">\n<figure class=\"wp-block-image size-large\"><img fetchpriority=\"high\" decoding=\"async\" width=\"1024\" height=\"768\" data-id=\"8646\" src=\"https:\/\/fpisaofrancisco.inf.br\/wp-content\/uploads\/2025\/08\/f2_240825_aqu-1024x768.jpeg\" alt=\"\" class=\"wp-image-8646\" srcset=\"https:\/\/fpisaofrancisco.inf.br\/wp-content\/uploads\/2025\/08\/f2_240825_aqu-1024x768.jpeg 1024w, https:\/\/fpisaofrancisco.inf.br\/wp-content\/uploads\/2025\/08\/f2_240825_aqu-300x225.jpeg 300w, https:\/\/fpisaofrancisco.inf.br\/wp-content\/uploads\/2025\/08\/f2_240825_aqu-768x576.jpeg 768w, https:\/\/fpisaofrancisco.inf.br\/wp-content\/uploads\/2025\/08\/f2_240825_aqu.jpeg 1280w\" sizes=\"(max-width: 1024px) 100vw, 1024px\" \/><figcaption class=\"wp-element-caption\">cr\u00e9dito: Luciano Barbosa (@lucianobarbosadasilva)<\/figcaption><\/figure>\n\n\n\n<figure class=\"wp-block-image size-large\"><img decoding=\"async\" width=\"1024\" height=\"768\" data-id=\"8645\" src=\"https:\/\/fpisaofrancisco.inf.br\/wp-content\/uploads\/2025\/08\/f1_240825_aqu-1024x768.jpeg\" alt=\"\" class=\"wp-image-8645\" srcset=\"https:\/\/fpisaofrancisco.inf.br\/wp-content\/uploads\/2025\/08\/f1_240825_aqu-1024x768.jpeg 1024w, https:\/\/fpisaofrancisco.inf.br\/wp-content\/uploads\/2025\/08\/f1_240825_aqu-300x225.jpeg 300w, https:\/\/fpisaofrancisco.inf.br\/wp-content\/uploads\/2025\/08\/f1_240825_aqu-768x576.jpeg 768w, https:\/\/fpisaofrancisco.inf.br\/wp-content\/uploads\/2025\/08\/f1_240825_aqu.jpeg 1280w\" sizes=\"(max-width: 1024px) 100vw, 1024px\" \/><figcaption class=\"wp-element-caption\">cr\u00e9dito: Luciano Barbosa (@lucianobarbosadasilva)<\/figcaption><\/figure>\n\n\n\n<figure class=\"wp-block-image size-large\"><img decoding=\"async\" width=\"1024\" height=\"768\" data-id=\"8647\" src=\"https:\/\/fpisaofrancisco.inf.br\/wp-content\/uploads\/2025\/08\/f3_240825_aqu-1024x768.jpeg\" alt=\"\" class=\"wp-image-8647\" srcset=\"https:\/\/fpisaofrancisco.inf.br\/wp-content\/uploads\/2025\/08\/f3_240825_aqu-1024x768.jpeg 1024w, https:\/\/fpisaofrancisco.inf.br\/wp-content\/uploads\/2025\/08\/f3_240825_aqu-300x225.jpeg 300w, https:\/\/fpisaofrancisco.inf.br\/wp-content\/uploads\/2025\/08\/f3_240825_aqu-768x576.jpeg 768w, https:\/\/fpisaofrancisco.inf.br\/wp-content\/uploads\/2025\/08\/f3_240825_aqu.jpeg 1280w\" sizes=\"(max-width: 1024px) 100vw, 1024px\" \/><figcaption class=\"wp-element-caption\">cr\u00e9dito: Luciano Barbosa (@lucianobarbosadasilva)<\/figcaption><\/figure>\n<\/figure>\n\n\n\n<p>Em P\u00e3o de A\u00e7\u00facar, a FPI orientou participantes de uma corrida de canoas a comunicarem \u00e0 Marinha do Brasil sobre a realiza\u00e7\u00e3o do evento. Com o conhecimento da competi\u00e7\u00e3o, a institui\u00e7\u00e3o militar pode passar as recomenda\u00e7\u00f5es necess\u00e1rias e garantir a seguran\u00e7a dos competidores durante a realiza\u00e7\u00e3o do evento.<\/p>\n\n\n\n<p>O capit\u00e3o-tenente da Marinha Davidson Juarez explica que a fiscaliza\u00e7\u00e3o do tr\u00e1fego aquavi\u00e1rio tem como prop\u00f3sito garantir a seguran\u00e7a da navega\u00e7\u00e3o, salvaguardar a vida humana e prevenir o rio da polui\u00e7\u00e3o h\u00eddrica.<\/p>\n\n\n\n<p>\u201cA seguran\u00e7a da navega\u00e7\u00e3o \u00e9 extremamente importante para o Baixo S\u00e3o Francisco por diversos motivos, especialmente considerando que essa regi\u00e3o envolve comunidades ribeirinhas, atividades econ\u00f4micas e um ecossistema sens\u00edvel. Muitas pessoas vivem \u00e0s margens do rio e dependem dele diariamente para transporte, pesca e lazer. A navega\u00e7\u00e3o segura reduz o risco de acidentes com embarca\u00e7\u00f5es, como abalroamentos, naufr\u00e1gios e afogamentos\u201d, disse o coordenador da equipe Aqu\u00e1tica da FPI.<\/p>\n\n\n\n<p>Durante a realiza\u00e7\u00e3o da 15\u00aa etapa da FPI em Alagoas, os militares da Marinha refor\u00e7am a necessidade do uso do colete salva-vidas para as embarca\u00e7\u00f5es inspecionadas. O maior cuidado na orienta\u00e7\u00e3o ocorre com as canoas, que \u00e9 o meio de transporte mais utilizado pelos ribeirinhos.<\/p>\n\n\n\n<p>Transporte este que garante o acesso a servi\u00e7os essenciais, como os de sa\u00fade, educa\u00e7\u00e3o e abastecimento nas cidades com melhores infraestruturas.<\/p>\n\n\n\n<figure class=\"wp-block-gallery has-nested-images columns-default is-cropped wp-block-gallery-2 is-layout-flex wp-block-gallery-is-layout-flex\">\n<figure class=\"wp-block-image size-large\"><img loading=\"lazy\" decoding=\"async\" width=\"1024\" height=\"554\" data-id=\"8649\" src=\"https:\/\/fpisaofrancisco.inf.br\/wp-content\/uploads\/2025\/08\/f5_240825_aqu-1024x554.jpeg\" alt=\"\" class=\"wp-image-8649\" srcset=\"https:\/\/fpisaofrancisco.inf.br\/wp-content\/uploads\/2025\/08\/f5_240825_aqu-1024x554.jpeg 1024w, https:\/\/fpisaofrancisco.inf.br\/wp-content\/uploads\/2025\/08\/f5_240825_aqu-300x162.jpeg 300w, https:\/\/fpisaofrancisco.inf.br\/wp-content\/uploads\/2025\/08\/f5_240825_aqu-768x415.jpeg 768w, https:\/\/fpisaofrancisco.inf.br\/wp-content\/uploads\/2025\/08\/f5_240825_aqu.jpeg 1280w\" sizes=\"(max-width: 1024px) 100vw, 1024px\" \/><figcaption class=\"wp-element-caption\">cr\u00e9dito: Luciano Barbosa (@lucianobarbosadasilva)<\/figcaption><\/figure>\n\n\n\n<figure class=\"wp-block-image size-large\"><img loading=\"lazy\" decoding=\"async\" width=\"1024\" height=\"576\" data-id=\"8648\" src=\"https:\/\/fpisaofrancisco.inf.br\/wp-content\/uploads\/2025\/08\/f4_240825_aqu-1024x576.jpeg\" alt=\"\" class=\"wp-image-8648\" srcset=\"https:\/\/fpisaofrancisco.inf.br\/wp-content\/uploads\/2025\/08\/f4_240825_aqu-1024x576.jpeg 1024w, https:\/\/fpisaofrancisco.inf.br\/wp-content\/uploads\/2025\/08\/f4_240825_aqu-300x169.jpeg 300w, https:\/\/fpisaofrancisco.inf.br\/wp-content\/uploads\/2025\/08\/f4_240825_aqu-768x432.jpeg 768w, https:\/\/fpisaofrancisco.inf.br\/wp-content\/uploads\/2025\/08\/f4_240825_aqu.jpeg 1280w\" sizes=\"(max-width: 1024px) 100vw, 1024px\" \/><figcaption class=\"wp-element-caption\">cr\u00e9dito: Luciano Barbosa (@lucianobarbosadasilva)<\/figcaption><\/figure>\n<\/figure>\n\n\n\n<h3 class=\"wp-block-heading\">Fomento da economia local<\/h3>\n\n\n\n<p>A fiscaliza\u00e7\u00e3o do tr\u00e1fego aquavi\u00e1rio tamb\u00e9m fomenta a economia local. Isso porque o Rio S\u00e3o Francisco serve como via para transporte de pessoas e mercadorias, principalmente em \u00e1reas de dif\u00edcil acesso por terra.<\/p>\n\n\n\n<p>Davidson Juarez relata que \u00e9 comum, nos dias feiras, os moradores dos povoados mais distantes, das cidades com melhores estrutura comercial, utilizarem o rio para comprar os alimentos para sua subsist\u00eancia.<\/p>\n\n\n\n<p>\u201cNesse aspecto, a seguran\u00e7a da navega\u00e7\u00e3o garante o fluxo regular de atividades comerciais, pesca artesanal e turismo, fundamentais para a economia local\u201d, destaca o capit\u00e3o-tenente.<\/p>\n\n\n\n<p>Nesse sentido, a Marinha do Brasil, por meio da Ag\u00eancia Fluvial de Penedo, realizou na sexta-feira passada, uma vistoria para regulariza\u00e7\u00e3o do projeto de aquicultura da Associa\u00e7\u00e3o dos Trabalhadores Rurais Fazenda Nova Esperan\u00e7a, no munic\u00edpio de Olho D\u2019\u00c1gua do Casado. O Minist\u00e9rio da Pesca e Aquicultura tamb\u00e9m participou da a\u00e7\u00e3o.<\/p>\n\n\n\n<p>No dia, foi realizada a inspe\u00e7\u00e3o naval do tr\u00e1fego aquavi\u00e1rio na regi\u00e3o dos C\u00e2nions do Rio S\u00e3o Francisco, sendo abordadas 78 embarca\u00e7\u00f5es.<\/p>\n\n\n\n<h3 class=\"wp-block-heading\">Capacita\u00e7\u00e3o dos aquavi\u00e1rios<\/h3>\n\n\n\n<p>A FPI do Rio S\u00e3o Francisco lembra que a Marinha busca capacitar toda a comunidade do Baixo S\u00e3o Francisco, por meio do Ensino Profissional Mar\u00edtimo. Dentre os cursos ofertados, os que os ribeirinhos mais procuram s\u00e3o Pescadores Profissionais, Marinheiros Auxiliar Fluvial, Marinheiro Auxiliar de Conv\u00e9s\/Marinheiro Auxiliar de M\u00e1quinas, Marinheiro Fluvial de Conv\u00e9s e Marinheiro Fluvial de M\u00e1quinas.<\/p>\n\n\n\n<p>Ao conclu\u00edrem os cursos, os acad\u00eamicos aquavi\u00e1rios recebem sua Cardeneta de Inscri\u00e7\u00e3o e Registro (CIR), tornando-se habilitados para exercerem as fun\u00e7\u00f5es a bordo das embarca\u00e7\u00f5es.<\/p>\n\n\n\n<h3 class=\"wp-block-heading\">Preserva\u00e7\u00e3o ambiental e da cultura<\/h3>\n\n\n\n<p>Acidentes com embarca\u00e7\u00f5es podem causar vazamentos de combust\u00edveis e res\u00edduos no rio, prejudicando o ecossistema aqu\u00e1tico. O Baixo S\u00e3o Francisco abriga esp\u00e9cies de peixes, aves e plantas que s\u00e3o vulner\u00e1veis \u00e0 polui\u00e7\u00e3o e \u00e0 degrada\u00e7\u00e3o ambiental. Assim, uns dos focos durante as inspe\u00e7\u00f5es navais \u00e9 verificar as condi\u00e7\u00f5es das embarca\u00e7\u00f5es inspecionadas, com finalidade de prevenir a polui\u00e7\u00e3o do Velho Chico.<\/p>\n\n\n\n<p>O Velho Chico tamb\u00e9m tem grande import\u00e2ncia cultural e espiritual para as popula\u00e7\u00f5es locais. \u201cGarantir a navega\u00e7\u00e3o segura ajuda a manter vivas tradi\u00e7\u00f5es como festas ribeirinhas, prociss\u00f5es e os modos de vida ligados ao rio\u201d, afirma o coordenador da equipe Aqu\u00e1tica da FPI.<\/p>\n\n\n\n<h3 class=\"wp-block-heading\">Composi\u00e7\u00e3o<\/h3>\n\n\n\n<p>A equipe Aqu\u00e1tica \u00e9 formada por agentes da <a href=\"https:\/\/www.marinha.mil.br\/\" title=\"\">Marinha do Brasil<\/a>, que atuam na Ag\u00eancia Fluvial de Penedo. Os militares s\u00e3o respons\u00e1veis pela inspe\u00e7\u00e3o naval do tr\u00e1fego aquavi\u00e1rio.<\/p>\n\n\n\n<p>A frente de fiscaliza\u00e7\u00e3o tamb\u00e9m conta com agentes do <a href=\"https:\/\/www.gov.br\/ibama\/pt-br\" title=\"\">Instituto Brasileiro do Meio Ambiente e dos Recursos Naturais Renov\u00e1veis (Ibama)<\/a>, <a href=\"https:\/\/www2.ima.al.gov.br\/\" title=\"\">Instituto do Meio Ambiente de Alagoas (IMA\/AL)<\/a> e Pol\u00edcia Federal, que atuam no combate \u00e0 pesca predat\u00f3ria.<\/p>\n\n\n\n<h3 class=\"wp-block-heading\"><strong>Leia tamb\u00e9m outras not\u00edcias da 15a etapa da FPI AL<\/strong><\/h3>\n\n\n\n<p><br><a href=\"https:\/\/fpisaofrancisco.inf.br\/index.php\/2025\/08\/24\/clipagem-da-fpi-al-do-dia-24-08-2025\/\" title=\"\">Clipagem da FPI\/AL do dia 24\/08\/2025<\/a><\/p>\n\n\n\n<p><a href=\"https:\/\/fpisaofrancisco.inf.br\/index.php\/2025\/08\/24\/fpi-alagoas-primeira-semana-15a-etapa\/\">Na primeira semana de atua\u00e7\u00e3o, FPI Alagoas alcan\u00e7a mais da metade dos pontos de interesse previstos para 15\u00aa etapa<\/a><\/p>\n\n\n\n<p><a href=\"https:\/\/fpisaofrancisco.inf.br\/index.php\/2025\/08\/24\/fpial-visita-quilombo-pau-ferro\/\">FPI do S\u00e3o Francisco visita Pau Ferro, a mais nova comunidade quilombola certificada em Alagoas<\/a><\/p>\n\n\n\n<p><a href=\"https:\/\/fpisaofrancisco.inf.br\/index.php\/2025\/08\/23\/clipagem-da-fpi-al-do-dia-23-08-2025\/\">Clipagem da FPI\/AL do dia 23\/08\/2025<\/a><\/p>\n\n\n\n<p><a href=\"https:\/\/fpisaofrancisco.inf.br\/index.php\/2025\/08\/23\/fpial-fiscaliza-carros-pipa-pao-de-acucar\/\">Prote\u00e7\u00e3o da \u00e1gua e sa\u00fade p\u00fablica: FPI fiscaliza abastecimento por carros-pipa em P\u00e3o de A\u00e7\u00facar<\/a><\/p>\n\n\n\n<p><a href=\"https:\/\/fpisaofrancisco.inf.br\/index.php\/2025\/08\/23\/fpial-fecha-laticinio-clandestino-girau-ponciano\/\">Betoneira enferrujada era usada em latic\u00ednio insalubre na zona rural de Girau do Ponciano<\/a><\/p>\n\n\n\n<p><a href=\"https:\/\/fpisaofrancisco.inf.br\/index.php\/2025\/08\/22\/clipagem-da-fpi-al-do-dia-22-08-25\/\">Clipagem da FPI\/AL do dia 22\/08\/2025<\/a><\/p>\n\n\n\n<p><a href=\"https:\/\/fpisaofrancisco.inf.br\/index.php\/2025\/08\/22\/feducacao-ambiental-guardioes-caatinga-tapera\/\">FPI promove educa\u00e7\u00e3o ambiental que torna alunos guardi\u00f5es da natureza em S\u00e3o Jos\u00e9 da Tapera<\/a><\/p>\n\n\n\n<p><a href=\"https:\/\/fpisaofrancisco.inf.br\/index.php\/2025\/08\/22\/fpial-sitio-fossil-aguazinha-quilombo\/\">FPI do S\u00e3o Francisco visita poss\u00edvel s\u00edtio paleontol\u00f3gico em comunidade quilombola de Aguazinha, em Carneiros<\/a><\/p>\n\n\n\n<p><a href=\"https:\/\/fpisaofrancisco.inf.br\/index.php\/2025\/08\/22\/invasao-compromete-sistema-de-dessalinizacao\/\">Invas\u00e3o compromete sistema de dessaliniza\u00e7\u00e3o em Olho d\u2019\u00c1gua das Flores, enquanto comunidade quilombola em Carneiros vira modelo de gest\u00e3o<\/a><\/p>\n\n\n\n<p><a href=\"https:\/\/fpisaofrancisco.inf.br\/index.php\/2025\/08\/21\/clipagem-da-fpi-al-do-dia-21-08-2025\/\">Clipagem da FPI\/AL do dia 21\/08\/2025<\/a><\/p>\n\n\n\n<p><a href=\"https:\/\/fpisaofrancisco.inf.br\/index.php\/2025\/08\/21\/fpial-flagra-irregularidades-em-criatorio-de-aves\/\">FPI do S\u00e3o Francisco flagra irregularidades em criat\u00f3rio de aves em Arapiraca<\/a><\/p>\n\n\n\n<p><a href=\"https:\/\/fpisaofrancisco.inf.br\/index.php\/2025\/08\/21\/fpi-flagra-lixao-em-sao-jose-da-tapera-e-aplica-multa-de-r-80-mil\/\">FPI flagra lix\u00e3o em S\u00e3o Jos\u00e9 da Tapera e aplica multa de R$ 80 mil<\/a><\/p>\n\n\n\n<p><a href=\"file:\/\/\/S:\/\/fpisaofrancisco.inf.br\/index.php\/2025\/08\/21\/municipios-alagoanos-recebem-orientacoes-para-fortalecer-politica-ambiental\">Munic\u00edpios alagoanos recebem orienta\u00e7\u00f5es da FPI para fortalecer pol\u00edtica ambiental local<\/a><\/p>\n\n\n\n<p><a href=\"https:\/\/fpisaofrancisco.inf.br\/index.php\/2025\/08\/21\/fpi-flagra-laticinio-e-pocilga-clandestinos\/\">FPI flagra latic\u00ednio e pocilga clandestinos em Major Izidoro e recolhe quase uma tonelada de alimento impr\u00f3prio para consumo<\/a><\/p>\n\n\n\n<p><a href=\"https:\/\/fpisaofrancisco.inf.br\/index.php\/2025\/08\/21\/clipagem-da-fpi-al-do-dia-20-08-2025\/\">Clipagem da FPI\/AL do dia 20\/08\/2025<\/a><\/p>\n\n\n\n<p><a href=\"https:\/\/fpisaofrancisco.inf.br\/index.php\/2025\/08\/20\/guardioes-do-velho-chico-protege-vida-e-sustento-no-sao-francisco\/\">Guardi\u00f5es do Velho Chico: combate \u00e0 pesca predat\u00f3ria protege vida e sustento no S\u00e3o Francisco<\/a><\/p>\n\n\n\n<p><a href=\"https:\/\/fpisaofrancisco.inf.br\/index.php\/2025\/08\/20\/fpi-em-comunidades-tradicionais-relatos-reforcam-urgencia-em-saude-e-educacao-em-pao-de-acucar\/\">FPI em comunidades tradicionais: relatos refor\u00e7am urg\u00eancia em sa\u00fade e educa\u00e7\u00e3o em P\u00e3o de A\u00e7\u00facar<\/a><\/p>\n\n\n\n<p><a href=\"https:\/\/fpisaofrancisco.inf.br\/index.php\/2025\/08\/20\/fpial-leva-educacao-ambiental-a-escolas-e-comunidades-tradicionais-em-palestina\/\">FPI em Alagoas leva educa\u00e7\u00e3o ambiental a escolas e comunidades tradicionais em Palestina<\/a><\/p>\n\n\n\n<p><a href=\"https:\/\/fpisaofrancisco.inf.br\/index.php\/2025\/08\/20\/fpial-constata-maior-desmatamento-registrado\/\">FPI do S\u00e3o Francisco constata maior desmatamento j\u00e1 registrado durante as 15 etapas da fiscaliza\u00e7\u00e3o em Alagoas<\/a><\/p>\n\n\n\n<p><a href=\"https:\/\/fpisaofrancisco.inf.br\/index.php\/2025\/08\/19\/fpi-atua-para-combater-trabalho-analogo-a-escravidao-em-pedreiras\/\">FPI atua para combater trabalho an\u00e1logo \u00e0 escravid\u00e3o em pedreiras<\/a><\/p>\n\n\n\n<p><a href=\"https:\/\/fpisaofrancisco.inf.br\/index.php\/2025\/08\/19\/fpial-discute-dignidade-e-politicas-publicas-com-comunidade-quilombola-cacimba-do-barro\/\">FPI do Rio S\u00e3o Francisco discute dignidade e pol\u00edticas p\u00fablicas com comunidade quilombola Cacimba do Barro, no alto sert\u00e3o<\/a><\/p>\n\n\n\n<p><a href=\"https:\/\/fpisaofrancisco.inf.br\/index.php\/2025\/08\/18\/fpi-interdita-clinica-veterinaria-em-sao-jose-da-tapera\/\">FPI do Rio S\u00e3o Francisco interdita cl\u00ednica veterin\u00e1ria em S\u00e3o Jos\u00e9 da Tapera por cirurgias irregulares de animais<\/a><\/p>\n\n\n\n<p><a href=\"http:\/\/xn--defesa%20da%20sade%20pblica-c2cg:%20FPI%20impede%20venda%20de%20368%20litros%20de%20leite%20impr%C3%B3prio%20para%20consumo%20humano%20em%20P%C3%A3o%20de%20A%C3%A7%C3%BAcar\/\">Defesa da sa\u00fade p\u00fablica: FPI impede venda de 368 litros de leite impr\u00f3prio para consumo humano em P\u00e3o de A\u00e7\u00facar<\/a><\/p>\n\n\n\n<p><a href=\"https:\/\/fpisaofrancisco.inf.br\/index.php\/2025\/08\/18\/fpi-inicia-a-15a-etapa-em-alagoas-com-fiscalizacao-e-educacao-ambiental-para-populacao-sertaneja\/\">FPI do Rio S\u00e3o Francisco d\u00e1 in\u00edcio \u00e0 15\u00aa etapa em Alagoas com fiscaliza\u00e7\u00e3o e educa\u00e7\u00e3o ambiental para popula\u00e7\u00e3o sertaneja<\/a><\/p>\n","protected":false},"excerpt":{"rendered":"<p>A Fiscaliza\u00e7\u00e3o Preventiva Integrada (FPI) do Rio S\u00e3o Francisco realizou inspe\u00e7\u00e3o naval no trecho entre Piranhas e Traipu, em Alagoas. Ao todo, 66 embarca\u00e7\u00f5es foram fiscalizadas, incluindo balsas, barcos de pesca, recreio e transporte de passageiros. A a\u00e7\u00e3o, que tamb\u00e9m acompanhou uma corrida de canoas em P\u00e3o de A\u00e7\u00facar, teve como foco a seguran\u00e7a da navega\u00e7\u00e3o, a prote\u00e7\u00e3o ambiental e o fortalecimento da cultura ribeirinha. Durante a 15\u00aa etapa da FPI, a Marinha refor\u00e7ou a import\u00e2ncia do uso do colete salva-vidas, fundamental para a preserva\u00e7\u00e3o da vida humana e a manuten\u00e7\u00e3o das atividades econ\u00f4micas e culturais que dependem do Velho Chico<\/p>\n","protected":false},"author":7,"featured_media":8650,"comment_status":"open","ping_status":"open","sticky":false,"template":"","format":"standard","meta":{"_jetpack_memberships_contains_paid_content":false,"footnotes":""},"categories":[286,215,72],"tags":[287,213,82,321,119],"class_list":["post-8644","post","type-post","status-publish","format-standard","has-post-thumbnail","hentry","category-15-etapa-fpi-al","category-noticias","category-noticias-alagoas","tag-15fpial","tag-bhsf","tag-fpial","tag-marinha","tag-velhochico","category-286","category-215","category-72","description-off"],"aioseo_notices":[],"jetpack_featured_media_url":"https:\/\/fpisaofrancisco.inf.br\/wp-content\/uploads\/2025\/08\/f6_240825_aqu.jpeg","jetpack_sharing_enabled":true,"_links":{"self":[{"href":"https:\/\/fpisaofrancisco.inf.br\/index.php\/wp-json\/wp\/v2\/posts\/8644","targetHints":{"allow":["GET"]}}],"collection":[{"href":"https:\/\/fpisaofrancisco.inf.br\/index.php\/wp-json\/wp\/v2\/posts"}],"about":[{"href":"https:\/\/fpisaofrancisco.inf.br\/index.php\/wp-json\/wp\/v2\/types\/post"}],"author":[{"embeddable":true,"href":"https:\/\/fpisaofrancisco.inf.br\/index.php\/wp-json\/wp\/v2\/users\/7"}],"replies":[{"embeddable":true,"href":"https:\/\/fpisaofrancisco.inf.br\/index.php\/wp-json\/wp\/v2\/comments?post=8644"}],"version-history":[{"count":2,"href":"https:\/\/fpisaofrancisco.inf.br\/index.php\/wp-json\/wp\/v2\/posts\/8644\/revisions"}],"predecessor-version":[{"id":8653,"href":"https:\/\/fpisaofrancisco.inf.br\/index.php\/wp-json\/wp\/v2\/posts\/8644\/revisions\/8653"}],"wp:featuredmedia":[{"embeddable":true,"href":"https:\/\/fpisaofrancisco.inf.br\/index.php\/wp-json\/wp\/v2\/media\/8650"}],"wp:attachment":[{"href":"https:\/\/fpisaofrancisco.inf.br\/index.php\/wp-json\/wp\/v2\/media?parent=8644"}],"wp:term":[{"taxonomy":"category","embeddable":true,"href":"https:\/\/fpisaofrancisco.inf.br\/index.php\/wp-json\/wp\/v2\/categories?post=8644"},{"taxonomy":"post_tag","embeddable":true,"href":"https:\/\/fpisaofrancisco.inf.br\/index.php\/wp-json\/wp\/v2\/tags?post=8644"}],"curies":[{"name":"wp","href":"https:\/\/api.w.org\/{rel}","templated":true}]}}