{"id":8634,"date":"2025-08-24T13:00:04","date_gmt":"2025-08-24T13:00:04","guid":{"rendered":"https:\/\/fpisaofrancisco.inf.br\/?p=8634"},"modified":"2025-08-24T16:22:04","modified_gmt":"2025-08-24T16:22:04","slug":"fpi-alagoas-primeira-semana-15a-etapa","status":"publish","type":"post","link":"https:\/\/fpisaofrancisco.inf.br\/index.php\/2025\/08\/24\/fpi-alagoas-primeira-semana-15a-etapa\/","title":{"rendered":"Na primeira semana de atua\u00e7\u00e3o, FPI Alagoas alcan\u00e7a mais da metade dos pontos de interesse previstos para 15\u00aa etapa"},"content":{"rendered":"\n<p class=\"has-accent-background-color has-background\">Cerca de 150 agentes do poder p\u00fablico e da sociedade civil organizada est\u00e3o em campo para garantir a defesa do meio ambiente, os direitos da popula\u00e7\u00e3o ribeirinha e a escuta de comunidades tradicionais<\/p>\n\n\n\n<p><strong>Santana do Ipanema\/AL<\/strong> &#8211; Passada a primeira semana de a\u00e7\u00f5es da Fiscaliza\u00e7\u00e3o Preventiva Integrada (FPI) da Bacia Hidrogr\u00e1fica do Rio S\u00e3o Francisco, o programa j\u00e1 alcan\u00e7ou mais da metade dos pontos de interesses planejados para a 15\u00aa etapa de Alagoas. A partir de segunda-feira, a FPI entra na reta final, culminando na realiza\u00e7\u00e3o de uma audi\u00eancia p\u00fablica no pr\u00f3ximo dia 30, \u00e0s 8h, na Escola Maria Augusta Silva de Melo, em Olho d\u2019\u00c1gua da Flores.<\/p>\n\n\n\n<p>Neste s\u00e1bado, a Coordena\u00e7\u00e3o-Geral da FPI em Alagoas esteve reunida com os coordenadores das 14 equipes de campo para avaliar os trabalhos da primeira semana da etapa. O encontro ocorreu no pr\u00e9dio-sede das Promotorias de Justi\u00e7a de Santana do Ipanema, que concentra as den\u00fancias presenciais para casos de crimes contra o meio ambiente e de amea\u00e7a \u00e0 sa\u00fade p\u00fablica.<\/p>\n\n\n\n<figure class=\"wp-block-image size-large\"><img fetchpriority=\"high\" decoding=\"async\" width=\"1024\" height=\"682\" src=\"https:\/\/fpisaofrancisco.inf.br\/wp-content\/uploads\/2025\/08\/f3_230824balanco-1024x682.jpeg\" alt=\"\" class=\"wp-image-8637\" srcset=\"https:\/\/fpisaofrancisco.inf.br\/wp-content\/uploads\/2025\/08\/f3_230824balanco-1024x682.jpeg 1024w, https:\/\/fpisaofrancisco.inf.br\/wp-content\/uploads\/2025\/08\/f3_230824balanco-300x200.jpeg 300w, https:\/\/fpisaofrancisco.inf.br\/wp-content\/uploads\/2025\/08\/f3_230824balanco-768x512.jpeg 768w, https:\/\/fpisaofrancisco.inf.br\/wp-content\/uploads\/2025\/08\/f3_230824balanco-1536x1023.jpeg 1536w, https:\/\/fpisaofrancisco.inf.br\/wp-content\/uploads\/2025\/08\/f3_230824balanco.jpeg 1600w\" sizes=\"(max-width: 1024px) 100vw, 1024px\" \/><figcaption class=\"wp-element-caption\">cr\u00e9dito: Anderson Macena (@bambluck) e Luciano Barbosa (@lucianobarbosadasilva)<\/figcaption><\/figure>\n\n\n\n<p>A promotora de Justi\u00e7a Lav\u00ednia Fragoso, uma das coordenadoras-gerais da FPI, explica que, na reuni\u00e3o de avalia\u00e7\u00e3o, a coordena\u00e7\u00e3o consegue obter informa\u00e7\u00f5es que foram levantados em campo pelas equipes. A partir delas, torna-se poss\u00edvel avaliar o desempenho do programa nesta etapa.<\/p>\n\n\n\n<p>\u201cN\u00f3s observamos avan\u00e7os em algumas tem\u00e1ticas, outras infelizmente n\u00e3o evoluiu como gostar\u00edamos. Da\u00ed pensamos novas propostas e novas estrat\u00e9gias para obtermos um resultado mais efetivo. Na avalia\u00e7\u00e3o, tratamos tamb\u00e9m do planejamento da audi\u00eancia p\u00fablica, bem como da confec\u00e7\u00e3o dos relat\u00f3rios, que s\u00e3o ponto-chave para termos um desdobramento no \u00e2mbito dos Minist\u00e9rios P\u00fablicos Estadual, Federal e do Trabalho. \u00c9 isso que vai permitir a regulariza\u00e7\u00e3o daqueles danos e daquelas constata\u00e7\u00f5es que foram realizadas em campo\u201d, detalhou a coordenadora-geral da FPI em Alagoas.<\/p>\n\n\n\n<figure class=\"wp-block-image size-large\"><img decoding=\"async\" width=\"1024\" height=\"683\" src=\"https:\/\/fpisaofrancisco.inf.br\/wp-content\/uploads\/2025\/08\/f1_230824balanco-1024x683.jpeg\" alt=\"\" class=\"wp-image-8635\" srcset=\"https:\/\/fpisaofrancisco.inf.br\/wp-content\/uploads\/2025\/08\/f1_230824balanco-1024x683.jpeg 1024w, https:\/\/fpisaofrancisco.inf.br\/wp-content\/uploads\/2025\/08\/f1_230824balanco-300x200.jpeg 300w, https:\/\/fpisaofrancisco.inf.br\/wp-content\/uploads\/2025\/08\/f1_230824balanco-768x512.jpeg 768w, https:\/\/fpisaofrancisco.inf.br\/wp-content\/uploads\/2025\/08\/f1_230824balanco.jpeg 1200w\" sizes=\"(max-width: 1024px) 100vw, 1024px\" \/><figcaption class=\"wp-element-caption\">cr\u00e9dito: Anderson Macena (@bambluck) e Luciano Barbosa (@lucianobarbosadasilva)<\/figcaption><\/figure>\n\n\n\n<p>Na ocasi\u00e3o, a consultora de planejamento e indicadores do programa, Tatiana Scalco, do Instituto Hori, apresentou a situa\u00e7\u00e3o do lan\u00e7amento dos pontos de interesse da 15\u00aa etapa da FPI Alagoas no sistema de dados. As informa\u00e7\u00f5es coletadas v\u00e3o orientar o processo de monitoramento e avalia\u00e7\u00e3o desta edi\u00e7\u00e3o, a partir de indicadores definidos coletivamente pelos participantes do programa nos estados da Bacia Hidrogr\u00e1fica do Rio S\u00e3o Francisco.<\/p>\n\n\n\n<p>Estiveram presentes lideran\u00e7as das equipes Abastecimento de \u00c1gua e Esgotamento Sanit\u00e1rio Rural; Abastecimento de \u00c1gua e Esgotamento Sanit\u00e1rio Urbano; Aqu\u00e1tica; Comunidades Tradicionais e Patrim\u00f4nio Cultural; Educa\u00e7\u00e3o Ambiental; Fauna; Flora; Gest\u00e3o Ambiental; Produtos de Origem Animal, Produtos Perigosos; Res\u00edduos S\u00f3lidos, Extra\u00e7\u00e3o Mineral e Seguran\u00e7a de Barragens; e Sede de Aprender. Tamb\u00e9m compareceram representantes das frentes de Planejamento e de Comunica\u00e7\u00e3o Social.<\/p>\n\n\n\n<figure class=\"wp-block-image size-large\"><img decoding=\"async\" width=\"1024\" height=\"683\" src=\"https:\/\/fpisaofrancisco.inf.br\/wp-content\/uploads\/2025\/08\/f2_230824balanco-1024x683.jpeg\" alt=\"\" class=\"wp-image-8636\" srcset=\"https:\/\/fpisaofrancisco.inf.br\/wp-content\/uploads\/2025\/08\/f2_230824balanco-1024x683.jpeg 1024w, https:\/\/fpisaofrancisco.inf.br\/wp-content\/uploads\/2025\/08\/f2_230824balanco-300x200.jpeg 300w, https:\/\/fpisaofrancisco.inf.br\/wp-content\/uploads\/2025\/08\/f2_230824balanco-768x512.jpeg 768w, https:\/\/fpisaofrancisco.inf.br\/wp-content\/uploads\/2025\/08\/f2_230824balanco.jpeg 1200w\" sizes=\"(max-width: 1024px) 100vw, 1024px\" \/><figcaption class=\"wp-element-caption\">cr\u00e9dito: Anderson Macena (@bambluck) e Luciano Barbosa (@lucianobarbosadasilva)<\/figcaption><\/figure>\n\n\n\n<h3 class=\"wp-block-heading\"><strong>Destaques da primeira semana<\/strong><\/h3>\n\n\n\n<p>Nesta etapa, j\u00e1 foram visitados pontos de interesse em munic\u00edpios do Agreste e Sert\u00e3o de Alagoas, tais como Arapiraca, Batalha, Carneiros, Jacar\u00e9 dos Homens, Jaramataia, Monteir\u00f3polis, Olho d\u00b4\u00c1gua da Flores, Oliven\u00e7a, Ouro Branco, Palestina, P\u00e3o de A\u00e7\u00facar, Santana do Ipanema, S\u00e3o Jos\u00e9 da Tapera, Senador Rui Palmeira e Traipu.<\/p>\n\n\n\n<p>Entre as a\u00e7\u00f5es de maior destaque, encontra-se a retirada de circula\u00e7\u00e3o de 1450 quilos de produtos l\u00e1cteos impr\u00f3prios para consumo humano. Em um dos latic\u00ednios fiscalizados, flagrou-se a prepara\u00e7\u00e3o do queijo numa m\u00e1quina betoneira, que costuma servir para o preparo de cimento. A produ\u00e7\u00e3o clandestina do produto de origem animal amea\u00e7a a sa\u00fade da popula\u00e7\u00e3o acarretando doen\u00e7as transmitidas por alimento, al\u00e9m de causar danos ao meio ambiente e fomentar concorr\u00eancia desleal com os latic\u00ednios regularizados.<\/p>\n\n\n\n<p>Os agentes da FPI tamb\u00e9m constataram o maior desmatamento j\u00e1 registrado durante as 15 etapas da fiscaliza\u00e7\u00e3o em Alagoas. Mais de 800 hectares de mata silvestres foram devastados numa \u00e1rea compreendida entre os munic\u00edpios de Batalha e Traipu. O respons\u00e1vel foi autuado pela 23\u00aa vez, sendo classificado pela fiscaliza\u00e7\u00e3o como \u201cum grande infrator ambiental\u201d. O flagrante ocorre \u00e0s v\u00e9speras da realiza\u00e7\u00e3o da 30\u00aa Confer\u00eancia das Na\u00e7\u00f5es Unidas sobre Mudan\u00e7as Clim\u00e1ticas, a COP-30, em Bel\u00e9m\/PA, que debater\u00e1 justamente o desmatamento no Brasil.<\/p>\n\n\n\n<p>Al\u00e9m da prote\u00e7\u00e3o da flora, a FPI atuou na defesa da fauna. Em Arapiraca, um criat\u00f3rio de p\u00e1ssaros funcionava em desacordo com as normas ambientais. Parte das aves foram levadas para um centro de tratamento de animais silvestres em Macei\u00f3 ap\u00f3s os agentes encontrarem anilhas falsas e adulteradas. Nas \u00e1guas do Velho Chico, foram recolhidos equipamentos de pesca predat\u00f3ria que impedem a reprodu\u00e7\u00e3o do peixe e amea\u00e7a a atividade pesqueira na regi\u00e3o. J\u00e1 em S\u00e3o Jos\u00e9 da Tapera, interditou-se uma cl\u00ednica veterin\u00e1ria flagrada realizando cirurgias irregulares em animais.<\/p>\n\n\n\n<p>Em Olho d\u2019\u00c1gua das Flores, a FPI foi surpreendida com uma invas\u00e3o num dos sistemas de dessaliniza\u00e7\u00e3o da zona rural do munic\u00edpio. Um homem entrou no local, retirou os equipamentos e instalou cama, fog\u00e3o e geladeira, adaptando o local \u00e0s suas necessidades de moradia. Os fiscais encontraram o maquin\u00e1rio abandonado a c\u00e9u aberto, sem parte das pe\u00e7as, situa\u00e7\u00e3o que amea\u00e7a a recupera\u00e7\u00e3o do dessalinizador. A equipe tamb\u00e9m identificou funda\u00e7\u00f5es e paredes em constru\u00e7\u00e3o, sinalizando obras de amplia\u00e7\u00e3o irregular dentro do im\u00f3vel p\u00fablico.<\/p>\n\n\n\n<p>A Fiscaliza\u00e7\u00e3o Preventiva Integrada conferiu ainda as condi\u00e7\u00f5es de trabalho em pedreiras, em iniciativa que visa entender quem ganha com a explora\u00e7\u00e3o de trabalhadores na cadeia produtiva da pedra. Ademais, foram encontrados lix\u00e3o a c\u00e9u aberto, lan\u00e7amento de efluentes no Rio S\u00e3o Francisco e irregularidades no transporte de \u00e1gua em carros-pipa.<\/p>\n\n\n\n<p>Paralelamente aos casos que refor\u00e7am a necessidade de fiscaliza\u00e7\u00e3o de campo da FPI, ocorreram a\u00e7\u00f5es de educa\u00e7\u00e3o ambiental e do Projeto Sede de Aprender junto a estudantes, professores e familiares \u2013 a comunidade escolar. Gestores p\u00fablicos de cidades sertanejas tamb\u00e9m receberam representantes do programa para dialogar sobre boas pr\u00e1ticas de gest\u00e3o ambiental relacionadas a pol\u00edticas municipais de meio ambiente, fortalecimento do licenciamento e fiscaliza\u00e7\u00e3o.<\/p>\n\n\n\n<p>Mais do que di\u00e1logo, a FPI do Rio S\u00e3o Francisco foi escuta, algumas realizadas pela primeira vez pelos t\u00e9cnicos. Em especial, das comunidades tradicionais quilombolas, que falaram das necessidades de servi\u00e7os p\u00fablicos, principalmente de educa\u00e7\u00e3o e sa\u00fade. Oito delas foram visitadas nesta primeira semana nos munic\u00edpios de Carneiros, Jacar\u00e9 dos Homens, Olho d\u2019\u00c1gua das Flores, P\u00e3o de A\u00e7\u00facar e S\u00e3o Jos\u00e9 da Tapera. Em uma delas, h\u00e1 possibilidade de haver resqu\u00edcios de um s\u00edtio paleontol\u00f3gico.<\/p>\n\n\n\n<h3 class=\"wp-block-heading\">Comunica\u00e7\u00e3o e di\u00e1logo<\/h3>\n\n\n\n<p>Mais informa\u00e7\u00f5es sobre temas relacionados \u00e0 FPI do Rio S\u00e3o Francisco s\u00e3o divulgadas no no site fpisaofrancisco.inf.br, instagram (<a href=\"https:\/\/www.instagram.com\/fpialagoas\/\" title=\"\">@fpialagoas<\/a>) e YouTube (<a href=\"https:\/\/www.youtube.com\/@FPIAlagoasoficial\" title=\"\">@FPIAlagoasoficial<\/a>), tal como por meio dos jornais, emissoras de TV e R\u00e1dio e ag\u00eancias de not\u00edcias.<\/p>\n\n\n\n<p>As institui\u00e7\u00f5es\/\u00f3rg\u00e3os p\u00fablicos e entidades da sociedade civil organizada integrantes da FPI interagem com ve\u00edculos de comunica\u00e7\u00e3o locais para informar a popula\u00e7\u00e3o sobre as atividades realizadas durante a fiscaliza\u00e7\u00e3o preventiva integrada.<\/p>\n\n\n\n<h3 class=\"wp-block-heading\">Como denunciar<\/h3>\n\n\n\n<p>A FPI do Rio S\u00e3o Francisco orienta a popula\u00e7\u00e3o a denunciar infra\u00e7\u00f5es e crimes ambientais e de risco \u00e0 sa\u00fade da popula\u00e7\u00e3o nos seguintes canais:<\/p>\n\n\n\n<ul class=\"wp-block-list\">\n<li><a href=\"https:\/\/www.mpal.mp.br\/?page_id=1782\" title=\"\">Minist\u00e9rio P\u00fablico do Estado de Alagoas<\/a><br><\/li>\n\n\n\n<li><a href=\"https:\/\/www.mpf.mp.br\/mpfservicos\" title=\"\">Minist\u00e9rio P\u00fablico Federal em Alagoas<\/a><br><\/li>\n\n\n\n<li><a href=\"https:\/\/peticionamento.prt19.mpt.mp.br\/denuncia\" title=\"\">Minist\u00e9rio P\u00fablico do Trabalho em Alagoas<\/a><br><\/li>\n\n\n\n<li><a href=\"https:\/\/adeal.al.gov.br\/formulario-denuncias\" title=\"\">Ag\u00eancia de Defesa e Inspe\u00e7\u00e3o Agropecu\u00e1ria de Alagoas (Adeal)<\/a><br>https:\/\/adeal.al.gov.br\/formulario-denuncias<\/li>\n\n\n\n<li><\/li>\n\n\n\n<li><strong>Batalh\u00e3o de Pol\u00edcia Ambiental (BPA)<\/strong><br>Telefones 181, 190 e (82) 98833-5879<\/li>\n\n\n\n<li><a href=\"https:\/\/www.crea-al.org.br\/denuncia\" title=\"\">Conselho Regional de Engenharia e Agronomia de Alagoas (Crea-AL)<\/a><br>https:\/\/www.crea-al.org.br\/denuncia<\/li>\n\n\n\n<li><a href=\"https:\/\/falabr.cgu.gov.br\/web\/home\" title=\"\">Instituto Brasileiro do Meio Ambiente e dos Recursos Naturais Renov\u00e1veis (Ibama)<\/a><br>https:\/\/falabr.cgu.gov.br\/web\/home e 0800 061 8080 (Ouvidoria\/Linha Verde)<\/li>\n\n\n\n<li><strong>Instituto do Meio Ambiente de Alagoas (IMA\/AL)<\/strong><br>Aplicativo IMA Denuncia (Android e iOS)<\/li>\n<\/ul>\n\n\n\n<h3 class=\"wp-block-heading\">A FPI do Rio S\u00e3o Francisco<\/h3>\n\n\n\n<p>A FPI tem o objetivo de melhorar a qualidade ambiental da Bacia Hidrogr\u00e1fica do Rio S\u00e3o Francisco e a qualidade de vida dos seus povos. Os trabalhos acontecem de modo cont\u00ednuo e permanente. Para isso, realizam-se o diagn\u00f3stico dos danos ambientais e a ado\u00e7\u00e3o de provid\u00eancias administrativas, c\u00edveis e criminais com a indu\u00e7\u00e3o de pol\u00edticas p\u00fablicas.<\/p>\n\n\n\n<p>Como programa, a FPI \u00e9 estruturada em tr\u00eas fases: planejamento, execu\u00e7\u00e3o e desdobramentos. A fase de desdobramento compreende o acompanhamento e monitoramento dos diagn\u00f3sticos realizados e a atua\u00e7\u00e3o de repercuss\u00f5es de medidas administrativas pelos \u00f3rg\u00e3os envolvidos, c\u00edveis e\/ou criminais e pelo Minist\u00e9rio P\u00fablico competente.<\/p>\n\n\n\n<p>Tamb\u00e9m \u00e9 na fase de desdobramentos que o poder p\u00fablico e a sociedade civil organizada contribuem na regulariza\u00e7\u00e3o dos empreendimentos, repara\u00e7\u00e3o de danos detectados e efetiva\u00e7\u00e3o das medidas de prote\u00e7\u00e3o necess\u00e1rias.<\/p>\n\n\n\n<p>Inicialmente realizada na Bahia, a FPI do S\u00e3o Francisco foi expandida para os estados de Sergipe, Alagoas, Pernambuco e Minas Gerais.<\/p>\n\n\n\n<h3 class=\"wp-block-heading\">Composi\u00e7\u00e3o da 15\u00aa etapa<\/h3>\n\n\n\n<p>Comp\u00f5em a 15\u00aa etapa da Fiscaliza\u00e7\u00e3o Preventiva Integrada a\u00a0<a href=\"https:\/\/www.defesaagropecuaria.al.gov.br\/\">Ag\u00eancia de Defesa e Inspe\u00e7\u00e3o Agropecu\u00e1ria de Alagoas (Adeal)<\/a>,\u00a0<a href=\"https:\/\/www.agendha.org\/\">Assessoria e Gest\u00e3o em Estudo da Natureza Desenvolvimento Humano e Agroecologia (Agendha<\/a>),\u00a0<a href=\"https:\/\/alagoasdigital.al.gov.br\/unidade-de-atendimento\/814\">Batalh\u00e3o de Pol\u00edcia Ambiental (BPA)<\/a>,\u00a0<a href=\"https:\/\/cbhsaofrancisco.org.br\/\">Comit\u00ea da Bacia Hidrogr\u00e1fica do Rio S\u00e3o Francisco (CBHSF)<\/a>,\u00a0<a href=\"https:\/\/cft.org.br\/\">Conselho Federal dos T\u00e9cnicos Industriais (CFT)<\/a>,\u00a0<a href=\"https:\/\/www.crea-al.org.br\/\">Conselho Regional de Engenharia e Agronomia de Alagoas (Crea-AL)<\/a>,\u00a0<a href=\"https:\/\/www.crmv-al.org.br\/\">Conselho Regional de Medicina Veterin\u00e1ria do Estado de Alagoas (CRMV)<\/a>,\u00a0<a href=\"https:\/\/crq17.org.br\/\">Conselho Regional de Qu\u00edmica da 17\u00aa Regi\u00e3o (CRQ-17)<\/a>,\u00a0<a href=\"https:\/\/www.crt03.gov.br\/\">Conselho Regional dos T\u00e9cnicos Industriais da 3\u00aa Regi\u00e3o (CRT-3),<\/a>\u00a0<a href=\"http:\/\/www.funasa.gov.br\/\">Funda\u00e7\u00e3o Nacional de Sa\u00fade (Funasa)<\/a>,\u00a0<a href=\"https:\/\/www.gov.br\/palmares\/pt-br\">Funda\u00e7\u00e3o Palmares<\/a>,\u00a0<a href=\"https:\/\/www.gov.br\/ibama\/pt-br\">Instituto Brasileiro do Meio Ambiente e dos Recursos Naturais Renov\u00e1veis (Ibama)<\/a><a href=\"https:\/\/institutohori.org.br\/\">, I<\/a><a href=\"https:\/\/ipma.org.br\/\">nstituto para Preserva\u00e7\u00e3o da Mata Atl\u00e2ntica (IPMA<\/a><a href=\"https:\/\/institutohori.org.br\/\">),\u00a0<\/a><a href=\"https:\/\/www2.ima.al.gov.br\/\">Instituto do Meio Ambiente de Alagoas (IMA\/AL<\/a><a href=\"https:\/\/institutohori.org.br\/\">), Instituto Hori,<\/a>\u00a0<a href=\"https:\/\/www.gov.br\/incra\/pt-br\">Instituto Nacional de Coloniza\u00e7\u00e3o e Reforma Agr\u00e1ria (Incra<\/a>),\u00a0<a href=\"https:\/\/www.marinha.mil.br\/\">Marinha do Brasil<\/a>,\u00a0<a href=\"https:\/\/www.prt19.mpt.mp.br\/\">Minist\u00e9rio P\u00fablico do Trabalho (MPT<\/a>),\u00a0<a href=\"https:\/\/www.mpal.mp.br\/\">Minist\u00e9rio P\u00fablico do Estado de Alagoas (MPE)<\/a>,\u00a0<a href=\"https:\/\/www.mpf.mp.br\/al\/\">Minist\u00e9rio P\u00fablico Federal (MPF)<\/a>,\u00a0<a href=\"https:\/\/www.gov.br\/pf\/pt-br\">Pol\u00edcia Federal (PF<\/a>),\u00a0<a href=\"https:\/\/www.gov.br\/prf\/pt-br\">Pol\u00edcia Rodovi\u00e1ria Federal (PRF)<\/a>,\u00a0<a href=\"http:\/\/www.instagram.com\/redemulheresnct\">Rede Mulheres de Comunidades Tradicionais (RMCT)<\/a>,\u00a0<a href=\"https:\/\/www.agricultura.al.gov.br\/\">Secretaria de Estado da Agricultura do Estado de Alagoas (Seagri<\/a>),\u00a0<a href=\"https:\/\/www.sefaz.al.gov.br\/\">Secretaria de Estado da Fazenda (Sefaz)<\/a>,\u00a0<a href=\"https:\/\/mulheredireitoshumanos.al.gov.br\/\">Secretaria de Estado da Mulher e dos Direitos Humanos de Alagoas (Semudh)<\/a>,\u00a0<a href=\"https:\/\/www.saude.al.gov.br\/\">Secretaria de Estado da Sa\u00fade de Alagoas (Sesau)<\/a>,\u00a0<a href=\"https:\/\/seguranca.al.gov.br\/\">Secretaria de Estado da Seguran\u00e7a P\u00fablica de Alagoas (SSP)<\/a>,\u00a0<a href=\"https:\/\/semarh.al.gov.br\/\">Secretaria de Estado do Meio Ambiente e dos Recursos H\u00eddricos (Semarh)<\/a>\u00a0e\u00a0<a href=\"https:\/\/institutososcaatinga.com.br\/site\/\">SOS Caatinga<\/a>.<\/p>\n\n\n\n<p>A FPI do Rio S\u00e3o Francisco em Alagoas \u00e9 coordenada pelo <a href=\"https:\/\/cbhsaofrancisco.org.br\/\" title=\"\">CBHSF<\/a>, <a href=\"https:\/\/www.mpal.mp.br\/\" title=\"\">MPE<\/a>, <a href=\"https:\/\/www.mpf.mp.br\/al\/\" title=\"\">MPF<\/a> e <a href=\"https:\/\/seguranca.al.gov.br\/\" title=\"\">SSP<\/a>, que desenvolvem os trabalhos de intelig\u00eancia, organiza\u00e7\u00e3o e divulga\u00e7\u00e3o das atividades e resultados para a popula\u00e7\u00e3o.<\/p>\n\n\n\n<p><\/p>\n\n\n\n<h3 class=\"wp-block-heading\"><strong>Leia tamb\u00e9m outras not\u00edcias da 15a etapa da FPI AL<\/strong><\/h3>\n\n\n\n<p><a href=\"https:\/\/fpisaofrancisco.inf.br\/index.php\/2025\/08\/24\/fpial-visita-quilombo-pau-ferro\/\" title=\"\">FPI do S\u00e3o Francisco visita Pau Ferro, a mais nova comunidade quilombola certificada em Alagoas<\/a><\/p>\n\n\n\n<p><a href=\"https:\/\/fpisaofrancisco.inf.br\/index.php\/2025\/08\/23\/clipagem-da-fpi-al-do-dia-23-08-2025\/\">Clipagem da FPI\/AL do dia 23\/08\/2025<\/a><\/p>\n\n\n\n<p><a href=\"https:\/\/fpisaofrancisco.inf.br\/index.php\/2025\/08\/23\/fpial-fiscaliza-carros-pipa-pao-de-acucar\/\">Prote\u00e7\u00e3o da \u00e1gua e sa\u00fade p\u00fablica: FPI fiscaliza abastecimento por carros-pipa em P\u00e3o de A\u00e7\u00facar<\/a><\/p>\n\n\n\n<p><a href=\"https:\/\/fpisaofrancisco.inf.br\/index.php\/2025\/08\/23\/fpial-fecha-laticinio-clandestino-girau-ponciano\/\">Betoneira enferrujada era usada em latic\u00ednio insalubre na zona rural de Girau do Ponciano<\/a><\/p>\n\n\n\n<p><a href=\"https:\/\/fpisaofrancisco.inf.br\/index.php\/2025\/08\/22\/clipagem-da-fpi-al-do-dia-22-08-25\/\">Clipagem da FPI\/AL do dia 22\/08\/2025<\/a><\/p>\n\n\n\n<p><a href=\"https:\/\/fpisaofrancisco.inf.br\/index.php\/2025\/08\/22\/feducacao-ambiental-guardioes-caatinga-tapera\/\">FPI promove educa\u00e7\u00e3o ambiental que torna alunos guardi\u00f5es da natureza em S\u00e3o Jos\u00e9 da Tapera<\/a><\/p>\n\n\n\n<p><a href=\"https:\/\/fpisaofrancisco.inf.br\/index.php\/2025\/08\/22\/fpial-sitio-fossil-aguazinha-quilombo\/\">FPI do S\u00e3o Francisco visita poss\u00edvel s\u00edtio paleontol\u00f3gico em comunidade quilombola de Aguazinha, em Carneiros<\/a><\/p>\n\n\n\n<p><a href=\"https:\/\/fpisaofrancisco.inf.br\/index.php\/2025\/08\/22\/invasao-compromete-sistema-de-dessalinizacao\/\">Invas\u00e3o compromete sistema de dessaliniza\u00e7\u00e3o em Olho d\u2019\u00c1gua das Flores, enquanto comunidade quilombola em Carneiros vira modelo de gest\u00e3o<\/a><\/p>\n\n\n\n<p><a href=\"https:\/\/fpisaofrancisco.inf.br\/index.php\/2025\/08\/21\/clipagem-da-fpi-al-do-dia-21-08-2025\/\">Clipagem da FPI\/AL do dia 21\/08\/2025<\/a><\/p>\n\n\n\n<p><a href=\"https:\/\/fpisaofrancisco.inf.br\/index.php\/2025\/08\/21\/fpial-flagra-irregularidades-em-criatorio-de-aves\/\">FPI do S\u00e3o Francisco flagra irregularidades em criat\u00f3rio de aves em Arapiraca<\/a><\/p>\n\n\n\n<p><a href=\"https:\/\/fpisaofrancisco.inf.br\/index.php\/2025\/08\/21\/fpi-flagra-lixao-em-sao-jose-da-tapera-e-aplica-multa-de-r-80-mil\/\">FPI flagra lix\u00e3o em S\u00e3o Jos\u00e9 da Tapera e aplica multa de R$ 80 mil<\/a><\/p>\n\n\n\n<p><a href=\"file:\/\/\/S:\/\/fpisaofrancisco.inf.br\/index.php\/2025\/08\/21\/municipios-alagoanos-recebem-orientacoes-para-fortalecer-politica-ambiental\">Munic\u00edpios alagoanos recebem orienta\u00e7\u00f5es da FPI para fortalecer pol\u00edtica ambiental local<\/a><\/p>\n\n\n\n<p><a href=\"https:\/\/fpisaofrancisco.inf.br\/index.php\/2025\/08\/21\/fpi-flagra-laticinio-e-pocilga-clandestinos\/\">FPI flagra latic\u00ednio e pocilga clandestinos em Major Izidoro e recolhe quase uma tonelada de alimento impr\u00f3prio para consumo<\/a><\/p>\n\n\n\n<p><a href=\"https:\/\/fpisaofrancisco.inf.br\/index.php\/2025\/08\/21\/clipagem-da-fpi-al-do-dia-20-08-2025\/\">Clipagem da FPI\/AL do dia 20\/08\/2025<\/a><\/p>\n\n\n\n<p><a href=\"https:\/\/fpisaofrancisco.inf.br\/index.php\/2025\/08\/20\/guardioes-do-velho-chico-protege-vida-e-sustento-no-sao-francisco\/\">Guardi\u00f5es do Velho Chico: combate \u00e0 pesca predat\u00f3ria protege vida e sustento no S\u00e3o Francisco<\/a><\/p>\n\n\n\n<p><a href=\"https:\/\/fpisaofrancisco.inf.br\/index.php\/2025\/08\/20\/fpi-em-comunidades-tradicionais-relatos-reforcam-urgencia-em-saude-e-educacao-em-pao-de-acucar\/\">FPI em comunidades tradicionais: relatos refor\u00e7am urg\u00eancia em sa\u00fade e educa\u00e7\u00e3o em P\u00e3o de A\u00e7\u00facar<\/a><\/p>\n\n\n\n<p><a href=\"https:\/\/fpisaofrancisco.inf.br\/index.php\/2025\/08\/20\/fpial-leva-educacao-ambiental-a-escolas-e-comunidades-tradicionais-em-palestina\/\">FPI em Alagoas leva educa\u00e7\u00e3o ambiental a escolas e comunidades tradicionais em Palestina<\/a><\/p>\n\n\n\n<p><a href=\"https:\/\/fpisaofrancisco.inf.br\/index.php\/2025\/08\/20\/fpial-constata-maior-desmatamento-registrado\/\">FPI do S\u00e3o Francisco constata maior desmatamento j\u00e1 registrado durante as 15 etapas da fiscaliza\u00e7\u00e3o em Alagoas<\/a><\/p>\n\n\n\n<p><a href=\"https:\/\/fpisaofrancisco.inf.br\/index.php\/2025\/08\/19\/fpi-atua-para-combater-trabalho-analogo-a-escravidao-em-pedreiras\/\">FPI atua para combater trabalho an\u00e1logo \u00e0 escravid\u00e3o em pedreiras<\/a><\/p>\n\n\n\n<p><a href=\"https:\/\/fpisaofrancisco.inf.br\/index.php\/2025\/08\/19\/fpial-discute-dignidade-e-politicas-publicas-com-comunidade-quilombola-cacimba-do-barro\/\">FPI do Rio S\u00e3o Francisco discute dignidade e pol\u00edticas p\u00fablicas com comunidade quilombola Cacimba do Barro, no alto sert\u00e3o<\/a><\/p>\n\n\n\n<p><a href=\"https:\/\/fpisaofrancisco.inf.br\/index.php\/2025\/08\/18\/fpi-interdita-clinica-veterinaria-em-sao-jose-da-tapera\/\">FPI do Rio S\u00e3o Francisco interdita cl\u00ednica veterin\u00e1ria em S\u00e3o Jos\u00e9 da Tapera por cirurgias irregulares de animais<\/a><\/p>\n\n\n\n<p><a href=\"http:\/\/xn--defesa%20da%20sade%20pblica-c2cg:%20FPI%20impede%20venda%20de%20368%20litros%20de%20leite%20impr%C3%B3prio%20para%20consumo%20humano%20em%20P%C3%A3o%20de%20A%C3%A7%C3%BAcar\/\">Defesa da sa\u00fade p\u00fablica: FPI impede venda de 368 litros de leite impr\u00f3prio para consumo humano em P\u00e3o de A\u00e7\u00facar<\/a><\/p>\n\n\n\n<p><a href=\"https:\/\/fpisaofrancisco.inf.br\/index.php\/2025\/08\/18\/fpi-inicia-a-15a-etapa-em-alagoas-com-fiscalizacao-e-educacao-ambiental-para-populacao-sertaneja\/\">FPI do Rio S\u00e3o Francisco d\u00e1 in\u00edcio \u00e0 15\u00aa etapa em Alagoas com fiscaliza\u00e7\u00e3o e educa\u00e7\u00e3o ambiental para popula\u00e7\u00e3o sertaneja<\/a><\/p>\n","protected":false},"excerpt":{"rendered":"<p>Na primeira semana da 15\u00aa etapa, a FPI Alagoas alcan\u00e7ou mais da metade dos pontos de interesse previstos. Com cerca de 150 agentes em campo, as equipes atuaram no combate a irregularidades como latic\u00ednios clandestinos, desmatamento recorde, pesca predat\u00f3ria e transporte irregular de \u00e1gua, al\u00e9m de promover a\u00e7\u00f5es de educa\u00e7\u00e3o ambiental e escuta de comunidades tradicionais.<\/p>\n","protected":false},"author":7,"featured_media":8638,"comment_status":"open","ping_status":"open","sticky":false,"template":"","format":"standard","meta":{"_jetpack_memberships_contains_paid_content":false,"footnotes":""},"categories":[286,215,72],"tags":[287,319,318,82],"class_list":["post-8634","post","type-post","status-publish","format-standard","has-post-thumbnail","hentry","category-15-etapa-fpi-al","category-noticias","category-noticias-alagoas","tag-15fpial","tag-balancoprimeirasemana","tag-bssf","tag-fpial","category-286","category-215","category-72","description-off"],"aioseo_notices":[],"jetpack_featured_media_url":"https:\/\/fpisaofrancisco.inf.br\/wp-content\/uploads\/2025\/08\/f4_230824balanco.jpeg","jetpack_sharing_enabled":true,"_links":{"self":[{"href":"https:\/\/fpisaofrancisco.inf.br\/index.php\/wp-json\/wp\/v2\/posts\/8634","targetHints":{"allow":["GET"]}}],"collection":[{"href":"https:\/\/fpisaofrancisco.inf.br\/index.php\/wp-json\/wp\/v2\/posts"}],"about":[{"href":"https:\/\/fpisaofrancisco.inf.br\/index.php\/wp-json\/wp\/v2\/types\/post"}],"author":[{"embeddable":true,"href":"https:\/\/fpisaofrancisco.inf.br\/index.php\/wp-json\/wp\/v2\/users\/7"}],"replies":[{"embeddable":true,"href":"https:\/\/fpisaofrancisco.inf.br\/index.php\/wp-json\/wp\/v2\/comments?post=8634"}],"version-history":[{"count":2,"href":"https:\/\/fpisaofrancisco.inf.br\/index.php\/wp-json\/wp\/v2\/posts\/8634\/revisions"}],"predecessor-version":[{"id":8641,"href":"https:\/\/fpisaofrancisco.inf.br\/index.php\/wp-json\/wp\/v2\/posts\/8634\/revisions\/8641"}],"wp:featuredmedia":[{"embeddable":true,"href":"https:\/\/fpisaofrancisco.inf.br\/index.php\/wp-json\/wp\/v2\/media\/8638"}],"wp:attachment":[{"href":"https:\/\/fpisaofrancisco.inf.br\/index.php\/wp-json\/wp\/v2\/media?parent=8634"}],"wp:term":[{"taxonomy":"category","embeddable":true,"href":"https:\/\/fpisaofrancisco.inf.br\/index.php\/wp-json\/wp\/v2\/categories?post=8634"},{"taxonomy":"post_tag","embeddable":true,"href":"https:\/\/fpisaofrancisco.inf.br\/index.php\/wp-json\/wp\/v2\/tags?post=8634"}],"curies":[{"name":"wp","href":"https:\/\/api.w.org\/{rel}","templated":true}]}}