{"id":8621,"date":"2025-08-23T11:03:39","date_gmt":"2025-08-23T11:03:39","guid":{"rendered":"https:\/\/fpisaofrancisco.inf.br\/?p=8621"},"modified":"2025-08-24T12:04:26","modified_gmt":"2025-08-24T12:04:26","slug":"fpial-fiscaliza-carros-pipa-pao-de-acucar","status":"publish","type":"post","link":"https:\/\/fpisaofrancisco.inf.br\/index.php\/2025\/08\/23\/fpial-fiscaliza-carros-pipa-pao-de-acucar\/","title":{"rendered":"Prote\u00e7\u00e3o da \u00e1gua e sa\u00fade p\u00fablica: FPI fiscaliza abastecimento por carros-pipa em P\u00e3o de A\u00e7\u00facar"},"content":{"rendered":"\n<p class=\"has-accent-background-color has-background\">Fiscaliza\u00e7\u00e3o alerta para riscos \u00e0 sa\u00fade em meio \u00e0 escassez h\u00eddrica no semi\u00e1rido alagoano<\/p>\n\n\n\n<p>\u00c1gua \u00e9 vida \u2014 e no sert\u00e3o, \u00e9 tamb\u00e9m esperan\u00e7a. No entanto, diante dos efeitos do aquecimento global e da escassez h\u00eddrica cada vez mais severa no semi\u00e1rido, o desafio do acesso \u00e0 \u00e1gua segura se intensifica. Durante a 15\u00aa etapa da Fiscaliza\u00e7\u00e3o Preventiva Integrada (FPI) do S\u00e3o Francisco, realizada em munic\u00edpios da regi\u00e3o, chamou a aten\u00e7\u00e3o o alto n\u00famero de ve\u00edculos transportadores de \u00e1gua circulando para abastecer comunidades mais distantes.<\/p>\n\n\n\n<figure class=\"wp-block-gallery has-nested-images columns-default is-cropped wp-block-gallery-1 is-layout-flex wp-block-gallery-is-layout-flex\">\n<figure class=\"wp-block-image size-large\"><img fetchpriority=\"high\" decoding=\"async\" width=\"960\" height=\"540\" data-id=\"8625\" src=\"https:\/\/fpisaofrancisco.inf.br\/wp-content\/uploads\/2025\/08\/f4_230825_carropipa.jpeg\" alt=\"\" class=\"wp-image-8625\" srcset=\"https:\/\/fpisaofrancisco.inf.br\/wp-content\/uploads\/2025\/08\/f4_230825_carropipa.jpeg 960w, https:\/\/fpisaofrancisco.inf.br\/wp-content\/uploads\/2025\/08\/f4_230825_carropipa-300x169.jpeg 300w, https:\/\/fpisaofrancisco.inf.br\/wp-content\/uploads\/2025\/08\/f4_230825_carropipa-768x432.jpeg 768w\" sizes=\"(max-width: 960px) 100vw, 960px\" \/><figcaption class=\"wp-element-caption\">Cr\u00e9dito: FPI do Rio S\u00e3o Francisco em Alagoas<\/figcaption><\/figure>\n\n\n\n<figure class=\"wp-block-image size-large\"><img decoding=\"async\" width=\"960\" height=\"540\" data-id=\"8624\" src=\"https:\/\/fpisaofrancisco.inf.br\/wp-content\/uploads\/2025\/08\/f3_230825_carropipa.jpeg\" alt=\"\" class=\"wp-image-8624\" srcset=\"https:\/\/fpisaofrancisco.inf.br\/wp-content\/uploads\/2025\/08\/f3_230825_carropipa.jpeg 960w, https:\/\/fpisaofrancisco.inf.br\/wp-content\/uploads\/2025\/08\/f3_230825_carropipa-300x169.jpeg 300w, https:\/\/fpisaofrancisco.inf.br\/wp-content\/uploads\/2025\/08\/f3_230825_carropipa-768x432.jpeg 768w\" sizes=\"(max-width: 960px) 100vw, 960px\" \/><figcaption class=\"wp-element-caption\">Cr\u00e9dito: FPI do Rio S\u00e3o Francisco em Alagoas<\/figcaption><\/figure>\n\n\n\n<figure class=\"wp-block-image size-large\"><img decoding=\"async\" width=\"985\" height=\"554\" data-id=\"8623\" src=\"https:\/\/fpisaofrancisco.inf.br\/wp-content\/uploads\/2025\/08\/f2_230825_carropipa.jpeg\" alt=\"\" class=\"wp-image-8623\" srcset=\"https:\/\/fpisaofrancisco.inf.br\/wp-content\/uploads\/2025\/08\/f2_230825_carropipa.jpeg 985w, https:\/\/fpisaofrancisco.inf.br\/wp-content\/uploads\/2025\/08\/f2_230825_carropipa-300x169.jpeg 300w, https:\/\/fpisaofrancisco.inf.br\/wp-content\/uploads\/2025\/08\/f2_230825_carropipa-768x432.jpeg 768w\" sizes=\"(max-width: 985px) 100vw, 985px\" \/><figcaption class=\"wp-element-caption\">Cr\u00e9dito: FPI do Rio S\u00e3o Francisco em Alagoas<\/figcaption><\/figure>\n\n\n\n<figure class=\"wp-block-image size-large\"><img loading=\"lazy\" decoding=\"async\" width=\"960\" height=\"540\" data-id=\"8622\" src=\"https:\/\/fpisaofrancisco.inf.br\/wp-content\/uploads\/2025\/08\/f1_230825_carropipa.jpeg\" alt=\"\" class=\"wp-image-8622\" srcset=\"https:\/\/fpisaofrancisco.inf.br\/wp-content\/uploads\/2025\/08\/f1_230825_carropipa.jpeg 960w, https:\/\/fpisaofrancisco.inf.br\/wp-content\/uploads\/2025\/08\/f1_230825_carropipa-300x169.jpeg 300w, https:\/\/fpisaofrancisco.inf.br\/wp-content\/uploads\/2025\/08\/f1_230825_carropipa-768x432.jpeg 768w\" sizes=\"(max-width: 960px) 100vw, 960px\" \/><figcaption class=\"wp-element-caption\">Cr\u00e9dito: FPI do Rio S\u00e3o Francisco em Alagoas<\/figcaption><\/figure>\n<\/figure>\n\n\n\n<p>A equipe de Abastecimento de \u00c1gua e Esgotamento Sanit\u00e1rio Urbano concentrou suas a\u00e7\u00f5es em verificar n\u00e3o apenas a exist\u00eancia do transporte por carros-pipa, mas principalmente a qualidade da \u00e1gua oferecida \u00e0 popula\u00e7\u00e3o. O objetivo \u00e9 assegurar que a \u00e1gua chegue dentro dos padr\u00f5es adequados para o consumo humano, preservando a sa\u00fade das fam\u00edlias que dependem desse recurso.<\/p>\n\n\n\n<p>O que se constatou, no entanto, foram irregularidades preocupantes: ve\u00edculos com tanques sem vistoria, capta\u00e7\u00e3o de \u00e1gua em pontos inadequados e em desacordo com a legisla\u00e7\u00e3o, al\u00e9m do descumprimento do tratamento necess\u00e1rio exigido pelo Minist\u00e9rio da Sa\u00fade. Essas falhas aumentam os riscos de contamina\u00e7\u00e3o e colocam em perigo comunidades j\u00e1 vulner\u00e1veis pela realidade da seca verde \u2014 quando, apesar da paisagem verde aparente, as reservas h\u00eddricas n\u00e3o suprem as necessidades da popula\u00e7\u00e3o.<\/p>\n\n\n\n<p>Para a coordenadora da equipe, Elizabeth Rocha, \u00e9 preciso que o poder p\u00fablico assuma sua responsabilidade: &#8220;O que observamos n\u00e3o \u00e9 apenas um problema de transporte, mas de sa\u00fade p\u00fablica. As prefeituras precisam ter consci\u00eancia da import\u00e2ncia de garantir que a \u00e1gua entregue \u00e0 popula\u00e7\u00e3o esteja dentro dos padr\u00f5es de potabilidade. O cumprimento da legisla\u00e7\u00e3o \u00e9 essencial para preservar vidas, especialmente em um contexto de seca e escassez como o que estamos vivenciando no semi\u00e1rido.&#8221;<\/p>\n\n\n\n<p>A atua\u00e7\u00e3o da FPI do S\u00e3o Francisco demonstra a relev\u00e2ncia da fiscaliza\u00e7\u00e3o integrada como instrumento de prote\u00e7\u00e3o \u00e0 sa\u00fade p\u00fablica e ao meio ambiente, refor\u00e7ando o compromisso das institui\u00e7\u00f5es envolvidas com a popula\u00e7\u00e3o e com a gest\u00e3o respons\u00e1vel da \u00e1gua.<\/p>\n\n\n\n<p>A equipe Abastecimento de \u00c1gua e Esgotamento Sanit\u00e1rio Urbano \u00e9 composta por t\u00e9cnicos do <a href=\"https:\/\/www.crea-al.org.br\/\" title=\"\">Conselho Regional de Engenharia e Agronomia de Alagoas (Crea-AL)<\/a>, <a href=\"https:\/\/crq17.org.br\/\" title=\"\">Conselho Regional de Qu\u00edmica da 17\u00aa Regi\u00e3o (CRQ-17<\/a>), <a href=\"https:\/\/www.crt03.gov.br\/\" title=\"\">Conselho Regional dos T\u00e9cnicos Industriais da 3\u00aa Regi\u00e3o (CRT-3)<\/a>, <a href=\"https:\/\/www2.ima.al.gov.br\/\" title=\"\">Instituto do Meio Ambiente de Alagoas (IMA\/AL)<\/a>, <a href=\"https:\/\/www.mpal.mp.br\/\" title=\"\">Minist\u00e9rio P\u00fablico de Alagoas (MP\/AL)<\/a>, <a href=\"https:\/\/www.saude.al.gov.br\/\" title=\"\">Secretaria de Estado da Sa\u00fade de Alagoas (Sesau)<\/a> e<a href=\"https:\/\/semarh.al.gov.br\/\" title=\"\"> Secretaria de Estado do Meio Ambiente e dos Recursos H\u00eddricos (Semarh).<\/a><\/p>\n\n\n\n<h3 class=\"wp-block-heading\"><strong>Leia tamb\u00e9m outras not\u00edcias da 15a etapa da FPI AL<\/strong><\/h3>\n\n\n\n<p><\/p>\n\n\n\n<p><a href=\"https:\/\/fpisaofrancisco.inf.br\/index.php\/2025\/08\/23\/fpial-fecha-laticinio-clandestino-girau-ponciano\/\" title=\"\">Betoneira enferrujada era usada em latic\u00ednio insalubre na zona rural de Girau do Ponciano<\/a><\/p>\n\n\n\n<p><a href=\"https:\/\/fpisaofrancisco.inf.br\/index.php\/2025\/08\/22\/clipagem-da-fpi-al-do-dia-22-08-25\/\">Clipagem da FPI\/AL do dia 22\/08\/2025<\/a><\/p>\n\n\n\n<p><a href=\"https:\/\/fpisaofrancisco.inf.br\/index.php\/2025\/08\/22\/feducacao-ambiental-guardioes-caatinga-tapera\/\">FPI promove educa\u00e7\u00e3o ambiental que torna alunos guardi\u00f5es da natureza em S\u00e3o Jos\u00e9 da Tapera<\/a><\/p>\n\n\n\n<p><a href=\"https:\/\/fpisaofrancisco.inf.br\/index.php\/2025\/08\/22\/fpial-sitio-fossil-aguazinha-quilombo\/\">FPI do S\u00e3o Francisco visita poss\u00edvel s\u00edtio paleontol\u00f3gico em comunidade quilombola de Aguazinha, em Carneiros<\/a><\/p>\n\n\n\n<p><a href=\"https:\/\/fpisaofrancisco.inf.br\/index.php\/2025\/08\/22\/invasao-compromete-sistema-de-dessalinizacao\/\">Invas\u00e3o compromete sistema de dessaliniza\u00e7\u00e3o em Olho d\u2019\u00c1gua das Flores, enquanto comunidade quilombola em Carneiros vira modelo de gest\u00e3o<\/a><\/p>\n\n\n\n<p><a href=\"https:\/\/fpisaofrancisco.inf.br\/index.php\/2025\/08\/21\/clipagem-da-fpi-al-do-dia-21-08-2025\/\">Clipagem da FPI\/AL do dia 21\/08\/2025<\/a><\/p>\n\n\n\n<p><a href=\"https:\/\/fpisaofrancisco.inf.br\/index.php\/2025\/08\/21\/fpial-flagra-irregularidades-em-criatorio-de-aves\/\">FPI do S\u00e3o Francisco flagra irregularidades em criat\u00f3rio de aves em Arapiraca<\/a><\/p>\n\n\n\n<p><a href=\"https:\/\/fpisaofrancisco.inf.br\/index.php\/2025\/08\/21\/fpi-flagra-lixao-em-sao-jose-da-tapera-e-aplica-multa-de-r-80-mil\/\">FPI flagra lix\u00e3o em S\u00e3o Jos\u00e9 da Tapera e aplica multa de R$ 80 mil<\/a><\/p>\n\n\n\n<p><a href=\"file:\/\/\/S:\/\/fpisaofrancisco.inf.br\/index.php\/2025\/08\/21\/municipios-alagoanos-recebem-orientacoes-para-fortalecer-politica-ambiental\">Munic\u00edpios alagoanos recebem orienta\u00e7\u00f5es da FPI para fortalecer pol\u00edtica ambiental local<\/a><\/p>\n\n\n\n<p><a href=\"https:\/\/fpisaofrancisco.inf.br\/index.php\/2025\/08\/21\/fpi-flagra-laticinio-e-pocilga-clandestinos\/\">FPI flagra latic\u00ednio e pocilga clandestinos em Major Izidoro e recolhe quase uma tonelada de alimento impr\u00f3prio para consumo<\/a><\/p>\n\n\n\n<p><a href=\"https:\/\/fpisaofrancisco.inf.br\/index.php\/2025\/08\/21\/clipagem-da-fpi-al-do-dia-20-08-2025\/\">Clipagem da FPI\/AL do dia 20\/08\/2025<\/a><\/p>\n\n\n\n<p><a href=\"https:\/\/fpisaofrancisco.inf.br\/index.php\/2025\/08\/20\/guardioes-do-velho-chico-protege-vida-e-sustento-no-sao-francisco\/\">Guardi\u00f5es do Velho Chico: combate \u00e0 pesca predat\u00f3ria protege vida e sustento no S\u00e3o Francisco<\/a><\/p>\n\n\n\n<p><a href=\"https:\/\/fpisaofrancisco.inf.br\/index.php\/2025\/08\/20\/fpi-em-comunidades-tradicionais-relatos-reforcam-urgencia-em-saude-e-educacao-em-pao-de-acucar\/\">FPI em comunidades tradicionais: relatos refor\u00e7am urg\u00eancia em sa\u00fade e educa\u00e7\u00e3o em P\u00e3o de A\u00e7\u00facar<\/a><\/p>\n\n\n\n<p><a href=\"https:\/\/fpisaofrancisco.inf.br\/index.php\/2025\/08\/20\/fpial-leva-educacao-ambiental-a-escolas-e-comunidades-tradicionais-em-palestina\/\">FPI em Alagoas leva educa\u00e7\u00e3o ambiental a escolas e comunidades tradicionais em Palestina<\/a><\/p>\n\n\n\n<p><a href=\"https:\/\/fpisaofrancisco.inf.br\/index.php\/2025\/08\/20\/fpial-constata-maior-desmatamento-registrado\/\">FPI do S\u00e3o Francisco constata maior desmatamento j\u00e1 registrado durante as 15 etapas da fiscaliza\u00e7\u00e3o em Alagoas<\/a><\/p>\n\n\n\n<p><a href=\"https:\/\/fpisaofrancisco.inf.br\/index.php\/2025\/08\/19\/fpi-atua-para-combater-trabalho-analogo-a-escravidao-em-pedreiras\/\">FPI atua para combater trabalho an\u00e1logo \u00e0 escravid\u00e3o em pedreiras<\/a><\/p>\n\n\n\n<p><a href=\"https:\/\/fpisaofrancisco.inf.br\/index.php\/2025\/08\/19\/fpial-discute-dignidade-e-politicas-publicas-com-comunidade-quilombola-cacimba-do-barro\/\">FPI do Rio S\u00e3o Francisco discute dignidade e pol\u00edticas p\u00fablicas com comunidade quilombola Cacimba do Barro, no alto sert\u00e3o<\/a><\/p>\n\n\n\n<p><a href=\"https:\/\/fpisaofrancisco.inf.br\/index.php\/2025\/08\/18\/fpi-interdita-clinica-veterinaria-em-sao-jose-da-tapera\/\">FPI do Rio S\u00e3o Francisco interdita cl\u00ednica veterin\u00e1ria em S\u00e3o Jos\u00e9 da Tapera por cirurgias irregulares de animais<\/a><\/p>\n\n\n\n<p><a href=\"http:\/\/xn--defesa%20da%20sade%20pblica-c2cg:%20FPI%20impede%20venda%20de%20368%20litros%20de%20leite%20impr%C3%B3prio%20para%20consumo%20humano%20em%20P%C3%A3o%20de%20A%C3%A7%C3%BAcar\/\">Defesa da sa\u00fade p\u00fablica: FPI impede venda de 368 litros de leite impr\u00f3prio para consumo humano em P\u00e3o de A\u00e7\u00facar<\/a><\/p>\n\n\n\n<p><a href=\"https:\/\/fpisaofrancisco.inf.br\/index.php\/2025\/08\/18\/fpi-inicia-a-15a-etapa-em-alagoas-com-fiscalizacao-e-educacao-ambiental-para-populacao-sertaneja\/\">FPI do Rio S\u00e3o Francisco d\u00e1 in\u00edcio \u00e0 15\u00aa etapa em Alagoas com fiscaliza\u00e7\u00e3o e educa\u00e7\u00e3o ambiental para popula\u00e7\u00e3o sertaneja<\/a><\/p>\n","protected":false},"excerpt":{"rendered":"<p>Na 15\u00aa etapa da FPI, em P\u00e3o de A\u00e7\u00facar (AL), foram fiscalizados carros-pipa usados no abastecimento. A\u00e7\u00e3o identificou falhas graves no transporte e tratamento da \u00e1gua, colocando em risco a sa\u00fade da popula\u00e7\u00e3o do semi\u00e1rido.<\/p>\n","protected":false},"author":7,"featured_media":8626,"comment_status":"open","ping_status":"open","sticky":false,"template":"","format":"standard","meta":{"_jetpack_memberships_contains_paid_content":false,"footnotes":""},"categories":[286,215,72],"tags":[287,196,213,316,82,317],"class_list":["post-8621","post","type-post","status-publish","format-standard","has-post-thumbnail","hentry","category-15-etapa-fpi-al","category-noticias","category-noticias-alagoas","tag-15fpial","tag-agua","tag-bhsf","tag-carropipa","tag-fpial","tag-paodeacucar","category-286","category-215","category-72","description-off"],"aioseo_notices":[],"jetpack_featured_media_url":"https:\/\/fpisaofrancisco.inf.br\/wp-content\/uploads\/2025\/08\/f5_230825_carropipa.jpeg","jetpack_sharing_enabled":true,"_links":{"self":[{"href":"https:\/\/fpisaofrancisco.inf.br\/index.php\/wp-json\/wp\/v2\/posts\/8621","targetHints":{"allow":["GET"]}}],"collection":[{"href":"https:\/\/fpisaofrancisco.inf.br\/index.php\/wp-json\/wp\/v2\/posts"}],"about":[{"href":"https:\/\/fpisaofrancisco.inf.br\/index.php\/wp-json\/wp\/v2\/types\/post"}],"author":[{"embeddable":true,"href":"https:\/\/fpisaofrancisco.inf.br\/index.php\/wp-json\/wp\/v2\/users\/7"}],"replies":[{"embeddable":true,"href":"https:\/\/fpisaofrancisco.inf.br\/index.php\/wp-json\/wp\/v2\/comments?post=8621"}],"version-history":[{"count":1,"href":"https:\/\/fpisaofrancisco.inf.br\/index.php\/wp-json\/wp\/v2\/posts\/8621\/revisions"}],"predecessor-version":[{"id":8628,"href":"https:\/\/fpisaofrancisco.inf.br\/index.php\/wp-json\/wp\/v2\/posts\/8621\/revisions\/8628"}],"wp:featuredmedia":[{"embeddable":true,"href":"https:\/\/fpisaofrancisco.inf.br\/index.php\/wp-json\/wp\/v2\/media\/8626"}],"wp:attachment":[{"href":"https:\/\/fpisaofrancisco.inf.br\/index.php\/wp-json\/wp\/v2\/media?parent=8621"}],"wp:term":[{"taxonomy":"category","embeddable":true,"href":"https:\/\/fpisaofrancisco.inf.br\/index.php\/wp-json\/wp\/v2\/categories?post=8621"},{"taxonomy":"post_tag","embeddable":true,"href":"https:\/\/fpisaofrancisco.inf.br\/index.php\/wp-json\/wp\/v2\/tags?post=8621"}],"curies":[{"name":"wp","href":"https:\/\/api.w.org\/{rel}","templated":true}]}}