{"id":8596,"date":"2025-08-24T08:08:51","date_gmt":"2025-08-24T08:08:51","guid":{"rendered":"https:\/\/fpisaofrancisco.inf.br\/?p=8596"},"modified":"2025-08-24T13:34:06","modified_gmt":"2025-08-24T13:34:06","slug":"fpial-visita-quilombo-pau-ferro","status":"publish","type":"post","link":"https:\/\/fpisaofrancisco.inf.br\/index.php\/2025\/08\/24\/fpial-visita-quilombo-pau-ferro\/","title":{"rendered":"FPI do S\u00e3o Francisco visita Pau Ferro, a mais nova comunidade quilombola certificada em Alagoas"},"content":{"rendered":"\n<p class=\"has-accent-background-color has-background\">Reconhecimento oficial abre portas para acesso a direitos e pol\u00edticas p\u00fablicas<\/p>\n\n\n\n<p>Preservando sua mem\u00f3ria atrav\u00e9s da hist\u00f3ria oral por mais de um s\u00e9culo, Pau Ferro, em Jacar\u00e9 dos Homens, rec\u00e9m-certificado pela Funda\u00e7\u00e3o Palmares, foi a mais nova comunidade quilombola visitada pela Fiscaliza\u00e7\u00e3o Preventiva Integrada (FPI) do Rio S\u00e3o Francisco.<\/p>\n\n\n\n<figure class=\"wp-block-gallery has-nested-images columns-default is-cropped wp-block-gallery-1 is-layout-flex wp-block-gallery-is-layout-flex\">\n<figure class=\"wp-block-image size-large\"><img fetchpriority=\"high\" decoding=\"async\" width=\"1024\" height=\"682\" data-id=\"8601\" src=\"https:\/\/fpisaofrancisco.inf.br\/wp-content\/uploads\/2025\/08\/f5_220825pauferro-1024x682.jpeg\" alt=\"\" class=\"wp-image-8601\" srcset=\"https:\/\/fpisaofrancisco.inf.br\/wp-content\/uploads\/2025\/08\/f5_220825pauferro-1024x682.jpeg 1024w, https:\/\/fpisaofrancisco.inf.br\/wp-content\/uploads\/2025\/08\/f5_220825pauferro-300x200.jpeg 300w, https:\/\/fpisaofrancisco.inf.br\/wp-content\/uploads\/2025\/08\/f5_220825pauferro-768x512.jpeg 768w, https:\/\/fpisaofrancisco.inf.br\/wp-content\/uploads\/2025\/08\/f5_220825pauferro-1536x1023.jpeg 1536w, https:\/\/fpisaofrancisco.inf.br\/wp-content\/uploads\/2025\/08\/f5_220825pauferro.jpeg 1600w\" sizes=\"(max-width: 1024px) 100vw, 1024px\" \/><figcaption class=\"wp-element-caption\">Cr\u00e9dito: Bruna Cordeiro\/AGENDHA (@brunaosyris) <\/figcaption><\/figure>\n\n\n\n<figure class=\"wp-block-image size-large\"><img decoding=\"async\" width=\"1024\" height=\"682\" data-id=\"8600\" src=\"https:\/\/fpisaofrancisco.inf.br\/wp-content\/uploads\/2025\/08\/f4_220825pauferro-1024x682.jpeg\" alt=\"\" class=\"wp-image-8600\" srcset=\"https:\/\/fpisaofrancisco.inf.br\/wp-content\/uploads\/2025\/08\/f4_220825pauferro-1024x682.jpeg 1024w, https:\/\/fpisaofrancisco.inf.br\/wp-content\/uploads\/2025\/08\/f4_220825pauferro-300x200.jpeg 300w, https:\/\/fpisaofrancisco.inf.br\/wp-content\/uploads\/2025\/08\/f4_220825pauferro-768x512.jpeg 768w, https:\/\/fpisaofrancisco.inf.br\/wp-content\/uploads\/2025\/08\/f4_220825pauferro-1536x1023.jpeg 1536w, https:\/\/fpisaofrancisco.inf.br\/wp-content\/uploads\/2025\/08\/f4_220825pauferro.jpeg 1600w\" sizes=\"(max-width: 1024px) 100vw, 1024px\" \/><figcaption class=\"wp-element-caption\">Cr\u00e9dito: Bruna Cordeiro\/AGENDHA (@brunaosyris) <\/figcaption><\/figure>\n\n\n\n<figure class=\"wp-block-image size-large\"><img decoding=\"async\" width=\"1024\" height=\"682\" data-id=\"8599\" src=\"https:\/\/fpisaofrancisco.inf.br\/wp-content\/uploads\/2025\/08\/f3_220825pauferro-1024x682.jpeg\" alt=\"\" class=\"wp-image-8599\" srcset=\"https:\/\/fpisaofrancisco.inf.br\/wp-content\/uploads\/2025\/08\/f3_220825pauferro-1024x682.jpeg 1024w, https:\/\/fpisaofrancisco.inf.br\/wp-content\/uploads\/2025\/08\/f3_220825pauferro-300x200.jpeg 300w, https:\/\/fpisaofrancisco.inf.br\/wp-content\/uploads\/2025\/08\/f3_220825pauferro-768x512.jpeg 768w, https:\/\/fpisaofrancisco.inf.br\/wp-content\/uploads\/2025\/08\/f3_220825pauferro-1536x1023.jpeg 1536w, https:\/\/fpisaofrancisco.inf.br\/wp-content\/uploads\/2025\/08\/f3_220825pauferro.jpeg 1600w\" sizes=\"(max-width: 1024px) 100vw, 1024px\" \/><figcaption class=\"wp-element-caption\">Cr\u00e9dito: Bruna Cordeiro\/AGENDHA (@brunaosyris) <\/figcaption><\/figure>\n\n\n\n<figure class=\"wp-block-image size-large\"><img loading=\"lazy\" decoding=\"async\" width=\"1024\" height=\"682\" data-id=\"8598\" src=\"https:\/\/fpisaofrancisco.inf.br\/wp-content\/uploads\/2025\/08\/f2_220825pauferro-1024x682.jpeg\" alt=\"\" class=\"wp-image-8598\" srcset=\"https:\/\/fpisaofrancisco.inf.br\/wp-content\/uploads\/2025\/08\/f2_220825pauferro-1024x682.jpeg 1024w, https:\/\/fpisaofrancisco.inf.br\/wp-content\/uploads\/2025\/08\/f2_220825pauferro-300x200.jpeg 300w, https:\/\/fpisaofrancisco.inf.br\/wp-content\/uploads\/2025\/08\/f2_220825pauferro-768x512.jpeg 768w, https:\/\/fpisaofrancisco.inf.br\/wp-content\/uploads\/2025\/08\/f2_220825pauferro-1536x1023.jpeg 1536w, https:\/\/fpisaofrancisco.inf.br\/wp-content\/uploads\/2025\/08\/f2_220825pauferro.jpeg 1600w\" sizes=\"(max-width: 1024px) 100vw, 1024px\" \/><figcaption class=\"wp-element-caption\">Cr\u00e9dito: Bruna Cordeiro\/AGENDHA (@brunaosyris) <\/figcaption><\/figure>\n<\/figure>\n\n\n\n<p>Reconhecida h\u00e1 pouco mais de 20 dias, a visita da equipe Comunidades Tradicionais e Patrim\u00f4nio Cultural marcou o in\u00edcio de um novo cap\u00edtulo para as 78 fam\u00edlias que vivem no povoado: al\u00e9m do reconhecimento hist\u00f3rico, a comunidade passa agora a ter acesso a pol\u00edticas p\u00fablicas espec\u00edficas voltadas para povos e comunidades tradicionais.<\/p>\n\n\n\n<p>Durante a atividade, representantes de diversas institui\u00e7\u00f5es dialogaram com moradores sobre direitos e caminhos para acessar benef\u00edcios sociais e produtivos. Entre os pontos destacados, o esclarecimento pelo articulador estadual do Projeto Dom H\u00e9lder C\u00e2mara (PDHC III), vinculado ao Minist\u00e9rio de Desenvolvimento Agr\u00e1rio e Agricultura Familiar (MDA), Humberto Santos, sobre o Cadastro Ambiental Rural (CAR) coletivo e o Cadastro Nacional da Agricultura Familiar (CAF). \u201cAgora que saiu a certifica\u00e7\u00e3o quilombola, essa popula\u00e7\u00e3o deve buscar o CAR coletivo e o CAF, que podem ser feitos de forma simplificada por comunidades quilombolas, dispensando a exig\u00eancia de propriedade individual da terra. O documento abre as portas para programas de cr\u00e9dito, assist\u00eancia t\u00e9cnica e apoio \u00e0 produ\u00e7\u00e3o\u201d, destacou Humberto Santos.<\/p>\n\n\n\n<figure class=\"wp-block-gallery has-nested-images columns-default is-cropped wp-block-gallery-2 is-layout-flex wp-block-gallery-is-layout-flex\">\n<figure class=\"wp-block-image size-large\"><img loading=\"lazy\" decoding=\"async\" width=\"1024\" height=\"576\" data-id=\"8607\" src=\"https:\/\/fpisaofrancisco.inf.br\/wp-content\/uploads\/2025\/08\/f11_220825pauferro-1024x576.jpeg\" alt=\"\" class=\"wp-image-8607\" srcset=\"https:\/\/fpisaofrancisco.inf.br\/wp-content\/uploads\/2025\/08\/f11_220825pauferro-1024x576.jpeg 1024w, https:\/\/fpisaofrancisco.inf.br\/wp-content\/uploads\/2025\/08\/f11_220825pauferro-300x169.jpeg 300w, https:\/\/fpisaofrancisco.inf.br\/wp-content\/uploads\/2025\/08\/f11_220825pauferro-768x432.jpeg 768w, https:\/\/fpisaofrancisco.inf.br\/wp-content\/uploads\/2025\/08\/f11_220825pauferro-1536x864.jpeg 1536w, https:\/\/fpisaofrancisco.inf.br\/wp-content\/uploads\/2025\/08\/f11_220825pauferro.jpeg 1600w\" sizes=\"(max-width: 1024px) 100vw, 1024px\" \/><figcaption class=\"wp-element-caption\">Cr\u00e9dito: Bruna Cordeiro\/AGENDHA (@brunaosyris) <\/figcaption><\/figure>\n\n\n\n<figure class=\"wp-block-image size-large\"><img loading=\"lazy\" decoding=\"async\" width=\"1024\" height=\"768\" data-id=\"8606\" src=\"https:\/\/fpisaofrancisco.inf.br\/wp-content\/uploads\/2025\/08\/f10_220825pauferro-1024x768.jpeg\" alt=\"\" class=\"wp-image-8606\" srcset=\"https:\/\/fpisaofrancisco.inf.br\/wp-content\/uploads\/2025\/08\/f10_220825pauferro-1024x768.jpeg 1024w, https:\/\/fpisaofrancisco.inf.br\/wp-content\/uploads\/2025\/08\/f10_220825pauferro-300x225.jpeg 300w, https:\/\/fpisaofrancisco.inf.br\/wp-content\/uploads\/2025\/08\/f10_220825pauferro-768x576.jpeg 768w, https:\/\/fpisaofrancisco.inf.br\/wp-content\/uploads\/2025\/08\/f10_220825pauferro-1536x1152.jpeg 1536w, https:\/\/fpisaofrancisco.inf.br\/wp-content\/uploads\/2025\/08\/f10_220825pauferro.jpeg 1600w\" sizes=\"(max-width: 1024px) 100vw, 1024px\" \/><figcaption class=\"wp-element-caption\">Cr\u00e9dito: Bruna Cordeiro\/AGENDHA (@brunaosyris) <\/figcaption><\/figure>\n\n\n\n<figure class=\"wp-block-image size-large\"><img loading=\"lazy\" decoding=\"async\" width=\"1024\" height=\"768\" data-id=\"8605\" src=\"https:\/\/fpisaofrancisco.inf.br\/wp-content\/uploads\/2025\/08\/f9_220825pauferro-1024x768.jpeg\" alt=\"\" class=\"wp-image-8605\" srcset=\"https:\/\/fpisaofrancisco.inf.br\/wp-content\/uploads\/2025\/08\/f9_220825pauferro-1024x768.jpeg 1024w, https:\/\/fpisaofrancisco.inf.br\/wp-content\/uploads\/2025\/08\/f9_220825pauferro-300x225.jpeg 300w, https:\/\/fpisaofrancisco.inf.br\/wp-content\/uploads\/2025\/08\/f9_220825pauferro-768x576.jpeg 768w, https:\/\/fpisaofrancisco.inf.br\/wp-content\/uploads\/2025\/08\/f9_220825pauferro-1536x1152.jpeg 1536w, https:\/\/fpisaofrancisco.inf.br\/wp-content\/uploads\/2025\/08\/f9_220825pauferro.jpeg 1600w\" sizes=\"(max-width: 1024px) 100vw, 1024px\" \/><figcaption class=\"wp-element-caption\">Cr\u00e9dito: Bruna Cordeiro\/AGENDHA (@brunaosyris) <\/figcaption><\/figure>\n\n\n\n<figure class=\"wp-block-image size-large\"><img loading=\"lazy\" decoding=\"async\" width=\"1024\" height=\"682\" data-id=\"8604\" src=\"https:\/\/fpisaofrancisco.inf.br\/wp-content\/uploads\/2025\/08\/f8_220825pauferro-1024x682.jpeg\" alt=\"\" class=\"wp-image-8604\" srcset=\"https:\/\/fpisaofrancisco.inf.br\/wp-content\/uploads\/2025\/08\/f8_220825pauferro-1024x682.jpeg 1024w, https:\/\/fpisaofrancisco.inf.br\/wp-content\/uploads\/2025\/08\/f8_220825pauferro-300x200.jpeg 300w, https:\/\/fpisaofrancisco.inf.br\/wp-content\/uploads\/2025\/08\/f8_220825pauferro-768x512.jpeg 768w, https:\/\/fpisaofrancisco.inf.br\/wp-content\/uploads\/2025\/08\/f8_220825pauferro-1536x1023.jpeg 1536w, https:\/\/fpisaofrancisco.inf.br\/wp-content\/uploads\/2025\/08\/f8_220825pauferro.jpeg 1600w\" sizes=\"(max-width: 1024px) 100vw, 1024px\" \/><figcaption class=\"wp-element-caption\">Cr\u00e9dito: Bruna Cordeiro\/AGENDHA (@brunaosyris) <\/figcaption><\/figure>\n\n\n\n<figure class=\"wp-block-image size-large\"><img loading=\"lazy\" decoding=\"async\" width=\"1024\" height=\"682\" data-id=\"8603\" src=\"https:\/\/fpisaofrancisco.inf.br\/wp-content\/uploads\/2025\/08\/f7_220825pauferro-1024x682.jpeg\" alt=\"\" class=\"wp-image-8603\" srcset=\"https:\/\/fpisaofrancisco.inf.br\/wp-content\/uploads\/2025\/08\/f7_220825pauferro-1024x682.jpeg 1024w, https:\/\/fpisaofrancisco.inf.br\/wp-content\/uploads\/2025\/08\/f7_220825pauferro-300x200.jpeg 300w, https:\/\/fpisaofrancisco.inf.br\/wp-content\/uploads\/2025\/08\/f7_220825pauferro-768x512.jpeg 768w, https:\/\/fpisaofrancisco.inf.br\/wp-content\/uploads\/2025\/08\/f7_220825pauferro-1536x1023.jpeg 1536w, https:\/\/fpisaofrancisco.inf.br\/wp-content\/uploads\/2025\/08\/f7_220825pauferro.jpeg 1600w\" sizes=\"(max-width: 1024px) 100vw, 1024px\" \/><figcaption class=\"wp-element-caption\">Cr\u00e9dito: Bruna Cordeiro\/AGENDHA (@brunaosyris) <\/figcaption><\/figure>\n\n\n\n<figure class=\"wp-block-image size-large\"><img loading=\"lazy\" decoding=\"async\" width=\"1024\" height=\"682\" data-id=\"8602\" src=\"https:\/\/fpisaofrancisco.inf.br\/wp-content\/uploads\/2025\/08\/f6_220825pauferro-1024x682.jpeg\" alt=\"\" class=\"wp-image-8602\" srcset=\"https:\/\/fpisaofrancisco.inf.br\/wp-content\/uploads\/2025\/08\/f6_220825pauferro-1024x682.jpeg 1024w, https:\/\/fpisaofrancisco.inf.br\/wp-content\/uploads\/2025\/08\/f6_220825pauferro-300x200.jpeg 300w, https:\/\/fpisaofrancisco.inf.br\/wp-content\/uploads\/2025\/08\/f6_220825pauferro-768x512.jpeg 768w, https:\/\/fpisaofrancisco.inf.br\/wp-content\/uploads\/2025\/08\/f6_220825pauferro-1536x1023.jpeg 1536w, https:\/\/fpisaofrancisco.inf.br\/wp-content\/uploads\/2025\/08\/f6_220825pauferro.jpeg 1600w\" sizes=\"(max-width: 1024px) 100vw, 1024px\" \/><figcaption class=\"wp-element-caption\">Cr\u00e9dito: Bruna Cordeiro\/AGENDHA (@brunaosyris) <\/figcaption><\/figure>\n<\/figure>\n\n\n\n<p>\u201cEsse reconhecimento fortalece a identidade do povoado e garante acesso a pol\u00edticas p\u00fablicas que antes eram distantes. O pr\u00f3ximo passo \u00e9 que a pr\u00f3pria comunidade defina se deseja dar entrada no processo de titula\u00e7\u00e3o de terras junto ao Incra\u201d, refor\u00e7ou o procurador da Rep\u00fablica Eliabe Soares, titular do of\u00edcio de comunidades tradicionais do MPF em Alagoas.<\/p>\n\n\n\n<p>Pau Ferro j\u00e1 possui uma forte associa\u00e7\u00e3o de produtores de leite, al\u00e9m de uma associa\u00e7\u00e3o de moradores que promove a produ\u00e7\u00e3o de bolos para o Programa Nacional de Alimenta\u00e7\u00e3o Escolar (PNAE). A comunidade tamb\u00e9m recebeu um trator do Dnocs, mas ainda enfrenta car\u00eancias de equipamentos agr\u00edcolas, como colheitadeira e ensiladeira, que poderiam ampliar a produtividade de milho e feij\u00e3o, t\u00e3o t\u00edpicos na regi\u00e3o.<\/p>\n\n\n\n<h3 class=\"wp-block-heading\">Desafios em infraestrutura e servi\u00e7os b\u00e1sicos<\/h3>\n\n\n\n<p>Apesar da for\u00e7a organizativa, os moradores relataram desafios em servi\u00e7os essenciais. A falta de \u00e1gua \u00e9 uma das principais preocupa\u00e7\u00f5es: mesmo no inverno h\u00e1 dias em que o abastecimento falha. A comunidade depende da Companhia de Abastecimento de Alagoas (Casal), mas no ver\u00e3o precisa contar com carros-pipa enviados pelo munic\u00edpio a cada 15 dias, ao longo de v\u00e1rios meses de desabastecimento.<\/p>\n\n\n\n<p>Para Max Luiz, assessor de Governan\u00e7a e Transpar\u00eancia, da Secretaria de Estado do Meio Ambiente e dos Recursos H\u00eddricos (Semarh), essa situa\u00e7\u00e3o precisa ser melhor analisada para que alternativas sejam encontradas. \u201cLevar \u00e1gua de qualidade at\u00e9 as casas dessas fam\u00edlias durante todo o ano \u00e9 garantir dignidade e condi\u00e7\u00f5es reais de perman\u00eancia no territ\u00f3rio&#8221;.<\/p>\n\n\n\n<p>Cada resid\u00eancia possui uma fossa seca, e o servi\u00e7o de coleta de lixo ocorre semanalmente, sem necessidade de queima de res\u00edduos.<\/p>\n\n\n\n<p>Na sa\u00fade, a popula\u00e7\u00e3o precisa se deslocar at\u00e9 a comunidade quilombola vizinha de Caititus, a cerca de 2 km, onde o posto funciona apenas um dia por semana e com poucos hor\u00e1rios. A aus\u00eancia de um posto de sa\u00fade em Pau Ferro \u00e9 considerada uma necessidade, assim como a regulariza\u00e7\u00e3o do abastecimento de \u00e1gua \u00e9 considerada uma urg\u00eancia.<\/p>\n\n\n\n<p>Na educa\u00e7\u00e3o, a oferta se restringe \u00e0 etapa infantil, embora o transporte escolar seja considerado satisfat\u00f3rio. Outro ponto de destaque foi a expectativa em torno de um projeto habitacional pelo programa Minha Casa Minha Vida Rural (MCMVR), que deve contemplar inicialmente 50 fam\u00edlias. Atualmente, quatro casas de taipa ainda est\u00e3o em uso na comunidade.<\/p>\n\n\n\n<p>O coordenador da equipe Comunidades Tradicionais e Patrim\u00f4nio Cultural, Ivan Farias, antrop\u00f3logo do MPF, destacou que a uni\u00e3o entre os quilombolas \u00e9 a marca mais importante dessa comunidade rec\u00e9m-certificada pela Funda\u00e7\u00e3o Cultural Palmares, refor\u00e7ando que a uni\u00e3o os far\u00e1 prosperar conjuntamente.<\/p>\n\n\n\n<p>O Incra ressaltou que comunidades quilombolas com territ\u00f3rio demarcado e os mesmos direitos de assentamentos da reforma agr\u00e1ria, como acesso a cr\u00e9ditos federais e, em etapas mais avan\u00e7adas da titula\u00e7\u00e3o, direito a unidades habitacionais. Para os representantes da equipe de Comunidades Tradicionais e Patrim\u00f4nio Cultural, o passo mais importante ser\u00e1 a formaliza\u00e7\u00e3o do processo de regulariza\u00e7\u00e3o junto ao Incra.<\/p>\n\n\n\n<h3 class=\"wp-block-heading\">Comunidades Tradicionais na FPI<\/h3>\n\n\n\n<p>Diferentemente de outras equipes da Fiscaliza\u00e7\u00e3o Preventiva Integrada (FPI) do Rio S\u00e3o Francisco em Alagoas, a equipe de Comunidades Tradicionais e Patrim\u00f4nio Cultural presta-se n\u00e3o \u00e0 fiscaliza\u00e7\u00e3o dessas comunidades, mas \u00e0 sua prote\u00e7\u00e3o e preserva\u00e7\u00e3o. A defesa dos modos tradicionais de vida do povo da bacia do Rio S\u00e3o Francisco, que tem uma rela\u00e7\u00e3o de depend\u00eancia da terra, de onde tira seu sustento, \u00e9 importante para todo o ecossistema. O fortalecimento dessas comunidades passa diretamente pelo acesso a pol\u00edticas p\u00fablicas e programas de gera\u00e7\u00e3o de renda.<\/p>\n\n\n\n<p>Participaram das atividades no Quilombo Pau Ferro: representantes do <a href=\"https:\/\/www.mpf.mp.br\/al\/\" title=\"\">MPF,<\/a> <a href=\"https:\/\/www.gov.br\/incra\/pt-br\" title=\"\">Incra<\/a>, <a href=\"https:\/\/www.gov.br\/mda\/pt-br\" title=\"\">MDA<\/a>, <a href=\"https:\/\/semarh.al.gov.br\/\" title=\"\">Semarh<\/a>, <a href=\"http:\/\/www.instagram.com\/redemulheresnct\" title=\"\">Rede Mulheres de Comunidades Tradicionais (RMCT)<\/a>, <a href=\"https:\/\/institutohori.org.br\/\" title=\"\">Instituto Hori <\/a>e da <a href=\"https:\/\/www.agendha.org\/\" title=\"\">ONG Agendha \u2013 Assessoria e Gest\u00e3o em Estudo da Natureza, Desenvolvimento Humano e Agroecologia.<\/a> Tudo com o acompanhamento dos procuradores da Rep\u00fablica Eliabe Soares, titular do of\u00edcio de Comunidades Tradicionais do MPF em Alagoas, e \u00c9rico Gomes, membro do n\u00facleo de Meio Ambiente do MPF em Alagoas e um dos coordenadores gerais da FPI no estado.<\/p>\n\n\n\n<p><\/p>\n\n\n\n<h3 class=\"wp-block-heading\"><strong>Leia tamb\u00e9m outras not\u00edcias da 15a etapa da FPI AL<\/strong><\/h3>\n\n\n\n<p><a href=\"https:\/\/fpisaofrancisco.inf.br\/index.php\/2025\/08\/23\/clipagem-da-fpi-al-do-dia-23-08-2025\/\">Clipagem da FPI\/AL do dia 23\/08\/2025<\/a><\/p>\n\n\n\n<p><a href=\"https:\/\/fpisaofrancisco.inf.br\/index.php\/2025\/08\/23\/fpial-fiscaliza-carros-pipa-pao-de-acucar\/\" title=\"\">Prote\u00e7\u00e3o da \u00e1gua e sa\u00fade p\u00fablica: FPI fiscaliza abastecimento por carros-pipa em P\u00e3o de A\u00e7\u00facar<\/a><\/p>\n\n\n\n<p><a href=\"https:\/\/fpisaofrancisco.inf.br\/index.php\/2025\/08\/23\/fpial-fecha-laticinio-clandestino-girau-ponciano\/\" title=\"\">Betoneira enferrujada era usada em latic\u00ednio insalubre na zona rural de Girau do Ponciano<\/a><\/p>\n\n\n\n<p><a href=\"https:\/\/fpisaofrancisco.inf.br\/index.php\/2025\/08\/22\/clipagem-da-fpi-al-do-dia-22-08-25\/\" title=\"\">Clipagem da FPI\/AL do dia 22\/08\/2025<\/a><\/p>\n\n\n\n<p><a href=\"https:\/\/fpisaofrancisco.inf.br\/index.php\/2025\/08\/22\/feducacao-ambiental-guardioes-caatinga-tapera\/\">FPI promove educa\u00e7\u00e3o ambiental que torna alunos guardi\u00f5es da natureza em S\u00e3o Jos\u00e9 da Tapera<\/a><\/p>\n\n\n\n<p><a href=\"https:\/\/fpisaofrancisco.inf.br\/index.php\/2025\/08\/22\/fpial-sitio-fossil-aguazinha-quilombo\/\">FPI do S\u00e3o Francisco visita poss\u00edvel s\u00edtio paleontol\u00f3gico em comunidade quilombola de Aguazinha, em Carneiros<\/a><\/p>\n\n\n\n<p><a href=\"https:\/\/fpisaofrancisco.inf.br\/index.php\/2025\/08\/22\/invasao-compromete-sistema-de-dessalinizacao\/\">Invas\u00e3o compromete sistema de dessaliniza\u00e7\u00e3o em Olho d\u2019\u00c1gua das Flores, enquanto comunidade quilombola em Carneiros vira modelo de gest\u00e3o<\/a><\/p>\n\n\n\n<p><a href=\"https:\/\/fpisaofrancisco.inf.br\/index.php\/2025\/08\/21\/clipagem-da-fpi-al-do-dia-21-08-2025\/\">Clipagem da FPI\/AL do dia 21\/08\/2025<\/a><\/p>\n\n\n\n<p><a href=\"https:\/\/fpisaofrancisco.inf.br\/index.php\/2025\/08\/21\/fpial-flagra-irregularidades-em-criatorio-de-aves\/\">FPI do S\u00e3o Francisco flagra irregularidades em criat\u00f3rio de aves em Arapiraca<\/a><\/p>\n\n\n\n<p><a href=\"https:\/\/fpisaofrancisco.inf.br\/index.php\/2025\/08\/21\/fpi-flagra-lixao-em-sao-jose-da-tapera-e-aplica-multa-de-r-80-mil\/\">FPI flagra lix\u00e3o em S\u00e3o Jos\u00e9 da Tapera e aplica multa de R$ 80 mil<\/a><\/p>\n\n\n\n<p><a href=\"file:\/\/\/S:\/\/fpisaofrancisco.inf.br\/index.php\/2025\/08\/21\/municipios-alagoanos-recebem-orientacoes-para-fortalecer-politica-ambiental\">Munic\u00edpios alagoanos recebem orienta\u00e7\u00f5es da FPI para fortalecer pol\u00edtica ambiental local<\/a><\/p>\n\n\n\n<p><a href=\"https:\/\/fpisaofrancisco.inf.br\/index.php\/2025\/08\/21\/fpi-flagra-laticinio-e-pocilga-clandestinos\/\">FPI flagra latic\u00ednio e pocilga clandestinos em Major Izidoro e recolhe quase uma tonelada de alimento impr\u00f3prio para consumo<\/a><\/p>\n\n\n\n<p><a href=\"https:\/\/fpisaofrancisco.inf.br\/index.php\/2025\/08\/21\/clipagem-da-fpi-al-do-dia-20-08-2025\/\">Clipagem da FPI\/AL do dia 20\/08\/2025<\/a><\/p>\n\n\n\n<p><a href=\"https:\/\/fpisaofrancisco.inf.br\/index.php\/2025\/08\/20\/guardioes-do-velho-chico-protege-vida-e-sustento-no-sao-francisco\/\">Guardi\u00f5es do Velho Chico: combate \u00e0 pesca predat\u00f3ria protege vida e sustento no S\u00e3o Francisco<\/a><\/p>\n\n\n\n<p><a href=\"https:\/\/fpisaofrancisco.inf.br\/index.php\/2025\/08\/20\/fpi-em-comunidades-tradicionais-relatos-reforcam-urgencia-em-saude-e-educacao-em-pao-de-acucar\/\">FPI em comunidades tradicionais: relatos refor\u00e7am urg\u00eancia em sa\u00fade e educa\u00e7\u00e3o em P\u00e3o de A\u00e7\u00facar<\/a><\/p>\n\n\n\n<p><a href=\"https:\/\/fpisaofrancisco.inf.br\/index.php\/2025\/08\/20\/fpial-leva-educacao-ambiental-a-escolas-e-comunidades-tradicionais-em-palestina\/\">FPI em Alagoas leva educa\u00e7\u00e3o ambiental a escolas e comunidades tradicionais em Palestina<\/a><\/p>\n\n\n\n<p><a href=\"https:\/\/fpisaofrancisco.inf.br\/index.php\/2025\/08\/20\/fpial-constata-maior-desmatamento-registrado\/\">FPI do S\u00e3o Francisco constata maior desmatamento j\u00e1 registrado durante as 15 etapas da fiscaliza\u00e7\u00e3o em Alagoas<\/a><\/p>\n\n\n\n<p><a href=\"https:\/\/fpisaofrancisco.inf.br\/index.php\/2025\/08\/19\/fpi-atua-para-combater-trabalho-analogo-a-escravidao-em-pedreiras\/\">FPI atua para combater trabalho an\u00e1logo \u00e0 escravid\u00e3o em pedreiras<\/a><\/p>\n\n\n\n<p><a href=\"https:\/\/fpisaofrancisco.inf.br\/index.php\/2025\/08\/19\/fpial-discute-dignidade-e-politicas-publicas-com-comunidade-quilombola-cacimba-do-barro\/\">FPI do Rio S\u00e3o Francisco discute dignidade e pol\u00edticas p\u00fablicas com comunidade quilombola Cacimba do Barro, no alto sert\u00e3o<\/a><\/p>\n\n\n\n<p><a href=\"https:\/\/fpisaofrancisco.inf.br\/index.php\/2025\/08\/18\/fpi-interdita-clinica-veterinaria-em-sao-jose-da-tapera\/\">FPI do Rio S\u00e3o Francisco interdita cl\u00ednica veterin\u00e1ria em S\u00e3o Jos\u00e9 da Tapera por cirurgias irregulares de animais<\/a><\/p>\n\n\n\n<p><a href=\"http:\/\/xn--defesa%20da%20sade%20pblica-c2cg:%20FPI%20impede%20venda%20de%20368%20litros%20de%20leite%20impr%C3%B3prio%20para%20consumo%20humano%20em%20P%C3%A3o%20de%20A%C3%A7%C3%BAcar\/\">Defesa da sa\u00fade p\u00fablica: FPI impede venda de 368 litros de leite impr\u00f3prio para consumo humano em P\u00e3o de A\u00e7\u00facar<\/a><\/p>\n\n\n\n<p><a href=\"https:\/\/fpisaofrancisco.inf.br\/index.php\/2025\/08\/18\/fpi-inicia-a-15a-etapa-em-alagoas-com-fiscalizacao-e-educacao-ambiental-para-populacao-sertaneja\/\">FPI do Rio S\u00e3o Francisco d\u00e1 in\u00edcio \u00e0 15\u00aa etapa em Alagoas com fiscaliza\u00e7\u00e3o e educa\u00e7\u00e3o ambiental para popula\u00e7\u00e3o sertaneja<\/a><\/p>\n","protected":false},"excerpt":{"rendered":"<p>A FPI do S\u00e3o Francisco visitou Pau Ferro, em Jacar\u00e9 dos Homens (AL), rec\u00e9m-certificada como comunidade quilombola. O reconhecimento abre acesso a pol\u00edticas p\u00fablicas e fortalece a perman\u00eancia das 78 fam\u00edlias no territ\u00f3rio.<\/p>\n","protected":false},"author":7,"featured_media":8597,"comment_status":"open","ping_status":"open","sticky":false,"template":"","format":"standard","meta":{"_jetpack_memberships_contains_paid_content":false,"footnotes":""},"categories":[286,215,72],"tags":[287,213,195,82,311],"class_list":["post-8596","post","type-post","status-publish","format-standard","has-post-thumbnail","hentry","category-15-etapa-fpi-al","category-noticias","category-noticias-alagoas","tag-15fpial","tag-bhsf","tag-comunidadestradicionais","tag-fpial","tag-pauferro","category-286","category-215","category-72","description-off"],"aioseo_notices":[],"jetpack_featured_media_url":"https:\/\/fpisaofrancisco.inf.br\/wp-content\/uploads\/2025\/08\/f1_220825pauferro.jpeg","jetpack_sharing_enabled":true,"_links":{"self":[{"href":"https:\/\/fpisaofrancisco.inf.br\/index.php\/wp-json\/wp\/v2\/posts\/8596","targetHints":{"allow":["GET"]}}],"collection":[{"href":"https:\/\/fpisaofrancisco.inf.br\/index.php\/wp-json\/wp\/v2\/posts"}],"about":[{"href":"https:\/\/fpisaofrancisco.inf.br\/index.php\/wp-json\/wp\/v2\/types\/post"}],"author":[{"embeddable":true,"href":"https:\/\/fpisaofrancisco.inf.br\/index.php\/wp-json\/wp\/v2\/users\/7"}],"replies":[{"embeddable":true,"href":"https:\/\/fpisaofrancisco.inf.br\/index.php\/wp-json\/wp\/v2\/comments?post=8596"}],"version-history":[{"count":3,"href":"https:\/\/fpisaofrancisco.inf.br\/index.php\/wp-json\/wp\/v2\/posts\/8596\/revisions"}],"predecessor-version":[{"id":8633,"href":"https:\/\/fpisaofrancisco.inf.br\/index.php\/wp-json\/wp\/v2\/posts\/8596\/revisions\/8633"}],"wp:featuredmedia":[{"embeddable":true,"href":"https:\/\/fpisaofrancisco.inf.br\/index.php\/wp-json\/wp\/v2\/media\/8597"}],"wp:attachment":[{"href":"https:\/\/fpisaofrancisco.inf.br\/index.php\/wp-json\/wp\/v2\/media?parent=8596"}],"wp:term":[{"taxonomy":"category","embeddable":true,"href":"https:\/\/fpisaofrancisco.inf.br\/index.php\/wp-json\/wp\/v2\/categories?post=8596"},{"taxonomy":"post_tag","embeddable":true,"href":"https:\/\/fpisaofrancisco.inf.br\/index.php\/wp-json\/wp\/v2\/tags?post=8596"}],"curies":[{"name":"wp","href":"https:\/\/api.w.org\/{rel}","templated":true}]}}