{"id":8578,"date":"2025-08-22T21:05:00","date_gmt":"2025-08-22T21:05:00","guid":{"rendered":"https:\/\/fpisaofrancisco.inf.br\/?p=8578"},"modified":"2025-08-24T11:41:28","modified_gmt":"2025-08-24T11:41:28","slug":"clipagem-da-fpi-al-do-dia-22-08-25","status":"publish","type":"post","link":"https:\/\/fpisaofrancisco.inf.br\/index.php\/2025\/08\/22\/clipagem-da-fpi-al-do-dia-22-08-25\/","title":{"rendered":"Clipagem da FPI\/AL do dia 22\/08\/2025"},"content":{"rendered":"\n<p class=\"has-accent-background-color has-background\"><strong>INVAS\u00c3O COMPROMETE SISTEMA DE DESSALINIZA\u00c7\u00c3O EM OLHO D\u2019\u00c1GUA DAS FLORES, ENQUANTO COMUNIDADE QUILOMBOLA EM CARNEIROS VIRA MODELO DE GEST\u00c3O<\/strong><\/p>\n\n\n\n<p>TRIBUNA HOJE &#8211; <a href=\"https:\/\/tribunahoje.com\/noticias\/interior\/2025\/08\/22\/164505-invasao-compromete-sistema-de-dessalinizacao-em-olho-dagua-das-flores-e-comunidade-quilombola-em-carneiros-vira-modelo-de-gestao\">https:\/\/tribunahoje.com\/noticias\/interior\/2025\/08\/22\/164505-invasao-compromete-sistema-de-dessalinizacao-em-olho-dagua-das-flores-e-comunidade-quilombola-em-carneiros-vira-modelo-de-gestao<\/a><\/p>\n\n\n\n<p>TRIBUNA DO SERT\u00c3O &#8211; <a href=\"https:\/\/tribunadosertao.com.br\/noticias\/2025\/08\/22\/712316-invasao-compromete-sistema-de-dessalinizacao-em-olho-dagua-das-flores-enquanto-comunidade-quilombola-em-carneiros-vira-modelo-de-gestao#google_vignette\">https:\/\/tribunadosertao.com.br\/noticias\/2025\/08\/22\/712316-invasao-compromete-sistema-de-dessalinizacao-em-olho-dagua-das-flores-enquanto-comunidade-quilombola-em-carneiros-vira-modelo-de-gestao#google_vignette<\/a><\/p>\n\n\n\n<p>TRIBUNA DO AGRESTE &#8211; <a href=\"https:\/\/www.tribunadoagreste.com.br\/geral\/2025\/08\/22\/131909-invasao-compromete-sistema-de-dessalinizacao-em-olho-dagua-das-flores-enquanto-comunidade-quilombola-em-carneiros-vira-modelo-de-gestao#google_vignette\">https:\/\/www.tribunadoagreste.com.br\/geral\/2025\/08\/22\/131909-invasao-compromete-sistema-de-dessalinizacao-em-olho-dagua-das-flores-enquanto-comunidade-quilombola-em-carneiros-vira-modelo-de-gestao#google_vignette<\/a><\/p>\n\n\n\n<p>ACTA &#8211; <a href=\"https:\/\/portalacta.com\/invasao-compromete-sistema-de-dessalinizacao-em-olho-dagua-das-flores-enquanto-comunidade-quilombola-em-carneiros-vira-modelo-de-gestao\/\">https:\/\/portalacta.com\/invasao-compromete-sistema-de-dessalinizacao-em-olho-dagua-das-flores-enquanto-comunidade-quilombola-em-carneiros-vira-modelo-de-gestao\/<\/a><\/p>\n\n\n\n<p>J\u00c1 \u00c9 NOT\u00cdCIA &#8211; <a href=\"https:\/\/www.jaenoticia.com.br\/noticias\/2025\/08\/22\/138049-invasao-compromete-sistema-de-dessalinizacao-em-olho-dagua-das-flores-enquanto-comunidade-quilombola-em-carneiros-vira-modelo-de-gestao\">https:\/\/www.jaenoticia.com.br\/noticias\/2025\/08\/22\/138049-invasao-compromete-sistema-de-dessalinizacao-em-olho-dagua-das-flores-enquanto-comunidade-quilombola-em-carneiros-vira-modelo-de-gestao<\/a><\/p>\n\n\n\n<p class=\"has-accent-background-color has-background\"><strong>FPI DO S\u00c3O FRANCISCO VISITA POSS\u00cdVEL S\u00cdTIO PALEONTOL\u00d3GICO EM COMUNIDADE QUILOMBOLA DE AGUAZINHA, EM CARNEIROS<\/strong><\/p>\n\n\n\n<p>JORNAL EXTRA &#8211;<a href=\" https:\/\/ojornalextra.com.br\/noticias\/alagoas\/2025\/08\/117536-fpi-visita-possivel-sitio-paleontologico-em-comunidade-quilombola\"> https:\/\/ojornalextra.com.br\/noticias\/alagoas\/2025\/08\/117536-fpi-visita-possivel-sitio-paleontologico-em-comunidade-quilombola<\/a><\/p>\n\n\n\n<p>TRIBUNA HOJE &#8211; <a href=\"https:\/\/tribunahoje.com\/index.php\/noticias\/interior\/2025\/08\/22\/164508-fiscalizacao-visita-possivel-sitio-paleontologico-em-comunidade-quilombola-em-carneiros\">https:\/\/tribunahoje.com\/index.php\/noticias\/interior\/2025\/08\/22\/164508-fiscalizacao-visita-possivel-sitio-paleontologico-em-comunidade-quilombola-em-carneiros<\/a><\/p>\n\n\n\n<p>SETE SEGUNDOS &#8211; <a href=\"https:\/\/www.7segundos.com.br\/arapiraca\/noticias\/2025\/08\/22\/282539-fpi-do-sao-francisco-visita-possivel-sitio-paleontologico-em-comunidade-quilombola-de-aguazinha-em-carneiros\">https:\/\/www.7segundos.com.br\/arapiraca\/noticias\/2025\/08\/22\/282539-fpi-do-sao-francisco-visita-possivel-sitio-paleontologico-em-comunidade-quilombola-de-aguazinha-em-carneiros<\/a><\/p>\n\n\n\n<p class=\"has-accent-background-color has-background\"><strong>FPI PROMOVE EDUCA\u00c7\u00c3O AMBIENTAL QUE TORNA ALUNOS GUARDI\u00d5ES DA NATUREZA EM S\u00c3O JOS\u00c9 DA TAPERA<\/strong><\/p>\n\n\n\n<p>ALAGOAS 24 HORAS &#8211; <a href=\"https:\/\/www.alagoas24horas.com.br\/1687814\/fpi-promove-educacao-ambiental-que-torna-alunos-guardioes-da-natureza-em-sao-jose-da-tapera\/#:~:text=line%20de%20Alagoas-,FPI%20promove%20educa%C3%A7%C3%A3o%20ambiental%20que%20torna%20alunos%20guardi%C3%B5es,em%20S%C3%A3o%20Jos%C3%A9%20da%20Tapera&amp;text=A%20Fiscaliza%C3%A7%C3%A3o%20Preventiva%20Integrada%20(FPI,em%20S%C3%A3o%20Jos%C3%A9%20da%20Tapera.\">https:\/\/www.alagoas24horas.com.br\/1687814\/fpi-promove-educacao-ambiental-que-torna-alunos-guardioes-da-natureza-em-sao-jose-da-tapera\/#:~:text=line%20de%20Alagoas-,FPI%20promove%20educa%C3%A7%C3%A3o%20ambiental%20que%20torna%20alunos%20guardi%C3%B5es,em%20S%C3%A3o%20Jos%C3%A9%20da%20Tapera&amp;text=A%20Fiscaliza%C3%A7%C3%A3o%20Preventiva%20Integrada%20(FPI,em%20S%C3%A3o%20Jos%C3%A9%20da%20Tapera.<\/a><\/p>\n\n\n\n<p>TRIBUNA DO SERT\u00c3O &#8211; <a href=\"https:\/\/redacao.tribunadosertao.com.br\/noticias\/2025\/08\/22\/712458-fpi-promove-educacao-ambiental-que-torna-alunos-guardioes-da-natureza-em-sao-jose-da-tapera\">https:\/\/redacao.tribunadosertao.com.br\/noticias\/2025\/08\/22\/712458-fpi-promove-educacao-ambiental-que-torna-alunos-guardioes-da-natureza-em-sao-jose-da-tapera<\/a><\/p>\n\n\n\n<p>TRIBUNA DO AGRESTE &#8211; <a href=\"https:\/\/www.tribunadoagreste.com.br\/geral\/2025\/08\/22\/132042-fpi-promove-educacao-ambiental-que-torna-alunos-guardioes-da-natureza-em-sao-jose-da-tapera\">https:\/\/www.tribunadoagreste.com.br\/geral\/2025\/08\/22\/132042-fpi-promove-educacao-ambiental-que-torna-alunos-guardioes-da-natureza-em-sao-jose-da-tapera<\/a><\/p>\n\n\n\n<p><\/p>\n\n\n\n<p><\/p>\n\n\n\n<h3 class=\"wp-block-heading\"><strong>Leia tamb\u00e9m outras not\u00edcias da 15a etapa da FPI AL<\/strong><\/h3>\n\n\n\n<p><a href=\"https:\/\/fpisaofrancisco.inf.br\/index.php\/2025\/08\/22\/feducacao-ambiental-guardioes-caatinga-tapera\/\" title=\"\">FPI promove educa\u00e7\u00e3o ambiental que torna alunos guardi\u00f5es da natureza em S\u00e3o Jos\u00e9 da Tapera<\/a><\/p>\n\n\n\n<p><a href=\"https:\/\/fpisaofrancisco.inf.br\/index.php\/2025\/08\/22\/fpial-sitio-fossil-aguazinha-quilombo\/\">FPI do S\u00e3o Francisco visita poss\u00edvel s\u00edtio paleontol\u00f3gico em comunidade quilombola de Aguazinha, em Carneiros<\/a><\/p>\n\n\n\n<p><a href=\"https:\/\/fpisaofrancisco.inf.br\/index.php\/2025\/08\/22\/invasao-compromete-sistema-de-dessalinizacao\/\">Invas\u00e3o compromete sistema de dessaliniza\u00e7\u00e3o em Olho d\u2019\u00c1gua das Flores, enquanto comunidade quilombola em Carneiros vira modelo de gest\u00e3o<\/a><\/p>\n\n\n\n<p><a href=\"https:\/\/fpisaofrancisco.inf.br\/index.php\/2025\/08\/21\/clipagem-da-fpi-al-do-dia-21-08-2025\/\">Clipagem da FPI\/AL do dia 21\/08\/2025<\/a><\/p>\n\n\n\n<p><a href=\"https:\/\/fpisaofrancisco.inf.br\/index.php\/2025\/08\/21\/fpial-flagra-irregularidades-em-criatorio-de-aves\/\">FPI do S\u00e3o Francisco flagra irregularidades em criat\u00f3rio de aves em Arapiraca<\/a><\/p>\n\n\n\n<p><a href=\"https:\/\/fpisaofrancisco.inf.br\/index.php\/2025\/08\/21\/fpi-flagra-lixao-em-sao-jose-da-tapera-e-aplica-multa-de-r-80-mil\/\">FPI flagra lix\u00e3o em S\u00e3o Jos\u00e9 da Tapera e aplica multa de R$ 80 mil<\/a><\/p>\n\n\n\n<p><a href=\"file:\/\/\/S:\/\/fpisaofrancisco.inf.br\/index.php\/2025\/08\/21\/municipios-alagoanos-recebem-orientacoes-para-fortalecer-politica-ambiental\">Munic\u00edpios alagoanos recebem orienta\u00e7\u00f5es da FPI para fortalecer pol\u00edtica ambiental local<\/a><\/p>\n\n\n\n<p><a href=\"https:\/\/fpisaofrancisco.inf.br\/index.php\/2025\/08\/21\/fpi-flagra-laticinio-e-pocilga-clandestinos\/\">FPI flagra latic\u00ednio e pocilga clandestinos em Major Izidoro e recolhe quase uma tonelada de alimento impr\u00f3prio para consumo<\/a><\/p>\n\n\n\n<p><a href=\"https:\/\/fpisaofrancisco.inf.br\/index.php\/2025\/08\/21\/clipagem-da-fpi-al-do-dia-20-08-2025\/\">Clipagem da FPI\/AL do dia 20\/08\/2025<\/a><\/p>\n\n\n\n<p><a href=\"https:\/\/fpisaofrancisco.inf.br\/index.php\/2025\/08\/20\/guardioes-do-velho-chico-protege-vida-e-sustento-no-sao-francisco\/\">Guardi\u00f5es do Velho Chico: combate \u00e0 pesca predat\u00f3ria protege vida e sustento no S\u00e3o Francisco<\/a><\/p>\n\n\n\n<p><a href=\"https:\/\/fpisaofrancisco.inf.br\/index.php\/2025\/08\/20\/fpi-em-comunidades-tradicionais-relatos-reforcam-urgencia-em-saude-e-educacao-em-pao-de-acucar\/\">FPI em comunidades tradicionais: relatos refor\u00e7am urg\u00eancia em sa\u00fade e educa\u00e7\u00e3o em P\u00e3o de A\u00e7\u00facar<\/a><\/p>\n\n\n\n<p><a href=\"https:\/\/fpisaofrancisco.inf.br\/index.php\/2025\/08\/20\/fpial-leva-educacao-ambiental-a-escolas-e-comunidades-tradicionais-em-palestina\/\">FPI em Alagoas leva educa\u00e7\u00e3o ambiental a escolas e comunidades tradicionais em Palestina<\/a><\/p>\n\n\n\n<p><a href=\"https:\/\/fpisaofrancisco.inf.br\/index.php\/2025\/08\/20\/fpial-constata-maior-desmatamento-registrado\/\">FPI do S\u00e3o Francisco constata maior desmatamento j\u00e1 registrado durante as 15 etapas da fiscaliza\u00e7\u00e3o em Alagoas<\/a><\/p>\n\n\n\n<p><a href=\"https:\/\/fpisaofrancisco.inf.br\/index.php\/2025\/08\/19\/fpi-atua-para-combater-trabalho-analogo-a-escravidao-em-pedreiras\/\">FPI atua para combater trabalho an\u00e1logo \u00e0 escravid\u00e3o em pedreiras<\/a><\/p>\n\n\n\n<p><a href=\"https:\/\/fpisaofrancisco.inf.br\/index.php\/2025\/08\/19\/fpial-discute-dignidade-e-politicas-publicas-com-comunidade-quilombola-cacimba-do-barro\/\">FPI do Rio S\u00e3o Francisco discute dignidade e pol\u00edticas p\u00fablicas com comunidade quilombola Cacimba do Barro, no alto sert\u00e3o<\/a><\/p>\n\n\n\n<p><a href=\"https:\/\/fpisaofrancisco.inf.br\/index.php\/2025\/08\/18\/fpi-interdita-clinica-veterinaria-em-sao-jose-da-tapera\/\">FPI do Rio S\u00e3o Francisco interdita cl\u00ednica veterin\u00e1ria em S\u00e3o Jos\u00e9 da Tapera por cirurgias irregulares de animais<\/a><\/p>\n\n\n\n<p><a href=\"http:\/\/xn--defesa%20da%20sade%20pblica-c2cg:%20FPI%20impede%20venda%20de%20368%20litros%20de%20leite%20impr%C3%B3prio%20para%20consumo%20humano%20em%20P%C3%A3o%20de%20A%C3%A7%C3%BAcar\/\">Defesa da sa\u00fade p\u00fablica: FPI impede venda de 368 litros de leite impr\u00f3prio para consumo humano em P\u00e3o de A\u00e7\u00facar<\/a><\/p>\n\n\n\n<p><a href=\"https:\/\/fpisaofrancisco.inf.br\/index.php\/2025\/08\/18\/fpi-inicia-a-15a-etapa-em-alagoas-com-fiscalizacao-e-educacao-ambiental-para-populacao-sertaneja\/\">FPI do Rio S\u00e3o Francisco d\u00e1 in\u00edcio \u00e0 15\u00aa etapa em Alagoas com fiscaliza\u00e7\u00e3o e educa\u00e7\u00e3o ambiental para popula\u00e7\u00e3o sertaneja<\/a><\/p>\n","protected":false},"excerpt":{"rendered":"<p>clipping dia 22 de agosto de 2025 &#8211; 15a FPI AL<\/p>\n","protected":false},"author":7,"featured_media":7806,"comment_status":"open","ping_status":"open","sticky":false,"template":"","format":"standard","meta":{"_jetpack_memberships_contains_paid_content":false,"footnotes":""},"categories":[286,215,72],"tags":[310,213,82],"class_list":["post-8578","post","type-post","status-publish","format-standard","has-post-thumbnail","hentry","category-15-etapa-fpi-al","category-noticias","category-noticias-alagoas","tag-15afpial","tag-bhsf","tag-fpial","category-286","category-215","category-72","description-off"],"aioseo_notices":[],"jetpack_featured_media_url":"https:\/\/fpisaofrancisco.inf.br\/wp-content\/uploads\/2024\/11\/WhatsApp-Image-2024-11-22-at-13.53.36-1.jpeg","jetpack_sharing_enabled":true,"_links":{"self":[{"href":"https:\/\/fpisaofrancisco.inf.br\/index.php\/wp-json\/wp\/v2\/posts\/8578","targetHints":{"allow":["GET"]}}],"collection":[{"href":"https:\/\/fpisaofrancisco.inf.br\/index.php\/wp-json\/wp\/v2\/posts"}],"about":[{"href":"https:\/\/fpisaofrancisco.inf.br\/index.php\/wp-json\/wp\/v2\/types\/post"}],"author":[{"embeddable":true,"href":"https:\/\/fpisaofrancisco.inf.br\/index.php\/wp-json\/wp\/v2\/users\/7"}],"replies":[{"embeddable":true,"href":"https:\/\/fpisaofrancisco.inf.br\/index.php\/wp-json\/wp\/v2\/comments?post=8578"}],"version-history":[{"count":10,"href":"https:\/\/fpisaofrancisco.inf.br\/index.php\/wp-json\/wp\/v2\/posts\/8578\/revisions"}],"predecessor-version":[{"id":8594,"href":"https:\/\/fpisaofrancisco.inf.br\/index.php\/wp-json\/wp\/v2\/posts\/8578\/revisions\/8594"}],"wp:featuredmedia":[{"embeddable":true,"href":"https:\/\/fpisaofrancisco.inf.br\/index.php\/wp-json\/wp\/v2\/media\/7806"}],"wp:attachment":[{"href":"https:\/\/fpisaofrancisco.inf.br\/index.php\/wp-json\/wp\/v2\/media?parent=8578"}],"wp:term":[{"taxonomy":"category","embeddable":true,"href":"https:\/\/fpisaofrancisco.inf.br\/index.php\/wp-json\/wp\/v2\/categories?post=8578"},{"taxonomy":"post_tag","embeddable":true,"href":"https:\/\/fpisaofrancisco.inf.br\/index.php\/wp-json\/wp\/v2\/tags?post=8578"}],"curies":[{"name":"wp","href":"https:\/\/api.w.org\/{rel}","templated":true}]}}