{"id":8548,"date":"2025-08-22T10:00:06","date_gmt":"2025-08-22T10:00:06","guid":{"rendered":"https:\/\/fpisaofrancisco.inf.br\/?p=8548"},"modified":"2025-08-22T12:33:49","modified_gmt":"2025-08-22T12:33:49","slug":"fpial-sitio-fossil-aguazinha-quilombo","status":"publish","type":"post","link":"https:\/\/fpisaofrancisco.inf.br\/index.php\/2025\/08\/22\/fpial-sitio-fossil-aguazinha-quilombo\/","title":{"rendered":"FPI do S\u00e3o Francisco visita poss\u00edvel s\u00edtio paleontol\u00f3gico em comunidade quilombola de Aguazinha, em Carneiros"},"content":{"rendered":"\n<p class=\"has-accent-background-color has-background\">Visita revelou relatos sobre f\u00f3sseis e mem\u00f3ria oral da regi\u00e3o, al\u00e9m de ouvir demandas por sa\u00fade, \u00e1gua e educa\u00e7\u00e3o<\/p>\n\n\n\n<p>No sert\u00e3o alagoano, onde a resist\u00eancia quilombola se entrela\u00e7a com a for\u00e7a da natureza e das tradi\u00e7\u00f5es, a FPI do S\u00e3o Francisco encontrou em Aguazinha mais do que hist\u00f3rias de luta. Na comunidade, que abriga cerca de 120 fam\u00edlias, moradores narram a exist\u00eancia de um poss\u00edvel s\u00edtio paleontol\u00f3gico ligado \u00e0s mem\u00f3rias de um animal pr\u00e9-hist\u00f3rico conhecido como Zamba, criatura lend\u00e1ria do imagin\u00e1rio sertanejo, semelhante a uma pregui\u00e7a gigante.<\/p>\n\n\n\n<p>A visita, realizada na quarta-feira, 20, pela equipe Comunidades Tradicionais e Patrim\u00f4nio Cultural (CTPC), abriu caminho para que os relatos ancestrais ganhem voz cient\u00edfica, em uma atua\u00e7\u00e3o que une prote\u00e7\u00e3o ambiental, mem\u00f3ria cultural e esperan\u00e7a de desenvolvimento para a regi\u00e3o.<\/p>\n\n\n\n<figure class=\"wp-block-gallery has-nested-images columns-default is-cropped wp-block-gallery-1 is-layout-flex wp-block-gallery-is-layout-flex\">\n<figure class=\"wp-block-image size-large\"><img fetchpriority=\"high\" decoding=\"async\" width=\"1024\" height=\"768\" data-id=\"8549\" src=\"https:\/\/fpisaofrancisco.inf.br\/wp-content\/uploads\/2025\/08\/f8_200825pct-1024x768.jpeg\" alt=\"A FPI do S\u00e3o Francisco visitou a comunidade quilombola de Aguazinha, em Carneiros (AL), onde moradores relataram a poss\u00edvel exist\u00eancia de um s\u00edtio paleontol\u00f3gico. A \u00e1rea foi registrada e encaminhada ao Iphan para an\u00e1lise. A equipe tamb\u00e9m ouviu demandas por sa\u00fade, \u00e1gua e educa\u00e7\u00e3o, refor\u00e7ando a import\u00e2ncia da escuta comunit\u00e1ria e do fortalecimento de pol\u00edticas p\u00fablicas.\" class=\"wp-image-8549\" srcset=\"https:\/\/fpisaofrancisco.inf.br\/wp-content\/uploads\/2025\/08\/f8_200825pct-1024x768.jpeg 1024w, https:\/\/fpisaofrancisco.inf.br\/wp-content\/uploads\/2025\/08\/f8_200825pct-300x225.jpeg 300w, https:\/\/fpisaofrancisco.inf.br\/wp-content\/uploads\/2025\/08\/f8_200825pct-768x576.jpeg 768w, https:\/\/fpisaofrancisco.inf.br\/wp-content\/uploads\/2025\/08\/f8_200825pct-1536x1152.jpeg 1536w, https:\/\/fpisaofrancisco.inf.br\/wp-content\/uploads\/2025\/08\/f8_200825pct.jpeg 1600w\" sizes=\"(max-width: 1024px) 100vw, 1024px\" \/><figcaption class=\"wp-element-caption\">Fotos: Bruna Cordeiro\/AGENDHA (@brunaosyris)<\/figcaption><\/figure>\n\n\n\n<figure class=\"wp-block-image size-large\"><img decoding=\"async\" width=\"1024\" height=\"682\" data-id=\"8556\" src=\"https:\/\/fpisaofrancisco.inf.br\/wp-content\/uploads\/2025\/08\/f1_200825pct-1024x682.jpeg\" alt=\"\" class=\"wp-image-8556\" srcset=\"https:\/\/fpisaofrancisco.inf.br\/wp-content\/uploads\/2025\/08\/f1_200825pct-1024x682.jpeg 1024w, https:\/\/fpisaofrancisco.inf.br\/wp-content\/uploads\/2025\/08\/f1_200825pct-300x200.jpeg 300w, https:\/\/fpisaofrancisco.inf.br\/wp-content\/uploads\/2025\/08\/f1_200825pct-768x512.jpeg 768w, https:\/\/fpisaofrancisco.inf.br\/wp-content\/uploads\/2025\/08\/f1_200825pct-1536x1023.jpeg 1536w, https:\/\/fpisaofrancisco.inf.br\/wp-content\/uploads\/2025\/08\/f1_200825pct.jpeg 1600w\" sizes=\"(max-width: 1024px) 100vw, 1024px\" \/><figcaption class=\"wp-element-caption\">Fotos: Bruna Cordeiro\/AGENDHA (@brunaosyris)<\/figcaption><\/figure>\n<\/figure>\n\n\n\n<p>O momento mais marcante da visita ocorreu com o relato do senhor Miguel, um anci\u00e3o que trouxe \u00e0 mem\u00f3ria hist\u00f3rias antigas sobre a presen\u00e7a de um animal pr\u00e9-hist\u00f3rico, semelhante a uma pregui\u00e7a gigante, que teria habitado a regi\u00e3o, que a comunidade chama de \u201cZamba\u201d. Ele indicou \u00e0 equipe uma \u00e1rea pr\u00f3xima \u00e0 Lagoa Nova, onde vest\u00edgios poderiam apontar a exist\u00eancia de um s\u00edtio paleontol\u00f3gico. Os t\u00e9cnicos registraram a geolocaliza\u00e7\u00e3o do espa\u00e7o e encaminhar\u00e3o as informa\u00e7\u00f5es ao Instituto do Patrim\u00f4nio Hist\u00f3rico e Art\u00edstico Nacional (Iphan), que ser\u00e1 demandado para que realize a an\u00e1lise t\u00e9cnica. Caso se confirme a relev\u00e2ncia arqueol\u00f3gica, o local poder\u00e1 ser protegido oficialmente, em parceria com a comunidade.<\/p>\n\n\n\n<figure class=\"wp-block-gallery has-nested-images columns-default is-cropped wp-block-gallery-2 is-layout-flex wp-block-gallery-is-layout-flex\">\n<figure class=\"wp-block-image size-large\"><img decoding=\"async\" width=\"1024\" height=\"768\" data-id=\"8550\" src=\"https:\/\/fpisaofrancisco.inf.br\/wp-content\/uploads\/2025\/08\/f7_200825pct-1024x768.jpeg\" alt=\"A FPI do S\u00e3o Francisco visitou a comunidade quilombola de Aguazinha, em Carneiros (AL), onde moradores relataram a poss\u00edvel exist\u00eancia de um s\u00edtio paleontol\u00f3gico. A \u00e1rea foi registrada e encaminhada ao Iphan para an\u00e1lise. A equipe tamb\u00e9m ouviu demandas por sa\u00fade, \u00e1gua e educa\u00e7\u00e3o, refor\u00e7ando a import\u00e2ncia da escuta comunit\u00e1ria e do fortalecimento de pol\u00edticas p\u00fablicas.\" class=\"wp-image-8550\" srcset=\"https:\/\/fpisaofrancisco.inf.br\/wp-content\/uploads\/2025\/08\/f7_200825pct-1024x768.jpeg 1024w, https:\/\/fpisaofrancisco.inf.br\/wp-content\/uploads\/2025\/08\/f7_200825pct-300x225.jpeg 300w, https:\/\/fpisaofrancisco.inf.br\/wp-content\/uploads\/2025\/08\/f7_200825pct-768x576.jpeg 768w, https:\/\/fpisaofrancisco.inf.br\/wp-content\/uploads\/2025\/08\/f7_200825pct-1536x1152.jpeg 1536w, https:\/\/fpisaofrancisco.inf.br\/wp-content\/uploads\/2025\/08\/f7_200825pct.jpeg 1600w\" sizes=\"(max-width: 1024px) 100vw, 1024px\" \/><figcaption class=\"wp-element-caption\">Fotos: Bruna Cordeiro\/AGENDHA (@brunaosyris)<\/figcaption><\/figure>\n\n\n\n<figure class=\"wp-block-image size-large\"><img loading=\"lazy\" decoding=\"async\" width=\"1024\" height=\"768\" data-id=\"8551\" src=\"https:\/\/fpisaofrancisco.inf.br\/wp-content\/uploads\/2025\/08\/f6_200825pct-1024x768.jpeg\" alt=\"\" class=\"wp-image-8551\" srcset=\"https:\/\/fpisaofrancisco.inf.br\/wp-content\/uploads\/2025\/08\/f6_200825pct-1024x768.jpeg 1024w, https:\/\/fpisaofrancisco.inf.br\/wp-content\/uploads\/2025\/08\/f6_200825pct-300x225.jpeg 300w, https:\/\/fpisaofrancisco.inf.br\/wp-content\/uploads\/2025\/08\/f6_200825pct-768x576.jpeg 768w, https:\/\/fpisaofrancisco.inf.br\/wp-content\/uploads\/2025\/08\/f6_200825pct-1536x1152.jpeg 1536w, https:\/\/fpisaofrancisco.inf.br\/wp-content\/uploads\/2025\/08\/f6_200825pct.jpeg 1600w\" sizes=\"(max-width: 1024px) 100vw, 1024px\" \/><figcaption class=\"wp-element-caption\">Fotos: Bruna Cordeiro\/AGENDHA (@brunaosyris)<\/figcaption><\/figure>\n<\/figure>\n\n\n\n<p>Para o procurador da Rep\u00fablica \u00c9rico Gomes, membro do N\u00facleo de Meio Ambiente e Patrim\u00f4nio Cultural do MPF em Alagoas, a descoberta merece especial aten\u00e7\u00e3o: \u201c\u00c9 fundamental que sejam realizados estudos t\u00e9cnicos para confirmar se estamos diante de um s\u00edtio paleontol\u00f3gico. Caso isso se comprove, ser\u00e1 preciso adotar provid\u00eancias para garantir sua preserva\u00e7\u00e3o. Essa prote\u00e7\u00e3o \u00e9 importante n\u00e3o apenas para o meio ambiente e para a mem\u00f3ria do povo brasileiro e sertanejo, mas tamb\u00e9m pode representar uma oportunidade de desenvolvimento sustent\u00e1vel para a regi\u00e3o\u201d.<\/p>\n\n\n\n<p>Al\u00e9m do patrim\u00f4nio cultural, a visita permitiu ouvir outras demandas urgentes. Outro ponto de destaque da visita foi o microssistema de abastecimento de \u00e1gua pot\u00e1vel. As comunidades quilombolas Malhador 1 e 2, V\u00e1rzea da Esteira e Lagoa do Algod\u00e3o j\u00e1 est\u00e3o sendo beneficiadas e usufruindo da \u00e1gua pot\u00e1vel. Em Aguazinha, a adutora apresentou problemas, mas as falhas foram corrigidas h\u00e1 cerca de 15 dias e, nos pr\u00f3ximos dias, o sistema deve ser ligado definitivamente ap\u00f3s ajustes em tr\u00eas pontos de vazamento.<\/p>\n\n\n\n<figure class=\"wp-block-gallery has-nested-images columns-default is-cropped wp-block-gallery-3 is-layout-flex wp-block-gallery-is-layout-flex\">\n<figure class=\"wp-block-image size-large\"><img loading=\"lazy\" decoding=\"async\" width=\"1024\" height=\"768\" data-id=\"8552\" src=\"https:\/\/fpisaofrancisco.inf.br\/wp-content\/uploads\/2025\/08\/f5_200825pct-1024x768.jpeg\" alt=\"\" class=\"wp-image-8552\" srcset=\"https:\/\/fpisaofrancisco.inf.br\/wp-content\/uploads\/2025\/08\/f5_200825pct-1024x768.jpeg 1024w, https:\/\/fpisaofrancisco.inf.br\/wp-content\/uploads\/2025\/08\/f5_200825pct-300x225.jpeg 300w, https:\/\/fpisaofrancisco.inf.br\/wp-content\/uploads\/2025\/08\/f5_200825pct-768x576.jpeg 768w, https:\/\/fpisaofrancisco.inf.br\/wp-content\/uploads\/2025\/08\/f5_200825pct-1536x1152.jpeg 1536w, https:\/\/fpisaofrancisco.inf.br\/wp-content\/uploads\/2025\/08\/f5_200825pct.jpeg 1600w\" sizes=\"(max-width: 1024px) 100vw, 1024px\" \/><figcaption class=\"wp-element-caption\">Fotos: Bruna Cordeiro\/AGENDHA (@brunaosyris)<\/figcaption><\/figure>\n\n\n\n<figure class=\"wp-block-image size-large\"><img loading=\"lazy\" decoding=\"async\" width=\"1024\" height=\"682\" data-id=\"8553\" src=\"https:\/\/fpisaofrancisco.inf.br\/wp-content\/uploads\/2025\/08\/f4_200825pct-1024x682.jpeg\" alt=\"\" class=\"wp-image-8553\" srcset=\"https:\/\/fpisaofrancisco.inf.br\/wp-content\/uploads\/2025\/08\/f4_200825pct-1024x682.jpeg 1024w, https:\/\/fpisaofrancisco.inf.br\/wp-content\/uploads\/2025\/08\/f4_200825pct-300x200.jpeg 300w, https:\/\/fpisaofrancisco.inf.br\/wp-content\/uploads\/2025\/08\/f4_200825pct-768x512.jpeg 768w, https:\/\/fpisaofrancisco.inf.br\/wp-content\/uploads\/2025\/08\/f4_200825pct-1536x1023.jpeg 1536w, https:\/\/fpisaofrancisco.inf.br\/wp-content\/uploads\/2025\/08\/f4_200825pct.jpeg 1600w\" sizes=\"(max-width: 1024px) 100vw, 1024px\" \/><figcaption class=\"wp-element-caption\">Fotos: Bruna Cordeiro\/AGENDHA (@brunaosyris)<\/figcaption><\/figure>\n\n\n\n<figure class=\"wp-block-image size-large\"><img loading=\"lazy\" decoding=\"async\" width=\"1024\" height=\"682\" data-id=\"8554\" src=\"https:\/\/fpisaofrancisco.inf.br\/wp-content\/uploads\/2025\/08\/f3_200825pct-1024x682.jpeg\" alt=\"\" class=\"wp-image-8554\" srcset=\"https:\/\/fpisaofrancisco.inf.br\/wp-content\/uploads\/2025\/08\/f3_200825pct-1024x682.jpeg 1024w, https:\/\/fpisaofrancisco.inf.br\/wp-content\/uploads\/2025\/08\/f3_200825pct-300x200.jpeg 300w, https:\/\/fpisaofrancisco.inf.br\/wp-content\/uploads\/2025\/08\/f3_200825pct-768x512.jpeg 768w, https:\/\/fpisaofrancisco.inf.br\/wp-content\/uploads\/2025\/08\/f3_200825pct-1536x1023.jpeg 1536w, https:\/\/fpisaofrancisco.inf.br\/wp-content\/uploads\/2025\/08\/f3_200825pct.jpeg 1600w\" sizes=\"(max-width: 1024px) 100vw, 1024px\" \/><figcaption class=\"wp-element-caption\">Fotos: Bruna Cordeiro\/AGENDHA (@brunaosyris)<\/figcaption><\/figure>\n<\/figure>\n\n\n\n<p>Sobre essa conquista, Max Luiz, assessor de Governan\u00e7a e Transpar\u00eancia, da Secretaria de Estado do Meio Ambiente e dos Recursos H\u00eddricos (Semarh), ressaltou que \u201clevar \u00e1gua de qualidade at\u00e9 as casas dessas fam\u00edlias \u00e9 garantir dignidade e condi\u00e7\u00f5es reais de perman\u00eancia no territ\u00f3rio&#8221;. Esse microssistema \u00e9 fruto de uma atua\u00e7\u00e3o conjunta do governo e mostra como pol\u00edticas p\u00fablicas podem transformar o dia a dia da comunidade.<\/p>\n\n\n\n<p>Na \u00e1rea da sa\u00fade, os moradores relataram falta de medicamentos essenciais, como insulina e rem\u00e9dios para hipertens\u00e3o e anemia falciforme. Consultas especializadas em \u00e1reas como neuropediatria e psiquiatria demoram tanto que muitas fam\u00edlias acabam arcando com atendimento particular. A dist\u00e2ncia at\u00e9 Olho d\u2019\u00c1gua das Flores, onde h\u00e1 oferta mais regular de medicamentos, tamb\u00e9m pesa, j\u00e1 que n\u00e3o h\u00e1 transporte dispon\u00edvel.<\/p>\n\n\n\n<p>A educa\u00e7\u00e3o \u00e9 outra preocupa\u00e7\u00e3o constante. Embora a escola seja nova, a dist\u00e2ncia e o tempo de deslocamento no transporte escolar dificultam a rotina de crian\u00e7as pequenas, que passam horas no trajeto di\u00e1rio.<\/p>\n\n\n\n<p>O articulador estadual do Projeto Dom H\u00e9lder C\u00e2mara (PDHC III), vinculado ao Minist\u00e9rio de Desenvolvimento Agr\u00e1rio e Agricultura Familiar (MDA), Humberto Santos, trouxe orienta\u00e7\u00f5es sobre documenta\u00e7\u00e3o, acesso a pol\u00edticas p\u00fablicas e formas de fortalecer a organiza\u00e7\u00e3o coletiva. \u201cImportante que o povo quilombola entenda a necessidade do Cadastro Ambiental Rural (CAR) coletivo, o qual viabiliza o Cadastro Nacional da Agricultura Familiar (CAF Quilombola), que \u00e9 individual, n\u00e3o exige propriedade de im\u00f3vel rural, e d\u00e1 acesso a diversos programas federais\u201d, esclareceu.<\/p>\n\n\n\n<p>A equipe de Comunidades Tradicionais e Patrim\u00f4nio Cultural da FPI \u00e9 coordenada pelo antrop\u00f3logo do <a href=\"https:\/\/www.mpf.mp.br\/al\/\" title=\"\">Minist\u00e9rio P\u00fablico Federal (MPF),<\/a> Ivan Farias, e conta com a participa\u00e7\u00e3o do <a href=\"https:\/\/www.gov.br\/incra\/pt-br\" title=\"\">Instituto Nacional de Coloniza\u00e7\u00e3o e Reforma Agr\u00e1ria (Incra)<\/a>, <a href=\"https:\/\/www.gov.br\/palmares\/pt-br\" title=\"\">Funda\u00e7\u00e3o Cultural Palmares<\/a>, <a href=\"https:\/\/www.gov.br\/mda\/pt-br\" title=\"\">Minist\u00e9rio de Desenvolvimento Agr\u00e1rio e Agricultura Familiar (MDA<\/a>), <a href=\"https:\/\/semarh.al.gov.br\/\" title=\"\">Secretaria de Estado do Meio Ambiente e Recursos H\u00eddricos (Semarh),<\/a> <a href=\"http:\/\/www.instagram.com\/redemulheresnct\" title=\"\">Rede Mulheres de Comunidades Tradicionais (RMCT)<\/a> e da <a href=\"https:\/\/www.agendha.org\/\" title=\"\">ONG Agendha \u2013 Assessoria e Gest\u00e3o em Estudo da Natureza, Desenvolvimento Humano e Agroecologia.<\/a><\/p>\n\n\n\n<p><strong>Leia tamb\u00e9m outras not\u00edcias da 15a etapa da FPI AL<\/strong><\/p>\n\n\n\n<p><br><a href=\"https:\/\/fpisaofrancisco.inf.br\/index.php\/2025\/08\/22\/invasao-compromete-sistema-de-dessalinizacao\/\" title=\"\">Invas\u00e3o compromete sistema de dessaliniza\u00e7\u00e3o em Olho d\u2019\u00c1gua das Flores, enquanto comunidade quilombola em Carneiros vira modelo de gest\u00e3o<\/a><\/p>\n\n\n\n<p><a href=\"https:\/\/fpisaofrancisco.inf.br\/index.php\/2025\/08\/21\/clipagem-da-fpi-al-do-dia-21-08-2025\/\" title=\"\">Clipagem da FPI\/AL do dia 21\/08\/2025<\/a><\/p>\n\n\n\n<p><a href=\"https:\/\/fpisaofrancisco.inf.br\/index.php\/2025\/08\/21\/fpial-flagra-irregularidades-em-criatorio-de-aves\/\">FPI do S\u00e3o Francisco flagra irregularidades em criat\u00f3rio de aves em Arapiraca<\/a><\/p>\n\n\n\n<p><a href=\"https:\/\/fpisaofrancisco.inf.br\/index.php\/2025\/08\/21\/fpi-flagra-lixao-em-sao-jose-da-tapera-e-aplica-multa-de-r-80-mil\/\">FPI flagra lix\u00e3o em S\u00e3o Jos\u00e9 da Tapera e aplica multa de R$ 80 mil<\/a><\/p>\n\n\n\n<p><a href=\"file:\/\/\/S:\/\/fpisaofrancisco.inf.br\/index.php\/2025\/08\/21\/municipios-alagoanos-recebem-orientacoes-para-fortalecer-politica-ambiental\">Munic\u00edpios alagoanos recebem orienta\u00e7\u00f5es da FPI para fortalecer pol\u00edtica ambiental local<\/a><\/p>\n\n\n\n<p><a href=\"https:\/\/fpisaofrancisco.inf.br\/index.php\/2025\/08\/21\/fpi-flagra-laticinio-e-pocilga-clandestinos\/\">FPI flagra latic\u00ednio e pocilga clandestinos em Major Izidoro e recolhe quase uma tonelada de alimento impr\u00f3prio para consumo<\/a><\/p>\n\n\n\n<p><a href=\"https:\/\/fpisaofrancisco.inf.br\/index.php\/2025\/08\/21\/clipagem-da-fpi-al-do-dia-20-08-2025\/\" title=\"\">Clipagem da FPI\/AL do dia 20\/08\/2025<\/a><\/p>\n\n\n\n<p><a href=\"https:\/\/fpisaofrancisco.inf.br\/index.php\/2025\/08\/20\/guardioes-do-velho-chico-protege-vida-e-sustento-no-sao-francisco\/\">Guardi\u00f5es do Velho Chico: combate \u00e0 pesca predat\u00f3ria protege vida e sustento no S\u00e3o Francisco<\/a><\/p>\n\n\n\n<p><a href=\"https:\/\/fpisaofrancisco.inf.br\/index.php\/2025\/08\/20\/fpi-em-comunidades-tradicionais-relatos-reforcam-urgencia-em-saude-e-educacao-em-pao-de-acucar\/\">FPI em comunidades tradicionais: relatos refor\u00e7am urg\u00eancia em sa\u00fade e educa\u00e7\u00e3o em P\u00e3o de A\u00e7\u00facar<\/a><\/p>\n\n\n\n<p><a href=\"https:\/\/fpisaofrancisco.inf.br\/index.php\/2025\/08\/20\/fpial-leva-educacao-ambiental-a-escolas-e-comunidades-tradicionais-em-palestina\/\">FPI em Alagoas leva educa\u00e7\u00e3o ambiental a escolas e comunidades tradicionais em Palestina<\/a><\/p>\n\n\n\n<p><a href=\"https:\/\/fpisaofrancisco.inf.br\/index.php\/2025\/08\/20\/fpial-constata-maior-desmatamento-registrado\/\">FPI do S\u00e3o Francisco constata maior desmatamento j\u00e1 registrado durante as 15 etapas da fiscaliza\u00e7\u00e3o em Alagoas<\/a><\/p>\n\n\n\n<p><a href=\"https:\/\/fpisaofrancisco.inf.br\/index.php\/2025\/08\/19\/fpi-atua-para-combater-trabalho-analogo-a-escravidao-em-pedreiras\/\">FPI atua para combater trabalho an\u00e1logo \u00e0 escravid\u00e3o em pedreiras<\/a><\/p>\n\n\n\n<p><a href=\"https:\/\/fpisaofrancisco.inf.br\/index.php\/2025\/08\/19\/fpial-discute-dignidade-e-politicas-publicas-com-comunidade-quilombola-cacimba-do-barro\/\">FPI do Rio S\u00e3o Francisco discute dignidade e pol\u00edticas p\u00fablicas com comunidade quilombola Cacimba do Barro, no alto sert\u00e3o<\/a><\/p>\n\n\n\n<p><a href=\"https:\/\/fpisaofrancisco.inf.br\/index.php\/2025\/08\/18\/fpi-interdita-clinica-veterinaria-em-sao-jose-da-tapera\/\">FPI do Rio S\u00e3o Francisco interdita cl\u00ednica veterin\u00e1ria em S\u00e3o Jos\u00e9 da Tapera por cirurgias irregulares de animais<\/a><\/p>\n\n\n\n<p><a href=\"http:\/\/xn--defesa%20da%20sade%20pblica-c2cg:%20FPI%20impede%20venda%20de%20368%20litros%20de%20leite%20impr%C3%B3prio%20para%20consumo%20humano%20em%20P%C3%A3o%20de%20A%C3%A7%C3%BAcar\/\">Defesa da sa\u00fade p\u00fablica: FPI impede venda de 368 litros de leite impr\u00f3prio para consumo humano em P\u00e3o de A\u00e7\u00facar<\/a><\/p>\n\n\n\n<p><a href=\"https:\/\/fpisaofrancisco.inf.br\/index.php\/2025\/08\/18\/fpi-inicia-a-15a-etapa-em-alagoas-com-fiscalizacao-e-educacao-ambiental-para-populacao-sertaneja\/\">FPI do Rio S\u00e3o Francisco d\u00e1 in\u00edcio \u00e0 15\u00aa etapa em Alagoas com fiscaliza\u00e7\u00e3o e educa\u00e7\u00e3o ambiental para popula\u00e7\u00e3o sertaneja<\/a><\/p>\n","protected":false},"excerpt":{"rendered":"<p>A FPI do S\u00e3o Francisco visitou a comunidade quilombola de Aguazinha, em Carneiros (AL), onde moradores relataram a poss\u00edvel exist\u00eancia de um s\u00edtio paleontol\u00f3gico. A \u00e1rea foi registrada e encaminhada ao Iphan para an\u00e1lise. A equipe tamb\u00e9m ouviu demandas por sa\u00fade, \u00e1gua e educa\u00e7\u00e3o, refor\u00e7ando a import\u00e2ncia da escuta comunit\u00e1ria e do fortalecimento de pol\u00edticas p\u00fablicas.<\/p>\n","protected":false},"author":7,"featured_media":8555,"comment_status":"open","ping_status":"open","sticky":false,"template":"","format":"standard","meta":{"_jetpack_memberships_contains_paid_content":false,"footnotes":""},"categories":[286,72],"tags":[287,307,213,195,82,105],"class_list":["post-8548","post","type-post","status-publish","format-standard","has-post-thumbnail","hentry","category-15-etapa-fpi-al","category-noticias-alagoas","tag-15fpial","tag-aguazinha","tag-bhsf","tag-comunidadestradicionais","tag-fpial","tag-quilombolas","category-286","category-72","description-off"],"aioseo_notices":[],"jetpack_featured_media_url":"https:\/\/fpisaofrancisco.inf.br\/wp-content\/uploads\/2025\/08\/f2_200825pct.jpeg","jetpack_sharing_enabled":true,"_links":{"self":[{"href":"https:\/\/fpisaofrancisco.inf.br\/index.php\/wp-json\/wp\/v2\/posts\/8548","targetHints":{"allow":["GET"]}}],"collection":[{"href":"https:\/\/fpisaofrancisco.inf.br\/index.php\/wp-json\/wp\/v2\/posts"}],"about":[{"href":"https:\/\/fpisaofrancisco.inf.br\/index.php\/wp-json\/wp\/v2\/types\/post"}],"author":[{"embeddable":true,"href":"https:\/\/fpisaofrancisco.inf.br\/index.php\/wp-json\/wp\/v2\/users\/7"}],"replies":[{"embeddable":true,"href":"https:\/\/fpisaofrancisco.inf.br\/index.php\/wp-json\/wp\/v2\/comments?post=8548"}],"version-history":[{"count":3,"href":"https:\/\/fpisaofrancisco.inf.br\/index.php\/wp-json\/wp\/v2\/posts\/8548\/revisions"}],"predecessor-version":[{"id":8559,"href":"https:\/\/fpisaofrancisco.inf.br\/index.php\/wp-json\/wp\/v2\/posts\/8548\/revisions\/8559"}],"wp:featuredmedia":[{"embeddable":true,"href":"https:\/\/fpisaofrancisco.inf.br\/index.php\/wp-json\/wp\/v2\/media\/8555"}],"wp:attachment":[{"href":"https:\/\/fpisaofrancisco.inf.br\/index.php\/wp-json\/wp\/v2\/media?parent=8548"}],"wp:term":[{"taxonomy":"category","embeddable":true,"href":"https:\/\/fpisaofrancisco.inf.br\/index.php\/wp-json\/wp\/v2\/categories?post=8548"},{"taxonomy":"post_tag","embeddable":true,"href":"https:\/\/fpisaofrancisco.inf.br\/index.php\/wp-json\/wp\/v2\/tags?post=8548"}],"curies":[{"name":"wp","href":"https:\/\/api.w.org\/{rel}","templated":true}]}}