{"id":8539,"date":"2025-08-22T07:59:06","date_gmt":"2025-08-22T07:59:06","guid":{"rendered":"https:\/\/fpisaofrancisco.inf.br\/?p=8539"},"modified":"2025-08-22T11:26:36","modified_gmt":"2025-08-22T11:26:36","slug":"invasao-compromete-sistema-de-dessalinizacao","status":"publish","type":"post","link":"https:\/\/fpisaofrancisco.inf.br\/index.php\/2025\/08\/22\/invasao-compromete-sistema-de-dessalinizacao\/","title":{"rendered":"Invas\u00e3o compromete sistema de dessaliniza\u00e7\u00e3o em Olho d\u2019\u00c1gua das Flores, enquanto comunidade quilombola em Carneiros vira modelo de gest\u00e3o"},"content":{"rendered":"\n<p class=\"has-accent-background-color has-background\">FPI do S\u00e3o Francisco encontra patrim\u00f4nio p\u00fablico transformado em resid\u00eancia particular e experi\u00eancia comunit\u00e1ria que garante \u00e1gua de qualidade<\/p>\n\n\n\n<p>Um sistema de dessaliniza\u00e7\u00e3o instalado para abastecer fam\u00edlias no sert\u00e3o alagoano foi transformado em moradia particular em Olho d\u2019\u00c1gua das Flores. A irregularidade foi constatada pela equipe de Recursos H\u00eddricos da Fiscaliza\u00e7\u00e3o Preventiva Integrada (FPI) do S\u00e3o Francisco durante inspe\u00e7\u00f5es realizadas em 20 de agosto. Al\u00e9m da invas\u00e3o do im\u00f3vel p\u00fablico, os fiscais encontraram equipamentos abandonados a c\u00e9u aberto e pe\u00e7as retiradas do local, situa\u00e7\u00e3o que amea\u00e7a a recupera\u00e7\u00e3o do maquin\u00e1rio.<\/p>\n\n\n\n<figure class=\"wp-block-gallery has-nested-images columns-default is-cropped wp-block-gallery-1 is-layout-flex wp-block-gallery-is-layout-flex\">\n<figure class=\"wp-block-image size-large\"><img fetchpriority=\"high\" decoding=\"async\" width=\"1024\" height=\"682\" data-id=\"8544\" src=\"https:\/\/fpisaofrancisco.inf.br\/wp-content\/uploads\/2025\/08\/f5_210825_aguaurbana-1024x682.jpeg\" alt=\"FPI AL flagra sistema de dessaliniza\u00e7\u00e3o transformado em moradia em Olho d\u2019\u00c1gua das Flores e destaca exemplo comunit\u00e1rio em Carneiros.\" class=\"wp-image-8544\" srcset=\"https:\/\/fpisaofrancisco.inf.br\/wp-content\/uploads\/2025\/08\/f5_210825_aguaurbana-1024x682.jpeg 1024w, https:\/\/fpisaofrancisco.inf.br\/wp-content\/uploads\/2025\/08\/f5_210825_aguaurbana-300x200.jpeg 300w, https:\/\/fpisaofrancisco.inf.br\/wp-content\/uploads\/2025\/08\/f5_210825_aguaurbana-768x512.jpeg 768w, https:\/\/fpisaofrancisco.inf.br\/wp-content\/uploads\/2025\/08\/f5_210825_aguaurbana-1536x1023.jpeg 1536w, https:\/\/fpisaofrancisco.inf.br\/wp-content\/uploads\/2025\/08\/f5_210825_aguaurbana.jpeg 1600w\" sizes=\"(max-width: 1024px) 100vw, 1024px\" \/><figcaption class=\"wp-element-caption\">Cr\u00e9dito: Anderson Macena (@bambluck)<\/figcaption><\/figure>\n\n\n\n<figure class=\"wp-block-image size-large\"><img decoding=\"async\" width=\"1024\" height=\"682\" data-id=\"8543\" src=\"https:\/\/fpisaofrancisco.inf.br\/wp-content\/uploads\/2025\/08\/f4_210825_aguaurbana-1024x682.jpeg\" alt=\"\" class=\"wp-image-8543\" srcset=\"https:\/\/fpisaofrancisco.inf.br\/wp-content\/uploads\/2025\/08\/f4_210825_aguaurbana-1024x682.jpeg 1024w, https:\/\/fpisaofrancisco.inf.br\/wp-content\/uploads\/2025\/08\/f4_210825_aguaurbana-300x200.jpeg 300w, https:\/\/fpisaofrancisco.inf.br\/wp-content\/uploads\/2025\/08\/f4_210825_aguaurbana-768x512.jpeg 768w, https:\/\/fpisaofrancisco.inf.br\/wp-content\/uploads\/2025\/08\/f4_210825_aguaurbana-1536x1023.jpeg 1536w, https:\/\/fpisaofrancisco.inf.br\/wp-content\/uploads\/2025\/08\/f4_210825_aguaurbana.jpeg 1600w\" sizes=\"(max-width: 1024px) 100vw, 1024px\" \/><figcaption class=\"wp-element-caption\">Cr\u00e9dito: Anderson Macena (@bambluck)<\/figcaption><\/figure>\n\n\n\n<figure class=\"wp-block-image size-large\"><img decoding=\"async\" width=\"1024\" height=\"682\" data-id=\"8541\" src=\"https:\/\/fpisaofrancisco.inf.br\/wp-content\/uploads\/2025\/08\/f2_210825_aguaurbana-1024x682.jpeg\" alt=\"\" class=\"wp-image-8541\" srcset=\"https:\/\/fpisaofrancisco.inf.br\/wp-content\/uploads\/2025\/08\/f2_210825_aguaurbana-1024x682.jpeg 1024w, https:\/\/fpisaofrancisco.inf.br\/wp-content\/uploads\/2025\/08\/f2_210825_aguaurbana-300x200.jpeg 300w, https:\/\/fpisaofrancisco.inf.br\/wp-content\/uploads\/2025\/08\/f2_210825_aguaurbana-768x512.jpeg 768w, https:\/\/fpisaofrancisco.inf.br\/wp-content\/uploads\/2025\/08\/f2_210825_aguaurbana-1536x1023.jpeg 1536w, https:\/\/fpisaofrancisco.inf.br\/wp-content\/uploads\/2025\/08\/f2_210825_aguaurbana.jpeg 1600w\" sizes=\"(max-width: 1024px) 100vw, 1024px\" \/><figcaption class=\"wp-element-caption\">Cr\u00e9dito: Anderson Macena (@bambluck)<\/figcaption><\/figure>\n\n\n\n<figure class=\"wp-block-image size-large\"><img loading=\"lazy\" decoding=\"async\" width=\"1024\" height=\"682\" data-id=\"8540\" src=\"https:\/\/fpisaofrancisco.inf.br\/wp-content\/uploads\/2025\/08\/f1_210825_aguaurbana-1024x682.jpeg\" alt=\"\" class=\"wp-image-8540\" srcset=\"https:\/\/fpisaofrancisco.inf.br\/wp-content\/uploads\/2025\/08\/f1_210825_aguaurbana-1024x682.jpeg 1024w, https:\/\/fpisaofrancisco.inf.br\/wp-content\/uploads\/2025\/08\/f1_210825_aguaurbana-300x200.jpeg 300w, https:\/\/fpisaofrancisco.inf.br\/wp-content\/uploads\/2025\/08\/f1_210825_aguaurbana-768x512.jpeg 768w, https:\/\/fpisaofrancisco.inf.br\/wp-content\/uploads\/2025\/08\/f1_210825_aguaurbana-1536x1023.jpeg 1536w, https:\/\/fpisaofrancisco.inf.br\/wp-content\/uploads\/2025\/08\/f1_210825_aguaurbana.jpeg 1600w\" sizes=\"(max-width: 1024px) 100vw, 1024px\" \/><figcaption class=\"wp-element-caption\">Cr\u00e9dito: Anderson Macena (@bambluck)<\/figcaption><\/figure>\n<\/figure>\n\n\n\n<h3 class=\"wp-block-heading\">Descaso em Olho d\u2019\u00c1gua das Flores<\/h3>\n\n\n\n<p>No s\u00edtio Sucupira, o equipamento principal de osmose reversa foi retirado da casa de abrigo e colocado ao relento, sujeito a sol e chuva. A estrutura, constru\u00edda para proteger o sistema, foi apropriada por um morador, que instalou cama, geladeira, fog\u00e3o e outros m\u00f3veis no espa\u00e7o. A equipe tamb\u00e9m identificou funda\u00e7\u00f5es e paredes em constru\u00e7\u00e3o, sinalizando obras de amplia\u00e7\u00e3o irregular dentro do im\u00f3vel p\u00fablico.<\/p>\n\n\n\n<p>Al\u00e9m disso, bombas de diferentes tipos e caixas d\u2019\u00e1gua pertencentes ao sistema foram levadas para a resid\u00eancia do respons\u00e1vel pelo equipamento, sob a justificativa de guarda. Para a FPI, a situa\u00e7\u00e3o caracteriza invas\u00e3o de patrim\u00f4nio p\u00fablico e apropria\u00e7\u00e3o indevida de bens. O risco maior, por\u00e9m, \u00e9 a perda da funcionalidade de um sistema que poderia garantir \u00e1gua pot\u00e1vel a dezenas de fam\u00edlias.<\/p>\n\n\n\n<p>\u201cEnquanto em Carneiros vemos uma comunidade quilombola fortalecida, operando dentro das normas e servindo de exemplo, em Olho d\u2019\u00c1gua das Flores o que encontramos foi descaso e risco de perda total de um bem coletivo\u201d, afirmou a coordenadora da equipe de Recursos H\u00eddricos da FPI, Elisabeth Rocha.<\/p>\n\n\n\n<h3 class=\"wp-block-heading\">Modelo quilombola em Carneiros<\/h3>\n\n\n\n<p>A poucos quil\u00f4metros dali, a realidade foi bem diferente. Em Carneiros, no povoado Lagoa do Algod\u00e3o, a FPI encontrou um sistema de dessaliniza\u00e7\u00e3o em funcionamento adequado, operado pela pr\u00f3pria comunidade quilombola. Um morador capacitado pela prefeitura \u00e9 respons\u00e1vel pelo maquin\u00e1rio, que fornece \u00e1gua de qualidade atrav\u00e9s de um chafariz.<\/p>\n\n\n\n<p>Embora a equipe tenha registrado pend\u00eancias \u2014 como a falta de pastilhas para o clorador que assegura a desinfec\u00e7\u00e3o da \u00e1gua e a aus\u00eancia de manta protetora para conter o rejeito salino despejado no solo \u2014, o trabalho coletivo da comunidade foi considerado exemplar.<\/p>\n\n\n\n<p>\u201c\u00c9 um exemplo de como a organiza\u00e7\u00e3o comunit\u00e1ria pode garantir \u00e1gua de qualidade, mesmo em regi\u00f5es historicamente afetadas pela escassez\u201d, destacou Elisabeth Rocha. Para ela, a experi\u00eancia quilombola demonstra o potencial das comunidades tradicionais quando recebem capacita\u00e7\u00e3o t\u00e9cnica e acompanhamento. \u201cQuando h\u00e1 comprometimento da comunidade e suporte dos \u00f3rg\u00e3os respons\u00e1veis, os sistemas de dessaliniza\u00e7\u00e3o funcionam e melhoram a qualidade de vida das pessoas\u201d, completou.<\/p>\n\n\n\n<h3 class=\"wp-block-heading\">Contraste que exige aten\u00e7\u00e3o<\/h3>\n\n\n\n<p>As duas situa\u00e7\u00f5es encontradas pela FPI no mesmo dia exp\u00f5em os extremos vividos pelo semi\u00e1rido alagoano: de um lado, o desperd\u00edcio e a apropria\u00e7\u00e3o indevida de equipamentos p\u00fablicos; de outro, a prova de que a gest\u00e3o comunit\u00e1ria pode transformar tecnologia em dignidade. O contraste, segundo a coordena\u00e7\u00e3o da FPI, refor\u00e7a a necessidade de fiscaliza\u00e7\u00e3o constante e do fortalecimento das comunidades locais na administra\u00e7\u00e3o dos sistemas de \u00e1gua.<\/p>\n\n\n\n<p>A equipe de Recursos H\u00eddricos &#8211; Abastecimento de \u00c1gua e Esgotamento Sanit\u00e1rio &#8211; \u00e9 composta por C<a href=\"https:\/\/www.crea-al.org.br\/\" title=\"\">onselho Regional de Engenharia e Agronomia de Alagoas (Crea-AL), <\/a><a href=\"https:\/\/crq17.org.br\/\" title=\"\">Conselho Regional de Qu\u00edmica da 17\u00aa Regi\u00e3o (CRQ-17)<\/a>, <a href=\"https:\/\/www.crt03.gov.br\/\" title=\"\">Conselho Regional dos T\u00e9cnicos Industriais da 3\u00aa Regi\u00e3o (CRT-3), Instituto do Meio Ambiente de Alagoas (IMA\/AL)<\/a>, <a href=\"https:\/\/www.mpal.mp.br\/\" title=\"\">Minist\u00e9rio P\u00fablico do Estado de Alagoas (MPE)<\/a>, <a href=\"https:\/\/www.saude.al.gov.br\/\" title=\"\">Secretaria de Estado da Sa\u00fade de Alagoas (Sesau)<\/a> e <a href=\"https:\/\/semarh.al.gov.br\/\" title=\"\">Secretaria de Estado do Meio Ambiente e dos Recursos H\u00eddricos (Semarh).<\/a><\/p>\n\n\n\n<p><strong>Leia tamb\u00e9m outras not\u00edcias da 15a etapa da FPI AL<\/strong><\/p>\n\n\n\n<p><a href=\"https:\/\/fpisaofrancisco.inf.br\/index.php\/2025\/08\/21\/fpial-flagra-irregularidades-em-criatorio-de-aves\/\" title=\"\">FPI do S\u00e3o Francisco flagra irregularidades em criat\u00f3rio de aves em Arapiraca<\/a><\/p>\n\n\n\n<p><a href=\"https:\/\/fpisaofrancisco.inf.br\/index.php\/2025\/08\/21\/fpi-flagra-lixao-em-sao-jose-da-tapera-e-aplica-multa-de-r-80-mil\/\">FPI flagra lix\u00e3o em S\u00e3o Jos\u00e9 da Tapera e aplica multa de R$ 80 mil<\/a><\/p>\n\n\n\n<p><a href=\"file:\/\/\/S:\/\/fpisaofrancisco.inf.br\/index.php\/2025\/08\/21\/municipios-alagoanos-recebem-orientacoes-para-fortalecer-politica-ambiental\">Munic\u00edpios alagoanos recebem orienta\u00e7\u00f5es da FPI para fortalecer pol\u00edtica ambiental local<\/a><\/p>\n\n\n\n<p><a href=\"https:\/\/fpisaofrancisco.inf.br\/index.php\/2025\/08\/21\/fpi-flagra-laticinio-e-pocilga-clandestinos\/\">FPI flagra latic\u00ednio e pocilga clandestinos em Major Izidoro e recolhe quase uma tonelada de alimento impr\u00f3prio para consumo<\/a><\/p>\n\n\n\n<p><a href=\"https:\/\/fpisaofrancisco.inf.br\/index.php\/2025\/08\/20\/guardioes-do-velho-chico-protege-vida-e-sustento-no-sao-francisco\/\">Guardi\u00f5es do Velho Chico: combate \u00e0 pesca predat\u00f3ria protege vida e sustento no S\u00e3o Francisco<\/a><\/p>\n\n\n\n<p><a href=\"https:\/\/fpisaofrancisco.inf.br\/index.php\/2025\/08\/20\/fpi-em-comunidades-tradicionais-relatos-reforcam-urgencia-em-saude-e-educacao-em-pao-de-acucar\/\">FPI em comunidades tradicionais: relatos refor\u00e7am urg\u00eancia em sa\u00fade e educa\u00e7\u00e3o em P\u00e3o de A\u00e7\u00facar<\/a><\/p>\n\n\n\n<p><a href=\"https:\/\/fpisaofrancisco.inf.br\/index.php\/2025\/08\/20\/fpial-leva-educacao-ambiental-a-escolas-e-comunidades-tradicionais-em-palestina\/\">FPI em Alagoas leva educa\u00e7\u00e3o ambiental a escolas e comunidades tradicionais em Palestina<\/a><\/p>\n\n\n\n<p><a href=\"https:\/\/fpisaofrancisco.inf.br\/index.php\/2025\/08\/20\/fpial-constata-maior-desmatamento-registrado\/\">FPI do S\u00e3o Francisco constata maior desmatamento j\u00e1 registrado durante as 15 etapas da fiscaliza\u00e7\u00e3o em Alagoas<\/a><\/p>\n\n\n\n<p><a href=\"https:\/\/fpisaofrancisco.inf.br\/index.php\/2025\/08\/19\/fpi-atua-para-combater-trabalho-analogo-a-escravidao-em-pedreiras\/\">FPI atua para combater trabalho an\u00e1logo \u00e0 escravid\u00e3o em pedreiras<\/a><\/p>\n\n\n\n<p><a href=\"https:\/\/fpisaofrancisco.inf.br\/index.php\/2025\/08\/19\/fpial-discute-dignidade-e-politicas-publicas-com-comunidade-quilombola-cacimba-do-barro\/\">FPI do Rio S\u00e3o Francisco discute dignidade e pol\u00edticas p\u00fablicas com comunidade quilombola Cacimba do Barro, no alto sert\u00e3o<\/a><\/p>\n\n\n\n<p><a href=\"https:\/\/fpisaofrancisco.inf.br\/index.php\/2025\/08\/18\/fpi-interdita-clinica-veterinaria-em-sao-jose-da-tapera\/\">FPI do Rio S\u00e3o Francisco interdita cl\u00ednica veterin\u00e1ria em S\u00e3o Jos\u00e9 da Tapera por cirurgias irregulares de animais<\/a><\/p>\n\n\n\n<p><a href=\"http:\/\/xn--defesa%20da%20sade%20pblica-c2cg:%20FPI%20impede%20venda%20de%20368%20litros%20de%20leite%20impr%C3%B3prio%20para%20consumo%20humano%20em%20P%C3%A3o%20de%20A%C3%A7%C3%BAcar\/\">Defesa da sa\u00fade p\u00fablica: FPI impede venda de 368 litros de leite impr\u00f3prio para consumo humano em P\u00e3o de A\u00e7\u00facar<\/a><\/p>\n\n\n\n<p><a href=\"https:\/\/fpisaofrancisco.inf.br\/index.php\/2025\/08\/18\/fpi-inicia-a-15a-etapa-em-alagoas-com-fiscalizacao-e-educacao-ambiental-para-populacao-sertaneja\/\">FPI do Rio S\u00e3o Francisco d\u00e1 in\u00edcio \u00e0 15\u00aa etapa em Alagoas com fiscaliza\u00e7\u00e3o e educa\u00e7\u00e3o ambiental para popula\u00e7\u00e3o sertaneja<\/a><\/p>\n\n\n\n<p><a href=\"https:\/\/fpisaofrancisco.inf.br\/index.php\/2025\/08\/21\/fpi-flagra-lixao-em-sao-jose-da-tapera-e-aplica-multa-de-r-80-mil\/\">AnteriorAnterior<\/a><\/p>\n","protected":false},"excerpt":{"rendered":"<p>FPI AL flagra sistema de dessaliniza\u00e7\u00e3o transformado em moradia em Olho d\u2019\u00c1gua das Flores e destaca exemplo comunit\u00e1rio em Carneiros<\/p>\n","protected":false},"author":7,"featured_media":8542,"comment_status":"open","ping_status":"open","sticky":false,"template":"","format":"standard","meta":{"_jetpack_memberships_contains_paid_content":false,"footnotes":""},"categories":[286,72],"tags":[287,196,213,82,119],"class_list":["post-8539","post","type-post","status-publish","format-standard","has-post-thumbnail","hentry","category-15-etapa-fpi-al","category-noticias-alagoas","tag-15fpial","tag-agua","tag-bhsf","tag-fpial","tag-velhochico","category-286","category-72","description-off"],"aioseo_notices":[],"jetpack_featured_media_url":"https:\/\/fpisaofrancisco.inf.br\/wp-content\/uploads\/2025\/08\/f3_210825_aguaurbana.jpeg","jetpack_sharing_enabled":true,"_links":{"self":[{"href":"https:\/\/fpisaofrancisco.inf.br\/index.php\/wp-json\/wp\/v2\/posts\/8539","targetHints":{"allow":["GET"]}}],"collection":[{"href":"https:\/\/fpisaofrancisco.inf.br\/index.php\/wp-json\/wp\/v2\/posts"}],"about":[{"href":"https:\/\/fpisaofrancisco.inf.br\/index.php\/wp-json\/wp\/v2\/types\/post"}],"author":[{"embeddable":true,"href":"https:\/\/fpisaofrancisco.inf.br\/index.php\/wp-json\/wp\/v2\/users\/7"}],"replies":[{"embeddable":true,"href":"https:\/\/fpisaofrancisco.inf.br\/index.php\/wp-json\/wp\/v2\/comments?post=8539"}],"version-history":[{"count":1,"href":"https:\/\/fpisaofrancisco.inf.br\/index.php\/wp-json\/wp\/v2\/posts\/8539\/revisions"}],"predecessor-version":[{"id":8545,"href":"https:\/\/fpisaofrancisco.inf.br\/index.php\/wp-json\/wp\/v2\/posts\/8539\/revisions\/8545"}],"wp:featuredmedia":[{"embeddable":true,"href":"https:\/\/fpisaofrancisco.inf.br\/index.php\/wp-json\/wp\/v2\/media\/8542"}],"wp:attachment":[{"href":"https:\/\/fpisaofrancisco.inf.br\/index.php\/wp-json\/wp\/v2\/media?parent=8539"}],"wp:term":[{"taxonomy":"category","embeddable":true,"href":"https:\/\/fpisaofrancisco.inf.br\/index.php\/wp-json\/wp\/v2\/categories?post=8539"},{"taxonomy":"post_tag","embeddable":true,"href":"https:\/\/fpisaofrancisco.inf.br\/index.php\/wp-json\/wp\/v2\/tags?post=8539"}],"curies":[{"name":"wp","href":"https:\/\/api.w.org\/{rel}","templated":true}]}}