{"id":8532,"date":"2025-08-21T07:50:16","date_gmt":"2025-08-21T07:50:16","guid":{"rendered":"https:\/\/fpisaofrancisco.inf.br\/?p=8532"},"modified":"2025-08-21T11:17:22","modified_gmt":"2025-08-21T11:17:22","slug":"clipagem-da-fpi-al-do-dia-20-08-2025","status":"publish","type":"post","link":"https:\/\/fpisaofrancisco.inf.br\/index.php\/2025\/08\/21\/clipagem-da-fpi-al-do-dia-20-08-2025\/","title":{"rendered":"Clipagem da FPI\/AL do dia 20\/08\/2025"},"content":{"rendered":"\n<p class=\"has-accent-background-color has-background\"><strong>ENTREVISTAS AO VIVO: COORDENADORES-GERAIS DA FPI EM ALAGOAS, PROMOTORES DE JUSTI\u00c7A ALBERTO FONSECA E LAV\u00cdNIA FRAGOSO FALAM DA 15\u00aa ETAPA DO PROGRAMA<\/strong><\/p>\n\n\n\n<p>TV GAZETA &#8211;<a href=\" https:\/\/g1.globo.com\/al\/alagoas\/videos-altv-2-edicao\/video\/fpi-flagra-desmatamento-de-area-do-tamanho-de-800-campos-de-futebol-entre-batalha-e-traipu-13859141.ghtml\"> https:\/\/g1.globo.com\/al\/alagoas\/videos-altv-2-edicao\/video\/fpi-flagra-desmatamento-de-area-do-tamanho-de-800-campos-de-futebol-entre-batalha-e-traipu-13859141.ghtml<\/a><\/p>\n\n\n\n<p>R\u00c1DIO CBN &#8211; <a href=\"https:\/\/cbnmaceio.com.br\/noticia\/22330\/cbn-maceio-coordenadora-geral-do-fpi-fala-sobre-importancia-da-fiscalizacao-em-alagoas\">https:\/\/cbnmaceio.com.br\/noticia\/22330\/cbn-maceio-coordenadora-geral-do-fpi-fala-sobre-importancia-da-fiscalizacao-em-alagoas<\/a><\/p>\n\n\n\n<p class=\"has-accent-background-color has-background\"><strong>FPI DO RIO S\u00c3O FRANCISCO D\u00c1 IN\u00cdCIO \u00c0 15\u00aa ETAPA EM ALAGOAS COM FISCALIZA\u00c7\u00c3O E EDUCA\u00c7\u00c3O AMBIENTAL PARA POPULA\u00c7\u00c3O SERTANEJA<\/strong><\/p>\n\n\n\n<p>TV GAZETA \u2013 ALTV1 &#8211; https:\/\/globoplay.globo.com\/v\/13850910\/<\/p>\n\n\n\n<p>TV PAJU\u00c7ARA \u2013 FIQUE ALERTA &#8211; <a href=\"https:\/\/www.youtube.com\/watch?v=wLObWdIx9GY&amp;pp=0gcJCa0JAYcqIYzv\">https:\/\/www.youtube.com\/watch?v=wLObWdIx9GY&amp;pp=0gcJCa0JAYcqIYzv<\/a><\/p>\n\n\n\n<p>GAZETANEWS &#8211; <a href=\"https:\/\/www.youtube.com\/watch?v=JzFxXGXu950\">https:\/\/www.youtube.com\/watch?v=JzFxXGXu950<\/a><\/p>\n\n\n\n<p>CBN \u2013 CBN MACEI\u00d3 &#8211; <a href=\"https:\/\/cbnmaceio.com.br\/noticia\/22330\/cbn-maceio-coordenadora-geral-do-fpi-fala-sobre-importancia-da-fiscalizacao-em-alagoas\">https:\/\/cbnmaceio.com.br\/noticia\/22330\/cbn-maceio-coordenadora-geral-do-fpi-fala-sobre-importancia-da-fiscalizacao-em-alagoas<\/a><\/p>\n\n\n\n<p>CADA MINUTO \u2013 <a href=\"https:\/\/www.cadaminuto.com.br\/noticia\/2025\/08\/18\/fpi-do-rio-sao-francisco-da-inicio-a-15-etapa-em-alagoas-com-fiscalizacao-e-educacao-ambiental-para-populacao-sertaneja\">https:\/\/www.cadaminuto.com.br\/noticia\/2025\/08\/18\/fpi-do-rio-sao-francisco-da-inicio-a-15-etapa-em-alagoas-com-fiscalizacao-e-educacao-ambiental-para-populacao-sertaneja<\/a><\/p>\n\n\n\n<p>JORNAL EXTRA &#8211; <a href=\"https:\/\/ojornalextra.com.br\/noticias\/alagoas\/2025\/08\/117394-fpi-da-inicio-a-15a-etapa-em-alagoas-com-fiscalizacao-e-educacao-ambiental\">https:\/\/ojornalextra.com.br\/noticias\/alagoas\/2025\/08\/117394-fpi-da-inicio-a-15a-etapa-em-alagoas-com-fiscalizacao-e-educacao-ambiental<\/a><\/p>\n\n\n\n<p>JUS BRASIL &#8211; <a href=\"https:\/\/www.jusbrasil.com.br\/noticias\/fpi-do-rio-sao-francisco-da-inicio-a-15-etapa-em-alagoas-com-fiscalizacao-e-educacao-ambiental-para-populacao-sertaneja\/4509250283\">https:\/\/www.jusbrasil.com.br\/noticias\/fpi-do-rio-sao-francisco-da-inicio-a-15-etapa-em-alagoas-com-fiscalizacao-e-educacao-ambiental-para-populacao-sertaneja\/4509250283<\/a><\/p>\n\n\n\n<p>TECLA 1 &#8211; <a href=\"https:\/\/tecla1.com.br\/fpi-do-rio-sao-francisco-da-inicio-a-15a-etapa-em-alagoas-com-fiscalizacao-e-educacao-ambiental-para-populacao-sertaneja\/\">https:\/\/tecla1.com.br\/fpi-do-rio-sao-francisco-da-inicio-a-15a-etapa-em-alagoas-com-fiscalizacao-e-educacao-ambiental-para-populacao-sertaneja\/<\/a><\/p>\n\n\n\n<p>ALAGOAS ALERTA &#8211; <a href=\"https:\/\/alagoasalerta.com.br\/noticias\/interior\/fpi-do-rio-sao-francisco-da-inicio-a-15a-etapa-em-alagoas-com-fiscalizacao-e-educacao-ambiental-para-populacao-sertaneja\">https:\/\/alagoasalerta.com.br\/noticias\/interior\/fpi-do-rio-sao-francisco-da-inicio-a-15a-etapa-em-alagoas-com-fiscalizacao-e-educacao-ambiental-para-populacao-sertaneja<\/a><\/p>\n\n\n\n<p class=\"has-accent-background-color has-background\"><strong>DEFESA DA SA\u00daDE P\u00daBLICA: FPI IMPEDE VENDA DE 368 LITROS DE LEITE IMPR\u00d3PRIO PARA CONSUMO HUMANO EM P\u00c3O DE A\u00c7\u00daCAR<\/strong><\/p>\n\n\n\n<p>ALAGOAS 24 HORAS &#8211; <a href=\"https:\/\/www.alagoas24horas.com.br\/1686879\/fpi-apreende-368-litros-de-leite-e-40-quilos-de-queijo-improprios-para-consumo-em-alagoas\/\">https:\/\/www.alagoas24horas.com.br\/1686879\/fpi-apreende-368-litros-de-leite-e-40-quilos-de-queijo-improprios-para-consumo-em-alagoas\/<\/a><\/p>\n\n\n\n<p>CBN \u2013 CBN MACEI\u00d3 &#8211; <a href=\"https:\/\/cbnmaceio.com.br\/noticia\/22328\/fpi-apreende-368-litros-de-leite-e-40-quilos-de-queijo-improprios-no-sertao\">https:\/\/cbnmaceio.com.br\/noticia\/22328\/fpi-apreende-368-litros-de-leite-e-40-quilos-de-queijo-improprios-no-sertao<\/a><\/p>\n\n\n\n<p>CADA MINUTO &#8211; <a href=\"https:\/\/www.cadaminuto.com.br\/noticia\/2025\/08\/18\/defesa-da-saude-publica-fpi-impede-venda-de-368-litros-de-leite-improprio-para-consumo-humano-em-pao-de-acucar\">https:\/\/www.cadaminuto.com.br\/noticia\/2025\/08\/18\/defesa-da-saude-publica-fpi-impede-venda-de-368-litros-de-leite-improprio-para-consumo-humano-em-pao-de-acucar<\/a><\/p>\n\n\n\n<p>SETE SEGUNDOS &#8211; <a href=\"https:\/\/www.7segundos.com.br\/arapiraca\/noticias\/2025\/08\/18\/282244-defesa-da-saude-publica-fpi-impede-venda-de-368-litros-de-leite-improprio-para-consumo-humano-em-pao-de-acucar\">https:\/\/www.7segundos.com.br\/arapiraca\/noticias\/2025\/08\/18\/282244-defesa-da-saude-publica-fpi-impede-venda-de-368-litros-de-leite-improprio-para-consumo-humano-em-pao-de-acucar<\/a><\/p>\n\n\n\n<p>ALAGOAS NA NET &#8211; <a href=\"https:\/\/www.alagoasnanet.com.br\/noticia\/9737\/santana-do-ipanema\/noticias\/fpi-impede-venda-de-368-litros-de-leite-improprio-para-consumo-humano-em-pao-de-acucar.html\">https:\/\/www.alagoasnanet.com.br\/noticia\/9737\/santana-do-ipanema\/noticias\/fpi-impede-venda-de-368-litros-de-leite-improprio-para-consumo-humano-em-pao-de-acucar.html<\/a><\/p>\n\n\n\n<p>ALAGOAS 102 &#8211; <a href=\"https:\/\/www.al102.com.br\/noticias\/27257\/fpi-apreende-368-litros-de-leite-e-40-quilos-de-queijo-sem-inspecao-em-municipios-do-sertao-de-al\">https:\/\/www.al102.com.br\/noticias\/27257\/fpi-apreende-368-litros-de-leite-e-40-quilos-de-queijo-sem-inspecao-em-municipios-do-sertao-de-al<\/a><\/p>\n\n\n\n<p class=\"has-accent-background-color has-background\"><strong>FPI DO RIO S\u00c3O FRANCISCO INTERDITA CL\u00cdNICA VETERIN\u00c1RIA EM S\u00c3O JOS\u00c9 DA TAPERA POR CIRURGIAS IRREGULARES DE ANIMAIS<\/strong><\/p>\n\n\n\n<p>TV PAJU\u00c7ARA \u2013 CIDADE AL &#8211; <a href=\"https:\/\/www.tnh1.com.br\/videos\/single-de-video\/vid\/clinica-veterinaria-irregular-e-fechada-em-sao-jose-da-tapera\/\">https:\/\/www.tnh1.com.br\/videos\/single-de-video\/vid\/clinica-veterinaria-irregular-e-fechada-em-sao-jose-da-tapera\/<\/a><\/p>\n\n\n\n<p>TV GAZETA \u2013 ALTV2 &#8211; <a href=\"https:\/\/g1.globo.com\/al\/alagoas\/videos-altv-2-edicao\/video\/clinica-veterinaria-e-interditada-em-sao-jose-da-tapera-por-cirurgias-irregulares-13852399.ghtml\">https:\/\/g1.globo.com\/al\/alagoas\/videos-altv-2-edicao\/video\/clinica-veterinaria-e-interditada-em-sao-jose-da-tapera-por-cirurgias-irregulares-13852399.ghtml<\/a><\/p>\n\n\n\n<p>G1 ALAGOAS &#8211; <a href=\"https:\/\/g1.globo.com\/al\/alagoas\/noticia\/2025\/08\/18\/clinica-veterinaria-com-cirurgias-irregulares-e-comercio-agropecuario-com-venda-de-agrotoxicos-sao-interditados-em-al.ghtml\">https:\/\/g1.globo.com\/al\/alagoas\/noticia\/2025\/08\/18\/clinica-veterinaria-com-cirurgias-irregulares-e-comercio-agropecuario-com-venda-de-agrotoxicos-sao-interditados-em-al.ghtml<\/a><\/p>\n\n\n\n<p>GAZETANEWS &#8211; <a href=\"https:\/\/www.youtube.com\/watch?v=12R9L9Dk0iQ\">https:\/\/www.youtube.com\/watch?v=12R9L9Dk0iQ<\/a><\/p>\n\n\n\n<p>GAZETAWEB &#8211; <a href=\"https:\/\/www.gazetaweb.com\/noticias\/interior\/clinica-veterinaria-que-fazia-cirurgias-irregulares-em-animais-e-interditada-831784\">https:\/\/www.gazetaweb.com\/noticias\/interior\/clinica-veterinaria-que-fazia-cirurgias-irregulares-em-animais-e-interditada-831784<\/a><\/p>\n\n\n\n<p>TRIBUNA HOJE &#8211; <a href=\"https:\/\/tribunahoje.com\/noticias\/interior\/2025\/08\/18\/164191-clinica-veterinaria-e-interditada-em-sao-jose-da-tapera-por-cirurgias-irregulares-de-animais\">https:\/\/tribunahoje.com\/noticias\/interior\/2025\/08\/18\/164191-clinica-veterinaria-e-interditada-em-sao-jose-da-tapera-por-cirurgias-irregulares-de-animais<\/a><\/p>\n\n\n\n<p>JORNAL EXTRA &#8211; <a href=\"https:\/\/ojornalextra.com.br\/noticias\/alagoas\/2025\/08\/117410-clinica-veterinaria-e-interditada-por-cirurgias-irregulares-de-animais\">https:\/\/ojornalextra.com.br\/noticias\/alagoas\/2025\/08\/117410-clinica-veterinaria-e-interditada-por-cirurgias-irregulares-de-animais<\/a><\/p>\n\n\n\n<p>FOLHA DE ALAGOAS &#8211; <a href=\"https:\/\/folhadealagoas.com.br\/2025\/08\/18\/clinica-veterinaria-e-interditada-por-cirurgias-irregulares-de-animais\/\">https:\/\/folhadealagoas.com.br\/2025\/08\/18\/clinica-veterinaria-e-interditada-por-cirurgias-irregulares-de-animais\/<\/a><\/p>\n\n\n\n<p>TNH1 &#8211; <a href=\"https:\/\/www.tnh1.com.br\/noticia\/nid\/clinica-veterinaria-e-interditada-por-cirurgias-irregulares-de-animais\/\">https:\/\/www.tnh1.com.br\/noticia\/nid\/clinica-veterinaria-e-interditada-por-cirurgias-irregulares-de-animais\/<\/a><\/p>\n\n\n\n<p>ALAGOAS NA NET &#8211; <a href=\"https:\/\/www.alagoasnanet.com.br\/noticia\/9740\/santana-do-ipanema\/noticias\/fpi-do-rio-sao-francisco-interdita-clinica-veterinaria-em-sao-jose-da-tapera-por-cirurgias-irregulares-de-animais.html\">https:\/\/www.alagoasnanet.com.br\/noticia\/9740\/santana-do-ipanema\/noticias\/fpi-do-rio-sao-francisco-interdita-clinica-veterinaria-em-sao-jose-da-tapera-por-cirurgias-irregulares-de-animais.html<\/a><\/p>\n\n\n\n<p>EMERG\u00caNCIA 190 &#8211; <a href=\"https:\/\/emergencia190.com\/noticia\/107688\/clinica-veterinaria-que-fazia-cirurgias-irregulares-em-animais-e-interditada.amp\">https:\/\/emergencia190.com\/noticia\/107688\/clinica-veterinaria-que-fazia-cirurgias-irregulares-em-animais-e-interditada.amp<\/a><\/p>\n\n\n\n<p>SERT\u00c3O 142 &#8211; <a href=\"https:\/\/www.sertao142.com.br\/post\/fpi-do-rio-s%C3%A3o-francisco-interdita-cl%C3%ADnica-veterin%C3%A1ria-em-s%C3%A3o-jos%C3%A9-da-tapera-por-cirurgias-irregular\">https:\/\/www.sertao142.com.br\/post\/fpi-do-rio-s%C3%A3o-francisco-interdita-cl%C3%ADnica-veterin%C3%A1ria-em-s%C3%A3o-jos%C3%A9-da-tapera-por-cirurgias-irregular<\/a><\/p>\n\n\n\n<p>NA MIRA DA NOT\u00cdCIA &#8211; <a href=\"https:\/\/namiradanoticia.com.br\/noticia\/8464\/fpi-rio-sao-francisco-interdita-clinica-veterinaria\/amp\">https:\/\/namiradanoticia.com.br\/noticia\/8464\/fpi-rio-sao-francisco-interdita-clinica-veterinaria\/amp<\/a><\/p>\n\n\n\n<p>NN1 &#8211; <a href=\"https:\/\/nn1.com.br\/fiscalizacao-interdita-clinica-veterinaria-em-sao-jose-da-tapera\/\">https:\/\/nn1.com.br\/fiscalizacao-interdita-clinica-veterinaria-em-sao-jose-da-tapera\/<\/a><\/p>\n\n\n\n<p class=\"has-accent-background-color has-background\"><strong>FPI DO RIO S\u00c3O FRANCISCO DISCUTE DIGNIDADE E POL\u00cdTICAS P\u00daBLICAS COM COMUNIDADE QUILOMBOLA CACIMBA DO BARRO, NO ALTO SERT\u00c3O<\/strong><\/p>\n\n\n\n<p>TRIBUNA HOJE &#8211; <a href=\"https:\/\/tribunahoje.com\/noticias\/interior\/2025\/08\/19\/164230-fpi-do-rio-sao-francisco-discute-dignidade-e-politicas-publicas-com-comunidade-quilombola-cacimba-do-barro\">https:\/\/tribunahoje.com\/noticias\/interior\/2025\/08\/19\/164230-fpi-do-rio-sao-francisco-discute-dignidade-e-politicas-publicas-com-comunidade-quilombola-cacimba-do-barro<\/a><\/p>\n\n\n\n<p>TRIBUNA DO SERT\u00c3O &#8211; <a href=\"https:\/\/tribunadosertao.com.br\/noticias\/2025\/08\/19\/710946-fpi-do-rio-sao-francisco-discute-dignidade-e-politicas-publicas-com-comunidade-quilombola-cacimba-do-barro-no-alto-sertao\">https:\/\/tribunadosertao.com.br\/noticias\/2025\/08\/19\/710946-fpi-do-rio-sao-francisco-discute-dignidade-e-politicas-publicas-com-comunidade-quilombola-cacimba-do-barro-no-alto-sertao<\/a><\/p>\n\n\n\n<p>ALAGOAS ALERTA &#8211; <a href=\"https:\/\/alagoasalerta.com.br\/noticias\/interior\/fpi-do-rio-sao-francisco-discute-dignidade-e-politicas-publicas-com-comunidade-quilombola-no-alto-sertao\">https:\/\/alagoasalerta.com.br\/noticias\/interior\/fpi-do-rio-sao-francisco-discute-dignidade-e-politicas-publicas-com-comunidade-quilombola-no-alto-sertao<\/a><\/p>\n\n\n\n<p>ALAGOAS NA NET &#8211; <a href=\"https:\/\/www.alagoasnanet.com.br\/noticia\/9742\/santana-do-ipanema\/noticias\/fpi-do-rio-sao-francisco-discute-dignidade-e-politicas-publicas-com-comunidade-quilombola-no-alto-sertao.html\">https:\/\/www.alagoasnanet.com.br\/noticia\/9742\/santana-do-ipanema\/noticias\/fpi-do-rio-sao-francisco-discute-dignidade-e-politicas-publicas-com-comunidade-quilombola-no-alto-sertao.html<\/a><\/p>\n\n\n\n<p>AL1 &#8211; <a href=\"https:\/\/al1.com.br\/noticias\/noticias\/169862-fpi-do-rio-sao-francisco-discute-dignidade-e-politicas-publicas-com-comunidade-quilombola-cacimba-do-barro-no-alto-sertao\">https:\/\/al1.com.br\/noticias\/noticias\/169862-fpi-do-rio-sao-francisco-discute-dignidade-e-politicas-publicas-com-comunidade-quilombola-cacimba-do-barro-no-alto-sertao<\/a><\/p>\n\n\n\n<p class=\"has-accent-background-color has-background\"><strong>FPI ATUA PARA COMBATER TRABALHO AN\u00c1LOGO \u00c0 ESCRAVID\u00c3O EM PEDREIRAS<\/strong><\/p>\n\n\n\n<p>TV PAJU\u00c7ARA \u2013 CIDADE AL &#8211; <a href=\"https:\/\/www.tnh1.com.br\/videos\/single-de-video\/vid\/pedreiras-sao-alvo-de-fiscalizacao-por-dano-ao-meio-ambiente-e-exploracao-de-trabalhadores\/\">https:\/\/www.tnh1.com.br\/videos\/single-de-video\/vid\/pedreiras-sao-alvo-de-fiscalizacao-por-dano-ao-meio-ambiente-e-exploracao-de-trabalhadores\/<\/a><\/p>\n\n\n\n<p>CADA MINUTO &#8211; <a href=\"https:\/\/www.cadaminuto.com.br\/noticia\/2025\/08\/19\/fiscalizacao-atua-para-combater-trabalho-analogo-a-escravidao-no-sertao\">https:\/\/www.cadaminuto.com.br\/noticia\/2025\/08\/19\/fiscalizacao-atua-para-combater-trabalho-analogo-a-escravidao-no-sertao<\/a><\/p>\n\n\n\n<p>ALAGOAS 24 HORAS &#8211; <a href=\"https:\/\/www.alagoas24horas.com.br\/1687083\/fpi-atua-para-combater-trabalho-analogo-a-escravidao-em-pedreiras-no-sertao-alagoano\/\">https:\/\/www.alagoas24horas.com.br\/1687083\/fpi-atua-para-combater-trabalho-analogo-a-escravidao-em-pedreiras-no-sertao-alagoano\/<\/a><\/p>\n\n\n\n<p>NN1 &#8211; <a href=\"https:\/\/nn1.com.br\/fiscalizacao-atua-no-combate-ao-trabalho-analogo-a-escravidao-em-pedreiras-em-ouro-branco\/\">https:\/\/nn1.com.br\/fiscalizacao-atua-no-combate-ao-trabalho-analogo-a-escravidao-em-pedreiras-em-ouro-branco\/<\/a><\/p>\n\n\n\n<p>J\u00c1 \u00c9 NOT\u00cdCIA &#8211;<a href=\" https:\/\/www.jaenoticia.com.br\/noticias\/2025\/08\/19\/137961-fpi-atua-para-combater-trabalho-analogo-a-escravidao-em-pedreiras-no-sertao-alagoano\"> https:\/\/www.jaenoticia.com.br\/noticias\/2025\/08\/19\/137961-fpi-atua-para-combater-trabalho-analogo-a-escravidao-em-pedreiras-no-sertao-alagoano<\/a><\/p>\n\n\n\n<p class=\"has-accent-background-color has-background\"><strong>FPI DO S\u00c3O FRANCISCO CONSTATA MAIOR DESMATAMENTO J\u00c1 REGISTRADO DURANTE AS 15 ETAPAS DA FISCALIZA\u00c7\u00c3O EM ALAGOAS<\/strong><\/p>\n\n\n\n<p>TV GAZETA \u2013 ALTV2 &#8211;<a href=\" https:\/\/g1.globo.com\/al\/alagoas\/videos-altv-2-edicao\/video\/fpi-flagra-desmatamento-de-area-do-tamanho-de-800-campos-de-futebol-entre-batalha-e-traipu-13859141.ghtml\"> https:\/\/g1.globo.com\/al\/alagoas\/videos-altv-2-edicao\/video\/fpi-flagra-desmatamento-de-area-do-tamanho-de-800-campos-de-futebol-entre-batalha-e-traipu-13859141.ghtml<\/a><\/p>\n\n\n\n<p>TNH1 &#8211; <a href=\"https:\/\/www.tnh1.com.br\/noticia\/nid\/fiscalizacao-encontra-area-desmantada-equivalente-a-800-campos-de-futebol-em-alagoas\/#:~:text=Durante%20os%20trabalhos%2C%20a%20FPI,evidentes%20da%20pr%C3%A1tica%20do%20crime\">https:\/\/www.tnh1.com.br\/noticia\/nid\/fiscalizacao-encontra-area-desmantada-equivalente-a-800-campos-de-futebol-em-alagoas\/#:~:text=Durante%20os%20trabalhos%2C%20a%20FPI,evidentes%20da%20pr%C3%A1tica%20do%20crime<\/a><\/p>\n\n\n\n<p>TRIBUNA HOJE &#8211; <a href=\"https:\/\/tribunahoje.com\/noticias\/interior\/2025\/08\/20\/164337-fpi-do-sao-francisco-constata-maior-desmatamento-ja-registrado-durante-as-15-etapas-da-fiscalizacao\">https:\/\/tribunahoje.com\/noticias\/interior\/2025\/08\/20\/164337-fpi-do-sao-francisco-constata-maior-desmatamento-ja-registrado-durante-as-15-etapas-da-fiscalizacao<\/a><\/p>\n\n\n\n<p>CBN MACEI\u00d3 &#8211; <a href=\"https:\/\/cbnmaceio.com.br\/noticia\/22368\/fpi-do-sao-francisco-flagra-maior-desmatamento-ja-registrado-em-alagoas\">https:\/\/cbnmaceio.com.br\/noticia\/22368\/fpi-do-sao-francisco-flagra-maior-desmatamento-ja-registrado-em-alagoas<\/a><\/p>\n\n\n\n<p>MELHOR NOT\u00cdCIA &#8211; <a href=\"https:\/\/melhornoticia.com.br\/noticia\/cidade\/mn134329520\/fpi-do-sao-francisco-constata-maior-desmatamento-ja-registrado-durante-as-15-etapas-da-fiscalizacao\">https:\/\/melhornoticia.com.br\/noticia\/cidade\/mn134329520\/fpi-do-sao-francisco-constata-maior-desmatamento-ja-registrado-durante-as-15-etapas-da-fiscalizacao<\/a><\/p>\n\n\n\n<p>EM TEMPO NOT\u00cdCIAS &#8211; <a href=\"https:\/\/emtemponoticias.com\/noticias\/2025\/08\/20\/10124-maior-desmatamento-ja-registrado-pela-fpi-em-alagoas-atinge-area-equivalente-a-800-campos-de-futebol\">https:\/\/emtemponoticias.com\/noticias\/2025\/08\/20\/10124-maior-desmatamento-ja-registrado-pela-fpi-em-alagoas-atinge-area-equivalente-a-800-campos-de-futebol<\/a><\/p>\n\n\n\n<p>POL\u00cdTICA ALAGOANA &#8211; <a href=\"https:\/\/www.politicaalagoana.com.br\/fpi-flagra-maior-desmatamento-ja-registrado-dono-acumula-r-14-milhoes-em-multas-ambientais\/\">https:\/\/www.politicaalagoana.com.br\/fpi-flagra-maior-desmatamento-ja-registrado-dono-acumula-r-14-milhoes-em-multas-ambientais\/<\/a><\/p>\n\n\n\n<p>AL 102 &#8211; <a href=\"https:\/\/www.al102.com.br\/noticias\/27287\/fiscalizacao-flagra-desmatamento-de-800-hectares-entre-traipu-e-batalha\">https:\/\/www.al102.com.br\/noticias\/27287\/fiscalizacao-flagra-desmatamento-de-800-hectares-entre-traipu-e-batalha<\/a><\/p>\n\n\n\n<p>ALAGOAS NEWS &#8211; <a href=\"https:\/\/www.alagoasnews.com.br\/noticia\/12469\/800-hectares-devastados-fpi-encontra-maior-desmatamento-ja-registrado-em-alagoas\">https:\/\/www.alagoasnews.com.br\/noticia\/12469\/800-hectares-devastados-fpi-encontra-maior-desmatamento-ja-registrado-em-alagoas<\/a><\/p>\n\n\n\n<p>ALAGOAS BRASIL NOT\u00cdCIA &#8211; <a href=\"https:\/\/alagoasbrasilnoticias.com.br\/fpi-flagra-maior-desmatamento-ja-registrado-dono-acumula-r-14-milhoes-em-multas-ambientais\/\">https:\/\/alagoasbrasilnoticias.com.br\/fpi-flagra-maior-desmatamento-ja-registrado-dono-acumula-r-14-milhoes-em-multas-ambientais\/<\/a><\/p>\n\n\n\n<p>GUIA MAIS &#8211; <a href=\"https:\/\/www.editoraguiamais.com.br\/noticia\/6035\/delmiro-gouveia\/noticias\/fpi-do-sao-francisco-constata-maior-desmatamento-ja-registrado-durante-as-15-etapas-da-fiscalizacao-em-alagoas.html\">https:\/\/www.editoraguiamais.com.br\/noticia\/6035\/delmiro-gouveia\/noticias\/fpi-do-sao-francisco-constata-maior-desmatamento-ja-registrado-durante-as-15-etapas-da-fiscalizacao-em-alagoas.html<\/a><\/p>\n\n\n\n<p class=\"has-accent-background-color has-background\"><strong>FPI EM ALAGOAS LEVA EDUCA\u00c7\u00c3O AMBIENTAL A ESCOLAS E COMUNIDADES TRADICIONAIS EM PALESTINA<\/strong><\/p>\n\n\n\n<p>CADA MINUTO &#8211; <a href=\"https:\/\/www.cadaminuto.com.br\/noticia\/2025\/08\/20\/fpi-em-alagoas-leva-educacao-ambiental-a-escolas-e-comunidades-tradicionais-em-palestina\">https:\/\/www.cadaminuto.com.br\/noticia\/2025\/08\/20\/fpi-em-alagoas-leva-educacao-ambiental-a-escolas-e-comunidades-tradicionais-em-palestina<\/a><\/p>\n\n\n\n<p class=\"has-accent-background-color has-background\"><strong>FPI EM COMUNIDADES TRADICIONAIS: RELATOS REFOR\u00c7AM URG\u00caNCIA EM SA\u00daDE E EDUCA\u00c7\u00c3O EM P\u00c3O DE A\u00c7\u00daCAR<\/strong><\/p>\n\n\n\n<p>CADA MINUTO &#8211; <a href=\"https:\/\/www.cadaminuto.com.br\/noticia\/2025\/08\/20\/fpi-em-comunidades-tradicionais-relatos-reforcam-urgencia-em-saude-e-educacao-em-pao-de-acucar\">https:\/\/www.cadaminuto.com.br\/noticia\/2025\/08\/20\/fpi-em-comunidades-tradicionais-relatos-reforcam-urgencia-em-saude-e-educacao-em-pao-de-acucar<\/a><\/p>\n\n\n\n<p>SETE SEGUNDOS &#8211; <a href=\"https:\/\/www.7segundos.com.br\/arapiraca\/noticias\/2025\/08\/20\/282406-fpi-em-comunidades-tradicionais-relatos-reforcam-urgencia-em-saude-e-educacao-em-pao-de-acucar\">https:\/\/www.7segundos.com.br\/arapiraca\/noticias\/2025\/08\/20\/282406-fpi-em-comunidades-tradicionais-relatos-reforcam-urgencia-em-saude-e-educacao-em-pao-de-acucar<\/a><\/p>\n\n\n\n<p>TRIBUNA HOJE &#8211; <a href=\"https:\/\/tribunahoje.com\/noticias\/interior\/2025\/08\/20\/164400-relatos-reforcam-urgencia-em-saude-e-educacao-em-pao-de-acucar\">https:\/\/tribunahoje.com\/noticias\/interior\/2025\/08\/20\/164400-relatos-reforcam-urgencia-em-saude-e-educacao-em-pao-de-acucar<\/a><\/p>\n\n\n\n<p class=\"has-accent-background-color has-background\"><strong>GUARDI\u00d5ES DO VELHO CHICO: COMBATE \u00c0 PESCA PREDAT\u00d3RIA PROTEGE VIDA E SUSTENTO NO S\u00c3O FRANCISCO<\/strong><\/p>\n\n\n\n<p>JORNAL EXTRA &#8211; <a href=\"https:\/\/ojornalextra.com.br\/noticias\/alagoas\/2025\/08\/117491-combate-a-pesca-predatoria-protege-vida-e-sustento-no-sao-francisco#:~:text=Combate%20%C3%A0%20pesca%20predat%C3%B3ria%20protege%20vida%20e%20sustento%20no%20S%C3%A3o%20Francisco,-Equipe%20resgata%20petrechos&amp;text=Durante%20a%20mais%20recente%20etapa,pelo%20combate%20%C3%A0%20pesca%20predat%C3%B3ria.\">https:\/\/ojornalextra.com.br\/noticias\/alagoas\/2025\/08\/117491-combate-a-pesca-predatoria-protege-vida-e-sustento-no-sao-francisco#:~:text=Combate%20%C3%A0%20pesca%20predat%C3%B3ria%20protege%20vida%20e%20sustento%20no%20S%C3%A3o%20Francisco,-Equipe%20resgata%20petrechos&amp;text=Durante%20a%20mais%20recente%20etapa,pelo%20combate%20%C3%A0%20pesca%20predat%C3%B3ria.<\/a><\/p>\n\n\n\n<p>TRIBUNA HOJE &#8211; <a href=\"https:\/\/tribunahoje.com\/noticias\/interior\/2025\/08\/20\/164375-guardioes-do-velho-chico-combate-a-pesca-predatoria-protege-vida-e-sustento-no-sao-francisco\">https:\/\/tribunahoje.com\/noticias\/interior\/2025\/08\/20\/164375-guardioes-do-velho-chico-combate-a-pesca-predatoria-protege-vida-e-sustento-no-sao-francisco<\/a><\/p>\n\n\n\n<p>SETE SEGUNDOS &#8211; <a href=\"https:\/\/www.7segundos.com.br\/arapiraca\/noticias\/2025\/08\/20\/282420-video-guardioes-do-velho-chico-combate-a-pesca-predatoria-protege-vida-e-sustento-no-sao-francisco\">https:\/\/www.7segundos.com.br\/arapiraca\/noticias\/2025\/08\/20\/282420-video-guardioes-do-velho-chico-combate-a-pesca-predatoria-protege-vida-e-sustento-no-sao-francisco<\/a><\/p>\n\n\n\n<p><\/p>\n","protected":false},"excerpt":{"rendered":"<p>Clipagem da 15a FPI AL, dia 20 de agosto de 2025<\/p>\n","protected":false},"author":7,"featured_media":7806,"comment_status":"open","ping_status":"open","sticky":false,"template":"","format":"standard","meta":{"_jetpack_memberships_contains_paid_content":false,"footnotes":""},"categories":[286,72],"tags":[305],"class_list":["post-8532","post","type-post","status-publish","format-standard","has-post-thumbnail","hentry","category-15-etapa-fpi-al","category-noticias-alagoas","tag-fpial-clipagem-bhsf-15fpial","category-286","category-72","description-off"],"aioseo_notices":[],"jetpack_featured_media_url":"https:\/\/fpisaofrancisco.inf.br\/wp-content\/uploads\/2024\/11\/WhatsApp-Image-2024-11-22-at-13.53.36-1.jpeg","jetpack_sharing_enabled":true,"_links":{"self":[{"href":"https:\/\/fpisaofrancisco.inf.br\/index.php\/wp-json\/wp\/v2\/posts\/8532","targetHints":{"allow":["GET"]}}],"collection":[{"href":"https:\/\/fpisaofrancisco.inf.br\/index.php\/wp-json\/wp\/v2\/posts"}],"about":[{"href":"https:\/\/fpisaofrancisco.inf.br\/index.php\/wp-json\/wp\/v2\/types\/post"}],"author":[{"embeddable":true,"href":"https:\/\/fpisaofrancisco.inf.br\/index.php\/wp-json\/wp\/v2\/users\/7"}],"replies":[{"embeddable":true,"href":"https:\/\/fpisaofrancisco.inf.br\/index.php\/wp-json\/wp\/v2\/comments?post=8532"}],"version-history":[{"count":1,"href":"https:\/\/fpisaofrancisco.inf.br\/index.php\/wp-json\/wp\/v2\/posts\/8532\/revisions"}],"predecessor-version":[{"id":8533,"href":"https:\/\/fpisaofrancisco.inf.br\/index.php\/wp-json\/wp\/v2\/posts\/8532\/revisions\/8533"}],"wp:featuredmedia":[{"embeddable":true,"href":"https:\/\/fpisaofrancisco.inf.br\/index.php\/wp-json\/wp\/v2\/media\/7806"}],"wp:attachment":[{"href":"https:\/\/fpisaofrancisco.inf.br\/index.php\/wp-json\/wp\/v2\/media?parent=8532"}],"wp:term":[{"taxonomy":"category","embeddable":true,"href":"https:\/\/fpisaofrancisco.inf.br\/index.php\/wp-json\/wp\/v2\/categories?post=8532"},{"taxonomy":"post_tag","embeddable":true,"href":"https:\/\/fpisaofrancisco.inf.br\/index.php\/wp-json\/wp\/v2\/tags?post=8532"}],"curies":[{"name":"wp","href":"https:\/\/api.w.org\/{rel}","templated":true}]}}