{"id":8525,"date":"2025-08-21T13:00:31","date_gmt":"2025-08-21T13:00:31","guid":{"rendered":"https:\/\/fpisaofrancisco.inf.br\/?p=8525"},"modified":"2025-08-21T10:43:35","modified_gmt":"2025-08-21T10:43:35","slug":"fpi-flagra-lixao-em-sao-jose-da-tapera-e-aplica-multa-de-r-80-mil","status":"publish","type":"post","link":"https:\/\/fpisaofrancisco.inf.br\/index.php\/2025\/08\/21\/fpi-flagra-lixao-em-sao-jose-da-tapera-e-aplica-multa-de-r-80-mil\/","title":{"rendered":"FPI flagra lix\u00e3o em S\u00e3o Jos\u00e9 da Tapera e aplica multa de R$ 80 mil"},"content":{"rendered":"\n<p class=\"has-accent-background-color has-background\"><em>Res\u00edduos a c\u00e9u aberto descumprem legisla\u00e7\u00e3o ambiental; respons\u00e1vel indicado pela Prefeitura foi conduzido ao CISP<\/em><\/p>\n\n\n\n<p>A Fiscaliza\u00e7\u00e3o Preventiva Integrada (FPI) do Rio S\u00e3o Francisco flagrou a exist\u00eancia de um lix\u00e3o em atividade no munic\u00edpio de S\u00e3o Jos\u00e9 da Tapera, no sert\u00e3o alagoano. No local, foram encontrados res\u00edduos dom\u00e9sticos, entulhos, carca\u00e7as de animais, pneus e podas de \u00e1rvores, dispostos a c\u00e9u aberto, sem qualquer tipo de cercamento e em \u00e1rea que deveria estar em processo de recupera\u00e7\u00e3o ambiental. A irregularidade resultou na aplica\u00e7\u00e3o de multa de R$ 80 mil.<\/p>\n\n\n\n<figure class=\"wp-block-gallery has-nested-images columns-default is-cropped wp-block-gallery-1 is-layout-flex wp-block-gallery-is-layout-flex\">\n<figure class=\"wp-block-image size-large\"><img fetchpriority=\"high\" decoding=\"async\" width=\"1024\" height=\"768\" data-id=\"8530\" src=\"https:\/\/fpisaofrancisco.inf.br\/wp-content\/uploads\/2025\/08\/f5_lixao200825-1024x768.jpeg\" alt=\"\" class=\"wp-image-8530\" srcset=\"https:\/\/fpisaofrancisco.inf.br\/wp-content\/uploads\/2025\/08\/f5_lixao200825-1024x768.jpeg 1024w, https:\/\/fpisaofrancisco.inf.br\/wp-content\/uploads\/2025\/08\/f5_lixao200825-300x225.jpeg 300w, https:\/\/fpisaofrancisco.inf.br\/wp-content\/uploads\/2025\/08\/f5_lixao200825-768x576.jpeg 768w, https:\/\/fpisaofrancisco.inf.br\/wp-content\/uploads\/2025\/08\/f5_lixao200825-1536x1152.jpeg 1536w, https:\/\/fpisaofrancisco.inf.br\/wp-content\/uploads\/2025\/08\/f5_lixao200825.jpeg 1600w\" sizes=\"(max-width: 1024px) 100vw, 1024px\" \/><figcaption class=\"wp-element-caption\">Cr\u00e9dito: Cortesia\/FPI do Rio S\u00e3o Francisco<\/figcaption><\/figure>\n\n\n\n<figure class=\"wp-block-image size-large\"><img decoding=\"async\" width=\"1024\" height=\"768\" data-id=\"8529\" src=\"https:\/\/fpisaofrancisco.inf.br\/wp-content\/uploads\/2025\/08\/f4_lixao200825-1024x768.jpeg\" alt=\"\" class=\"wp-image-8529\" srcset=\"https:\/\/fpisaofrancisco.inf.br\/wp-content\/uploads\/2025\/08\/f4_lixao200825-1024x768.jpeg 1024w, https:\/\/fpisaofrancisco.inf.br\/wp-content\/uploads\/2025\/08\/f4_lixao200825-300x225.jpeg 300w, https:\/\/fpisaofrancisco.inf.br\/wp-content\/uploads\/2025\/08\/f4_lixao200825-768x576.jpeg 768w, https:\/\/fpisaofrancisco.inf.br\/wp-content\/uploads\/2025\/08\/f4_lixao200825-1536x1152.jpeg 1536w, https:\/\/fpisaofrancisco.inf.br\/wp-content\/uploads\/2025\/08\/f4_lixao200825.jpeg 1600w\" sizes=\"(max-width: 1024px) 100vw, 1024px\" \/><figcaption class=\"wp-element-caption\">Cr\u00e9dito: Cortesia\/FPI do Rio S\u00e3o Francisco<\/figcaption><\/figure>\n\n\n\n<figure class=\"wp-block-image size-large\"><img decoding=\"async\" width=\"1024\" height=\"768\" data-id=\"8527\" src=\"https:\/\/fpisaofrancisco.inf.br\/wp-content\/uploads\/2025\/08\/f2_lixao200825-1024x768.jpeg\" alt=\"\" class=\"wp-image-8527\" srcset=\"https:\/\/fpisaofrancisco.inf.br\/wp-content\/uploads\/2025\/08\/f2_lixao200825-1024x768.jpeg 1024w, https:\/\/fpisaofrancisco.inf.br\/wp-content\/uploads\/2025\/08\/f2_lixao200825-300x225.jpeg 300w, https:\/\/fpisaofrancisco.inf.br\/wp-content\/uploads\/2025\/08\/f2_lixao200825-768x576.jpeg 768w, https:\/\/fpisaofrancisco.inf.br\/wp-content\/uploads\/2025\/08\/f2_lixao200825-1536x1152.jpeg 1536w, https:\/\/fpisaofrancisco.inf.br\/wp-content\/uploads\/2025\/08\/f2_lixao200825.jpeg 1600w\" sizes=\"(max-width: 1024px) 100vw, 1024px\" \/><figcaption class=\"wp-element-caption\">Cr\u00e9dito: Cortesia\/FPI do Rio S\u00e3o Francisco<\/figcaption><\/figure>\n\n\n\n<figure class=\"wp-block-image size-large\"><img loading=\"lazy\" decoding=\"async\" width=\"1024\" height=\"768\" data-id=\"8526\" src=\"https:\/\/fpisaofrancisco.inf.br\/wp-content\/uploads\/2025\/08\/f1_lixao200825-1024x768.jpeg\" alt=\"\" class=\"wp-image-8526\" srcset=\"https:\/\/fpisaofrancisco.inf.br\/wp-content\/uploads\/2025\/08\/f1_lixao200825-1024x768.jpeg 1024w, https:\/\/fpisaofrancisco.inf.br\/wp-content\/uploads\/2025\/08\/f1_lixao200825-300x225.jpeg 300w, https:\/\/fpisaofrancisco.inf.br\/wp-content\/uploads\/2025\/08\/f1_lixao200825-768x576.jpeg 768w, https:\/\/fpisaofrancisco.inf.br\/wp-content\/uploads\/2025\/08\/f1_lixao200825-1536x1152.jpeg 1536w, https:\/\/fpisaofrancisco.inf.br\/wp-content\/uploads\/2025\/08\/f1_lixao200825.jpeg 1600w\" sizes=\"(max-width: 1024px) 100vw, 1024px\" \/><figcaption class=\"wp-element-caption\">Cr\u00e9dito: Cortesia\/FPI do Rio S\u00e3o Francisco<\/figcaption><\/figure>\n<\/figure>\n\n\n\n<p>A pr\u00e1tica configura crime ambiental, conforme o artigo 56 da Lei n\u00ba 9.605\/1998, al\u00e9m de descumprir a<a href=\"https:\/\/www.planalto.gov.br\/ccivil_03\/_ato2007-2010\/2010\/lei\/l12305.htm\" title=\"\"> Pol\u00edtica Nacional de Res\u00edduos S\u00f3lidos (Lei n\u00ba 12.305\/2010),<\/a> que determinou a erradica\u00e7\u00e3o dos lix\u00f5es em todo o pa\u00eds. Em Alagoas, esses espa\u00e7os foram oficialmente proibidos desde 2018.<\/p>\n\n\n\n<p>O Instituto do Meio Ambiente de Alagoas (IMA\/AL) lavrou um auto de infra\u00e7\u00e3o, aplicando a multa, enquanto o respons\u00e1vel indicado pela Prefeitura foi conduzido ao Centro Integrado de Seguran\u00e7a P\u00fablica (CISP), onde foram registrados boletim de ocorr\u00eancia e Termo Circunstanciado de Ocorr\u00eancia (TCO).<\/p>\n\n\n\n<p>A a\u00e7\u00e3o foi executada pela equipe de Res\u00edduos S\u00f3lidos, Extra\u00e7\u00e3o Mineral e Seguran\u00e7a de Barragens da FPI, composta pelo <a href=\"https:\/\/alagoasdigital.al.gov.br\/unidade-de-atendimento\/814\" title=\"\">Batalh\u00e3o de Pol\u00edcia Ambiental (BPA),<\/a> <a href=\"https:\/\/www.crea-al.org.br\/\" title=\"\">Conselho Regional de Engenharia e Agronomia de Alagoas (Crea-AL)<\/a>, <a href=\"https:\/\/www2.ima.al.gov.br\/\" title=\"\">IMA\/AL<\/a> e <a href=\"https:\/\/semarh.al.gov.br\/\" title=\"\">Secretaria de Estado do Meio Ambiente e dos Recursos H\u00eddricos (Semarh).<\/a><\/p>\n\n\n\n<p>O coordenador da equipe, Rafael Vanderley, representante do Crea-AL, destacou a gravidade da situa\u00e7\u00e3o e a necessidade de impedir retrocessos. \u201cDesde 2018, todos os lix\u00f5es em Alagoas foram oficialmente extintos. O ressurgimento dessa pr\u00e1tica configura um retrocesso inaceit\u00e1vel e demanda a\u00e7\u00f5es firmes e imediatas para impedir sua continuidade. \u00c9 fundamental que profissionais habilitados acompanhem o processo, elaborando planos de recupera\u00e7\u00e3o das \u00e1reas degradadas e monitorando a execu\u00e7\u00e3o das medidas at\u00e9 a plena reabilita\u00e7\u00e3o ambiental. Investir em pr\u00e1ticas modernas de gest\u00e3o de res\u00edduos, como a coleta seletiva, a compostagem e programas de educa\u00e7\u00e3o ambiental voltados \u00e0 popula\u00e7\u00e3o, \u00e9 essencial para reduzir a gera\u00e7\u00e3o de rejeitos e consolidar avan\u00e7os nessa tem\u00e1tica\u201d, afirmou.<\/p>\n\n\n\n<p>A FPI seguir\u00e1 monitorando o surgimento de pequenos ac\u00famulos de res\u00edduos s\u00f3lidos para evitar que situa\u00e7\u00f5es de lix\u00f5es clandestinos voltem a ocorrer no estado. Esta \u00e9 uma medida de preserva\u00e7\u00e3o ambiental e de sa\u00fade p\u00fablica.<\/p>\n\n\n\n<p><strong>Leia tamb\u00e9m outras not\u00edcias da 15a etapa da FPI AL<\/strong><\/p>\n\n\n\n<p><\/p>\n\n\n\n<p><a href=\"s:\/\/fpisaofrancisco.inf.br\/index.php\/2025\/08\/21\/municipios-alagoanos-recebem-orientacoes-para-fortalecer-politica-ambiental\" title=\"\">Munic\u00edpios alagoanos recebem orienta\u00e7\u00f5es da FPI para fortalecer pol\u00edtica ambiental local<\/a><\/p>\n\n\n\n<p><a href=\"https:\/\/fpisaofrancisco.inf.br\/index.php\/2025\/08\/21\/fpi-flagra-laticinio-e-pocilga-clandestinos\/\" title=\"\">FPI flagra latic\u00ednio e pocilga clandestinos em Major Izidoro e recolhe quase uma tonelada de alimento impr\u00f3prio para consumo<\/a><\/p>\n\n\n\n<p><a href=\"https:\/\/fpisaofrancisco.inf.br\/index.php\/2025\/08\/20\/guardioes-do-velho-chico-protege-vida-e-sustento-no-sao-francisco\/\">Guardi\u00f5es do Velho Chico: combate \u00e0 pesca predat\u00f3ria protege vida e sustento no S\u00e3o Francisco<\/a><\/p>\n\n\n\n<p><a href=\"https:\/\/fpisaofrancisco.inf.br\/index.php\/2025\/08\/20\/fpi-em-comunidades-tradicionais-relatos-reforcam-urgencia-em-saude-e-educacao-em-pao-de-acucar\/\">FPI em comunidades tradicionais: relatos refor\u00e7am urg\u00eancia em sa\u00fade e educa\u00e7\u00e3o em P\u00e3o de A\u00e7\u00facar<\/a><\/p>\n\n\n\n<p><a href=\"https:\/\/fpisaofrancisco.inf.br\/index.php\/2025\/08\/20\/fpial-leva-educacao-ambiental-a-escolas-e-comunidades-tradicionais-em-palestina\/\">FPI em Alagoas leva educa\u00e7\u00e3o ambiental a escolas e comunidades tradicionais em Palestina<\/a><\/p>\n\n\n\n<p><a href=\"https:\/\/fpisaofrancisco.inf.br\/index.php\/2025\/08\/20\/fpial-constata-maior-desmatamento-registrado\/\">FPI do S\u00e3o Francisco constata maior desmatamento j\u00e1 registrado durante as 15 etapas da fiscaliza\u00e7\u00e3o em Alagoas<\/a><\/p>\n\n\n\n<p><a href=\"https:\/\/fpisaofrancisco.inf.br\/index.php\/2025\/08\/19\/fpi-atua-para-combater-trabalho-analogo-a-escravidao-em-pedreiras\/\">FPI atua para combater trabalho an\u00e1logo \u00e0 escravid\u00e3o em pedreiras<\/a><\/p>\n\n\n\n<p><a href=\"https:\/\/fpisaofrancisco.inf.br\/index.php\/2025\/08\/19\/fpial-discute-dignidade-e-politicas-publicas-com-comunidade-quilombola-cacimba-do-barro\/\">FPI do Rio S\u00e3o Francisco discute dignidade e pol\u00edticas p\u00fablicas com comunidade quilombola Cacimba do Barro, no alto sert\u00e3o<\/a><\/p>\n\n\n\n<p><a href=\"https:\/\/fpisaofrancisco.inf.br\/index.php\/2025\/08\/18\/fpi-interdita-clinica-veterinaria-em-sao-jose-da-tapera\/\">FPI do Rio S\u00e3o Francisco interdita cl\u00ednica veterin\u00e1ria em S\u00e3o Jos\u00e9 da Tapera por cirurgias irregulares de animais<\/a><\/p>\n\n\n\n<p><a href=\"http:\/\/xn--defesa%20da%20sade%20pblica-c2cg:%20FPI%20impede%20venda%20de%20368%20litros%20de%20leite%20impr%C3%B3prio%20para%20consumo%20humano%20em%20P%C3%A3o%20de%20A%C3%A7%C3%BAcar\/\">Defesa da sa\u00fade p\u00fablica: FPI impede venda de 368 litros de leite impr\u00f3prio para consumo humano em P\u00e3o de A\u00e7\u00facar<\/a><\/p>\n\n\n\n<p><a href=\"https:\/\/fpisaofrancisco.inf.br\/index.php\/2025\/08\/18\/fpi-inicia-a-15a-etapa-em-alagoas-com-fiscalizacao-e-educacao-ambiental-para-populacao-sertaneja\/\">FPI do Rio S\u00e3o Francisco d\u00e1 in\u00edcio \u00e0 15\u00aa etapa em Alagoas com fiscaliza\u00e7\u00e3o e educa\u00e7\u00e3o ambiental para popula\u00e7\u00e3o sertaneja<\/a><\/p>\n","protected":false},"excerpt":{"rendered":"<p>A Fiscaliza\u00e7\u00e3o Preventiva Integrada (FPI) do S\u00e3o Francisco flagrou a exist\u00eancia de um lix\u00e3o em S\u00e3o Jos\u00e9 da Tapera\/AL, onde foram encontrados res\u00edduos diversos descartados a c\u00e9u aberto em \u00e1rea que deveria estar em recupera\u00e7\u00e3o ambiental. A irregularidade resultou em multa de R$ 80 mil aplicada pelo IMA\/AL, al\u00e9m de auto de infra\u00e7\u00e3o e ocorr\u00eancia policial. A pr\u00e1tica configura crime ambiental e descumpre a Pol\u00edtica Nacional de Res\u00edduos S\u00f3lidos, que determinou a erradica\u00e7\u00e3o dos lix\u00f5es desde 2010.<\/p>\n","protected":false},"author":7,"featured_media":8528,"comment_status":"open","ping_status":"open","sticky":false,"template":"","format":"standard","meta":{"_jetpack_memberships_contains_paid_content":false,"footnotes":""},"categories":[286,72],"tags":[287,213,82,121,304],"class_list":["post-8525","post","type-post","status-publish","format-standard","has-post-thumbnail","hentry","category-15-etapa-fpi-al","category-noticias-alagoas","tag-15fpial","tag-bhsf","tag-fpial","tag-lixao","tag-saojosedatapera","category-286","category-72","description-off"],"aioseo_notices":[],"jetpack_featured_media_url":"https:\/\/fpisaofrancisco.inf.br\/wp-content\/uploads\/2025\/08\/f3_lixao200825.jpeg","jetpack_sharing_enabled":true,"_links":{"self":[{"href":"https:\/\/fpisaofrancisco.inf.br\/index.php\/wp-json\/wp\/v2\/posts\/8525","targetHints":{"allow":["GET"]}}],"collection":[{"href":"https:\/\/fpisaofrancisco.inf.br\/index.php\/wp-json\/wp\/v2\/posts"}],"about":[{"href":"https:\/\/fpisaofrancisco.inf.br\/index.php\/wp-json\/wp\/v2\/types\/post"}],"author":[{"embeddable":true,"href":"https:\/\/fpisaofrancisco.inf.br\/index.php\/wp-json\/wp\/v2\/users\/7"}],"replies":[{"embeddable":true,"href":"https:\/\/fpisaofrancisco.inf.br\/index.php\/wp-json\/wp\/v2\/comments?post=8525"}],"version-history":[{"count":1,"href":"https:\/\/fpisaofrancisco.inf.br\/index.php\/wp-json\/wp\/v2\/posts\/8525\/revisions"}],"predecessor-version":[{"id":8531,"href":"https:\/\/fpisaofrancisco.inf.br\/index.php\/wp-json\/wp\/v2\/posts\/8525\/revisions\/8531"}],"wp:featuredmedia":[{"embeddable":true,"href":"https:\/\/fpisaofrancisco.inf.br\/index.php\/wp-json\/wp\/v2\/media\/8528"}],"wp:attachment":[{"href":"https:\/\/fpisaofrancisco.inf.br\/index.php\/wp-json\/wp\/v2\/media?parent=8525"}],"wp:term":[{"taxonomy":"category","embeddable":true,"href":"https:\/\/fpisaofrancisco.inf.br\/index.php\/wp-json\/wp\/v2\/categories?post=8525"},{"taxonomy":"post_tag","embeddable":true,"href":"https:\/\/fpisaofrancisco.inf.br\/index.php\/wp-json\/wp\/v2\/tags?post=8525"}],"curies":[{"name":"wp","href":"https:\/\/api.w.org\/{rel}","templated":true}]}}