{"id":8477,"date":"2025-08-20T07:59:55","date_gmt":"2025-08-20T07:59:55","guid":{"rendered":"https:\/\/fpisaofrancisco.inf.br\/?p=8477"},"modified":"2025-08-20T14:44:29","modified_gmt":"2025-08-20T14:44:29","slug":"fpial-constata-maior-desmatamento-registrado","status":"publish","type":"post","link":"https:\/\/fpisaofrancisco.inf.br\/index.php\/2025\/08\/20\/fpial-constata-maior-desmatamento-registrado\/","title":{"rendered":"FPI do S\u00e3o Francisco constata maior desmatamento j\u00e1 registrado durante as 15 etapas da fiscaliza\u00e7\u00e3o em Alagoas"},"content":{"rendered":"\n<p class=\"has-accent-background-color has-background\">Cerca de 800 campos de futebol: esse foi o tamanho do desmatamento, um dos crimes ambientais mais devastadores e de maior impacto para a vida no planeta, constatado, nesta ter\u00e7a-feira (19), durante a Fiscaliza\u00e7\u00e3o Preventiva Integrada (FPI) do Rio S\u00e3o Francisco. O flagrante ocorreu numa propriedade situada entre os munic\u00edpios de Traipu e Batalha. A gravidade da ocorr\u00eancia levou \u00e0 lavratura do 23\u00ba auto de infra\u00e7\u00e3o contra o dono da mesma \u00e1rea rural, que j\u00e1 acumula mais de R$ 14 milh\u00f5es em muitas.<\/p>\n\n\n\n<p>Durante os trabalhos, a FPI comprovou que este foi o maior desmatamento j\u00e1 identificado no estado enquanto a Fiscaliza\u00e7\u00e3o estava em a\u00e7\u00e3o, inclusive, uma nova \u00e1rea havia sido devastada h\u00e1 poucos dias, com sinais evidentes da pr\u00e1tica do crime. \u201cEste grande desmatamento soma mais de 800 hectares e o dono da propriedade j\u00e1 foi alvo de 22 autos de infra\u00e7\u00e3o e tantos outros termos de embargo. Ent\u00e3o, n\u00f3s estamos diante de um grande infrator ambiental, que ser\u00e1 autuado pela 23\u00aa vez. Diante das provas, vamos adotar outras provid\u00eancias investigat\u00f3rias e sancionat\u00f3rias mais efetivas com rela\u00e7\u00e3o a isso para, finalmente, conseguirmos parar com esse desmatamento que est\u00e1 acontecendo aqui na regi\u00e3o\u201d, declarou o procurador da Rep\u00fablica \u00c9rico Gomes, coordenador da FPI Alagoas.<\/p>\n\n\n\n<figure class=\"wp-block-gallery has-nested-images columns-default is-cropped wp-block-gallery-1 is-layout-flex wp-block-gallery-is-layout-flex\">\n<figure class=\"wp-block-image size-large\"><img fetchpriority=\"high\" decoding=\"async\" width=\"1024\" height=\"576\" data-id=\"8485\" src=\"https:\/\/fpisaofrancisco.inf.br\/wp-content\/uploads\/2025\/08\/f2_flo190825-1024x576.jpeg\" alt=\"\" class=\"wp-image-8485\" srcset=\"https:\/\/fpisaofrancisco.inf.br\/wp-content\/uploads\/2025\/08\/f2_flo190825-1024x576.jpeg 1024w, https:\/\/fpisaofrancisco.inf.br\/wp-content\/uploads\/2025\/08\/f2_flo190825-300x169.jpeg 300w, https:\/\/fpisaofrancisco.inf.br\/wp-content\/uploads\/2025\/08\/f2_flo190825-768x432.jpeg 768w, https:\/\/fpisaofrancisco.inf.br\/wp-content\/uploads\/2025\/08\/f2_flo190825.jpeg 1280w\" sizes=\"(max-width: 1024px) 100vw, 1024px\" \/><figcaption class=\"wp-element-caption\">Cr\u00e9dito: Alessandro Ribeiro (@alessandroribeiro13)<\/figcaption><\/figure>\n\n\n\n<figure class=\"wp-block-image size-large\"><img decoding=\"async\" width=\"1024\" height=\"576\" data-id=\"8484\" src=\"https:\/\/fpisaofrancisco.inf.br\/wp-content\/uploads\/2025\/08\/f3_flo190825-1024x576.jpeg\" alt=\"\" class=\"wp-image-8484\" srcset=\"https:\/\/fpisaofrancisco.inf.br\/wp-content\/uploads\/2025\/08\/f3_flo190825-1024x576.jpeg 1024w, https:\/\/fpisaofrancisco.inf.br\/wp-content\/uploads\/2025\/08\/f3_flo190825-300x169.jpeg 300w, https:\/\/fpisaofrancisco.inf.br\/wp-content\/uploads\/2025\/08\/f3_flo190825-768x432.jpeg 768w, https:\/\/fpisaofrancisco.inf.br\/wp-content\/uploads\/2025\/08\/f3_flo190825.jpeg 1280w\" sizes=\"(max-width: 1024px) 100vw, 1024px\" \/><figcaption class=\"wp-element-caption\">Cr\u00e9dito: Alessandro Ribeiro (@alessandroribeiro13)<\/figcaption><\/figure>\n\n\n\n<figure class=\"wp-block-image size-large\"><img decoding=\"async\" width=\"1024\" height=\"576\" data-id=\"8483\" src=\"https:\/\/fpisaofrancisco.inf.br\/wp-content\/uploads\/2025\/08\/f4_flo190825-1024x576.jpeg\" alt=\"\" class=\"wp-image-8483\" srcset=\"https:\/\/fpisaofrancisco.inf.br\/wp-content\/uploads\/2025\/08\/f4_flo190825-1024x576.jpeg 1024w, https:\/\/fpisaofrancisco.inf.br\/wp-content\/uploads\/2025\/08\/f4_flo190825-300x169.jpeg 300w, https:\/\/fpisaofrancisco.inf.br\/wp-content\/uploads\/2025\/08\/f4_flo190825-768x432.jpeg 768w, https:\/\/fpisaofrancisco.inf.br\/wp-content\/uploads\/2025\/08\/f4_flo190825.jpeg 1280w\" sizes=\"(max-width: 1024px) 100vw, 1024px\" \/><figcaption class=\"wp-element-caption\">Cr\u00e9dito: Alessandro Ribeiro (@alessandroribeiro13)<\/figcaption><\/figure>\n\n\n\n<figure class=\"wp-block-image size-large\"><img loading=\"lazy\" decoding=\"async\" width=\"1024\" height=\"576\" data-id=\"8482\" src=\"https:\/\/fpisaofrancisco.inf.br\/wp-content\/uploads\/2025\/08\/f5_flo190825-1024x576.jpeg\" alt=\"\" class=\"wp-image-8482\" srcset=\"https:\/\/fpisaofrancisco.inf.br\/wp-content\/uploads\/2025\/08\/f5_flo190825-1024x576.jpeg 1024w, https:\/\/fpisaofrancisco.inf.br\/wp-content\/uploads\/2025\/08\/f5_flo190825-300x169.jpeg 300w, https:\/\/fpisaofrancisco.inf.br\/wp-content\/uploads\/2025\/08\/f5_flo190825-768x432.jpeg 768w, https:\/\/fpisaofrancisco.inf.br\/wp-content\/uploads\/2025\/08\/f5_flo190825.jpeg 1280w\" sizes=\"(max-width: 1024px) 100vw, 1024px\" \/><figcaption class=\"wp-element-caption\">Cr\u00e9dito: Alessandro Ribeiro (@alessandroribeiro13)<\/figcaption><\/figure>\n<\/figure>\n\n\n\n<p>\u201cE \u00e9 importante esclarecer que existem duas esferas de atua\u00e7\u00e3o: uma \u00e9 a administrativa, feita pelo <a href=\"https:\/\/www.gov.br\/ibama\/pt-br\" title=\"\">Ibama<\/a>, com a aplica\u00e7\u00e3o de multa e com a lavratura do termos de embargo. A outra \u00e9 o trabalho feito no \u00e2mbito civil e criminal, com o ajuizamento de a\u00e7\u00f5es pelos Minist\u00e9rios P\u00fablicos <a href=\"https:\/\/www.mpf.mp.br\/al\/\" title=\"\">Federal<\/a> e <a href=\"https:\/\/www.mpal.mp.br\/\" title=\"\">Estadual<\/a>, onde poderemos requerer o bloqueio de bens e outros tipos de medidas cautelares necess\u00e1rias para recompor o dano causado, como, por exemplo, um plano de recupera\u00e7\u00e3o da \u00e1rea degradada\u201d, acrescentou \u00c9rico Gomes.<\/p>\n\n\n\n<p>\u201cO impacto do desmatamento vai muito al\u00e9m da \u00e1rea devastada. Ele amea\u00e7a a biodiversidade, compromete o equil\u00edbrio clim\u00e1tico, agrava a escassez de \u00e1gua e atinge comunidades que dependem diretamente da natureza para sobreviver. Por isso, combater esse tipo de crime ambiental deve ser uma prioridade n\u00e3o apenas da FPI, mas de cada cidad\u00e3o e cidad\u00e3\u201d, defendeu Felipe Ten\u00f3rio, analista do Instituto Brasileiro do Meio Ambiente e dos Recursos Naturais Renov\u00e1veis (Ibama) e coordenador da equipe Flora.<\/p>\n\n\n\n<h3 class=\"wp-block-heading\">COP-30 refor\u00e7a combate ao desmatamento<\/h3>\n\n\n\n<p>Esse enfrentamento estar\u00e1 no centro das discuss\u00f5es da COP-30, a Confer\u00eancia das Na\u00e7\u00f5es Unidas sobre Mudan\u00e7as Clim\u00e1ticas, que ser\u00e1 realizada agora em 2025, em Bel\u00e9m. Entre os principais objetivos do encontro, que reunir\u00e1 representantes do mundo inteiro, est\u00e1 justamente a redu\u00e7\u00e3o dr\u00e1stica do desmatamento, apontado como um dos maiores respons\u00e1veis pela acelera\u00e7\u00e3o do aquecimento global. \u201cCom o combate ao desmatamento ilegal, a FPI est\u00e1 cumprindo um dos principais objetivos da COP-30, que est\u00e1 ligado ao desenvolvimento sustent\u00e1vel que, por sua vez, tem rela\u00e7\u00e3o com a diminui\u00e7\u00e3o na emiss\u00e3o de g\u00e1s carb\u00f4nico e de outras emiss\u00f5es que s\u00e3o prejudiciais para o efeito estufa e para as mudan\u00e7as clim\u00e1ticas\u201d, alertou o procurador da Rep\u00fablica.<\/p>\n\n\n\n<p>Em Alagoas, a descoberta feita pela FPI refor\u00e7a a urg\u00eancia de medidas firmes. Segundo os \u00f3rg\u00e3os envolvidos, a destrui\u00e7\u00e3o ambiental n\u00e3o pode ser vista como um problema distante, uma vez que cada hectare derrubado representa uma perda irrepar\u00e1vel para as pr\u00f3ximas gera\u00e7\u00f5es.<\/p>\n\n\n\n<figure class=\"wp-block-gallery has-nested-images columns-default is-cropped wp-block-gallery-2 is-layout-flex wp-block-gallery-is-layout-flex\">\n<figure class=\"wp-block-image size-large\"><img loading=\"lazy\" decoding=\"async\" width=\"1024\" height=\"768\" data-id=\"8481\" src=\"https:\/\/fpisaofrancisco.inf.br\/wp-content\/uploads\/2025\/08\/f6_flo190825-1024x768.jpeg\" alt=\"FPI do S\u00e3o Francisco identifica maior desmatamento j\u00e1 registrado em Alagoas: 800 hectares devastados e novo auto de infra\u00e7\u00e3o contra reincidente.\" class=\"wp-image-8481\" srcset=\"https:\/\/fpisaofrancisco.inf.br\/wp-content\/uploads\/2025\/08\/f6_flo190825-1024x768.jpeg 1024w, https:\/\/fpisaofrancisco.inf.br\/wp-content\/uploads\/2025\/08\/f6_flo190825-300x225.jpeg 300w, https:\/\/fpisaofrancisco.inf.br\/wp-content\/uploads\/2025\/08\/f6_flo190825-768x576.jpeg 768w, https:\/\/fpisaofrancisco.inf.br\/wp-content\/uploads\/2025\/08\/f6_flo190825.jpeg 1280w\" sizes=\"(max-width: 1024px) 100vw, 1024px\" \/><figcaption class=\"wp-element-caption\">Cr\u00e9dito: Alessandro Ribeiro (@alessandroribeiro13)<\/figcaption><\/figure>\n\n\n\n<figure class=\"wp-block-image size-large\"><img loading=\"lazy\" decoding=\"async\" width=\"1024\" height=\"768\" data-id=\"8480\" src=\"https:\/\/fpisaofrancisco.inf.br\/wp-content\/uploads\/2025\/08\/f7_flo190825-1024x768.jpeg\" alt=\"\" class=\"wp-image-8480\" srcset=\"https:\/\/fpisaofrancisco.inf.br\/wp-content\/uploads\/2025\/08\/f7_flo190825-1024x768.jpeg 1024w, https:\/\/fpisaofrancisco.inf.br\/wp-content\/uploads\/2025\/08\/f7_flo190825-300x225.jpeg 300w, https:\/\/fpisaofrancisco.inf.br\/wp-content\/uploads\/2025\/08\/f7_flo190825-768x576.jpeg 768w, https:\/\/fpisaofrancisco.inf.br\/wp-content\/uploads\/2025\/08\/f7_flo190825.jpeg 1280w\" sizes=\"(max-width: 1024px) 100vw, 1024px\" \/><figcaption class=\"wp-element-caption\">Cr\u00e9dito: Alessandro Ribeiro (@alessandroribeiro13)<\/figcaption><\/figure>\n\n\n\n<figure class=\"wp-block-image size-large\"><img loading=\"lazy\" decoding=\"async\" width=\"1024\" height=\"768\" data-id=\"8479\" src=\"https:\/\/fpisaofrancisco.inf.br\/wp-content\/uploads\/2025\/08\/f8_flo190825-1024x768.jpeg\" alt=\"\" class=\"wp-image-8479\" srcset=\"https:\/\/fpisaofrancisco.inf.br\/wp-content\/uploads\/2025\/08\/f8_flo190825-1024x768.jpeg 1024w, https:\/\/fpisaofrancisco.inf.br\/wp-content\/uploads\/2025\/08\/f8_flo190825-300x225.jpeg 300w, https:\/\/fpisaofrancisco.inf.br\/wp-content\/uploads\/2025\/08\/f8_flo190825-768x576.jpeg 768w, https:\/\/fpisaofrancisco.inf.br\/wp-content\/uploads\/2025\/08\/f8_flo190825.jpeg 1280w\" sizes=\"(max-width: 1024px) 100vw, 1024px\" \/><figcaption class=\"wp-element-caption\">Cr\u00e9dito: Alessandro Ribeiro (@alessandroribeiro13)<\/figcaption><\/figure>\n<\/figure>\n\n\n\n<h3 class=\"wp-block-heading\">Per\u00edcia investiga uso de herbicida em \u00e1rea desmatada<\/h3>\n\n\n\n<p>Ainda no momento do flagrante, o Instituto de Criminal\u00edstica tamb\u00e9m entrou em campo para refor\u00e7ar as investiga\u00e7\u00f5es. Peritos criminais realizaram coleta de impress\u00f5es digitais nas tampas dos recipientes encontrados no local com o objetivo de identificar poss\u00edveis respons\u00e1veis pela degrada\u00e7\u00e3o. Ao todo, foram recolhidas 15 embalagens de herbicidas, produto utilizado para provocar desmatamento qu\u00edmico.<\/p>\n\n\n\n<p>Al\u00e9m disso, amostra do l\u00edquido armazenado em um desses recipientes foi recolhida e ser\u00e1 encaminhada para an\u00e1lise laboratorial. A per\u00edcia buscar\u00e1 confirmar se o material corresponde, de fato, a herbicida, possivelmente utilizados para acelerar o processo de destrui\u00e7\u00e3o da vegeta\u00e7\u00e3o nativa.<\/p>\n\n\n\n<p>O descarte irregular desses produtos qu\u00edmicos, jogados a c\u00e9u aberto no meio da mata, agrava ainda mais o impacto ambiental, podendo contaminar o solo e amea\u00e7ar a fauna local. O resultado dos exames ser\u00e1 fundamental para subsidiar as medidas legais e criminais contra os envolvidos no maior desmatamento j\u00e1 registrado numa etapa da FPI em Alagoas.<\/p>\n\n\n\n<p>A equipe Fauna \u00e9 composta pelo <a href=\"https:\/\/www.gov.br\/ibama\/pt-br\" title=\"\">Ibama<\/a>, pelo <a href=\"https:\/\/www2.ima.al.gov.br\/\" title=\"\">Instituto do Meio Ambiente de Alagoas (IMA)<\/a> e pelo <a href=\"https:\/\/alagoasdigital.al.gov.br\/unidade-de-atendimento\/814\" title=\"\">Batalh\u00e3o de Pol\u00edcia Ambiental (BPA<\/a>). Em especial, na fiscaliza\u00e7\u00e3o desse dia 19, o grupo contou com a participa\u00e7\u00e3o da Per\u00edcia Oficial.<\/p>\n\n\n\n<p><\/p>\n\n\n\n<h2 class=\"wp-block-heading\"><strong>Leia tamb\u00e9m outras not\u00edcias da 15a etapa da FPI AL<\/strong><\/h2>\n\n\n\n<p><\/p>\n\n\n\n<p><br><a href=\"https:\/\/fpisaofrancisco.inf.br\/index.php\/2025\/08\/19\/fpi-atua-para-combater-trabalho-analogo-a-escravidao-em-pedreiras\/\" title=\"\">FPI atua para combater trabalho an\u00e1logo \u00e0 escravid\u00e3o em pedreiras<\/a><\/p>\n\n\n\n<p><a href=\"https:\/\/fpisaofrancisco.inf.br\/index.php\/2025\/08\/19\/fpial-discute-dignidade-e-politicas-publicas-com-comunidade-quilombola-cacimba-do-barro\/\">FPI do Rio S\u00e3o Francisco discute dignidade e pol\u00edticas p\u00fablicas com comunidade quilombola Cacimba do Barro, no alto sert\u00e3o<\/a><\/p>\n\n\n\n<p><a href=\"https:\/\/fpisaofrancisco.inf.br\/index.php\/2025\/08\/18\/fpi-interdita-clinica-veterinaria-em-sao-jose-da-tapera\/\">FPI do Rio S\u00e3o Francisco interdita cl\u00ednica veterin\u00e1ria em S\u00e3o Jos\u00e9 da Tapera por cirurgias irregulares de animais<\/a><\/p>\n\n\n\n<p><a href=\"http:\/\/xn--defesa%20da%20sade%20pblica-c2cg:%20FPI%20impede%20venda%20de%20368%20litros%20de%20leite%20impr%C3%B3prio%20para%20consumo%20humano%20em%20P%C3%A3o%20de%20A%C3%A7%C3%BAcar\/\">Defesa da sa\u00fade p\u00fablica: FPI impede venda de 368 litros de leite impr\u00f3prio para consumo humano em P\u00e3o de A\u00e7\u00facar<\/a><\/p>\n\n\n\n<p><a href=\"https:\/\/fpisaofrancisco.inf.br\/index.php\/2025\/08\/18\/fpi-inicia-a-15a-etapa-em-alagoas-com-fiscalizacao-e-educacao-ambiental-para-populacao-sertaneja\/\">FPI do Rio S\u00e3o Francisco d\u00e1 in\u00edcio \u00e0 15\u00aa etapa em Alagoas com fiscaliza\u00e7\u00e3o e educa\u00e7\u00e3o ambiental para popula\u00e7\u00e3o sertaneja<\/a><\/p>\n","protected":false},"excerpt":{"rendered":"<p>FPI do S\u00e3o Francisco identifica maior desmatamento j\u00e1 registrado em Alagoas: 800 hectares devastados e novo auto de infra\u00e7\u00e3o contra reincidente.<\/p>\n","protected":false},"author":7,"featured_media":8478,"comment_status":"open","ping_status":"open","sticky":false,"template":"","format":"standard","meta":{"_jetpack_memberships_contains_paid_content":false,"footnotes":""},"categories":[286,72],"tags":[287,213,106,82,60,119],"class_list":["post-8477","post","type-post","status-publish","format-standard","has-post-thumbnail","hentry","category-15-etapa-fpi-al","category-noticias-alagoas","tag-15fpial","tag-bhsf","tag-desmatamento","tag-fpial","tag-meio-ambiente","tag-velhochico","category-286","category-72","description-off"],"aioseo_notices":[],"jetpack_featured_media_url":"https:\/\/fpisaofrancisco.inf.br\/wp-content\/uploads\/2025\/08\/f1_flo190825.jpeg","jetpack_sharing_enabled":true,"_links":{"self":[{"href":"https:\/\/fpisaofrancisco.inf.br\/index.php\/wp-json\/wp\/v2\/posts\/8477","targetHints":{"allow":["GET"]}}],"collection":[{"href":"https:\/\/fpisaofrancisco.inf.br\/index.php\/wp-json\/wp\/v2\/posts"}],"about":[{"href":"https:\/\/fpisaofrancisco.inf.br\/index.php\/wp-json\/wp\/v2\/types\/post"}],"author":[{"embeddable":true,"href":"https:\/\/fpisaofrancisco.inf.br\/index.php\/wp-json\/wp\/v2\/users\/7"}],"replies":[{"embeddable":true,"href":"https:\/\/fpisaofrancisco.inf.br\/index.php\/wp-json\/wp\/v2\/comments?post=8477"}],"version-history":[{"count":1,"href":"https:\/\/fpisaofrancisco.inf.br\/index.php\/wp-json\/wp\/v2\/posts\/8477\/revisions"}],"predecessor-version":[{"id":8486,"href":"https:\/\/fpisaofrancisco.inf.br\/index.php\/wp-json\/wp\/v2\/posts\/8477\/revisions\/8486"}],"wp:featuredmedia":[{"embeddable":true,"href":"https:\/\/fpisaofrancisco.inf.br\/index.php\/wp-json\/wp\/v2\/media\/8478"}],"wp:attachment":[{"href":"https:\/\/fpisaofrancisco.inf.br\/index.php\/wp-json\/wp\/v2\/media?parent=8477"}],"wp:term":[{"taxonomy":"category","embeddable":true,"href":"https:\/\/fpisaofrancisco.inf.br\/index.php\/wp-json\/wp\/v2\/categories?post=8477"},{"taxonomy":"post_tag","embeddable":true,"href":"https:\/\/fpisaofrancisco.inf.br\/index.php\/wp-json\/wp\/v2\/tags?post=8477"}],"curies":[{"name":"wp","href":"https:\/\/api.w.org\/{rel}","templated":true}]}}