{"id":8469,"date":"2025-08-19T14:16:21","date_gmt":"2025-08-19T14:16:21","guid":{"rendered":"https:\/\/fpisaofrancisco.inf.br\/?p=8469"},"modified":"2025-08-19T18:16:55","modified_gmt":"2025-08-19T18:16:55","slug":"fpi-atua-para-combater-trabalho-analogo-a-escravidao-em-pedreiras","status":"publish","type":"post","link":"https:\/\/fpisaofrancisco.inf.br\/index.php\/2025\/08\/19\/fpi-atua-para-combater-trabalho-analogo-a-escravidao-em-pedreiras\/","title":{"rendered":"FPI atua para combater trabalho an\u00e1logo \u00e0 escravid\u00e3o em pedreiras"},"content":{"rendered":"\n<p class=\"has-accent-background-color has-background\">Atividade econ\u00f4mica concentra maior n\u00famero de v\u00edtimas resgatadas em Alagoas, com 72 dos 97 casos registrados desde 2020; extra\u00e7\u00e3o de pedras tamb\u00e9m acarreta danos ao meio ambiente<\/p>\n\n\n\n<p><strong>Ouro Branco\/AL <\/strong>&#8211; Somando for\u00e7as na promo\u00e7\u00e3o do trabalho decente, a Fiscaliza\u00e7\u00e3o Preventiva Integrada (FPI) do Rio S\u00e3o Francisco levantou informa\u00e7\u00f5es, nesta segunda-feira (18), sobre a cadeia produtiva da extra\u00e7\u00e3o mineral no munic\u00edpio de Ouro Branco. Em Alagoas, a atividade econ\u00f4mica que envolve pedreiras foi a que mais concentrou v\u00edtimas resgatadas de trabalho an\u00e1logo \u00e0 escravid\u00e3o desde 2020, al\u00e9m de representar, por si s\u00f3, uma amea\u00e7a ao meio ambiente.<\/p>\n\n\n\n<p>O levantamento de informa\u00e7\u00f5es relacionadas \u00e0 escravid\u00e3o contempor\u00e2nea dialoga com o projeto \u201c<a href=\"https:\/\/midia-ext.mpt.mp.br\/pgt\/apge\/portal-sge\/projetos\/portfolio\/conaete\/plano-de-trabalho-cadeias-produtivas.pdf\" title=\"\">Rea\u00e7\u00e3o em Cadeia: atua\u00e7\u00e3o do Minist\u00e9rio P\u00fablico do Trabalho em cadeias produtivas\u201d<\/a>, que, em Alagoas, \u00e9 tocado pela procuradora do Trabalho Marcela D\u00f3ria. A iniciativa estrat\u00e9gica pretende identificar e responsabilizar os principais beneficiados pela explora\u00e7\u00e3o do trabalho em pedreiras, que n\u00e3o raro envolve empresas de grande porte e at\u00e9 mesmo o poder p\u00fablico, como compradores das pedras obtidas em condi\u00e7\u00f5es de trabalho degradantes.<\/p>\n\n\n\n<figure class=\"wp-block-image size-large\"><img fetchpriority=\"high\" decoding=\"async\" width=\"1024\" height=\"768\" src=\"https:\/\/fpisaofrancisco.inf.br\/wp-content\/uploads\/2025\/08\/F4_emr180825-1024x768.jpeg\" alt=\"\" class=\"wp-image-8473\" srcset=\"https:\/\/fpisaofrancisco.inf.br\/wp-content\/uploads\/2025\/08\/F4_emr180825-1024x768.jpeg 1024w, https:\/\/fpisaofrancisco.inf.br\/wp-content\/uploads\/2025\/08\/F4_emr180825-300x225.jpeg 300w, https:\/\/fpisaofrancisco.inf.br\/wp-content\/uploads\/2025\/08\/F4_emr180825-768x576.jpeg 768w, https:\/\/fpisaofrancisco.inf.br\/wp-content\/uploads\/2025\/08\/F4_emr180825-1536x1152.jpeg 1536w, https:\/\/fpisaofrancisco.inf.br\/wp-content\/uploads\/2025\/08\/F4_emr180825.jpeg 1600w\" sizes=\"(max-width: 1024px) 100vw, 1024px\" \/><figcaption class=\"wp-element-caption\">Cr\u00e9dito: Alessandro Vieira (@alessandroribeiro13)<\/figcaption><\/figure>\n\n\n\n<p>\u201cNosso objetivo \u00e9 promover o trabalho decente nas pedreiras. Esperamos reduzir o n\u00famero de resgates de trabalho escravo na atividade e fazer com que os empregadores se sensibilizem a obedecer a legisla\u00e7\u00e3o trabalhista nesse setor, evitando que mais trabalhadores tenham a sua dignidade violada atrav\u00e9s da explora\u00e7\u00e3o do trabalho escravo\u201d, disse Marcela D\u00f3ria, que integra a Coordenadoria Nacional de Erradica\u00e7\u00e3o do Trabalho Escravo e Enfrentamento ao Tr\u00e1fico de Pessoas (Conaete) do MPT.<\/p>\n\n\n\n<p>Nessa perspectiva, a equipe Res\u00edduos S\u00f3lidos, Extra\u00e7\u00e3o Mineral e Seguran\u00e7a de Barragens da FPI visitou uma pedreira localizada dentro da \u00c1rea de Prote\u00e7\u00e3o Ambiental (APA) da Serra da Cai\u00e7ara, em Ouro Branco. Por l\u00e1, os t\u00e9cnicos encontraram ferramentas de extra\u00e7\u00e3o das pedras, ambientes de descanso improvisados e estrutura el\u00e9trica para detona\u00e7\u00e3o de explosivos. Restos de fogueira recente e garrafa t\u00e9rmica com \u00e1gua fria foram ind\u00edcios de que trabalhadores tinham passado pelo local pouco antes de a fiscaliza\u00e7\u00e3o chegar.<\/p>\n\n\n\n<figure class=\"wp-block-gallery has-nested-images columns-default is-cropped wp-block-gallery-1 is-layout-flex wp-block-gallery-is-layout-flex\">\n<figure class=\"wp-block-image size-large\"><img decoding=\"async\" width=\"1024\" height=\"768\" data-id=\"8474\" src=\"https:\/\/fpisaofrancisco.inf.br\/wp-content\/uploads\/2025\/08\/F3_emr180825-1024x768.jpeg\" alt=\"\" class=\"wp-image-8474\" srcset=\"https:\/\/fpisaofrancisco.inf.br\/wp-content\/uploads\/2025\/08\/F3_emr180825-1024x768.jpeg 1024w, https:\/\/fpisaofrancisco.inf.br\/wp-content\/uploads\/2025\/08\/F3_emr180825-300x225.jpeg 300w, https:\/\/fpisaofrancisco.inf.br\/wp-content\/uploads\/2025\/08\/F3_emr180825-768x576.jpeg 768w, https:\/\/fpisaofrancisco.inf.br\/wp-content\/uploads\/2025\/08\/F3_emr180825.jpeg 1280w\" sizes=\"(max-width: 1024px) 100vw, 1024px\" \/><figcaption class=\"wp-element-caption\">Cr\u00e9dito: Alessandro Vieira (@alessandroribeiro13)<\/figcaption><\/figure>\n\n\n\n<figure class=\"wp-block-image size-large\"><img decoding=\"async\" width=\"1024\" height=\"768\" data-id=\"8471\" src=\"https:\/\/fpisaofrancisco.inf.br\/wp-content\/uploads\/2025\/08\/F6_emr180825-1024x768.jpeg\" alt=\"\" class=\"wp-image-8471\" srcset=\"https:\/\/fpisaofrancisco.inf.br\/wp-content\/uploads\/2025\/08\/F6_emr180825-1024x768.jpeg 1024w, https:\/\/fpisaofrancisco.inf.br\/wp-content\/uploads\/2025\/08\/F6_emr180825-300x225.jpeg 300w, https:\/\/fpisaofrancisco.inf.br\/wp-content\/uploads\/2025\/08\/F6_emr180825-768x576.jpeg 768w, https:\/\/fpisaofrancisco.inf.br\/wp-content\/uploads\/2025\/08\/F6_emr180825.jpeg 1280w\" sizes=\"(max-width: 1024px) 100vw, 1024px\" \/><figcaption class=\"wp-element-caption\">Cr\u00e9dito: Alessandro Vieira (@alessandroribeiro13)<\/figcaption><\/figure>\n<\/figure>\n\n\n\n<p>\u201cN\u00f3s encontramos uma situa\u00e7\u00e3o de explora\u00e7\u00e3o das pedras, como paralelep\u00edpedos e meios-fios, praticada de forma bem rudimentar. Quem trabalha no local utiliza utens\u00edlios bem r\u00fasticos, de forma manual e prec\u00e1ria, o que causa muitos acidentes de trabalho, alguns deles fatais. A nossa atua\u00e7\u00e3o nas pedreiras tamb\u00e9m tem por objetivo evitar que os trabalhadores se machuquem\u201d, disse Rafael Vanderley, coordenador da equipe Res\u00edduos S\u00f3lidos, Extra\u00e7\u00e3o Mineral e Seguran\u00e7a de Barragens da FPI.<\/p>\n\n\n\n<p>Com o que foi apurado em Ouro Branco, o <a href=\"https:\/\/www.prt19.mpt.mp.br\/\" title=\"\">MPT<\/a> abrir\u00e1 um procedimento promocional para facilitar a adequa\u00e7\u00e3o da atividade econ\u00f4mica, j\u00e1 tradicional no munic\u00edpio, \u00e0 legisla\u00e7\u00e3o trabalhista vigente. Nele, a procuradora Marcela D\u00f3ria deve envolver propriet\u00e1rios de pedreiras, contratantes de trabalhadores, compradores dos produtos decorrentes da extra\u00e7\u00e3o mineral e poder p\u00fablico.<\/p>\n\n\n\n<p>Desde 2020, foram resgatados 97 trabalhadores em situa\u00e7\u00e3o an\u00e1loga \u00e0 escravid\u00e3o em Alagoas. Dessas, 72 trabalhavam na extra\u00e7\u00e3o de pedra, argila e areia, segundo dados do Observat\u00f3rio da Erradica\u00e7\u00e3o do Trabalho Escravo e do Tr\u00e1fico de Pessoas, coordenado pelo MPT e a Organiza\u00e7\u00e3o Internacional do Trabalho.<\/p>\n\n\n\n<figure class=\"wp-block-gallery has-nested-images columns-default is-cropped wp-block-gallery-2 is-layout-flex wp-block-gallery-is-layout-flex\">\n<figure class=\"wp-block-image size-large\"><img loading=\"lazy\" decoding=\"async\" width=\"1024\" height=\"576\" data-id=\"8475\" src=\"https:\/\/fpisaofrancisco.inf.br\/wp-content\/uploads\/2025\/08\/F2_emr180825-1024x576.jpeg\" alt=\"\" class=\"wp-image-8475\" srcset=\"https:\/\/fpisaofrancisco.inf.br\/wp-content\/uploads\/2025\/08\/F2_emr180825-1024x576.jpeg 1024w, https:\/\/fpisaofrancisco.inf.br\/wp-content\/uploads\/2025\/08\/F2_emr180825-300x169.jpeg 300w, https:\/\/fpisaofrancisco.inf.br\/wp-content\/uploads\/2025\/08\/F2_emr180825-768x432.jpeg 768w, https:\/\/fpisaofrancisco.inf.br\/wp-content\/uploads\/2025\/08\/F2_emr180825.jpeg 1280w\" sizes=\"(max-width: 1024px) 100vw, 1024px\" \/><figcaption class=\"wp-element-caption\">Cr\u00e9dito: Alessandro Vieira (@alessandroribeiro13)<\/figcaption><\/figure>\n\n\n\n<figure class=\"wp-block-image size-large\"><img loading=\"lazy\" decoding=\"async\" width=\"1024\" height=\"576\" data-id=\"8472\" src=\"https:\/\/fpisaofrancisco.inf.br\/wp-content\/uploads\/2025\/08\/F5_emr180825-1024x576.jpeg\" alt=\"\" class=\"wp-image-8472\" srcset=\"https:\/\/fpisaofrancisco.inf.br\/wp-content\/uploads\/2025\/08\/F5_emr180825-1024x576.jpeg 1024w, https:\/\/fpisaofrancisco.inf.br\/wp-content\/uploads\/2025\/08\/F5_emr180825-300x169.jpeg 300w, https:\/\/fpisaofrancisco.inf.br\/wp-content\/uploads\/2025\/08\/F5_emr180825-768x432.jpeg 768w, https:\/\/fpisaofrancisco.inf.br\/wp-content\/uploads\/2025\/08\/F5_emr180825-1536x864.jpeg 1536w, https:\/\/fpisaofrancisco.inf.br\/wp-content\/uploads\/2025\/08\/F5_emr180825.jpeg 1600w\" sizes=\"(max-width: 1024px) 100vw, 1024px\" \/><figcaption class=\"wp-element-caption\">Cr\u00e9dito: Alessandro Vieira (@alessandroribeiro13)<\/figcaption><\/figure>\n<\/figure>\n\n\n\n<h3 class=\"wp-block-heading\">Danos ao meio ambiente<\/h3>\n\n\n\n<p>Os t\u00e9cnicos da FPI tamb\u00e9m apuraram que o propriet\u00e1rio do im\u00f3vel n\u00e3o possu\u00eda licen\u00e7a ambiental para realiza\u00e7\u00e3o da extra\u00e7\u00e3o mineral. A falta de autoriza\u00e7\u00e3o para a atividade econ\u00f4mica rendeu uma autua\u00e7\u00e3o e um termo circunstanciado de ocorr\u00eancia, principalmente por acarretar danos ambientais dentro de uma APA.<\/p>\n\n\n\n<p>\u201cA extra\u00e7\u00e3o ilegal de pedras em unidades de conserva\u00e7\u00e3o causa s\u00e9rios danos ambientais, culturais e sociais. Essa pr\u00e1tica destr\u00f3i paisagens \u00fanicas, de valor cient\u00edfico e hist\u00f3rico, al\u00e9m de comprometer a biodiversidade, afetar habitats fr\u00e1geis e degradar o solo. Compromete tamb\u00e9m a ci\u00eancia e a educa\u00e7\u00e3o, uma vez que destr\u00f3i registros geol\u00f3gicos e culturais importantes. Na APA da Serra da Cai\u00e7ara, o impacto \u00e9 ainda mais grave. A regi\u00e3o abriga s\u00edtios arqueol\u00f3gicos e paleontol\u00f3gicos valiosos, que s\u00e3o diretamente amea\u00e7ados por essas atividades\u201d, explica Anne Carolyne, agente do <a href=\"https:\/\/www2.ima.al.gov.br\/\" title=\"\">Instituto do Meio Ambiente de Alagoas.<\/a><\/p>\n\n\n\n<p>A equipe de Res\u00edduos S\u00f3lidos, Extra\u00e7\u00e3o Mineral e Seguran\u00e7a de Barragens \u00e9 composta por <a href=\"https:\/\/alagoasdigital.al.gov.br\/unidade-de-atendimento\/814\" title=\"\">Batalh\u00e3o de Pol\u00edcia Ambiental (BPA)<\/a>, <a href=\"https:\/\/www.crea-al.org.br\/\" title=\"\">Conselho Regional de Engenharia e Agronomia de Alagoas (Crea-AL)<\/a>, <a href=\"https:\/\/www.crt03.gov.br\/\" title=\"\">Conselho Regional dos T\u00e9cnicos Industriais da 3a Regi\u00e3o (CRT-3)<\/a>, <a href=\"https:\/\/www2.ima.al.gov.br\/\" title=\"\">Instituto do Meio Ambiente de Alagoas (IMA\/AL)<\/a> e <a href=\"https:\/\/semarh.al.gov.br\/\" title=\"\">Secretaria de Estado do Meio Ambiente e dos Recursos H\u00eddricos (Semarh).<\/a><\/p>\n\n\n\n<h3 class=\"wp-block-heading\">A FPI do Rio S\u00e3o Francisco<\/h3>\n\n\n\n<p>A FPI tem o objetivo de melhorar a qualidade ambiental da Bacia Hidrogr\u00e1fica do Rio S\u00e3o Francisco e a qualidade de vida dos seus povos. Os trabalhos acontecem de modo cont\u00ednuo e permanente. Para isso, realizam-se o diagn\u00f3stico dos danos ambientais e a ado\u00e7\u00e3o de provid\u00eancias administrativas, c\u00edveis e criminais com a indu\u00e7\u00e3o de pol\u00edticas p\u00fablicas.<\/p>\n\n\n\n<p>Como programa, a FPI \u00e9 estruturada em tr\u00eas fases: planejamento, execu\u00e7\u00e3o e desdobramentos. A fase de desdobramento compreende o acompanhamento e monitoramento dos diagn\u00f3sticos realizados e a atua\u00e7\u00e3o de repercuss\u00f5es de medidas administrativas pelos \u00f3rg\u00e3os envolvidos, c\u00edveis e\/ou criminais e pelo Minist\u00e9rio P\u00fablico competente.<\/p>\n\n\n\n<p>Tamb\u00e9m \u00e9 na fase de desdobramentos que o poder p\u00fablico e a sociedade civil organizada contribuem na regulariza\u00e7\u00e3o dos empreendimentos, repara\u00e7\u00e3o de danos detectados e efetiva\u00e7\u00e3o das medidas de prote\u00e7\u00e3o necess\u00e1rias.<\/p>\n\n\n\n<p>Inicialmente realizada na Bahia, a FPI do S\u00e3o Francisco foi expandida para os estados de Sergipe, Alagoas, Pernambuco e Minas Gerais.<\/p>\n\n\n\n<p>Mais informa\u00e7\u00f5es sobre temas relacionados \u00e0 FPI do Rio S\u00e3o Francisco ser\u00e3o divulgadas no perfil <a href=\"http:\/\/www.instagram.com\/fpialagoas\" title=\"\">@fpialagoas<\/a> do Instagram e no site <a href=\"http:\/\/www.fpisaofrancisco.inf.br\" title=\"\">fpisaofrancisco.inf.br.<\/a><\/p>\n\n\n\n<h2 class=\"wp-block-heading\"><strong>Leia tamb\u00e9m<\/strong><\/h2>\n\n\n\n<p><a href=\"https:\/\/fpisaofrancisco.inf.br\/index.php\/2025\/08\/19\/fpial-discute-dignidade-e-politicas-publicas-com-comunidade-quilombola-cacimba-do-barro\/\" title=\"\">FPI do Rio S\u00e3o Francisco discute dignidade e pol\u00edticas p\u00fablicas com comunidade quilombola Cacimba do Barro, no alto sert\u00e3o<\/a><\/p>\n\n\n\n<p><a href=\"https:\/\/fpisaofrancisco.inf.br\/index.php\/2025\/08\/18\/fpi-interdita-clinica-veterinaria-em-sao-jose-da-tapera\/\">FPI do Rio S\u00e3o Francisco interdita cl\u00ednica veterin\u00e1ria em S\u00e3o Jos\u00e9 da Tapera por cirurgias irregulares de animais<\/a><\/p>\n\n\n\n<p><a href=\"http:\/\/xn--defesa%20da%20sade%20pblica-c2cg:%20FPI%20impede%20venda%20de%20368%20litros%20de%20leite%20impr%C3%B3prio%20para%20consumo%20humano%20em%20P%C3%A3o%20de%20A%C3%A7%C3%BAcar\/\">Defesa da sa\u00fade p\u00fablica: FPI impede venda de 368 litros de leite impr\u00f3prio para consumo humano em P\u00e3o de A\u00e7\u00facar<\/a><\/p>\n\n\n\n<p><a href=\"https:\/\/fpisaofrancisco.inf.br\/index.php\/2025\/08\/18\/fpi-inicia-a-15a-etapa-em-alagoas-com-fiscalizacao-e-educacao-ambiental-para-populacao-sertaneja\/\">FPI do Rio S\u00e3o Francisco d\u00e1 in\u00edcio \u00e0 15\u00aa etapa em Alagoas com fiscaliza\u00e7\u00e3o e educa\u00e7\u00e3o ambiental para popula\u00e7\u00e3o sertaneja<\/a><\/p>\n","protected":false},"excerpt":{"rendered":"<p>FPI atua em pedreiras de Alagoas contra trabalho an\u00e1logo \u00e0 escravid\u00e3o e extra\u00e7\u00e3o ilegal que amea\u00e7a trabalhadores e o meio ambiente.<\/p>\n","protected":false},"author":7,"featured_media":8470,"comment_status":"open","ping_status":"open","sticky":false,"template":"","format":"standard","meta":{"_jetpack_memberships_contains_paid_content":false,"footnotes":""},"categories":[286,72],"tags":[287,213,295,60,61],"class_list":["post-8469","post","type-post","status-publish","format-standard","has-post-thumbnail","hentry","category-15-etapa-fpi-al","category-noticias-alagoas","tag-15fpial","tag-bhsf","tag-extracao-mineral","tag-meio-ambiente","tag-velho-chico","category-286","category-72","description-off"],"aioseo_notices":[],"jetpack_featured_media_url":"https:\/\/fpisaofrancisco.inf.br\/wp-content\/uploads\/2025\/08\/F1_emr180825.jpeg","jetpack_sharing_enabled":true,"_links":{"self":[{"href":"https:\/\/fpisaofrancisco.inf.br\/index.php\/wp-json\/wp\/v2\/posts\/8469","targetHints":{"allow":["GET"]}}],"collection":[{"href":"https:\/\/fpisaofrancisco.inf.br\/index.php\/wp-json\/wp\/v2\/posts"}],"about":[{"href":"https:\/\/fpisaofrancisco.inf.br\/index.php\/wp-json\/wp\/v2\/types\/post"}],"author":[{"embeddable":true,"href":"https:\/\/fpisaofrancisco.inf.br\/index.php\/wp-json\/wp\/v2\/users\/7"}],"replies":[{"embeddable":true,"href":"https:\/\/fpisaofrancisco.inf.br\/index.php\/wp-json\/wp\/v2\/comments?post=8469"}],"version-history":[{"count":1,"href":"https:\/\/fpisaofrancisco.inf.br\/index.php\/wp-json\/wp\/v2\/posts\/8469\/revisions"}],"predecessor-version":[{"id":8476,"href":"https:\/\/fpisaofrancisco.inf.br\/index.php\/wp-json\/wp\/v2\/posts\/8469\/revisions\/8476"}],"wp:featuredmedia":[{"embeddable":true,"href":"https:\/\/fpisaofrancisco.inf.br\/index.php\/wp-json\/wp\/v2\/media\/8470"}],"wp:attachment":[{"href":"https:\/\/fpisaofrancisco.inf.br\/index.php\/wp-json\/wp\/v2\/media?parent=8469"}],"wp:term":[{"taxonomy":"category","embeddable":true,"href":"https:\/\/fpisaofrancisco.inf.br\/index.php\/wp-json\/wp\/v2\/categories?post=8469"},{"taxonomy":"post_tag","embeddable":true,"href":"https:\/\/fpisaofrancisco.inf.br\/index.php\/wp-json\/wp\/v2\/tags?post=8469"}],"curies":[{"name":"wp","href":"https:\/\/api.w.org\/{rel}","templated":true}]}}