{"id":8444,"date":"2025-08-19T08:18:13","date_gmt":"2025-08-19T08:18:13","guid":{"rendered":"https:\/\/fpisaofrancisco.inf.br\/?p=8444"},"modified":"2025-08-19T12:19:02","modified_gmt":"2025-08-19T12:19:02","slug":"fpial-discute-dignidade-e-politicas-publicas-com-comunidade-quilombola-cacimba-do-barro","status":"publish","type":"post","link":"https:\/\/fpisaofrancisco.inf.br\/index.php\/2025\/08\/19\/fpial-discute-dignidade-e-politicas-publicas-com-comunidade-quilombola-cacimba-do-barro\/","title":{"rendered":"FPI do Rio S\u00e3o Francisco discute dignidade e pol\u00edticas p\u00fablicas com comunidade quilombola Cacimba do Barro, no alto sert\u00e3o"},"content":{"rendered":"\n<p><\/p>\n\n\n\n<p>Eles resistem. De gera\u00e7\u00e3o em gera\u00e7\u00e3o, os quilombolas carregam no sangue a for\u00e7a de seus ancestrais, que transformaram opress\u00e3o em luta e exclus\u00e3o em comunidade. No alto sert\u00e3o de Alagoas, em S\u00e3o Jos\u00e9 da Tapera, essa resist\u00eancia continua na comunidade Cacimba do Barro, mas marcada por um cotidiano de desafios, como a falta de saneamento b\u00e1sico e as dificuldades no acesso \u00e0 sa\u00fade e \u00e0 educa\u00e7\u00e3o. E \u00e9 nesse cen\u00e1rio que a Fiscaliza\u00e7\u00e3o Preventiva Integrada (FPI) do Rio S\u00e3o Francisco chega, trazendo consigo uma rede de \u00f3rg\u00e3os p\u00fablicos e entidades que unem esfor\u00e7os para levar dignidade e cidadania a quem, h\u00e1 muito tempo, convive com a aus\u00eancia do Estado.<\/p>\n\n\n\n<p>\u201cEu nasci aqui, h\u00e1 mais de 70 anos, e tinha o sonho de ver minha fam\u00edlia, meus filhos estudando, mas isso n\u00e3o durou muito tempo porque fecharam a escola. Aqui a gente luta todos os dias, mas parece que quase ningu\u00e9m olha pra gente\u201d, conta seu Adelmo Bezerra, l\u00edder da Cacimba do Barro, reconhecida como comunidade Quilombola desde 2009, e que v\u00ea na chegada da FPI uma nova esperan\u00e7a.<\/p>\n\n\n\n<figure class=\"wp-block-gallery has-nested-images columns-default is-cropped wp-block-gallery-1 is-layout-flex wp-block-gallery-is-layout-flex\">\n<figure class=\"wp-block-image size-large\"><img fetchpriority=\"high\" decoding=\"async\" width=\"1024\" height=\"682\" data-id=\"8451\" src=\"https:\/\/fpisaofrancisco.inf.br\/wp-content\/uploads\/2025\/08\/f17_ct180825-1024x682.jpeg\" alt=\"\" class=\"wp-image-8451\" srcset=\"https:\/\/fpisaofrancisco.inf.br\/wp-content\/uploads\/2025\/08\/f17_ct180825-1024x682.jpeg 1024w, https:\/\/fpisaofrancisco.inf.br\/wp-content\/uploads\/2025\/08\/f17_ct180825-300x200.jpeg 300w, https:\/\/fpisaofrancisco.inf.br\/wp-content\/uploads\/2025\/08\/f17_ct180825-768x512.jpeg 768w, https:\/\/fpisaofrancisco.inf.br\/wp-content\/uploads\/2025\/08\/f17_ct180825-1536x1023.jpeg 1536w, https:\/\/fpisaofrancisco.inf.br\/wp-content\/uploads\/2025\/08\/f17_ct180825.jpeg 1600w\" sizes=\"(max-width: 1024px) 100vw, 1024px\" \/><figcaption class=\"wp-element-caption\">Cr\u00e9dito: Anderson Macena (@bambluck)<\/figcaption><\/figure>\n\n\n\n<figure class=\"wp-block-image size-large\"><img decoding=\"async\" width=\"1024\" height=\"683\" data-id=\"8450\" src=\"https:\/\/fpisaofrancisco.inf.br\/wp-content\/uploads\/2025\/08\/f18_ct180825-1024x683.jpeg\" alt=\"\" class=\"wp-image-8450\" srcset=\"https:\/\/fpisaofrancisco.inf.br\/wp-content\/uploads\/2025\/08\/f18_ct180825-1024x683.jpeg 1024w, https:\/\/fpisaofrancisco.inf.br\/wp-content\/uploads\/2025\/08\/f18_ct180825-300x200.jpeg 300w, https:\/\/fpisaofrancisco.inf.br\/wp-content\/uploads\/2025\/08\/f18_ct180825-768x512.jpeg 768w, https:\/\/fpisaofrancisco.inf.br\/wp-content\/uploads\/2025\/08\/f18_ct180825.jpeg 1200w\" sizes=\"(max-width: 1024px) 100vw, 1024px\" \/><figcaption class=\"wp-element-caption\">Cr\u00e9dito: Anderson Macena (@bambluck)<\/figcaption><\/figure>\n<\/figure>\n\n\n\n<p>A Fiscaliza\u00e7\u00e3o, que re\u00fane 30 institui\u00e7\u00f5es das mais diversas \u00e1reas e esferas de poder, faz mais do que fiscalizar, seu objetivo maior \u00e9 transformar realidades, e esse foi o compromisso assumido com os moradores do povoado. Na visita desta segunda-feira (18), a escuta envolveu a acolhida de reivindica\u00e7\u00f5es, encaminhamentos sobre atividade associativa, distribui\u00e7\u00e3o de material did\u00e1tico a respeito da cultura africana, dentre outras delibera\u00e7\u00f5es envolvendo uma diversidade de pol\u00edticas p\u00fablicas que podem mudar o dia a dia das mais de 100 fam\u00edlias que ali residem.<\/p>\n\n\n\n<p>\u201cNosso trabalho \u00e9 garantir que comunidades historicamente esquecidas sejam vistas e respeitadas. O povo quilombola \u00e9 s\u00edmbolo de resist\u00eancia e merece viver com dignidade\u201d, afirmou Eliabe Soares da Silva, procurador da Rep\u00fablica do <a href=\"https:\/\/www.mpf.mp.br\/al\/\" title=\"\">Minist\u00e9rio P\u00fablico Federal (MPF)<\/a> que integra a equipe de Comunidades Tradicionais e Patrim\u00f4nio Cultural.<\/p>\n\n\n\n<p>\u201cCom sua atua\u00e7\u00e3o interinstitucional, a FPI quer mostrar que a integra\u00e7\u00e3o de esfor\u00e7os \u00e9 capaz de gerar resultados concretos e mudar essa realidade. Queremos trabalhar para modificar esse cen\u00e1rio, a come\u00e7ar pela sa\u00fade e educa\u00e7\u00e3o. Vamos provocar e conceder prazo a estado e munic\u00edpio para que medidas efetivas sejam aplicadas\u201d, acrescentou o procurador da Rep\u00fablica.<\/p>\n\n\n<div class=\"wp-block-image\">\n<figure class=\"aligncenter size-large\"><img decoding=\"async\" width=\"1024\" height=\"682\" src=\"https:\/\/fpisaofrancisco.inf.br\/wp-content\/uploads\/2025\/08\/WhatsApp-Image-2025-08-19-at-08.50.21-1024x682.jpeg\" alt=\"\" class=\"wp-image-8449\" srcset=\"https:\/\/fpisaofrancisco.inf.br\/wp-content\/uploads\/2025\/08\/WhatsApp-Image-2025-08-19-at-08.50.21-1024x682.jpeg 1024w, https:\/\/fpisaofrancisco.inf.br\/wp-content\/uploads\/2025\/08\/WhatsApp-Image-2025-08-19-at-08.50.21-300x200.jpeg 300w, https:\/\/fpisaofrancisco.inf.br\/wp-content\/uploads\/2025\/08\/WhatsApp-Image-2025-08-19-at-08.50.21-768x512.jpeg 768w, https:\/\/fpisaofrancisco.inf.br\/wp-content\/uploads\/2025\/08\/WhatsApp-Image-2025-08-19-at-08.50.21-1536x1023.jpeg 1536w, https:\/\/fpisaofrancisco.inf.br\/wp-content\/uploads\/2025\/08\/WhatsApp-Image-2025-08-19-at-08.50.21.jpeg 1600w\" sizes=\"(max-width: 1024px) 100vw, 1024px\" \/><figcaption class=\"wp-element-caption\">Cr\u00e9dito: Anderson Macena (@bambluck)<\/figcaption><\/figure>\n<\/div>\n\n\n<h3 class=\"wp-block-heading\">Posto da sa\u00fade e escola fechados<\/h3>\n\n\n\n<p>O fechamento da escola, h\u00e1 um ano, e do posto de sa\u00fade que n\u00e3o funciona h\u00e1 mais de duas d\u00e9cadas, na comunidade quilombola trouxe impactos profundos aos moradores da Cacimba do Barro. Sem acesso \u00e0 educa\u00e7\u00e3o no povoado, crian\u00e7as e adolescentes s\u00e3o privados de oportunidades de aprendizagem, for\u00e7ados a enfrentar dist\u00e2ncias para estudar ou, muitas vezes, a abandonar os estudos por completo.<\/p>\n\n\n\n<p>J\u00e1 a aus\u00eancia do posto de sa\u00fade deixa fam\u00edlias inteiras desassistidas, sem acompanhamento m\u00e9dico b\u00e1sico, sem vacina\u00e7\u00e3o regular e sem atendimento emergencial. O resultado \u00e9 o agravamento das condi\u00e7\u00f5es de vulnerabilidade: aumento da evas\u00e3o escolar, maior risco de doen\u00e7as n\u00e3o tratadas e a perpetua\u00e7\u00e3o de um ciclo de exclus\u00e3o social que compromete o futuro da comunidade.<\/p>\n\n\n\n<p>\u201cUma coisa que a gente observa de maneira recorrente nas visitas \u00e0s comunidades quilombolas \u00e9 o abandono praticamente completo do poder p\u00fablico, que deveria estar fazendo assist\u00eancias b\u00e1sicas que s\u00e3o direitos fundamentais. Eu chamo a aten\u00e7\u00e3o, por exemplo, aqui nesta localidade, sobre a aus\u00eancia de regularidade da pr\u00f3pria associa\u00e7\u00e3o de moradores, que \u00e9 fundamental, porque s\u00f3 ela permite que quilombolas acessem programas que envolvem quest\u00f5es territoriais e de agricultura familiar promovidas pelo Cadastro Nacional da Agricultura Familiar, para al\u00e9m de tantos outros. Mais uma situa\u00e7\u00e3o grave \u00e9 o pr\u00e9dio do posto de sa\u00fade que um dia funcionou aqui, h\u00e1 cerca de 20 anos. \u00c9 preciso urgentemente transformar essa realidade, e vamos come\u00e7ar a fazer isso\u201d, enfatizou o antrop\u00f3logo Ivan Farias, do MPF, coordenador da equipe.<\/p>\n\n\n\n<p>Para os quilombolas de S\u00e3o Jos\u00e9 da Tapera, a chegada da FPI significa mais que servi\u00e7os e a\u00e7\u00f5es pontuais. A Fiscaliza\u00e7\u00e3o representa a chance de enxergar um futuro em que cidadania n\u00e3o seja apenas promessa, mas realidade. \u201cUm futuro em que resistir n\u00e3o seja apenas sobreviver, mas tamb\u00e9m viver com dignidade, respeito e direitos assegurados\u201d, disse Jannayna Bastos, quilombola da Cacimba do Barro.<\/p>\n\n\n\n<figure class=\"wp-block-gallery has-nested-images columns-default is-cropped wp-block-gallery-2 is-layout-flex wp-block-gallery-is-layout-flex\">\n<figure class=\"wp-block-image size-large\"><img loading=\"lazy\" decoding=\"async\" width=\"1024\" height=\"683\" data-id=\"8453\" src=\"https:\/\/fpisaofrancisco.inf.br\/wp-content\/uploads\/2025\/08\/f15_ct180825-1-1024x683.jpeg\" alt=\"Comunidade quilombola Cacimba do Barro, em S\u00e3o Jos\u00e9 da Tapera (AL), recebe a Fiscaliza\u00e7\u00e3o Preventiva Integrada do Rio S\u00e3o Francisco, que une mais de 30 institui\u00e7\u00f5es para transformar desafios hist\u00f3ricos em dignidade, cidadania e esperan\u00e7a.\" class=\"wp-image-8453\" srcset=\"https:\/\/fpisaofrancisco.inf.br\/wp-content\/uploads\/2025\/08\/f15_ct180825-1-1024x683.jpeg 1024w, https:\/\/fpisaofrancisco.inf.br\/wp-content\/uploads\/2025\/08\/f15_ct180825-1-300x200.jpeg 300w, https:\/\/fpisaofrancisco.inf.br\/wp-content\/uploads\/2025\/08\/f15_ct180825-1-768x512.jpeg 768w, https:\/\/fpisaofrancisco.inf.br\/wp-content\/uploads\/2025\/08\/f15_ct180825-1.jpeg 1200w\" sizes=\"(max-width: 1024px) 100vw, 1024px\" \/><figcaption class=\"wp-element-caption\">Cr\u00e9dito: Anderson Macena (@bambluck)<\/figcaption><\/figure>\n\n\n\n<figure class=\"wp-block-image size-large\"><img loading=\"lazy\" decoding=\"async\" width=\"1024\" height=\"682\" data-id=\"8452\" src=\"https:\/\/fpisaofrancisco.inf.br\/wp-content\/uploads\/2025\/08\/f16_ct180825-1-1024x682.jpeg\" alt=\"\" class=\"wp-image-8452\" srcset=\"https:\/\/fpisaofrancisco.inf.br\/wp-content\/uploads\/2025\/08\/f16_ct180825-1-1024x682.jpeg 1024w, https:\/\/fpisaofrancisco.inf.br\/wp-content\/uploads\/2025\/08\/f16_ct180825-1-300x200.jpeg 300w, https:\/\/fpisaofrancisco.inf.br\/wp-content\/uploads\/2025\/08\/f16_ct180825-1-768x512.jpeg 768w, https:\/\/fpisaofrancisco.inf.br\/wp-content\/uploads\/2025\/08\/f16_ct180825-1-1536x1023.jpeg 1536w, https:\/\/fpisaofrancisco.inf.br\/wp-content\/uploads\/2025\/08\/f16_ct180825-1.jpeg 1600w\" sizes=\"(max-width: 1024px) 100vw, 1024px\" \/><figcaption class=\"wp-element-caption\">Cr\u00e9dito: Anderson Macena (@bambluck)<\/figcaption><\/figure>\n<\/figure>\n\n\n\n<h3 class=\"wp-block-heading\">Hist\u00f3ria da \u00c1frica<\/h3>\n\n\n\n<p>J\u00e1 a <a href=\"https:\/\/www.gov.br\/palmares\/pt-br\" title=\"\">Funda\u00e7\u00e3o Cultural Palmares<\/a> distribuiu livros, cadernos de pintura e hist\u00f3rias em quadrinhos entre os quilombolas. \u201cEstudar a hist\u00f3ria da \u00c1frica dentro de uma comunidade quilombola vai muito al\u00e9m das salas de aula, \u00e9 um ato de resist\u00eancia, de resgate da identidade e de fortalecimento coletivo. Conhecer as ra\u00edzes africanas significa compreender as origens de saberes, tradi\u00e7\u00f5es e lutas que ainda hoje ecoam no cotidiano quilombola. E, especialmente para os jovens, esse contato com a hist\u00f3ria ancestral \u00e9 essencial na constru\u00e7\u00e3o do orgulho de pertencer, na valoriza\u00e7\u00e3o da pr\u00f3pria cultura e na quebra de estigmas que, por s\u00e9culos tentaram apagar a contribui\u00e7\u00e3o do povo negro para a forma\u00e7\u00e3o do Brasil\u201d, defendeu Balbino Praxedes, representante do \u00f3rg\u00e3o.<\/p>\n\n\n\n<p>A equipe de Comunidades Tradicionais e Patrim\u00f4nio Cultural \u00e9 formada pelo <a href=\"https:\/\/www.mpf.mp.br\/al\/\" title=\"\">Minist\u00e9rio P\u00fablico Federal<\/a>, <a href=\"https:\/\/www.gov.br\/incra\/pt-br\" title=\"\">Instituto Nacional de Coloniza\u00e7\u00e3o e Reforma Agr\u00e1ria (Incra)<\/a>, <a href=\"https:\/\/www.gov.br\/palmares\/pt-br\" title=\"\">Funda\u00e7\u00e3o Cultural Palmares<\/a>, Secretarias de Estado de <a href=\"https:\/\/mulheredireitoshumanos.al.gov.br\/\" title=\"\">Direitos Humanos<\/a> e de <a href=\"https:\/\/semarh.al.gov.br\/\" title=\"\">Meio Ambiente eRecursos H\u00eddricos<\/a>, <a href=\"http:\/\/www.instagram.com\/redemulheresnct\" title=\"\">Rede Mulheres de Comunidades Tradicionais<\/a> e a <a href=\"https:\/\/www.agendha.org\/\" title=\"\">ONG Agendha<\/a>.<\/p>\n\n\n\n<h2 class=\"wp-block-heading\"><strong>Leia tamb\u00e9m<\/strong> <\/h2>\n\n\n\n<p><a href=\"https:\/\/fpisaofrancisco.inf.br\/index.php\/2025\/08\/18\/fpi-interdita-clinica-veterinaria-em-sao-jose-da-tapera\/\" title=\"\">FPI do Rio S\u00e3o Francisco interdita cl\u00ednica veterin\u00e1ria em S\u00e3o Jos\u00e9 da Tapera por cirurgias irregulares de animais<\/a><\/p>\n\n\n\n<p><a href=\"http:\/\/xn--defesa%20da%20sade%20pblica-c2cg:%20FPI%20impede%20venda%20de%20368%20litros%20de%20leite%20impr%C3%B3prio%20para%20consumo%20humano%20em%20P%C3%A3o%20de%20A%C3%A7%C3%BAcar\/\">Defesa da sa\u00fade p\u00fablica: FPI impede venda de 368 litros de leite impr\u00f3prio para consumo humano em P\u00e3o de A\u00e7\u00facar<\/a><\/p>\n\n\n\n<p><a href=\"https:\/\/fpisaofrancisco.inf.br\/index.php\/2025\/08\/18\/fpi-inicia-a-15a-etapa-em-alagoas-com-fiscalizacao-e-educacao-ambiental-para-populacao-sertaneja\/\">FPI do Rio S\u00e3o Francisco d\u00e1 in\u00edcio \u00e0 15\u00aa etapa em Alagoas com fiscaliza\u00e7\u00e3o e educa\u00e7\u00e3o ambiental para popula\u00e7\u00e3o sertaneja<\/a><\/p>\n\n\n\n<p><\/p>\n","protected":false},"excerpt":{"rendered":"<p>Comunidade quilombola Cacimba do Barro, em S\u00e3o Jos\u00e9 da Tapera (AL), recebe a Fiscaliza\u00e7\u00e3o Preventiva Integrada do Rio S\u00e3o Francisco, que une mais de 30 institui\u00e7\u00f5es para transformar desafios hist\u00f3ricos em dignidade, cidadania e esperan\u00e7a.<\/p>\n","protected":false},"author":7,"featured_media":8445,"comment_status":"open","ping_status":"open","sticky":false,"template":"","format":"standard","meta":{"_jetpack_memberships_contains_paid_content":false,"footnotes":""},"categories":[286,72],"tags":[213,88,94,125,119],"class_list":["post-8444","post","type-post","status-publish","format-standard","has-post-thumbnail","hentry","category-15-etapa-fpi-al","category-noticias-alagoas","tag-bhsf","tag-comunidade-tradicional","tag-fpi","tag-pct","tag-velhochico","category-286","category-72","description-off"],"aioseo_notices":[],"jetpack_featured_media_url":"https:\/\/fpisaofrancisco.inf.br\/wp-content\/uploads\/2025\/08\/f1_ct180825.jpeg","jetpack_sharing_enabled":true,"_links":{"self":[{"href":"https:\/\/fpisaofrancisco.inf.br\/index.php\/wp-json\/wp\/v2\/posts\/8444","targetHints":{"allow":["GET"]}}],"collection":[{"href":"https:\/\/fpisaofrancisco.inf.br\/index.php\/wp-json\/wp\/v2\/posts"}],"about":[{"href":"https:\/\/fpisaofrancisco.inf.br\/index.php\/wp-json\/wp\/v2\/types\/post"}],"author":[{"embeddable":true,"href":"https:\/\/fpisaofrancisco.inf.br\/index.php\/wp-json\/wp\/v2\/users\/7"}],"replies":[{"embeddable":true,"href":"https:\/\/fpisaofrancisco.inf.br\/index.php\/wp-json\/wp\/v2\/comments?post=8444"}],"version-history":[{"count":3,"href":"https:\/\/fpisaofrancisco.inf.br\/index.php\/wp-json\/wp\/v2\/posts\/8444\/revisions"}],"predecessor-version":[{"id":8455,"href":"https:\/\/fpisaofrancisco.inf.br\/index.php\/wp-json\/wp\/v2\/posts\/8444\/revisions\/8455"}],"wp:featuredmedia":[{"embeddable":true,"href":"https:\/\/fpisaofrancisco.inf.br\/index.php\/wp-json\/wp\/v2\/media\/8445"}],"wp:attachment":[{"href":"https:\/\/fpisaofrancisco.inf.br\/index.php\/wp-json\/wp\/v2\/media?parent=8444"}],"wp:term":[{"taxonomy":"category","embeddable":true,"href":"https:\/\/fpisaofrancisco.inf.br\/index.php\/wp-json\/wp\/v2\/categories?post=8444"},{"taxonomy":"post_tag","embeddable":true,"href":"https:\/\/fpisaofrancisco.inf.br\/index.php\/wp-json\/wp\/v2\/tags?post=8444"}],"curies":[{"name":"wp","href":"https:\/\/api.w.org\/{rel}","templated":true}]}}