{"id":7825,"date":"2024-11-27T23:57:34","date_gmt":"2024-11-27T23:57:34","guid":{"rendered":"https:\/\/fpisaofrancisco.inf.br\/?p=7825"},"modified":"2024-12-02T12:26:25","modified_gmt":"2024-12-02T12:26:25","slug":"clipagem-da-fpi-al-do-dia-27-11-2024","status":"publish","type":"post","link":"https:\/\/fpisaofrancisco.inf.br\/index.php\/2024\/11\/27\/clipagem-da-fpi-al-do-dia-27-11-2024\/","title":{"rendered":"Clipagem da FPI\/AL do dia 27\/11\/2024"},"content":{"rendered":"\n<p><\/p>\n\n\n\n<p class=\"has-white-color has-accent-background-color has-text-color has-background has-link-color wp-elements-cb30a6d024ee13ed8af049c99467eb3c\"><strong>COORDENADOR DA EQUIPE SEDE DE APRENDER, CONSULTOR AMBIENTAL MERALDO ROCHA FALA DA 14\u00aa ETAPA DO PROGRAMA<\/strong><\/p>\n\n\n\n<p>R\u00c1DIO GAZETA \u2013 PROGRAMA NA MIRA DA NOT\u00cdCIA &#8211; <a href=\"https:\/\/drive.google.com\/file\/d\/12YL_2c9PbEU4WYSS0Wmhk6AA975V8abw\/view\">https:\/\/drive.google.com\/file\/d\/12YL_2c9PbEU4WYSS0Wmhk6AA975V8abw\/view<\/a><\/p>\n\n\n\n<p class=\"has-white-color has-accent-background-color has-text-color has-background has-link-color wp-elements-9271e4b616f6ad5accad2fb230f250db\"><strong>COORDENADOR-GERAL DA FPI EM ALAGOAS, PROMOTOR DE JUSTI\u00c7A KLEBER VALADARES FALA DA 14\u00aa ETAPA DO PROGRAMA<\/strong><\/p>\n\n\n\n<p>ABRA\u00c7O BRASIL \u2013 R\u00c1DIO COMUNIT\u00c1RIA A VOZ DO POVO, A VOZ DE DEUS (a partir de 00:09:45) &#8211; <a href=\"https:\/\/www.youtube.com\/live\/KIaoju-XTpU?si=VE2xTPnTy4fYrcJw\" title=\"\">https:\/\/www.youtube.com\/live\/KIaoju-XTpU?si=VE2xTPnTy4fYrcJw<\/a><\/p>\n\n\n\n<p class=\"has-white-color has-accent-background-color has-text-color has-background has-link-color wp-elements-9271e4b616f6ad5accad2fb230f250db\"><strong>COORDENADOR-GERAL DA FPI EM ALAGOAS, PROMOTOR DE JUSTI\u00c7A KLEBER VALADARES FALA DA 14\u00aa ETAPA DO PROGRAMA<\/strong><\/p>\n\n\n\n<p>R\u00c1DIO NOVO NORDESTE \u2013 PROGRAMA COMANDO 91 (a partir de 03:14:51) &#8211; <a href=\"https:\/\/m.youtube.com\/watch?v=DLAwlJfaFjU\" title=\"\">https:\/\/m.youtube.com\/watch?v=DLAwlJfaFjU<\/a><\/p>\n\n\n\n<p class=\"has-white-color has-accent-background-color has-text-color has-background has-link-color wp-elements-6a1d290876a52e2fc3993ca7f19c0fa6\"><strong>ENTRE O RIO E AS DUNAS, PIXAIM RESISTE: UMA HIST\u00d3RIA DE LUTA E ANCESTRALIDADE<\/strong><\/p>\n\n\n\n<p>JORNALISTAS LIVRES (perfil com 708 mil seguidores) &#8211; <a href=\"https:\/\/www.instagram.com\/reel\/DC5IyCqRW2T\/?igsh=MWoybmlrajdtemNjdA==\" title=\"\">https:\/\/www.instagram.com\/reel\/DC5IyCqRW2T\/?igsh=MWoybmlrajdtemNjdA==<\/a>  e <a href=\"https:\/\/jornalistaslivres.org\/entre-o-rio-e-as-dunas-pixaim-resiste\/\" title=\"\">Entre o rio e as dunas, Pixaim resiste<\/a><\/p>\n\n\n\n<p class=\"has-white-color has-accent-background-color has-text-color has-background has-link-color wp-elements-130acaa879d2ef7b097c836aba657467\"><strong>C\u00c9U DO SERT\u00c3O GANHA MAIS CORES COM SOLTURA DE 38 AVES RESGATADAS PELA FPI<\/strong><\/p>\n\n\n\n<p>\u00cdTALO TIM\u00d3TEO (perfil com 103 mil seguidores) &#8211; <a href=\"https:\/\/www.instagram.com\/p\/DC9MYo5JOkp\/?igsh=MWplOW0xbThua212NQ==\" title=\"\">https:\/\/www.instagram.com\/p\/DC9MYo5JOkp\/?igsh=MWplOW0xbThua212NQ==<\/a><\/p>\n\n\n\n<p class=\"has-white-color has-accent-background-color has-text-color has-background has-link-color wp-elements-0727301dee20a9058cff87fbffc6c98e\"><strong>FPI COMPROVA M\u00c1 QUALIDADE DA \u00c1GUA DISTRIBU\u00cdDA A SETE MUNIC\u00cdPIOS DO AGRESTE ALAGOANO<\/strong><\/p>\n\n\n\n<p>TV PAJU\u00c7ARA \u2013 FIQUE ALERTA &#8211; <a href=\"https:\/\/www.youtube.com\/watch?v=FqZx83T6rws\" title=\"\">https:\/\/www.youtube.com\/watch?v=FqZx83T6rws<\/a><\/p>\n\n\n\n<p>TV PAJU\u00c7ARA \u2013 CIDADE ALERTA &#8211; <a href=\"https:\/\/www.youtube.com\/watch?v=SnaW30NWbtU\" title=\"\">https:\/\/www.youtube.com\/watch?v=SnaW30NWbtU<\/a><\/p>\n\n\n\n<p>TNH1 &#8211; <a href=\"https:\/\/www.tnh1.com.br\/videos\/single-de-video\/vid\/fpi-do-rio-sao-francisco-comprova-ma-qualidade-da-agua-distribuida-em-sete-municipios-do-agreste\/\">https:\/\/www.tnh1.com.br\/videos\/single-de-video\/vid\/fpi-do-rio-sao-francisco-comprova-ma-qualidade-da-agua-distribuida-em-sete-municipios-do-agreste\/<\/a><\/p>\n\n\n\n<p>EXTRA &#8211; <a href=\"https:\/\/ojornalextra.com.br\/noticias\/alagoas\/2024\/11\/109936-fpi-comprova-ma-qualidade-da-agua-distribuida-a-sete-municipios-do-agreste#:~:text=FPI%20comprova%20m%C3%A1%20qualidade%20da%20%C3%A1gua%20distribu%C3%ADda%20a%20sete%20munic%C3%ADpios%20do%20Agreste,-Levantamento%3A%2040%20amostras&amp;text=A%20%C3%A1gua%20fornecida%20para%20a,n%C3%A3o%20%C3%A9%20de%20boa%20qualidade\">https:\/\/ojornalextra.com.br\/noticias\/alagoas\/2024\/11\/109936-fpi-comprova-ma-qualidade-da-agua-distribuida-a-sete-municipios-do-agreste#:~:text=FPI%20comprova%20m%C3%A1%20qualidade%20da%20%C3%A1gua%20distribu%C3%ADda%20a%20sete%20munic%C3%ADpios%20do%20Agreste,-Levantamento%3A%2040%20amostras&amp;text=A%20%C3%A1gua%20fornecida%20para%20a,n%C3%A3o%20%C3%A9%20de%20boa%20qualidade<\/a><\/p>\n\n\n\n<p>PORTAL ACTA &#8211; <a href=\"https:\/\/www.portalacta.com\/noticia\/42708\/fpi-comprova-m-qualidade-da-gua-distribuda-a-sete-municpios-do-agreste-alagoano\">https:\/\/www.portalacta.com\/noticia\/42708\/fpi-comprova-m-qualidade-da-gua-distribuda-a-sete-municpios-do-agreste-alagoano<\/a><\/p>\n\n\n\n<p>R\u00c1DIO SALOM\u00c9 FM (COMUNIT\u00c1RIA DE S\u00c3O SEBASTI\u00c3O) &#8211; <a href=\"https:\/\/www.instagram.com\/radiosalomefm105.9mhz\/reel\/DC9CaHYBHoM\/\">https:\/\/www.instagram.com\/radiosalomefm105.9mhz\/reel\/DC9CaHYBHoM\/<\/a><\/p>\n\n\n\n<p>TRIBUNA DO AGRESTE &#8211; <a href=\"https:\/\/www.tribunadoagreste.com.br\/?post_type=blog&amp;p=1048931\">https:\/\/www.tribunadoagreste.com.br\/?post_type=blog&amp;p=1048931<\/a><\/p>\n\n\n\n<p>TRIBUNA DO SERT\u00c3O &#8211; <a href=\"https:\/\/tribunadosertao.com.br\/noticias\/2024\/11\/28\/627366-fpi-comprova-ma-qualidade-da-agua-distribuida-a-sete-municipios-do-agreste-alagoano\">https:\/\/tribunadosertao.com.br\/noticias\/2024\/11\/28\/627366-fpi-comprova-ma-qualidade-da-agua-distribuida-a-sete-municipios-do-agreste-alagoano<\/a><\/p>\n\n\n\n<p>ALAGOAS ALERTA &#8211; <a href=\"https:\/\/alagoasalerta.com.br\/noticias\/interior\/fpi-comprova-ma-qualidade-da-agua-distribuida-a-sete-municipios-do-agreste-alagoano\">https:\/\/alagoasalerta.com.br\/noticias\/interior\/fpi-comprova-ma-qualidade-da-agua-distribuida-a-sete-municipios-do-agreste-alagoano<\/a><\/p>\n\n\n\n<p>ALAGOAS 24 HORAS &#8211; <a href=\"https:\/\/www.alagoas24horas.com.br\/1636321\/fpi-comprova-ma-qualidade-da-agua-distribuida-a-sete-municipios-do-agreste-alagoano\/\">https:\/\/www.alagoas24horas.com.br\/1636321\/fpi-comprova-ma-qualidade-da-agua-distribuida-a-sete-municipios-do-agreste-alagoano\/<\/a><\/p>\n\n\n\n<p>7SEGUNDOS &#8211; <a href=\"https:\/\/www.7segundos.com.br\/arapiraca\/noticias\/2024\/11\/28\/264187-fpi-do-rio-sao-francisco-comprova-ma-qualidade-da-agua-em-sete-cidades-do-agreste\">https:\/\/www.7segundos.com.br\/arapiraca\/noticias\/2024\/11\/28\/264187-fpi-do-rio-sao-francisco-comprova-ma-qualidade-da-agua-em-sete-cidades-do-agreste<\/a><\/p>\n\n\n\n<p>EM TEMPO NOT\u00cdCIAS &#8211; <a href=\"https:\/\/emtemponoticias.com\/alagoas\/2024\/11\/28\/14684-fpi-do-rio-sao-francisco-comprova-ma-qualidade-da-agua-em-sete-cidades-do-agreste\">https:\/\/emtemponoticias.com\/alagoas\/2024\/11\/28\/14684-fpi-do-rio-sao-francisco-comprova-ma-qualidade-da-agua-em-sete-cidades-do-agreste<\/a><\/p>\n\n\n\n<p class=\"has-white-color has-accent-background-color has-text-color has-background has-link-color wp-elements-4d3113f393d3490f347ec334e1a38122\"><strong>FPI FLAGRA \u00c1REA DESMATADA EQUIVALENTE A MAIS DE 200 CAMPOS DE FUTEBOL EM LAGOA DA CANOA E S\u00c3O SEBASTI\u00c3O<\/strong><\/p>\n\n\n\n<p>CADA MINUTO &#8211; <a href=\"https:\/\/www.cadaminuto.com.br\/noticia\/2024\/11\/28\/area-desmatada-equivalente-a-mais-de-200-campos-de-futebol-e-flagrada-por-fiscalizacao-em-al\">https:\/\/www.cadaminuto.com.br\/noticia\/2024\/11\/28\/area-desmatada-equivalente-a-mais-de-200-campos-de-futebol-e-flagrada-por-fiscalizacao-em-al<\/a><\/p>\n\n\n\n<p>TRIBUNA HOJE &#8211; <a href=\"https:\/\/tribunahoje.com\/noticias\/interior\/2024\/11\/28\/147775-fpi-flagra-area-desmatada-equivalente-a-mais-de-200-campos-de-futebol-em-lagoa-da-canoa-e-sao-sebastiao\">https:\/\/tribunahoje.com\/noticias\/interior\/2024\/11\/28\/147775-fpi-flagra-area-desmatada-equivalente-a-mais-de-200-campos-de-futebol-em-lagoa-da-canoa-e-sao-sebastiao<\/a><\/p>\n\n\n\n<p>J\u00c1 \u00c9 NOT\u00cdCIA &#8211; <a href=\"https:\/\/www.jaenoticia.com.br\/noticias\/2024\/11\/28\/128763-fpi-flagra-area-desmatada-equivalente-a-mais-de-200-campos-de-futebol-em-lagoa-da-canoa-e-sao-sebastiao\">https:\/\/www.jaenoticia.com.br\/noticias\/2024\/11\/28\/128763-fpi-flagra-area-desmatada-equivalente-a-mais-de-200-campos-de-futebol-em-lagoa-da-canoa-e-sao-sebastiao<\/a><\/p>\n\n\n\n<p>PAINEL NOT\u00cdCIAS &#8211; <a href=\"https:\/\/painelnoticias.com.br\/geral\/244875\/fpi-flagra-area-desmatada-equivalente-a-mais-de-200-campos-de-futebol-em-lagoa-da-canoa-e-sao-sebastiao\">https:\/\/painelnoticias.com.br\/geral\/244875\/fpi-flagra-area-desmatada-equivalente-a-mais-de-200-campos-de-futebol-em-lagoa-da-canoa-e-sao-sebastiao<\/a><\/p>\n\n\n\n<p>POL\u00cdTICA ALAGOANA &#8211; <a href=\"https:\/\/www.politicaalagoana.com.br\/fiscalizacao-flagra-desmatamento-de-mais-de-200-campos-de-futebol-no-interior-de-alagoas\/\">https:\/\/www.politicaalagoana.com.br\/fiscalizacao-flagra-desmatamento-de-mais-de-200-campos-de-futebol-no-interior-de-alagoas\/<\/a><\/p>\n\n\n\n<p>ALAGOAS 24 HORAS &#8211;<a href=\" https:\/\/www.alagoas24horas.com.br\/1636364\/fpi-flagra-area-desmatada-equivalente-a-mais-de-200-campos-de-futebol\/\"> https:\/\/www.alagoas24horas.com.br\/1636364\/fpi-flagra-area-desmatada-equivalente-a-mais-de-200-campos-de-futebol\/<\/a><\/p>\n\n\n\n<p>O DIA MAIS &#8211; <a href=\"https:\/\/www.odiamais.com.br\/noticias\/2024\/11\/28\/85240-fpi-flagra-area-desmatada-equivalente-a-mais-de-200-campos-de-futebol-em-lagoa-da-canoa-e-sao-sebastiao\">https:\/\/www.odiamais.com.br\/noticias\/2024\/11\/28\/85240-fpi-flagra-area-desmatada-equivalente-a-mais-de-200-campos-de-futebol-em-lagoa-da-canoa-e-sao-sebastiao<\/a><\/p>\n\n\n\n<p>ALAGOAS ALERTA &#8211; <a href=\"https:\/\/alagoasalerta.com.br\/noticias\/interior\/fpi-flagra-area-desmatada-equivalente-a-mais-de-200-campos-de-futebol-em-lagoa-da-canoa-e-sao-sebastiao\">https:\/\/alagoasalerta.com.br\/noticias\/interior\/fpi-flagra-area-desmatada-equivalente-a-mais-de-200-campos-de-futebol-em-lagoa-da-canoa-e-sao-sebastiao<\/a><\/p>\n\n\n\n<p>7SEGUNDOS &#8211; <a href=\"https:\/\/www.7segundos.com.br\/arapiraca\/noticias\/2024\/11\/28\/264206-fiscalizacao-flagra-area-desmatada-equivalente-a-mais-de-200-campos-de-futebol-no-agreste\">https:\/\/www.7segundos.com.br\/arapiraca\/noticias\/2024\/11\/28\/264206-fiscalizacao-flagra-area-desmatada-equivalente-a-mais-de-200-campos-de-futebol-no-agreste<\/a><\/p>\n\n\n\n<p>TRIBUNA DO AGRESTE &#8211; <a href=\"https:\/\/www.tribunadoagreste.com.br\/geral\/2024\/11\/28\/48750-fpi-flagra-area-desmatada-equivalente-a-mais-de-200-campos-de-futebol-em-lagoa-da-canoa-e-sao-sebastiao\">https:\/\/www.tribunadoagreste.com.br\/geral\/2024\/11\/28\/48750-fpi-flagra-area-desmatada-equivalente-a-mais-de-200-campos-de-futebol-em-lagoa-da-canoa-e-sao-sebastiao<\/a><\/p>\n\n\n\n<p class=\"has-white-color has-accent-background-color has-text-color has-background has-link-color wp-elements-92a8e0e73d90e51008b0eaa6d4227899\"><strong>FPI DO RIO S\u00c3O FRANCISCO VISITA CASA DE CULTO N\u2019ZO MAZA KOKUETO, EM S\u00c3O SEBASTI\u00c3O<\/strong><\/p>\n\n\n\n<p>TRIBUNA HOJE &#8211; <a href=\"https:\/\/tribunahoje.com\/noticias\/interior\/2024\/11\/28\/147779-fpi-do-rio-sao-francisco-visita-casa-de-culto-nzo-maza-kokueto-em-sao-sebastiao#:~:text=No%20%C3%A2mbito%20da%20Fiscaliza%C3%A7%C3%A3o%20Preventiva,como%20ONG%20Ciranda%20da%20Vida.\">https:\/\/tribunahoje.com\/noticias\/interior\/2024\/11\/28\/147779-fpi-do-rio-sao-francisco-visita-casa-de-culto-nzo-maza-kokueto-em-sao-sebastiao#:~:text=No%20%C3%A2mbito%20da%20Fiscaliza%C3%A7%C3%A3o%20Preventiva,como%20ONG%20Ciranda%20da%20Vida.<\/a><\/p>\n\n\n\n<p>PAINEL NOT\u00cdCIAS &#8211; <a href=\"https:\/\/painelnoticias.com.br\/geral\/244892\/fpi-do-rio-sao-francisco-visita-casa-de-culto-n-zo-maza-kokueto-em-sao-sebastiao\">https:\/\/painelnoticias.com.br\/geral\/244892\/fpi-do-rio-sao-francisco-visita-casa-de-culto-n-zo-maza-kokueto-em-sao-sebastiao<\/a><\/p>\n\n\n\n<p>7SEGUNDOS &#8211; <a href=\"https:\/\/www.7segundos.com.br\/arapiraca\/noticias\/2024\/11\/28\/264236-fpi-do-rio-sao-francisco-visita-casa-de-culto-nzo-maza-kokueto-em-sao-sebastiao\">https:\/\/www.7segundos.com.br\/arapiraca\/noticias\/2024\/11\/28\/264236-fpi-do-rio-sao-francisco-visita-casa-de-culto-nzo-maza-kokueto-em-sao-sebastiao<\/a><\/p>\n\n\n\n<p>J\u00c1 \u00c9 NOT\u00cdCIA &#8211; <a href=\"https:\/\/www.jaenoticia.com.br\/noticias\/2024\/11\/28\/128771-fpi-do-rio-sao-francisco-visita-casa-de-culto-nzo-maza-kokueto-em-sao-sebastiao\">https:\/\/www.jaenoticia.com.br\/noticias\/2024\/11\/28\/128771-fpi-do-rio-sao-francisco-visita-casa-de-culto-nzo-maza-kokueto-em-sao-sebastiao<\/a><\/p>\n\n\n\n<p>ALAGOAS ALERTA &#8211; <a href=\"https:\/\/alagoasalerta.com.br\/noticias\/interior\/fpi-do-rio-sao-francisco-visita-casa-de-culto-nzo-maza-kokueto-em-sao-sebastiao\">https:\/\/alagoasalerta.com.br\/noticias\/interior\/fpi-do-rio-sao-francisco-visita-casa-de-culto-nzo-maza-kokueto-em-sao-sebastiao<\/a><\/p>\n\n\n\n<p class=\"has-white-color has-accent-background-color has-text-color has-background has-link-color wp-elements-0f0b947233868f0618e4d911d0f35292\"><strong>CATIVEIROS DE SOFRIMENTO E SOLID\u00c3O, 600 GAIOLAS APREENDIDAS PELA FPI DO RIO S\u00c3O FRANCISCO S\u00c3O DESTRU\u00cdDAS<\/strong><\/p>\n\n\n\n<p>7SEGUNDOS &#8211; <a href=\"https:\/\/www.7segundos.com.br\/arapiraca\/noticias\/2024\/11\/28\/264249-cativeiros-de-sofrimento-e-solidao-600-gaiolas-apreendidas-pela-fpi-do-rio-sao-francisco-sao-destruidas\">https:\/\/www.7segundos.com.br\/arapiraca\/noticias\/2024\/11\/28\/264249-cativeiros-de-sofrimento-e-solidao-600-gaiolas-apreendidas-pela-fpi-do-rio-sao-francisco-sao-destruidas<\/a><\/p>\n\n\n\n<p>ALAGOAS 24 HORAS &#8211; <a href=\"https:\/\/www.alagoas24horas.com.br\/1636411\/cativeiros-de-sofrimento-e-solidao-600-gaiolas-apreendidas-pela-fpi-do-rio-sao-francisco-sao-destruidas\/\">https:\/\/www.alagoas24horas.com.br\/1636411\/cativeiros-de-sofrimento-e-solidao-600-gaiolas-apreendidas-pela-fpi-do-rio-sao-francisco-sao-destruidas\/<\/a><\/p>\n\n\n\n<p>EM TEMPO NOT\u00cdCIAS &#8211; <a href=\"https:\/\/emtemponoticias.com\/noticias\/2024\/11\/28\/6378-aproximadamente-600-gaiolas-apreendidas-pela-fpi-do-rio-sao-francisco-sao-destruidas\">https:\/\/emtemponoticias.com\/noticias\/2024\/11\/28\/6378-aproximadamente-600-gaiolas-apreendidas-pela-fpi-do-rio-sao-francisco-sao-destruidas<\/a><\/p>\n\n\n\n<p>TRIBUNA HOJE &#8211; <a href=\"https:\/\/tribunahoje.com\/noticias\/interior\/2024\/11\/28\/147810-fpi-do-rio-sao-francisco-destroi-600-gaiolas-apreendidas-em-operacoes\">https:\/\/tribunahoje.com\/noticias\/interior\/2024\/11\/28\/147810-fpi-do-rio-sao-francisco-destroi-600-gaiolas-apreendidas-em-operacoes<\/a><\/p>\n\n\n\n<p><\/p>\n","protected":false},"excerpt":{"rendered":"<p>Clipagem dia 27 de novembro de 2024 &#8211; FPI AL<\/p>\n","protected":false},"author":7,"featured_media":7806,"comment_status":"open","ping_status":"open","sticky":false,"template":"","format":"standard","meta":{"_jetpack_memberships_contains_paid_content":false,"footnotes":""},"categories":[189],"tags":[232],"class_list":["post-7825","post","type-post","status-publish","format-standard","has-post-thumbnail","hentry","category-14a-etapa-fpi-al","tag-14fpialagoas-riosaofrancisco-velhochico-cbhsf-defesadomeioambiente-somostodoscarrancas-10anosfpial","category-189","description-off"],"aioseo_notices":[],"jetpack_featured_media_url":"https:\/\/fpisaofrancisco.inf.br\/wp-content\/uploads\/2024\/11\/WhatsApp-Image-2024-11-22-at-13.53.36-1.jpeg","jetpack_sharing_enabled":true,"_links":{"self":[{"href":"https:\/\/fpisaofrancisco.inf.br\/index.php\/wp-json\/wp\/v2\/posts\/7825","targetHints":{"allow":["GET"]}}],"collection":[{"href":"https:\/\/fpisaofrancisco.inf.br\/index.php\/wp-json\/wp\/v2\/posts"}],"about":[{"href":"https:\/\/fpisaofrancisco.inf.br\/index.php\/wp-json\/wp\/v2\/types\/post"}],"author":[{"embeddable":true,"href":"https:\/\/fpisaofrancisco.inf.br\/index.php\/wp-json\/wp\/v2\/users\/7"}],"replies":[{"embeddable":true,"href":"https:\/\/fpisaofrancisco.inf.br\/index.php\/wp-json\/wp\/v2\/comments?post=7825"}],"version-history":[{"count":4,"href":"https:\/\/fpisaofrancisco.inf.br\/index.php\/wp-json\/wp\/v2\/posts\/7825\/revisions"}],"predecessor-version":[{"id":7834,"href":"https:\/\/fpisaofrancisco.inf.br\/index.php\/wp-json\/wp\/v2\/posts\/7825\/revisions\/7834"}],"wp:featuredmedia":[{"embeddable":true,"href":"https:\/\/fpisaofrancisco.inf.br\/index.php\/wp-json\/wp\/v2\/media\/7806"}],"wp:attachment":[{"href":"https:\/\/fpisaofrancisco.inf.br\/index.php\/wp-json\/wp\/v2\/media?parent=7825"}],"wp:term":[{"taxonomy":"category","embeddable":true,"href":"https:\/\/fpisaofrancisco.inf.br\/index.php\/wp-json\/wp\/v2\/categories?post=7825"},{"taxonomy":"post_tag","embeddable":true,"href":"https:\/\/fpisaofrancisco.inf.br\/index.php\/wp-json\/wp\/v2\/tags?post=7825"}],"curies":[{"name":"wp","href":"https:\/\/api.w.org\/{rel}","templated":true}]}}