{"id":7796,"date":"2024-11-28T12:05:29","date_gmt":"2024-11-28T12:05:29","guid":{"rendered":"https:\/\/fpisaofrancisco.inf.br\/?p=7796"},"modified":"2024-11-28T15:11:38","modified_gmt":"2024-11-28T15:11:38","slug":"mais-de-200-campos-de-futebol-desmatados","status":"publish","type":"post","link":"https:\/\/fpisaofrancisco.inf.br\/index.php\/2024\/11\/28\/mais-de-200-campos-de-futebol-desmatados\/","title":{"rendered":"FPI flagra \u00e1rea desmatada equivalente a mais de 200 campos de futebol em Lagoa da Canoa e S\u00e3o Sebasti\u00e3o"},"content":{"rendered":"\n<p class=\"has-white-color has-accent-background-color has-text-color has-background has-link-color wp-elements-b65e78ab30ae2e4edeaa77ff379c1865\">Vegeta\u00e7\u00e3o nativa foi devastada com uso de m\u00e1quinas e fogo; h\u00e1 ind\u00edcios de aplica\u00e7\u00e3o de agrot\u00f3xicos para evitar regenera\u00e7\u00e3o natural das \u00e1rvores<\/p>\n\n\n\n<p>Imagine uma \u00e1rea equivalente a 201 campos de futebol com vegeta\u00e7\u00e3o nativa da regi\u00e3o Agreste, muitas \u00e1rvores, dezenas de esp\u00e9cies de p\u00e1ssaros, mam\u00edferos, r\u00e9pteis, anf\u00edbios e invertebrados, cada um deles com uma fun\u00e7\u00e3o para manter o meio ambiente em equil\u00edbrio. De repente, toda essa diversidade de fauna e flora \u00e9 derrubada por maquin\u00e1rio pesado e, em algumas situa\u00e7\u00f5es, veio o fogo para n\u00e3o deixar rastro de nada.<\/p>\n\n\n\n<p>Foi esse cen\u00e1rio que a equipe Flora da Fiscaliza\u00e7\u00e3o Preventiva Integrada da Bacia Hidrogr\u00e1fica do Rio S\u00e3o Francisco (FPI do Rio S\u00e3o Francisco) constatou, nesta quarta-feira (27), em visitas realizadas a sete propriedades rurais em Lagoa da Canoa e S\u00e3o Sebasti\u00e3o.<\/p>\n\n\n\n<p>Os locais foram vistoriados ap\u00f3s a equipe ter recebido alertas do MapBiomas e da Pol\u00edcia Federal, que se utilizam de sistemas de monitoramento via sat\u00e9lite para identificar \u00e1reas verdes que estejam sendo suprimidas sem a devida autoriza\u00e7\u00e3o legal.<\/p>\n\n\n\n<p>Na primeira propriedade visitada, em Lagoa da Canoa, a supress\u00e3o de vegeta\u00e7\u00e3o foi de aproximadamente 26 hectares. Os moradores vizinhos, em conversa com a equipe, relataram que a vegeta\u00e7\u00e3o foi derrubada com o uso de fogo e que, posteriormente, foi usado um drone para fazer a aplica\u00e7\u00e3o de agrot\u00f3xico.<\/p>\n\n\n\n<p>&#8220;O vento trazia a fuma\u00e7a toda pra nossa casa. Depois foi o veneno do drone. E a gente tem crian\u00e7a pequena aqui, tivemos que tirar elas de casa. At\u00e9 nossas plantas de uso medicinal que a gente tinha no quintal morreram por causa desse veneno. Essas \u00e1rvores a\u00ed da frente tamb\u00e9m perderam as folhas&#8221;, desabafou uma moradora, m\u00e3e de dois filhos pequenos, um ainda nos bra\u00e7os, e que preferiu n\u00e3o ser identificada.<\/p>\n\n\n\n<p>Segundo o ge\u00f3grafo e coordenador da equipe Flora da FPI do Rio S\u00e3o Francisco, Daniel da Concei\u00e7\u00e3o, \u00e0s vezes as propriedades utilizam drones para pulveriza\u00e7\u00e3o de agrot\u00f3xicos nas \u00e1reas desmatadas com a finalidade de impedir a regenera\u00e7\u00e3o natural da \u00e1rea.<\/p>\n\n\n\n<p>Em duas fazendas vizinhas inspecionadas em S\u00e3o Sebasti\u00e3o, a \u00e1rea desmatada ilegalmente chegava a 140 hectares. A supress\u00e3o da vegeta\u00e7\u00e3o, pelos ind\u00edcios constatados, ocorreu com o uso de m\u00e1quinas.<\/p>\n\n\n\n<p>Os t\u00e9cnicos da equipe Flora tamb\u00e9m perceberam indicativos de suposto uso de agrot\u00f3xicos, ap\u00f3s a derrubada das \u00e1rvores, tamb\u00e9m para impedir o reflorestamento natural, entre eles algumas \u00e1rvores totalmente sem folhas e outras com folhas amareladas e alaranjadas. Esse uso de agrot\u00f3xicos indiscriminadamente, segundo os profissionais da FPI, tamb\u00e9m contamina os cursos de \u00e1gua e, assim, prejudica os recursos h\u00eddricos da Bacia Hidrogr\u00e1fica do Rio S\u00e3o Francisco.<\/p>\n\n\n\n<p>As outras quatro propriedades visitadas ficam em S\u00e3o Sebasti\u00e3o e somavam cerca de 35 hectares.<\/p>\n\n\n\n<p>Como explicou o coordenador da equipe Flora, para que qualquer propriedade fa\u00e7a a supress\u00e3o de vegeta\u00e7\u00e3o de forma legal, \u00e9 necess\u00e1rio solicitar previamente autoriza\u00e7\u00e3o ao Instituto do Meio Ambiente de Alagoas (IMA), que far\u00e1 um estudo no local para decidir se pode ou n\u00e3o ocorrer o desmatamento e quais s\u00e3o as medidas compensat\u00f3rias.<\/p>\n\n\n\n<p>Diante das sete situa\u00e7\u00f5es comprovadas, os respons\u00e1veis pelas \u00e1reas receberam autos de infra\u00e7\u00e3o e termos de embargo. A partir de agora eles t\u00eam 20 dias para procurar o IMA e apresentar a defesa.<\/p>\n\n\n\n<p>O \u00f3rg\u00e3o estadual poder\u00e1, em an\u00e1lise de cada caso, determinar medidas compensat\u00f3rias de recupera\u00e7\u00e3o florestal e tamb\u00e9m aplicar multas.<\/p>\n\n\n\n<p>A equipe Flora da FPI do Rio S\u00e3o Francisco \u00e9 composta pelo IMA, pelo Batalh\u00e3o de Pol\u00edcia Ambiental (BPA) e pelo Minist\u00e9rio P\u00fablico de Alagoas (MPAL).<\/p>\n\n\n\n<h3 class=\"wp-block-heading\"><strong>A FPI do Rio S\u00e3o Francisco<\/strong><\/h3>\n\n\n\n<p>A FPI tem o objetivo de melhorar a qualidade ambiental da Bacia Hidrogr\u00e1fica do Rio S\u00e3o Francisco e a qualidade de vida dos seus povos. Os trabalhos acontecem de modo cont\u00ednuo e permanente. Para isso, realizam-se o diagn\u00f3stico dos danos ambientais e a ado\u00e7\u00e3o de provid\u00eancias administrativas, c\u00edveis e criminais com a indu\u00e7\u00e3o de pol\u00edticas p\u00fablicas.<\/p>\n\n\n\n<p>Como programa, a FPI \u00e9 estruturada em tr\u00eas fases: planejamento, campo e desdobramentos. A fase de desdobramento compreende o acompanhamento e monitoramento dos diagn\u00f3sticos realizados e a atua\u00e7\u00e3o de repercuss\u00f5es de medidas administrativas pelos \u00f3rg\u00e3os envolvidos, c\u00edveis e\/ou criminais e pelo Minist\u00e9rio P\u00fablico competente.<\/p>\n\n\n\n<p>Tamb\u00e9m \u00e9 na fase de desdobramentos que o poder p\u00fablico e a sociedade civil organizada contribuem na regulariza\u00e7\u00e3o dos empreendimentos, repara\u00e7\u00e3o de danos detectados e efetiva\u00e7\u00e3o das medidas de prote\u00e7\u00e3o necess\u00e1rias.<\/p>\n\n\n\n<p>Participam da 14\u00aa etapa da Fiscaliza\u00e7\u00e3o Preventiva Integrada a&nbsp;<a href=\"https:\/\/www.defesaagropecuaria.al.gov.br\/\">Ag\u00eancia de Defesa e Inspe\u00e7\u00e3o Agropecu\u00e1ria de Alagoas (Adeal),<\/a>&nbsp;<a href=\"https:\/\/alagoasdigital.al.gov.br\/unidade-de-atendimento\/814\">Batalh\u00e3o de Pol\u00edcia Ambiental da Pol\u00edcia Militar do Estado de Alagoas (BPA\/PMAL),<\/a>&nbsp;<a href=\"https:\/\/cbhsaofrancisco.org.br\/\">Comit\u00ea da Bacia Hidrogr\u00e1fica do Rio Francisco (CBHSF),<\/a><a href=\"https:\/\/www.crea-al.org.br\/\">&nbsp;Conselho Regional de Engenharia e Agronomia de Alagoas (Crea\/AL<\/a>),&nbsp;<a href=\"https:\/\/www.crmv-al.org.br\/\">Conselho Regional de Medicina Veterin\u00e1ria de Alagoas (CRMV\/AL),<\/a>&nbsp;<a href=\"https:\/\/www.crt03.gov.br\/\">Conselho Regional dos T\u00e9cnicos Industriais da 3\u00aa Regi\u00e3o (CRT-3)<\/a>,&nbsp;<a href=\"https:\/\/institutohori.org.br\/\">Instituto Hori,<\/a>&nbsp;<a href=\"https:\/\/www2.ima.al.gov.br\/\">Instituto do Meio Ambiente de Alagoas (IMA\/AL)<\/a>,&nbsp;<a href=\"https:\/\/ipma.org.br\/\">Instituto Para Preserva\u00e7\u00e3o da Mata Atl\u00e2ntica (IPMA)<\/a>,&nbsp;<a href=\"https:\/\/www.marinha.mil.br\/\">Marinha do Brasil<\/a>,&nbsp;<a href=\"https:\/\/www.mpal.mp.br\/\">Minist\u00e9rio P\u00fablico do Estado de Alagoas (MPE)<\/a>,&nbsp;<a href=\"https:\/\/www.mpf.mp.br\/al\/\">Minist\u00e9rio P\u00fablico Federal em Alagoas (MPF)<\/a>,&nbsp;<a href=\"https:\/\/www.prt19.mpt.mp.br\/\">Minist\u00e9rio P\u00fablico do Trabalho em Alagoas (MPT)<\/a>,&nbsp;<a href=\"https:\/\/www.gov.br\/pf\/pt-br\">Pol\u00edcia Federal (PF),<\/a>&nbsp;<a href=\"https:\/\/www.gov.br\/prf\/pt-br\">Pol\u00edcia Rodovi\u00e1ria Federal (PRF<\/a>),&nbsp;<a href=\"http:\/\/www.instagram.com\/redemulheresnct\">Rede Mulheres de Comunidades Tradicionais (RMCT)<\/a>,&nbsp;<a href=\"https:\/\/semarh.al.gov.br\/\">Secretaria de Estado do Meio Ambiente e Recursos H\u00eddricos (SEMARH)<\/a>,&nbsp;<a href=\"https:\/\/mulheredireitoshumanos.al.gov.br\/\">Secretaria de Estado da Mulher e dos Direitos Humanos (SEMUDH)<\/a>,&nbsp;<a href=\"https:\/\/www.saude.al.gov.br\/\">Secretaria de Estado da Sa\u00fade (Sesau)<\/a>,&nbsp;<a href=\"https:\/\/institutososcaatinga.com.br\/site\/\">SOS Caatinga<\/a>,&nbsp;<a href=\"https:\/\/www.tceal.tc.br\/\">Tribunal de Contas do Estado de Alagoas (TCE\/AL),<\/a>&nbsp;<a href=\"https:\/\/www.tre-al.jus.br\/\">Tribunal Regional Eleitoral de Alagoas (TRE\/AL)&nbsp;<\/a>e<a href=\"https:\/\/uneal.edu.br\/institucional\/a-uneal\">&nbsp;Universidade Estadual de Alagoas (Uneal).<\/a><\/p>\n\n\n\n<p>A FPI do Rio S\u00e3o Francisco em Alagoas \u00e9 coordenada pelo CBHSF, MPAL, MPF e BPA\/PMAL, que desenvolvem os trabalhos de intelig\u00eancia, organiza\u00e7\u00e3o e divulga\u00e7\u00e3o das atividades e resultados para a popula\u00e7\u00e3o.<\/p>\n\n\n\n<h3 class=\"wp-block-heading\"><strong>Leia tamb\u00e9m<\/strong><\/h3>\n\n\n\n<p><a href=\"https:\/\/fpisaofrancisco.inf.br\/index.php\/2024\/11\/27\/karapotos\/\">Karapot\u00f3s clamam por seus direitos fundamentais<\/a><\/p>\n\n\n\n<p><a href=\"https:\/\/fpisaofrancisco.inf.br\/index.php\/2024\/11\/27\/centros-de-saude-inspecionados\/\">Centros de Sa\u00fade em Alagoas s\u00e3o inspecionados pela FPI AL<\/a><\/p>\n\n\n\n<p><a href=\"https:\/\/fpisaofrancisco.inf.br\/index.php\/2024\/11\/27\/soltura-de-38-aves-resgatadas\/\">C\u00e9u do Sert\u00e3o ganha mais cores com soltura de 38 aves resgatadas pela FPI<\/a><\/p>\n\n\n\n<p><a href=\"https:\/\/fpisaofrancisco.inf.br\/index.php\/2024\/11\/27\/residuos-solidos-em-fabrica-de-igreja-nova\/\">FPI d\u00e1 prazo para regulariza\u00e7\u00e3o da disposi\u00e7\u00e3o dos res\u00edduos s\u00f3lidos em f\u00e1brica de Igreja Nova<\/a><\/p>\n\n\n\n<p><a href=\"https:\/\/fpisaofrancisco.inf.br\/index.php\/2024\/11\/26\/macaco-prego-galego\/\">Amea\u00e7ado de extin\u00e7\u00e3o, Macaco-prego-galego \u00e9 resgatado pela FPI<\/a><\/p>\n\n\n\n<p><a href=\"https:\/\/fpisaofrancisco.inf.br\/index.php\/2024\/11\/26\/kariri-xoco-etnozoneamento\/\">Kariri-Xoc\u00f3: etnozoneamento reivindicado ganhar\u00e1 ajuda da FPI<\/a><\/p>\n\n\n\n<p><a href=\"https:\/\/fpisaofrancisco.inf.br\/index.php\/2024\/11\/26\/casas-de-farinha-inspecionadas\/\">FPI AL inspeciona casas de farinha em Junqueiro e orienta maior produtor da regi\u00e3o<\/a><\/p>\n\n\n\n<p><a href=\"https:\/\/fpisaofrancisco.inf.br\/index.php\/2024\/11\/25\/piracema\/\">FPI orienta pescadores em Pia\u00e7abu\u00e7u sobre per\u00edodo de defeso no Velho Chico<\/a><\/p>\n\n\n\n<p><a href=\"https:\/\/fpisaofrancisco.inf.br\/index.php\/2024\/11\/24\/granjas-clandestinas-sao-orientadas-pela-fpi\/\">Granjas clandestinas s\u00e3o orientadas pela FPI<\/a><\/p>\n\n\n\n<p><a href=\"https:\/\/fpisaofrancisco.inf.br\/index.php\/2024\/11\/24\/passaros-resgatados-voltam-para-casa\/\">No cora\u00e7\u00e3o da Caatinga, p\u00e1ssaros resgatados voltam para casa<\/a><\/p>\n\n\n\n<p><a href=\"https:\/\/fpisaofrancisco.inf.br\/index.php\/2024\/11\/23\/10-anos-fpial\/\">10 anos: FPI encerra 1a semana de mais uma etapa; Programa \u00e9 finalista do Innovare<\/a><\/p>\n\n\n\n<p><a href=\"https:\/\/fpisaofrancisco.inf.br\/index.php\/2024\/11\/23\/abate-clandestino-flagrado\/\">FPI flagra abate clandestino e evita o adoecimento da popula\u00e7\u00e3o em Penedo<\/a><br><a href=\"https:\/\/fpisaofrancisco.inf.br\/index.php\/2024\/11\/22\/esgoto-contamina-rio-sao-francisco\/\">Esgoto contamina Rio S\u00e3o Francisco e amea\u00e7a a popula\u00e7\u00e3o de Olho d\u00b4\u00c1gua Grande<\/a><\/p>\n\n\n\n<p><a href=\"https:\/\/fpisaofrancisco.inf.br\/index.php\/2024\/11\/22\/comunidade-indigena-pankaraus-luzia\/\">Comunidade Ind\u00edgena Luzia da etnia Pankararu foi visitada<\/a><\/p>\n\n\n\n<p><a href=\"https:\/\/fpisaofrancisco.inf.br\/index.php\/2024\/11\/22\/lixao-flagrado-em-feira-grande\/\">FPI flagra lix\u00e3o, interdita \u00e1rea e multa a Prefeitura de Feira Grande em R$ 50 mil<\/a><\/p>\n\n\n\n<p><a href=\"https:\/\/fpisaofrancisco.inf.br\/index.php\/2024\/11\/21\/comunidades-indigenas-recebem-agua-sem-tratamento\/\">Comunidades ind\u00edgenas recebem \u00e1gua sem tratamento e Prefeitura \u00e9 notificada durante a\u00e7\u00e3o da FPI<\/a><\/p>\n\n\n\n<p><a href=\"https:\/\/fpisaofrancisco.inf.br\/index.php\/2024\/11\/21\/dialogo-com-ciganos\/\">FPI avan\u00e7a em di\u00e1logo com ciganos para inclus\u00e3o social em Penedo\/AL<\/a><\/p>\n\n\n\n<p><a href=\"https:\/\/fpisaofrancisco.inf.br\/index.php\/2024\/11\/21\/areas-desmatadas-embargadas-equivalem-a-419-campos-de-futebol\/\">FPI do Rio S\u00e3o Francisco embarga \u00e1reas desmatadas que equivalem a 419 campos de futebol<\/a><br><a href=\"https:\/\/fpisaofrancisco.inf.br\/index.php\/2024\/11\/21\/barco-escola-promove-inclusao-e-educacao-ambiental\/\">No Dia da Consci\u00eancia Negra, barco-escola promove inclus\u00e3o e educa\u00e7\u00e3o ambiental<\/a><\/p>\n\n\n\n<p><a href=\"https:\/\/fpisaofrancisco.inf.br\/index.php\/2024\/11\/21\/pixaim-resiste\/\">Entre o rio e as dunas, Pixaim resiste: uma hist\u00f3ria de luta e ancestralidade<\/a><\/p>\n\n\n\n<p><a href=\"https:\/\/fpisaofrancisco.inf.br\/index.php\/2024\/11\/21\/aves-ganham-liberdade-no-dia-da-consciencia-negra\/\">De volta \u00e0 natureza: aves ganham liberdade no dia da Consci\u00eancia Negra<\/a><\/p>\n\n\n\n<p><a href=\"https:\/\/fpisaofrancisco.inf.br\/index.php\/2024\/11\/19\/quilombolas-do-oiteiro-e-tabuleiro-dos-negros\/\">FPI visita comunidades quilombolas do Oiteiro e Tabuleiro dos Negros<\/a><\/p>\n\n\n\n<p><a href=\"https:\/\/fpisaofrancisco.inf.br\/index.php\/2024\/11\/19\/agua-sem-tratamento-adequado-distribuida-para-comunidades-ribeirinhas\/\">FPI constata distribui\u00e7\u00e3o de \u00e1gua sem tratamento adequado a comunidades ribeirinhas<\/a><\/p>\n\n\n\n<p><a href=\"https:\/\/fpisaofrancisco.inf.br\/index.php\/2024\/11\/19\/criatorio-de-camaroes-tem-prazo-para-adequar-as-normas-ambientais\/\">Criat\u00f3rio de camar\u00f5es tem prazo de 30 dias para adequa\u00e7\u00e3o \u00e0s normas ambientais<\/a><\/p>\n\n\n\n<p><a href=\"https:\/\/fpisaofrancisco.inf.br\/index.php\/2024\/11\/19\/fpi-notifica-sete-embarcacoes\/\">FPI do Rio S\u00e3o Francisco notifica sete embarca\u00e7\u00f5es por infra\u00e7\u00f5es navais<\/a><\/p>\n\n\n\n<p><a href=\"http:\/\/xn--fpi%20flagra%20abate%20irregular%20de%20sunos%20em%20casa%20de%20farinha%20no%20agreste%20alagoano-s3i\/\">FPI flagra abate irregular de su\u00ednos em casa de farinha no Agreste alagoano<\/a><\/p>\n\n\n\n<p><a href=\"https:\/\/fpisaofrancisco.inf.br\/index.php\/2024\/11\/19\/crimes-ambientais-sao-flagrados-em-junqueiro\/\">Crimes ambientais s\u00e3o flagrados em Junqueiro pela FPI do Rio S\u00e3o Francisco<\/a><\/p>\n\n\n\n<p><a href=\"https:\/\/fpisaofrancisco.inf.br\/index.php\/2024\/11\/19\/fpi-resgata-34-aves\/\">FPI resgata 34 aves silvestres em Arapiraca<\/a><\/p>\n\n\n\n<p><a href=\"https:\/\/fpisaofrancisco.inf.br\/index.php\/2024\/11\/19\/fpi-interdita-790-litros-de-agrotoxicos\/\">FPI interdita 790 litros de agrot\u00f3xicos em com\u00e9rcio irregular<\/a><\/p>\n\n\n\n<p><a href=\"https:\/\/fpisaofrancisco.inf.br\/index.php\/2024\/11\/18\/14a-etapa-fpial_inicia\/\">FPI do Rio S\u00e3o Francisco d\u00e1 in\u00edcio \u00e0 14\u00aa etapa em Alagoas com foco em munic\u00edpios do Agreste e Sert\u00e3o<\/a><\/p>\n","protected":false},"excerpt":{"rendered":"<p>Vegeta\u00e7\u00e3o nativa foi devastada com uso de m\u00e1quinas e fogo; h\u00e1 ind\u00edcios de aplica\u00e7\u00e3o de agrot\u00f3xicos para evitar regenera\u00e7\u00e3o natural das \u00e1rvores<\/p>\n","protected":false},"author":7,"featured_media":7797,"comment_status":"open","ping_status":"open","sticky":false,"template":"","format":"standard","meta":{"_jetpack_memberships_contains_paid_content":false,"footnotes":""},"categories":[189],"tags":[228],"class_list":["post-7796","post","type-post","status-publish","format-standard","has-post-thumbnail","hentry","category-14a-etapa-fpi-al","tag-14fpialagoas-riosaofrancisco-velhochico-cbhsf-defesadomeioambiente-somostodoscarrancas-10anosfpial-flora-desmatamento","category-189","description-off"],"aioseo_notices":[],"jetpack_featured_media_url":"https:\/\/fpisaofrancisco.inf.br\/wp-content\/uploads\/2024\/11\/WhatsApp-Image-2024-11-28-at-10.15.08-scaled.jpeg","jetpack_sharing_enabled":true,"_links":{"self":[{"href":"https:\/\/fpisaofrancisco.inf.br\/index.php\/wp-json\/wp\/v2\/posts\/7796","targetHints":{"allow":["GET"]}}],"collection":[{"href":"https:\/\/fpisaofrancisco.inf.br\/index.php\/wp-json\/wp\/v2\/posts"}],"about":[{"href":"https:\/\/fpisaofrancisco.inf.br\/index.php\/wp-json\/wp\/v2\/types\/post"}],"author":[{"embeddable":true,"href":"https:\/\/fpisaofrancisco.inf.br\/index.php\/wp-json\/wp\/v2\/users\/7"}],"replies":[{"embeddable":true,"href":"https:\/\/fpisaofrancisco.inf.br\/index.php\/wp-json\/wp\/v2\/comments?post=7796"}],"version-history":[{"count":1,"href":"https:\/\/fpisaofrancisco.inf.br\/index.php\/wp-json\/wp\/v2\/posts\/7796\/revisions"}],"predecessor-version":[{"id":7798,"href":"https:\/\/fpisaofrancisco.inf.br\/index.php\/wp-json\/wp\/v2\/posts\/7796\/revisions\/7798"}],"wp:featuredmedia":[{"embeddable":true,"href":"https:\/\/fpisaofrancisco.inf.br\/index.php\/wp-json\/wp\/v2\/media\/7797"}],"wp:attachment":[{"href":"https:\/\/fpisaofrancisco.inf.br\/index.php\/wp-json\/wp\/v2\/media?parent=7796"}],"wp:term":[{"taxonomy":"category","embeddable":true,"href":"https:\/\/fpisaofrancisco.inf.br\/index.php\/wp-json\/wp\/v2\/categories?post=7796"},{"taxonomy":"post_tag","embeddable":true,"href":"https:\/\/fpisaofrancisco.inf.br\/index.php\/wp-json\/wp\/v2\/tags?post=7796"}],"curies":[{"name":"wp","href":"https:\/\/api.w.org\/{rel}","templated":true}]}}