{"id":7793,"date":"2024-11-28T11:50:51","date_gmt":"2024-11-28T11:50:51","guid":{"rendered":"https:\/\/fpisaofrancisco.inf.br\/?p=7793"},"modified":"2024-11-28T14:57:43","modified_gmt":"2024-11-28T14:57:43","slug":"ma-qualidade-da-agua-distribuida","status":"publish","type":"post","link":"https:\/\/fpisaofrancisco.inf.br\/index.php\/2024\/11\/28\/ma-qualidade-da-agua-distribuida\/","title":{"rendered":"FPI comprova m\u00e1 qualidade da \u00e1gua distribu\u00edda a sete munic\u00edpios do Agreste alagoano"},"content":{"rendered":"\n<p class=\"has-white-color has-accent-background-color has-text-color has-background has-link-color wp-elements-280f0b5667838016af41b45947c60301\">A \u00e1gua fornecida para a popula\u00e7\u00e3o que reside nos munic\u00edpios de Limoeiro de Anadia, S\u00e3o Sebasti\u00e3o, S\u00e3o Br\u00e1s, Feira Grande, Campo Grande e Olho d\u2019\u00c1gua Grande, especialmente na zona rural, n\u00e3o \u00e9 de boa qualidade. O diagn\u00f3stico \u00e9 da equipe de Recursos H\u00eddricos (Abastecimento de \u00c1gua e Esgotamento Sanit\u00e1rio) da Fiscaliza\u00e7\u00e3o Preventiva Integrada (FPI) do Rio S\u00e3o Francisco que, durante duas semanas, visitou 40 pontos de distribui\u00e7\u00e3o, p\u00fablicos e privados, e constatou que os consumidores est\u00e3o matando a sede com \u00e1gua que sequer est\u00e1 passando pelo processo m\u00ednimo de tratamento e cujas amostras apresentaram falta de clora\u00e7\u00e3o, presen\u00e7a de coliformes totais e, grande parte delas, bact\u00e9rias Escherichia coli (e.coli), principais respons\u00e1veis pelos surtos de diarreia que acometem os moradores do Agreste alagoano.<\/p>\n\n\n\n<p>As 40 amostras de \u00e1gua foram recolhidas de sistemas de distribui\u00e7\u00e3o &#8211; SAA, solu\u00e7\u00f5es alternativas coletivas (SAC) sem rede &#8211; como chafarizes &#8211; e intradomiciliares. Os t\u00e9cnicos comprovaram que a maioria delas estava sem a presen\u00e7a do desinfetante cloro o que, por consequ\u00eancia, resulta em contamina\u00e7\u00e3o da \u00e1gua por coliformes totais. Tal resultado levantou um alerta da equipe coordenada por Elisabeth Rocha, engenheira sanitarista ambiental do Minist\u00e9rio P\u00fablico do Estado de Alagoas: \u201cO que pudemos comprovar \u00e9 que a popula\u00e7\u00e3o dessas cidades vive em situa\u00e7\u00e3o de vulnerabilidade h\u00eddrica, ou seja, est\u00e1 consumindo \u00e1gua de m\u00e1 qualidade, ficando exposta a riscos \u00e0 sua sa\u00fade\u201d, disse ela.<\/p>\n\n\n\n<h3 class=\"wp-block-heading\"><strong>An\u00e1lises feitas in locu<\/strong><\/h3>\n\n\n\n<p>Elisabeth Rocha explicou que a primeira an\u00e1lise \u00e9 feita ainda no pr\u00f3prio local da coleta, onde a FPI j\u00e1 consegue constatar se a \u00e1gua passou pelo processo de clora\u00e7\u00e3o. \u201c\u00c1gua n\u00e3o tratada \u00e9 sin\u00f4nimo de risco \u00e0 sa\u00fade p\u00fablica, por isso, iniciamos o trabalho em cada ponto de interesse da fiscaliza\u00e7\u00e3o, identificando se o cloro foi colocado na \u00e1gua fornecida ao povo. Em quest\u00e3o de minutos conseguimos ver o resultado, ou seja, detectar se houve ou n\u00e3o o processo de clora\u00e7\u00e3o. Como boa parte apresenta aus\u00eancia da subst\u00e2ncia, n\u00f3s j\u00e1 nos dirigimos \u00e0s secretarias municipais de sa\u00fade para fazermos a notifica\u00e7\u00e3o, uma vez que as an\u00e1lises est\u00e3o em desacordo com a Portaria n\u00ba 888\/2021 do Minist\u00e9rio da Sa\u00fade. Por meio de tais notifica\u00e7\u00f5es, orientamos sobre os procedimentos que devem ser implementados, dando prazos para essas adequa\u00e7\u00f5es. A situa\u00e7\u00e3o \u00e9 mais grave na zona rural\u201d, relatou.<\/p>\n\n\n\n<p>O segundo passo para identificar a qualidade da \u00e1gua passa pelo Laborat\u00f3rio Central de Sa\u00fade P\u00fablica (Lacen), que formalizou parceria com a Prefeitura de Arapiraca para que os ensaios fossem realizados durante o per\u00edodo da FPI. \u201cO t\u00e9cnico do Lacen fica \u00e0 disposi\u00e7\u00e3o da FPI para realizar as an\u00e1lises considerando os par\u00e2metros sentinela, um m\u00e9todo priorit\u00e1rio para o setor de sa\u00fade por apresentar resultados anal\u00edticos em at\u00e9 24 horas. Conclu\u00edda a avalia\u00e7\u00e3o, em menos de um dia a gente j\u00e1 consegue saber o tamanho do risco daquela \u00e1gua, o que permite \u00e0 FPI adotar as medidas necess\u00e1rias junto aos gestores\u201d, detalhou Elisabeth Rocha.<\/p>\n\n\n\n<h3 class=\"wp-block-heading\"><strong>Os limites toler\u00e1veis<\/strong><\/h3>\n\n\n\n<p>L\u00facio Fl\u00e1vio Cardoso, t\u00e9cnico do laborat\u00f3rio, explicou que a an\u00e1lise \u00e9 feita por meio da incuba\u00e7\u00e3o de um substrato enzim\u00e1tico que \u00e9 colocado dentro da amostra e levado \u00e0 estufa com temperatura controlada. \u201cDepois de 24 horas, se a colora\u00e7\u00e3o mudar, \u00e9 porque est\u00e1 constatada a presen\u00e7a de coliformes. E, caso a \u00e1gua fique fluorescente, teremos a comprova\u00e7\u00e3o da exist\u00eancia da Escherichia coli, uma bact\u00e9ria patog\u00eanica respons\u00e1vel por v\u00e1rios tipos de doen\u00e7as, especialmente aquelas que provocam diarreias\u201d, explicou ele.<\/p>\n\n\n\n<p>Pela classifica\u00e7\u00e3o determinada pelo Minist\u00e9rio da Sa\u00fade, a turbidez da \u00e1gua pode chegar somente no valor m\u00e1ximo de at\u00e9 5 Uts (unidade de turbidez). J\u00e1 o cloro, no m\u00ednimo de 0,2 ppm (parte por milh\u00e3o), havendo ainda a exig\u00eancia de aus\u00eancia de coliformes e Escherichia coli.<\/p>\n\n\n\n<p>\u201cAs doen\u00e7as diarreicas s\u00e3o as mais comuns, por\u00e9m, h\u00e1 outras mais graves, como a c\u00f3lera. Elas acometem principalmente crian\u00e7as, idosos e pessoas enfermas. E este trabalho laboratorial da qualidade da \u00e1gua tamb\u00e9m est\u00e1 sendo executado junto as amostras da equipe do projeto Sede de Aprender, que tem coletado \u00e1gua nas unidades escolares e em comunidades tradicionais. Ent\u00e3o, em resumo, o que estamos fazendo por meio da FPI \u00e9 um grande alerta e um trabalho de orienta\u00e7\u00e3o para que os gestores saibam das suas responsabilidades no tocante a sa\u00fade de cada morador da cidade. E, na sequ\u00eancia, com base nos relat\u00f3rios produzidos, o Minist\u00e9rio P\u00fablico vai atuar de forma individualizada na busca pela melhoria da qualidade da \u00e1gua fornecida \u00e0 popula\u00e7\u00e3o de cada munic\u00edpio\u201d, esclareceu a coordenadora.<\/p>\n\n\n\n<h3 class=\"wp-block-heading\"><strong>Agrot\u00f3xicos na \u00e1gua<\/strong><\/h3>\n\n\n\n<p>Elisabeth Rocha tamb\u00e9m informou sobre as an\u00e1lises que ser\u00e3o feitas em amostras coletadas com a finalidade de se verificar se determinadas localidades est\u00e3o fornecendo \u00e1gua com a presen\u00e7a de agrot\u00f3xicos. \u201cTal tipo de contamina\u00e7\u00e3o na \u00e1gua \u00e9 um problema que pode comprometer a qualidade dos recursos h\u00eddricos e a sa\u00fade humana, podendo causar at\u00e9 c\u00e2ncer devido a presen\u00e7a de determinadas subst\u00e2ncias com teores acima do especificado pela portaria de qualidade da \u00e1gua do Minist\u00e9rio da Sa\u00fade\u201d, pontuou.<\/p>\n\n\n\n<p>Especialistas alertam que, al\u00e9m de doen\u00e7as cancer\u00edgenas, o consumo de \u00e1gua com altas concentra\u00e7\u00f5es de agrot\u00f3xicos aumenta tamb\u00e9m os riscos de dist\u00farbios hormonais e problemas no sistema nervoso, nos rins e no f\u00edgado.<\/p>\n\n\n\n<p>As amostras coletadas tamb\u00e9m complementam a atua\u00e7\u00e3o da equipe de Produtos Perigosos. O grupo tem encontrado nesses mesmos munic\u00edpios muitas irregularidades quanto a comercializa\u00e7\u00e3o e o uso indiscriminado de agrot\u00f3xicos, que s\u00e3o vendidos sem receitu\u00e1rio agron\u00f4mico e utilizados nas propriedades rurais. Essa forma indevida de uso pode causar s\u00e9rios riscos aos usu\u00e1rios e ao meio ambiente.<\/p>\n\n\n\n<p>As amostras, em raz\u00e3o da parceria estabelecida entre a Secretaria de Estado da Sa\u00fade (Sesau) e o Minist\u00e9rio da Sa\u00fade, ser\u00e3o enviadas ao laborat\u00f3rio de refer\u00eancia da FioCruz, no Rio de Janeiro, um dos mais especializados nesse tipo de an\u00e1lise.<\/p>\n\n\n\n<p>Coordenada pelo Minist\u00e9rio P\u00fablico do Estado de Alagoas (MPAL), a equipe de Recursos H\u00eddricos da FPI tamb\u00e9m \u00e9 formada por integrantes do Instituto do Meio Ambiente de Alagoas (IMA), Batalh\u00e3o de Pol\u00edcia Ambiental (BPA), Secretaria de Estado do Meio Ambiente e dos Recursos H\u00eddricos (Semarh), Secretaria de Estado da Sa\u00fade (Sesau) e Conselho Regional de Engenharia e Agronomia de Alagoas (Crea-AL).<\/p>\n\n\n\n<h3 class=\"wp-block-heading\"><strong>A FPI do Rio S\u00e3o Francisco<\/strong><\/h3>\n\n\n\n<p>A FPI tem o objetivo de melhorar a qualidade ambiental da Bacia Hidrogr\u00e1fica do Rio S\u00e3o Francisco e a qualidade de vida dos seus povos. Os trabalhos acontecem de modo cont\u00ednuo e permanente. Para isso, realizam-se o diagn\u00f3stico dos danos ambientais e a ado\u00e7\u00e3o de provid\u00eancias administrativas, c\u00edveis e criminais com a indu\u00e7\u00e3o de pol\u00edticas p\u00fablicas.<\/p>\n\n\n\n<p>Como programa, a FPI \u00e9 estruturada em tr\u00eas fases: planejamento, campo e desdobramentos. A fase de desdobramento compreende o acompanhamento e monitoramento dos diagn\u00f3sticos realizados e a atua\u00e7\u00e3o de repercuss\u00f5es de medidas administrativas pelos \u00f3rg\u00e3os envolvidos, c\u00edveis e\/ou criminais e pelo Minist\u00e9rio P\u00fablico competente.<\/p>\n\n\n\n<p>Tamb\u00e9m \u00e9 na fase de desdobramentos que o poder p\u00fablico e a sociedade civil organizada contribuem na regulariza\u00e7\u00e3o dos empreendimentos, repara\u00e7\u00e3o de danos detectados e efetiva\u00e7\u00e3o das medidas de prote\u00e7\u00e3o necess\u00e1rias.<\/p>\n\n\n\n<p>Participam da 14\u00aa etapa da Fiscaliza\u00e7\u00e3o Preventiva Integrada a&nbsp;<a href=\"https:\/\/www.defesaagropecuaria.al.gov.br\/\">Ag\u00eancia de Defesa e Inspe\u00e7\u00e3o Agropecu\u00e1ria de Alagoas (Adeal),<\/a>&nbsp;<a href=\"https:\/\/alagoasdigital.al.gov.br\/unidade-de-atendimento\/814\">Batalh\u00e3o de Pol\u00edcia Ambiental da Pol\u00edcia Militar do Estado de Alagoas (BPA\/PMAL),<\/a>&nbsp;<a href=\"https:\/\/cbhsaofrancisco.org.br\/\">Comit\u00ea da Bacia Hidrogr\u00e1fica do Rio Francisco (CBHSF),<\/a><a href=\"https:\/\/www.crea-al.org.br\/\">&nbsp;Conselho Regional de Engenharia e Agronomia de Alagoas (Crea\/AL<\/a>),&nbsp;<a href=\"https:\/\/www.crmv-al.org.br\/\">Conselho Regional de Medicina Veterin\u00e1ria de Alagoas (CRMV\/AL),<\/a>&nbsp;<a href=\"https:\/\/www.crt03.gov.br\/\">Conselho Regional dos T\u00e9cnicos Industriais da 3\u00aa Regi\u00e3o (CRT-3)<\/a>,&nbsp;<a href=\"https:\/\/institutohori.org.br\/\">Instituto Hori,<\/a>&nbsp;<a href=\"https:\/\/www2.ima.al.gov.br\/\">Instituto do Meio Ambiente de Alagoas (IMA\/AL)<\/a>,&nbsp;<a href=\"https:\/\/ipma.org.br\/\">Instituto Para Preserva\u00e7\u00e3o da Mata Atl\u00e2ntica (IPMA)<\/a>,&nbsp;<a href=\"https:\/\/www.marinha.mil.br\/\">Marinha do Brasil<\/a>,&nbsp;<a href=\"https:\/\/www.mpal.mp.br\/\">Minist\u00e9rio P\u00fablico do Estado de Alagoas (MPE)<\/a>,&nbsp;<a href=\"https:\/\/www.mpf.mp.br\/al\/\">Minist\u00e9rio P\u00fablico Federal em Alagoas (MPF)<\/a>,&nbsp;<a href=\"https:\/\/www.prt19.mpt.mp.br\/\">Minist\u00e9rio P\u00fablico do Trabalho em Alagoas (MPT)<\/a>,&nbsp;<a href=\"https:\/\/www.gov.br\/pf\/pt-br\">Pol\u00edcia Federal (PF),<\/a>&nbsp;<a href=\"https:\/\/www.gov.br\/prf\/pt-br\">Pol\u00edcia Rodovi\u00e1ria Federal (PRF<\/a>),&nbsp;<a href=\"http:\/\/www.instagram.com\/redemulheresnct\">Rede Mulheres de Comunidades Tradicionais (RMCT)<\/a>,&nbsp;<a href=\"https:\/\/semarh.al.gov.br\/\">Secretaria de Estado do Meio Ambiente e Recursos H\u00eddricos (SEMARH)<\/a>,&nbsp;<a href=\"https:\/\/mulheredireitoshumanos.al.gov.br\/\">Secretaria de Estado da Mulher e dos Direitos Humanos (SEMUDH)<\/a>,&nbsp;<a href=\"https:\/\/www.saude.al.gov.br\/\">Secretaria de Estado da Sa\u00fade (Sesau)<\/a>,&nbsp;<a href=\"https:\/\/institutososcaatinga.com.br\/site\/\">SOS Caatinga<\/a>,&nbsp;<a href=\"https:\/\/www.tceal.tc.br\/\">Tribunal de Contas do Estado de Alagoas (TCE\/AL),<\/a>&nbsp;<a href=\"https:\/\/www.tre-al.jus.br\/\">Tribunal Regional Eleitoral de Alagoas (TRE\/AL)&nbsp;<\/a>e<a href=\"https:\/\/uneal.edu.br\/institucional\/a-uneal\">&nbsp;Universidade Estadual de Alagoas (Uneal).<\/a><\/p>\n\n\n\n<p>A FPI do Rio S\u00e3o Francisco em Alagoas \u00e9 coordenada pelo CBHSF, MPAL, MPF e BPA\/PMAL, que desenvolvem os trabalhos de intelig\u00eancia, organiza\u00e7\u00e3o e divulga\u00e7\u00e3o das atividades e resultados para a popula\u00e7\u00e3o.<\/p>\n\n\n\n<h3 class=\"wp-block-heading\"><strong>Leia tamb\u00e9m<\/strong><\/h3>\n\n\n\n<p><a href=\"https:\/\/fpisaofrancisco.inf.br\/index.php\/2024\/11\/27\/karapotos\/\">Karapot\u00f3s clamam por seus direitos fundamentais<\/a><\/p>\n\n\n\n<p><a href=\"https:\/\/fpisaofrancisco.inf.br\/index.php\/2024\/11\/27\/centros-de-saude-inspecionados\/\">Centros de Sa\u00fade em Alagoas s\u00e3o inspecionados pela FPI AL<\/a><\/p>\n\n\n\n<p><a href=\"https:\/\/fpisaofrancisco.inf.br\/index.php\/2024\/11\/27\/soltura-de-38-aves-resgatadas\/\">C\u00e9u do Sert\u00e3o ganha mais cores com soltura de 38 aves resgatadas pela FPI<\/a><\/p>\n\n\n\n<p><a href=\"https:\/\/fpisaofrancisco.inf.br\/index.php\/2024\/11\/27\/residuos-solidos-em-fabrica-de-igreja-nova\/\">FPI d\u00e1 prazo para regulariza\u00e7\u00e3o da disposi\u00e7\u00e3o dos res\u00edduos s\u00f3lidos em f\u00e1brica de Igreja Nova<\/a><\/p>\n\n\n\n<p><a href=\"https:\/\/fpisaofrancisco.inf.br\/index.php\/2024\/11\/26\/macaco-prego-galego\/\">Amea\u00e7ado de extin\u00e7\u00e3o, Macaco-prego-galego \u00e9 resgatado pela FPI<\/a><\/p>\n\n\n\n<p><a href=\"https:\/\/fpisaofrancisco.inf.br\/index.php\/2024\/11\/26\/kariri-xoco-etnozoneamento\/\">Kariri-Xoc\u00f3: etnozoneamento reivindicado ganhar\u00e1 ajuda da FPI<\/a><\/p>\n\n\n\n<p><a href=\"https:\/\/fpisaofrancisco.inf.br\/index.php\/2024\/11\/26\/casas-de-farinha-inspecionadas\/\">FPI AL inspeciona casas de farinha em Junqueiro e orienta maior produtor da regi\u00e3o<\/a><\/p>\n\n\n\n<p><a href=\"https:\/\/fpisaofrancisco.inf.br\/index.php\/2024\/11\/25\/piracema\/\">FPI orienta pescadores em Pia\u00e7abu\u00e7u sobre per\u00edodo de defeso no Velho Chico<\/a><\/p>\n\n\n\n<p><a href=\"https:\/\/fpisaofrancisco.inf.br\/index.php\/2024\/11\/24\/granjas-clandestinas-sao-orientadas-pela-fpi\/\">Granjas clandestinas s\u00e3o orientadas pela FPI<\/a><\/p>\n\n\n\n<p><a href=\"https:\/\/fpisaofrancisco.inf.br\/index.php\/2024\/11\/24\/passaros-resgatados-voltam-para-casa\/\">No cora\u00e7\u00e3o da Caatinga, p\u00e1ssaros resgatados voltam para casa<\/a><\/p>\n\n\n\n<p><a href=\"https:\/\/fpisaofrancisco.inf.br\/index.php\/2024\/11\/23\/10-anos-fpial\/\">10 anos: FPI encerra 1a semana de mais uma etapa; Programa \u00e9 finalista do Innovare<\/a><\/p>\n\n\n\n<p><a href=\"https:\/\/fpisaofrancisco.inf.br\/index.php\/2024\/11\/23\/abate-clandestino-flagrado\/\">FPI flagra abate clandestino e evita o adoecimento da popula\u00e7\u00e3o em Penedo<\/a><br><a href=\"https:\/\/fpisaofrancisco.inf.br\/index.php\/2024\/11\/22\/esgoto-contamina-rio-sao-francisco\/\">Esgoto contamina Rio S\u00e3o Francisco e amea\u00e7a a popula\u00e7\u00e3o de Olho d\u00b4\u00c1gua Grande<\/a><\/p>\n\n\n\n<p><a href=\"https:\/\/fpisaofrancisco.inf.br\/index.php\/2024\/11\/22\/comunidade-indigena-pankaraus-luzia\/\">Comunidade Ind\u00edgena Luzia da etnia Pankararu foi visitada<\/a><\/p>\n\n\n\n<p><a href=\"https:\/\/fpisaofrancisco.inf.br\/index.php\/2024\/11\/22\/lixao-flagrado-em-feira-grande\/\">FPI flagra lix\u00e3o, interdita \u00e1rea e multa a Prefeitura de Feira Grande em R$ 50 mil<\/a><\/p>\n\n\n\n<p><a href=\"https:\/\/fpisaofrancisco.inf.br\/index.php\/2024\/11\/21\/comunidades-indigenas-recebem-agua-sem-tratamento\/\">Comunidades ind\u00edgenas recebem \u00e1gua sem tratamento e Prefeitura \u00e9 notificada durante a\u00e7\u00e3o da FPI<\/a><\/p>\n\n\n\n<p><a href=\"https:\/\/fpisaofrancisco.inf.br\/index.php\/2024\/11\/21\/dialogo-com-ciganos\/\">FPI avan\u00e7a em di\u00e1logo com ciganos para inclus\u00e3o social em Penedo\/AL<\/a><\/p>\n\n\n\n<p><a href=\"https:\/\/fpisaofrancisco.inf.br\/index.php\/2024\/11\/21\/areas-desmatadas-embargadas-equivalem-a-419-campos-de-futebol\/\">FPI do Rio S\u00e3o Francisco embarga \u00e1reas desmatadas que equivalem a 419 campos de futebol<\/a><br><a href=\"https:\/\/fpisaofrancisco.inf.br\/index.php\/2024\/11\/21\/barco-escola-promove-inclusao-e-educacao-ambiental\/\">No Dia da Consci\u00eancia Negra, barco-escola promove inclus\u00e3o e educa\u00e7\u00e3o ambiental<\/a><\/p>\n\n\n\n<p><a href=\"https:\/\/fpisaofrancisco.inf.br\/index.php\/2024\/11\/21\/pixaim-resiste\/\">Entre o rio e as dunas, Pixaim resiste: uma hist\u00f3ria de luta e ancestralidade<\/a><\/p>\n\n\n\n<p><a href=\"https:\/\/fpisaofrancisco.inf.br\/index.php\/2024\/11\/21\/aves-ganham-liberdade-no-dia-da-consciencia-negra\/\">De volta \u00e0 natureza: aves ganham liberdade no dia da Consci\u00eancia Negra<\/a><\/p>\n\n\n\n<p><a href=\"https:\/\/fpisaofrancisco.inf.br\/index.php\/2024\/11\/19\/quilombolas-do-oiteiro-e-tabuleiro-dos-negros\/\">FPI visita comunidades quilombolas do Oiteiro e Tabuleiro dos Negros<\/a><\/p>\n\n\n\n<p><a href=\"https:\/\/fpisaofrancisco.inf.br\/index.php\/2024\/11\/19\/agua-sem-tratamento-adequado-distribuida-para-comunidades-ribeirinhas\/\">FPI constata distribui\u00e7\u00e3o de \u00e1gua sem tratamento adequado a comunidades ribeirinhas<\/a><\/p>\n\n\n\n<p><a href=\"https:\/\/fpisaofrancisco.inf.br\/index.php\/2024\/11\/19\/criatorio-de-camaroes-tem-prazo-para-adequar-as-normas-ambientais\/\">Criat\u00f3rio de camar\u00f5es tem prazo de 30 dias para adequa\u00e7\u00e3o \u00e0s normas ambientais<\/a><\/p>\n\n\n\n<p><a href=\"https:\/\/fpisaofrancisco.inf.br\/index.php\/2024\/11\/19\/fpi-notifica-sete-embarcacoes\/\">FPI do Rio S\u00e3o Francisco notifica sete embarca\u00e7\u00f5es por infra\u00e7\u00f5es navais<\/a><\/p>\n\n\n\n<p><a href=\"http:\/\/xn--fpi%20flagra%20abate%20irregular%20de%20sunos%20em%20casa%20de%20farinha%20no%20agreste%20alagoano-s3i\/\">FPI flagra abate irregular de su\u00ednos em casa de farinha no Agreste alagoano<\/a><\/p>\n\n\n\n<p><a href=\"https:\/\/fpisaofrancisco.inf.br\/index.php\/2024\/11\/19\/crimes-ambientais-sao-flagrados-em-junqueiro\/\">Crimes ambientais s\u00e3o flagrados em Junqueiro pela FPI do Rio S\u00e3o Francisco<\/a><\/p>\n\n\n\n<p><a href=\"https:\/\/fpisaofrancisco.inf.br\/index.php\/2024\/11\/19\/fpi-resgata-34-aves\/\">FPI resgata 34 aves silvestres em Arapiraca<\/a><\/p>\n\n\n\n<p><a href=\"https:\/\/fpisaofrancisco.inf.br\/index.php\/2024\/11\/19\/fpi-interdita-790-litros-de-agrotoxicos\/\">FPI interdita 790 litros de agrot\u00f3xicos em com\u00e9rcio irregular<\/a><\/p>\n\n\n\n<p><a href=\"https:\/\/fpisaofrancisco.inf.br\/index.php\/2024\/11\/18\/14a-etapa-fpial_inicia\/\">FPI do Rio S\u00e3o Francisco d\u00e1 in\u00edcio \u00e0 14\u00aa etapa em Alagoas com foco em munic\u00edpios do Agreste e Sert\u00e3o<\/a><\/p>\n","protected":false},"excerpt":{"rendered":"<p>A \u00e1gua fornecida para a popula\u00e7\u00e3o que reside nos munic\u00edpios de Limoeiro de Anadia, S\u00e3o Sebasti\u00e3o, S\u00e3o Br\u00e1s, Feira Grande, Campo Grande e Olho d\u2019\u00c1gua Grande, especialmente na zona rural, n\u00e3o \u00e9 de boa qualidade. <\/p>\n","protected":false},"author":7,"featured_media":7794,"comment_status":"closed","ping_status":"closed","sticky":false,"template":"","format":"standard","meta":{"_jetpack_memberships_contains_paid_content":false,"footnotes":""},"categories":[189],"tags":[227],"class_list":["post-7793","post","type-post","status-publish","format-standard","has-post-thumbnail","hentry","category-14a-etapa-fpi-al","tag-14fpialagoas-riosaofrancisco-velhochico-cbhsf-defesadomeioambiente-somostodoscarrancas-10anosfpial-qualidadeagua","category-189","description-off"],"aioseo_notices":[],"jetpack_featured_media_url":"https:\/\/fpisaofrancisco.inf.br\/wp-content\/uploads\/2024\/11\/WhatsApp-Image-2024-11-28-at-10.14.04.jpeg","jetpack_sharing_enabled":true,"_links":{"self":[{"href":"https:\/\/fpisaofrancisco.inf.br\/index.php\/wp-json\/wp\/v2\/posts\/7793","targetHints":{"allow":["GET"]}}],"collection":[{"href":"https:\/\/fpisaofrancisco.inf.br\/index.php\/wp-json\/wp\/v2\/posts"}],"about":[{"href":"https:\/\/fpisaofrancisco.inf.br\/index.php\/wp-json\/wp\/v2\/types\/post"}],"author":[{"embeddable":true,"href":"https:\/\/fpisaofrancisco.inf.br\/index.php\/wp-json\/wp\/v2\/users\/7"}],"replies":[{"embeddable":true,"href":"https:\/\/fpisaofrancisco.inf.br\/index.php\/wp-json\/wp\/v2\/comments?post=7793"}],"version-history":[{"count":1,"href":"https:\/\/fpisaofrancisco.inf.br\/index.php\/wp-json\/wp\/v2\/posts\/7793\/revisions"}],"predecessor-version":[{"id":7795,"href":"https:\/\/fpisaofrancisco.inf.br\/index.php\/wp-json\/wp\/v2\/posts\/7793\/revisions\/7795"}],"wp:featuredmedia":[{"embeddable":true,"href":"https:\/\/fpisaofrancisco.inf.br\/index.php\/wp-json\/wp\/v2\/media\/7794"}],"wp:attachment":[{"href":"https:\/\/fpisaofrancisco.inf.br\/index.php\/wp-json\/wp\/v2\/media?parent=7793"}],"wp:term":[{"taxonomy":"category","embeddable":true,"href":"https:\/\/fpisaofrancisco.inf.br\/index.php\/wp-json\/wp\/v2\/categories?post=7793"},{"taxonomy":"post_tag","embeddable":true,"href":"https:\/\/fpisaofrancisco.inf.br\/index.php\/wp-json\/wp\/v2\/tags?post=7793"}],"curies":[{"name":"wp","href":"https:\/\/api.w.org\/{rel}","templated":true}]}}