{"id":7787,"date":"2024-11-27T13:00:55","date_gmt":"2024-11-27T13:00:55","guid":{"rendered":"https:\/\/fpisaofrancisco.inf.br\/?p=7787"},"modified":"2024-11-27T16:28:27","modified_gmt":"2024-11-27T16:28:27","slug":"centros-de-saude-inspecionados","status":"publish","type":"post","link":"https:\/\/fpisaofrancisco.inf.br\/index.php\/2024\/11\/27\/centros-de-saude-inspecionados\/","title":{"rendered":"Centros de Sa\u00fade em Alagoas s\u00e3o inspecionados pela FPI do Rio S\u00e3o Francisco"},"content":{"rendered":"\n<p class=\"has-white-color has-accent-background-color has-text-color has-background has-link-color wp-elements-af1c93dbc34b845677b323a45314e8ff\">Apesar de boas pr\u00e1ticas, irregularidades s\u00e3o encontradas em centros de sa\u00fade de quatro munic\u00edpios do Agreste<\/p>\n\n\n\n<p><\/p>\n\n\n\n<p>Entre os dias 22 e 26 de novembro, a Fiscaliza\u00e7\u00e3o Preventiva Integrada (FPI) do Rio S\u00e3o Francisco realizou visitas a mais quatro unidades de sa\u00fade nos munic\u00edpios de Junqueiro, Campo Grande, Olho d\u2019\u00c1gua Grande e S\u00e3o Br\u00e1s, no Agreste de Alagoas. As inspe\u00e7\u00f5es revelaram que algumas unidades avan\u00e7aram em boas pr\u00e1ticas que podem servir de exemplo, mas outras enfrentam desafios graves que comprometem a seguran\u00e7a de pacientes, profissionais e at\u00e9 de trabalhadores da limpeza urbana.<\/p>\n\n\n\n<p>Para Wenderson Viana, capit\u00e3o da Pol\u00edcia Militar de Alagoas e coordenador da equipe de Centros de Sa\u00fade da FPI, o foco das visitas vai al\u00e9m da simples fiscaliza\u00e7\u00e3o. \u201cNosso trabalho n\u00e3o \u00e9 s\u00f3 apontar falhas. Queremos ajudar as unidades a se adequarem, garantindo ambientes mais seguros e dignos para todos que utilizam e trabalham nesses espa\u00e7os. A sa\u00fade das pessoas e o cuidado com o meio ambiente devem caminhar juntos\u201d, refor\u00e7ou.<\/p>\n\n\n\n<h3 class=\"wp-block-heading\"><strong>Achados<\/strong><\/h3>\n\n\n\n<p>Das unidades vistoriadas, um hospital de Junqueiro foi o \u00fanico com licenciamento ambiental, um ponto positivo que infelizmente foi comprometido pela segrega\u00e7\u00e3o inadequada dos res\u00edduos hospitalares, com a mistura de materiais contaminados com res\u00edduos comuns.<\/p>\n\n\n\n<p>Em contrapartida, tanto a unidade de sa\u00fade de Campo Grande quanto a de Olho d\u2019\u00c1gua Grande se destacaram pela estrutura bem conservada e organizada, com equipamentos novos, sinaliza\u00e7\u00e3o adequada e salas de vacina\u00e7\u00e3o e farm\u00e1cia em excelente estado. A unidade de Campo Grande recebeu elogios pelo Plano de Gerenciamento de Res\u00edduos de Servi\u00e7o de Sa\u00fade (PGRSS).<\/p>\n\n\n\n<p>Por outro lado, os hospitais de Junqueiro e de S\u00e3o Br\u00e1s chamaram aten\u00e7\u00e3o pelos equipamentos enferrujados, falta de manuten\u00e7\u00e3o, fios expostos e at\u00e9 materiais vencidos, como seringas e testes de COVID-19, que precisaram ser inutilizados.<\/p>\n\n\n\n<p>Durante as vistorias, alguns problemas foram identificados em todas as unidades inspecionadas:<\/p>\n\n\n\n<p>\u25cf Nenhuma unidade possu\u00eda o Plano de Manuten\u00e7\u00e3o, Opera\u00e7\u00e3o e Controle (PMOC) para os aparelhos de ar-condicionado.<\/p>\n\n\n\n<p>\u25cf Faltavam Projetos contra Inc\u00eandio e P\u00e2nico, e algumas unidades tinham extintores de inc\u00eandio vencidos, sendo que, em casos extremos, a validade expirava desde 2012.<\/p>\n\n\n\n<p>\u25cf A aus\u00eancia do Manifesto de Transporte de Res\u00edduos (MTR) e falhas graves no descarte de res\u00edduos hospitalares tamb\u00e9m foram preocupantes.<\/p>\n\n\n\n<h3 class=\"wp-block-heading\"><strong>Autua\u00e7\u00e3o<\/strong><\/h3>\n\n\n\n<p>As unidades receberam um prazo de 30 dias para corrigir as inconformidades administrativas apontadas pelas t\u00e9cnicas da Secretaria de Estado da Sa\u00fade (Sesau), al\u00e9m de precisarem adotar provid\u00eancias para ajustar as instala\u00e7\u00f5es el\u00e9tricas, atualizar os equipamentos de combate a inc\u00eandio e implementar sistemas adequados de gest\u00e3o de res\u00edduos, entre outros.<\/p>\n\n\n\n<p>Segundo Wenderson Viana, as penalidades aplicadas pelo Instituto do Meio Ambiente de Alagoas (IMA\/AL) e Batalh\u00e3o de Pol\u00edcia Ambiental (BPA\/PMAL), como multas e Termos Circunstanciados de Ocorr\u00eancia (TCO), devem ser vistas como mecanismos que visam o aperfei\u00e7oamento dos servi\u00e7os prestados \u00e0 popula\u00e7\u00e3o.<\/p>\n\n\n\n<p>\u201cNosso desejo \u00e9 que essas unidades de sa\u00fade se tornem refer\u00eancia, lugares onde profissionais e pacientes se sintam protegidos e bem atendidos. Vamos continuar acompanhando e cobrando essas mudan\u00e7as, porque entendemos que o cuidado com a sa\u00fade deve ser prioridade, assim como a preserva\u00e7\u00e3o ambiental\u201d, afirmou o capit\u00e3o.<\/p>\n\n\n\n<p>A a\u00e7\u00e3o foi conduzida pela equipe Centros de Sa\u00fade, composta por representantes do IMA\/AL, BPA\/PMAL, Sesau, Conselho Regional dos T\u00e9cnicos Industriais da 3\u00aa Regi\u00e3o (CRT-3), Conselho Regional de Engenharia e Agronomia de Alagoas (Crea-AL) e Secretaria de Estado do Meio Ambiente e dos Recursos H\u00eddricos (Semarh).<\/p>\n\n\n\n<p>O trabalho da FPI busca a sustentabilidade ambiental de forma integrada, percebendo a sa\u00fade p\u00fablica como elemento propulsor para a qualidade de vida da popula\u00e7\u00e3o na bacia do Rio S\u00e3o Francisco.<\/p>\n\n\n\n<h3 class=\"wp-block-heading\"><strong>A FPI do Rio S\u00e3o Francisco<\/strong><\/h3>\n\n\n\n<p>A FPI tem o objetivo de melhorar a qualidade ambiental da Bacia Hidrogr\u00e1fica do Rio S\u00e3o Francisco e a qualidade de vida dos seus povos. Os trabalhos acontecem de modo cont\u00ednuo e permanente. Para isso, realizam-se o diagn\u00f3stico dos danos ambientais e a ado\u00e7\u00e3o de provid\u00eancias administrativas, c\u00edveis e criminais com a indu\u00e7\u00e3o de pol\u00edticas p\u00fablicas.<\/p>\n\n\n\n<p>Como programa, a FPI \u00e9 estruturada em tr\u00eas fases: planejamento, campo e desdobramentos. A fase de desdobramento compreende o acompanhamento e monitoramento dos diagn\u00f3sticos realizados e a atua\u00e7\u00e3o de repercuss\u00f5es de medidas administrativas pelos \u00f3rg\u00e3os envolvidos, c\u00edveis e\/ou criminais e pelo Minist\u00e9rio P\u00fablico competente.<\/p>\n\n\n\n<p>Tamb\u00e9m \u00e9 na fase de desdobramentos que o poder p\u00fablico e a sociedade civil organizada contribuem na regulariza\u00e7\u00e3o dos empreendimentos, repara\u00e7\u00e3o de danos detectados e efetiva\u00e7\u00e3o das medidas de prote\u00e7\u00e3o necess\u00e1rias.<\/p>\n\n\n\n<p>Participam da 14\u00aa etapa da Fiscaliza\u00e7\u00e3o Preventiva Integrada a&nbsp;<a href=\"https:\/\/www.defesaagropecuaria.al.gov.br\/\">Ag\u00eancia de Defesa e Inspe\u00e7\u00e3o Agropecu\u00e1ria de Alagoas (Adeal),<\/a>&nbsp;<a href=\"https:\/\/alagoasdigital.al.gov.br\/unidade-de-atendimento\/814\">Batalh\u00e3o de Pol\u00edcia Ambiental da Pol\u00edcia Militar do Estado de Alagoas (BPA\/PMAL),<\/a>&nbsp;<a href=\"https:\/\/cbhsaofrancisco.org.br\/\">Comit\u00ea da Bacia Hidrogr\u00e1fica do Rio Francisco (CBHSF),<\/a><a href=\"https:\/\/www.crea-al.org.br\/\">&nbsp;Conselho Regional de Engenharia e Agronomia de Alagoas (Crea\/AL<\/a>),&nbsp;<a href=\"https:\/\/www.crmv-al.org.br\/\">Conselho Regional de Medicina Veterin\u00e1ria de Alagoas (CRMV\/AL),<\/a>&nbsp;<a href=\"https:\/\/www.crt03.gov.br\/\">Conselho Regional dos T\u00e9cnicos Industriais da 3\u00aa Regi\u00e3o (CRT-3)<\/a>,&nbsp;<a href=\"https:\/\/institutohori.org.br\/\">Instituto Hori,<\/a>&nbsp;<a href=\"https:\/\/www2.ima.al.gov.br\/\">Instituto do Meio Ambiente de Alagoas (IMA\/AL)<\/a>,&nbsp;<a href=\"https:\/\/ipma.org.br\/\">Instituto Para Preserva\u00e7\u00e3o da Mata Atl\u00e2ntica (IPMA)<\/a>,&nbsp;<a href=\"https:\/\/www.marinha.mil.br\/\">Marinha do Brasil<\/a>,&nbsp;<a href=\"https:\/\/www.mpal.mp.br\/\">Minist\u00e9rio P\u00fablico do Estado de Alagoas (MPE)<\/a>,&nbsp;<a href=\"https:\/\/www.mpf.mp.br\/al\/\">Minist\u00e9rio P\u00fablico Federal em Alagoas (MPF)<\/a>,&nbsp;<a href=\"https:\/\/www.prt19.mpt.mp.br\/\">Minist\u00e9rio P\u00fablico do Trabalho em Alagoas (MPT)<\/a>,&nbsp;<a href=\"https:\/\/www.gov.br\/pf\/pt-br\">Pol\u00edcia Federal (PF),<\/a>&nbsp;<a href=\"https:\/\/www.gov.br\/prf\/pt-br\">Pol\u00edcia Rodovi\u00e1ria Federal (PRF<\/a>),&nbsp;<a href=\"http:\/\/www.instagram.com\/redemulheresnct\">Rede Mulheres de Comunidades Tradicionais (RMCT)<\/a>,&nbsp;<a href=\"https:\/\/semarh.al.gov.br\/\">Secretaria de Estado do Meio Ambiente e Recursos H\u00eddricos (SEMARH)<\/a>,&nbsp;<a href=\"https:\/\/mulheredireitoshumanos.al.gov.br\/\">Secretaria de Estado da Mulher e dos Direitos Humanos (SEMUDH)<\/a>,&nbsp;<a href=\"https:\/\/www.saude.al.gov.br\/\">Secretaria de Estado da Sa\u00fade (Sesau)<\/a>,&nbsp;<a href=\"https:\/\/institutososcaatinga.com.br\/site\/\">SOS Caatinga<\/a>,&nbsp;<a href=\"https:\/\/www.tceal.tc.br\/\">Tribunal de Contas do Estado de Alagoas (TCE\/AL),<\/a>&nbsp;<a href=\"https:\/\/www.tre-al.jus.br\/\">Tribunal Regional Eleitoral de Alagoas (TRE\/AL)&nbsp;<\/a>e<a href=\"https:\/\/uneal.edu.br\/institucional\/a-uneal\">&nbsp;Universidade Estadual de Alagoas (Uneal).<\/a><\/p>\n\n\n\n<p>A FPI do Rio S\u00e3o Francisco em Alagoas \u00e9 coordenada pelo CBHSF, MPAL, MPF e BPA\/PMAL, que desenvolvem os trabalhos de intelig\u00eancia, organiza\u00e7\u00e3o e divulga\u00e7\u00e3o das atividades e resultados para a popula\u00e7\u00e3o.<\/p>\n\n\n\n<h3 class=\"wp-block-heading\"><strong>Leia tamb\u00e9m<\/strong><\/h3>\n\n\n\n<p><a href=\"https:\/\/fpisaofrancisco.inf.br\/index.php\/2024\/11\/27\/soltura-de-38-aves-resgatadas\/\">C\u00e9u do Sert\u00e3o ganha mais cores com soltura de 38 aves resgatadas pela FPI<\/a><\/p>\n\n\n\n<p><a href=\"https:\/\/fpisaofrancisco.inf.br\/index.php\/2024\/11\/27\/residuos-solidos-em-fabrica-de-igreja-nova\/\">FPI d\u00e1 prazo para regulariza\u00e7\u00e3o da disposi\u00e7\u00e3o dos res\u00edduos s\u00f3lidos em f\u00e1brica de Igreja Nova<\/a><\/p>\n\n\n\n<p><a href=\"https:\/\/fpisaofrancisco.inf.br\/index.php\/2024\/11\/26\/macaco-prego-galego\/\">Amea\u00e7ado de extin\u00e7\u00e3o, Macaco-prego-galego \u00e9 resgatado pela FPI<\/a><\/p>\n\n\n\n<p><a href=\"https:\/\/fpisaofrancisco.inf.br\/index.php\/2024\/11\/26\/kariri-xoco-etnozoneamento\/\">Kariri-Xoc\u00f3: etnozoneamento reivindicado ganhar\u00e1 ajuda da FPI<\/a><\/p>\n\n\n\n<p><a href=\"https:\/\/fpisaofrancisco.inf.br\/index.php\/2024\/11\/26\/casas-de-farinha-inspecionadas\/\">FPI AL inspeciona casas de farinha em Junqueiro e orienta maior produtor da regi\u00e3o<\/a><\/p>\n\n\n\n<p><a href=\"https:\/\/fpisaofrancisco.inf.br\/index.php\/2024\/11\/25\/piracema\/\">FPI orienta pescadores em Pia\u00e7abu\u00e7u sobre per\u00edodo de defeso no Velho Chico<\/a><\/p>\n\n\n\n<p><a href=\"https:\/\/fpisaofrancisco.inf.br\/index.php\/2024\/11\/24\/granjas-clandestinas-sao-orientadas-pela-fpi\/\">Granjas clandestinas s\u00e3o orientadas pela FPI<\/a><\/p>\n\n\n\n<p><a href=\"https:\/\/fpisaofrancisco.inf.br\/index.php\/2024\/11\/24\/passaros-resgatados-voltam-para-casa\/\">No cora\u00e7\u00e3o da Caatinga, p\u00e1ssaros resgatados voltam para casa<\/a><\/p>\n\n\n\n<p><a href=\"https:\/\/fpisaofrancisco.inf.br\/index.php\/2024\/11\/23\/10-anos-fpial\/\">10 anos: FPI encerra 1a semana de mais uma etapa; Programa \u00e9 finalista do Innovare<\/a><\/p>\n\n\n\n<p><a href=\"https:\/\/fpisaofrancisco.inf.br\/index.php\/2024\/11\/23\/abate-clandestino-flagrado\/\">FPI flagra abate clandestino e evita o adoecimento da popula\u00e7\u00e3o em Penedo<\/a><br><a href=\"https:\/\/fpisaofrancisco.inf.br\/index.php\/2024\/11\/22\/esgoto-contamina-rio-sao-francisco\/\">Esgoto contamina Rio S\u00e3o Francisco e amea\u00e7a a popula\u00e7\u00e3o de Olho d\u00b4\u00c1gua Grande<\/a><\/p>\n\n\n\n<p><a href=\"https:\/\/fpisaofrancisco.inf.br\/index.php\/2024\/11\/22\/comunidade-indigena-pankaraus-luzia\/\">Comunidade Ind\u00edgena Luzia da etnia Pankararu foi visitada<\/a><\/p>\n\n\n\n<p><a href=\"https:\/\/fpisaofrancisco.inf.br\/index.php\/2024\/11\/22\/lixao-flagrado-em-feira-grande\/\">FPI flagra lix\u00e3o, interdita \u00e1rea e multa a Prefeitura de Feira Grande em R$ 50 mil<\/a><\/p>\n\n\n\n<p><a href=\"https:\/\/fpisaofrancisco.inf.br\/index.php\/2024\/11\/21\/comunidades-indigenas-recebem-agua-sem-tratamento\/\">Comunidades ind\u00edgenas recebem \u00e1gua sem tratamento e Prefeitura \u00e9 notificada durante a\u00e7\u00e3o da FPI<\/a><\/p>\n\n\n\n<p><a href=\"https:\/\/fpisaofrancisco.inf.br\/index.php\/2024\/11\/21\/dialogo-com-ciganos\/\">FPI avan\u00e7a em di\u00e1logo com ciganos para inclus\u00e3o social em Penedo\/AL<\/a><\/p>\n\n\n\n<p><a href=\"https:\/\/fpisaofrancisco.inf.br\/index.php\/2024\/11\/21\/areas-desmatadas-embargadas-equivalem-a-419-campos-de-futebol\/\">FPI do Rio S\u00e3o Francisco embarga \u00e1reas desmatadas que equivalem a 419 campos de futebol<\/a><br><a href=\"https:\/\/fpisaofrancisco.inf.br\/index.php\/2024\/11\/21\/barco-escola-promove-inclusao-e-educacao-ambiental\/\">No Dia da Consci\u00eancia Negra, barco-escola promove inclus\u00e3o e educa\u00e7\u00e3o ambiental<\/a><\/p>\n\n\n\n<p><a href=\"https:\/\/fpisaofrancisco.inf.br\/index.php\/2024\/11\/21\/pixaim-resiste\/\">Entre o rio e as dunas, Pixaim resiste: uma hist\u00f3ria de luta e ancestralidade<\/a><\/p>\n\n\n\n<p><a href=\"https:\/\/fpisaofrancisco.inf.br\/index.php\/2024\/11\/21\/aves-ganham-liberdade-no-dia-da-consciencia-negra\/\">De volta \u00e0 natureza: aves ganham liberdade no dia da Consci\u00eancia Negra<\/a><\/p>\n\n\n\n<p><a href=\"https:\/\/fpisaofrancisco.inf.br\/index.php\/2024\/11\/19\/quilombolas-do-oiteiro-e-tabuleiro-dos-negros\/\">FPI visita comunidades quilombolas do Oiteiro e Tabuleiro dos Negros<\/a><\/p>\n\n\n\n<p><a href=\"https:\/\/fpisaofrancisco.inf.br\/index.php\/2024\/11\/19\/agua-sem-tratamento-adequado-distribuida-para-comunidades-ribeirinhas\/\">FPI constata distribui\u00e7\u00e3o de \u00e1gua sem tratamento adequado a comunidades ribeirinhas<\/a><\/p>\n\n\n\n<p><a href=\"https:\/\/fpisaofrancisco.inf.br\/index.php\/2024\/11\/19\/criatorio-de-camaroes-tem-prazo-para-adequar-as-normas-ambientais\/\">Criat\u00f3rio de camar\u00f5es tem prazo de 30 dias para adequa\u00e7\u00e3o \u00e0s normas ambientais<\/a><\/p>\n\n\n\n<p><a href=\"https:\/\/fpisaofrancisco.inf.br\/index.php\/2024\/11\/19\/fpi-notifica-sete-embarcacoes\/\">FPI do Rio S\u00e3o Francisco notifica sete embarca\u00e7\u00f5es por infra\u00e7\u00f5es navais<\/a><\/p>\n\n\n\n<p><a href=\"http:\/\/xn--fpi%20flagra%20abate%20irregular%20de%20sunos%20em%20casa%20de%20farinha%20no%20agreste%20alagoano-s3i\/\">FPI flagra abate irregular de su\u00ednos em casa de farinha no Agreste alagoano<\/a><\/p>\n\n\n\n<p><a href=\"https:\/\/fpisaofrancisco.inf.br\/index.php\/2024\/11\/19\/crimes-ambientais-sao-flagrados-em-junqueiro\/\">Crimes ambientais s\u00e3o flagrados em Junqueiro pela FPI do Rio S\u00e3o Francisco<\/a><\/p>\n\n\n\n<p><a href=\"https:\/\/fpisaofrancisco.inf.br\/index.php\/2024\/11\/19\/fpi-resgata-34-aves\/\">FPI resgata 34 aves silvestres em Arapiraca<\/a><\/p>\n\n\n\n<p><a href=\"https:\/\/fpisaofrancisco.inf.br\/index.php\/2024\/11\/19\/fpi-interdita-790-litros-de-agrotoxicos\/\">FPI interdita 790 litros de agrot\u00f3xicos em com\u00e9rcio irregular<\/a><\/p>\n\n\n\n<p><a href=\"https:\/\/fpisaofrancisco.inf.br\/index.php\/2024\/11\/18\/14a-etapa-fpial_inicia\/\">FPI do Rio S\u00e3o Francisco d\u00e1 in\u00edcio \u00e0 14\u00aa etapa em Alagoas com foco em munic\u00edpios do Agreste e Sert\u00e3o<\/a><\/p>\n","protected":false},"excerpt":{"rendered":"<p>Apesar de boas pr\u00e1ticas, irregularidades s\u00e3o encontradas em centros de sa\u00fade de quatro munic\u00edpios do Agreste<\/p>\n","protected":false},"author":7,"featured_media":7788,"comment_status":"open","ping_status":"open","sticky":false,"template":"","format":"standard","meta":{"_jetpack_memberships_contains_paid_content":false,"footnotes":""},"categories":[189],"tags":[223],"class_list":["post-7787","post","type-post","status-publish","format-standard","has-post-thumbnail","hentry","category-14a-etapa-fpi-al","tag-14fpialagoas-riosaofrancisco-velhochico-defesadomeioambiente-povosdovelhochico-somostodoscarrancas-10anosfpial-cbhsf-centrossaude","category-189","description-off"],"aioseo_notices":[],"jetpack_featured_media_url":"https:\/\/fpisaofrancisco.inf.br\/wp-content\/uploads\/2024\/11\/WhatsApp-Image-2024-11-27-at-13.04.27.jpeg","jetpack_sharing_enabled":true,"_links":{"self":[{"href":"https:\/\/fpisaofrancisco.inf.br\/index.php\/wp-json\/wp\/v2\/posts\/7787","targetHints":{"allow":["GET"]}}],"collection":[{"href":"https:\/\/fpisaofrancisco.inf.br\/index.php\/wp-json\/wp\/v2\/posts"}],"about":[{"href":"https:\/\/fpisaofrancisco.inf.br\/index.php\/wp-json\/wp\/v2\/types\/post"}],"author":[{"embeddable":true,"href":"https:\/\/fpisaofrancisco.inf.br\/index.php\/wp-json\/wp\/v2\/users\/7"}],"replies":[{"embeddable":true,"href":"https:\/\/fpisaofrancisco.inf.br\/index.php\/wp-json\/wp\/v2\/comments?post=7787"}],"version-history":[{"count":1,"href":"https:\/\/fpisaofrancisco.inf.br\/index.php\/wp-json\/wp\/v2\/posts\/7787\/revisions"}],"predecessor-version":[{"id":7789,"href":"https:\/\/fpisaofrancisco.inf.br\/index.php\/wp-json\/wp\/v2\/posts\/7787\/revisions\/7789"}],"wp:featuredmedia":[{"embeddable":true,"href":"https:\/\/fpisaofrancisco.inf.br\/index.php\/wp-json\/wp\/v2\/media\/7788"}],"wp:attachment":[{"href":"https:\/\/fpisaofrancisco.inf.br\/index.php\/wp-json\/wp\/v2\/media?parent=7787"}],"wp:term":[{"taxonomy":"category","embeddable":true,"href":"https:\/\/fpisaofrancisco.inf.br\/index.php\/wp-json\/wp\/v2\/categories?post=7787"},{"taxonomy":"post_tag","embeddable":true,"href":"https:\/\/fpisaofrancisco.inf.br\/index.php\/wp-json\/wp\/v2\/tags?post=7787"}],"curies":[{"name":"wp","href":"https:\/\/api.w.org\/{rel}","templated":true}]}}