{"id":7769,"date":"2024-11-26T15:39:49","date_gmt":"2024-11-26T15:39:49","guid":{"rendered":"https:\/\/fpisaofrancisco.inf.br\/?p=7769"},"modified":"2024-11-27T11:40:41","modified_gmt":"2024-11-27T11:40:41","slug":"kariri-xoco-etnozoneamento","status":"publish","type":"post","link":"https:\/\/fpisaofrancisco.inf.br\/index.php\/2024\/11\/26\/kariri-xoco-etnozoneamento\/","title":{"rendered":"Kariri-Xoc\u00f3: etnozoneamento reivindicado pela comunidade ganhar\u00e1 ajuda da FPI do Rio S\u00e3o Francisco"},"content":{"rendered":"\n<p class=\"has-white-color has-accent-background-color has-text-color has-background has-link-color wp-elements-04b9e22a3cd356f7277a47da4aa7708e\">\u00c9 na ancestralidade que remonta ao s\u00e9culo XVII que os Kariri-Xoc\u00f3 seguem existindo e resistindo como povos origin\u00e1rios. Conta a hist\u00f3ria que os ind\u00edgenas s\u00e3o uma fus\u00e3o das etnias Kariri e Xoc\u00f3s, que ocupavam solos nordestinos, entre a Bahia e o Maranh\u00e3o, quando o pa\u00eds ainda vivia sob a reg\u00eancia da Coroa portuguesa. De l\u00e1 at\u00e9 aqui, a busca pela posse do territ\u00f3rio tem sido a sua principal bandeira de luta e, agora em 2024, a Fiscaliza\u00e7\u00e3o Preventiva Integrada (FPI) do Rio S\u00e3o Francisco chega ao munic\u00edpio de Porto Real do Col\u00e9gio para ajudar a comunidade tradicional nesse processo de etnozoneamento t\u00e3o reivindicado h\u00e1 centenas de anos. O trabalho come\u00e7ou, o Governo Federal j\u00e1 definiu que aquele povo tem quase cinco mil hectares de terras, mas, os ind\u00edgenas ainda s\u00e3o obrigados a dividir espa\u00e7o com os posseiros, que seguem desmatando a regi\u00e3o.<\/p>\n\n\n\n<p>O etnozoneamento pleiteado pelos Kariri-Xoc\u00f3 vai al\u00e9m de dar \u00e0 comunidade territ\u00f3rios pleiteados ao longo dos s\u00e9culos. Trata-se do instrumento de planejamento participativo que visa categorizar \u00e1reas de relev\u00e2ncia ambiental, sociocultural e produtiva para um povo ind\u00edgena, funcionando como uma ferramenta importante para a implementa\u00e7\u00e3o da Pol\u00edtica Nacional de Gest\u00e3o Territorial e Ambiental de Terras Ind\u00edgenas (PNGATI), institu\u00edda pela Uni\u00e3o por meio do Decreto n\u00ba 7.747\/2012.<\/p>\n\n\n\n<p>Para Ivan Soares, antrop\u00f3logo e coordenador da equipe de Comunidades Tradicionais e Patrim\u00f4nio Cultural da FPI, promover essa organiza\u00e7\u00e3o significa fazer um estudo detalhado da terra ind\u00edgena, identificando \u00e1reas sagradas, de pesca, de ca\u00e7a e de outras riquezas naturais que podem ser exploradas de forma sustent\u00e1vel, para planejar o melhor uso do lugar. \u201cTemos que entender que estamos diante de valores socioculturais protegidos constitucionalmente, que envolvem preserva\u00e7\u00e3o, solu\u00e7\u00f5es e escolhas que dizem respeito somente \u00e0 comunidade, e que precisam ser respeitados, tendo o m\u00ednimo da interfer\u00eancia externa, sob pena de incorrermos em uma afronta direta contra esse direito salvaguardado pela Carta Magna\u201d, explicou ele.<\/p>\n\n\n\n<h3 class=\"wp-block-heading\"><strong>200 fam\u00edlias sem casas<\/strong><\/h3>\n\n\n\n<p>Segundo Carlos Roberto Su\u00edra, adjunto de paj\u00e9 Pawan\u00e3 dos Kariri-Xoc\u00f3, a invas\u00e3o provocada pelos posseiros ao longo dos anos foi tirando o espa\u00e7o para que a pr\u00f3pria comunidade, hoje com pouco mais de cinco mil pessoas, pudesse se expandir: \u201cForam nascendo os nossos descendentes que, por n\u00e3o poderem ocupar aquilo que lhes pertence por lei, precisaram se instalar na casa de familiares ou migrarem para a terra dos brancos, e isso nos enfraquece como povo ind\u00edgena. A leitura territorial que tanto aguardamos ser\u00e1 o reconhecimento de respeito \u00e0s cren\u00e7as, usos, costumes, l\u00ednguas, tradi\u00e7\u00f5es e especificidades dos Kariri-Xoc\u00f3\u201d, disse ele, acrescentando que cerca de 200 fam\u00edlias ainda aguardam por casas pr\u00f3prias.<\/p>\n\n\n\n<h3 class=\"wp-block-heading\"><strong>Desmatamento e reflorestamento<\/strong><\/h3>\n\n\n\n<p>A comunidade tamb\u00e9m reclama que os posseiros desmataram boa parte do territ\u00f3rio que, importante frisar, teve 4.419 hectares demarcados definitivamente ap\u00f3s processo de homologa\u00e7\u00e3o assinado pela Presid\u00eancia da Rep\u00fablica em 2023. Na ocasi\u00e3o, outros cinco territ\u00f3rios ind\u00edgenas tamb\u00e9m tiveram seus direitos reconhecidos pelo Governo Federal.<\/p>\n\n\n\n<p>Nesse processo j\u00e1 homologado, o territ\u00f3rio est\u00e1 situado entre os munic\u00edpios de Porto Real do Col\u00e9gio e S\u00e3o Br\u00e1s, ambos na regi\u00e3o do Agreste alagoano, abrangendo os biomas da Caatinga e da Mata Atl\u00e2ntica. E \u00e9 justamente para preservar o que sobrou desses dois ecossistemas locais que os Kariri-Xoc\u00f3 querem urg\u00eancia no registro da terra ind\u00edgena, de modo que ela seja oficializada em cart\u00f3rio de im\u00f3veis e na Secretaria de Patrim\u00f4nio da Uni\u00e3o. S\u00f3 a partir da\u00ed \u00e9 que pode ser iniciada a transfer\u00eancia de n\u00e3o \u00edndios.<\/p>\n\n\n\n<figure class=\"wp-block-image size-large\"><img fetchpriority=\"high\" decoding=\"async\" width=\"1024\" height=\"768\" src=\"https:\/\/fpisaofrancisco.inf.br\/wp-content\/uploads\/2024\/11\/WhatsApp-Image-2024-11-26-at-18.26.52-1024x768.jpeg\" alt=\"\" class=\"wp-image-7771\" srcset=\"https:\/\/fpisaofrancisco.inf.br\/wp-content\/uploads\/2024\/11\/WhatsApp-Image-2024-11-26-at-18.26.52-1024x768.jpeg 1024w, https:\/\/fpisaofrancisco.inf.br\/wp-content\/uploads\/2024\/11\/WhatsApp-Image-2024-11-26-at-18.26.52-300x225.jpeg 300w, https:\/\/fpisaofrancisco.inf.br\/wp-content\/uploads\/2024\/11\/WhatsApp-Image-2024-11-26-at-18.26.52-768x576.jpeg 768w, https:\/\/fpisaofrancisco.inf.br\/wp-content\/uploads\/2024\/11\/WhatsApp-Image-2024-11-26-at-18.26.52.jpeg 1280w\" sizes=\"(max-width: 1024px) 100vw, 1024px\" \/><figcaption class=\"wp-element-caption\">Equipe 10 &#8211; Comunidades Tradicionais visitando Kariri-Xoc\u00f3 em Porto Real do Col\u00e9gio &#8211; AL. Cr\u00e9dito Comunica\u00e7\u00e3o FPI AL<\/figcaption><\/figure>\n\n\n\n<p>De acordo com o procurador da Rep\u00fablica \u00c9rico Gomes, o Minist\u00e9rio P\u00fablico Federal (MPF) j\u00e1 atuou por meio do ajuizamento de 13 a\u00e7\u00f5es civis p\u00fablicas contra posseiros que est\u00e3o dentro da terra ind\u00edgena: \u201cEstamos buscando, por meio dessas a\u00e7\u00f5es, a recupera\u00e7\u00e3o ambiental e a demoli\u00e7\u00e3o das constru\u00e7\u00f5es. Queremos a recupera\u00e7\u00e3o das \u00e1reas degradadas e o fim de tudo aquilo que foi constru\u00eddo pelos posseiros de forma irregular. Quartorze deles s\u00e3o alvos desses processos. \u00c9 preciso devolver aos Kariri-Xoc\u00f3 a sua dignidade, e esse resgate passa pela preserva\u00e7\u00e3o das matas. Inclusive, \u00e9 dentro delas que eles fazem os seus rituais sagrados\u201d, comentou o procurador.<\/p>\n\n\n\n<h3 class=\"wp-block-heading\"><strong>Os rituais<\/strong><\/h3>\n\n\n\n<p>Reginaldo de Sousa, cacique da comunidade, esclarece que os rituais, por serem considerados sagrados, n\u00e3o podem ser ouvidos por n\u00e3o ind\u00edgenas: \u201cO tor\u00e9 envolve religiosidade, m\u00fasica, dan\u00e7a e tradi\u00e7\u00e3o, e isso \u00e9 um patrim\u00f4nio do povo Kariri-Xoc\u00f3. J\u00e1 o ouricuri \u00e9 o nosso ritual secreto e religioso realizado na mata. \u00c9 por meio dele que temos acesso ao mundo espiritual, que nos conectamos com a ancestralidade e rompemos as barreiras entre passado, presente e futuro. Ent\u00e3o, o barulho vindo de fora atrapalha, e as nossas cerim\u00f4nias s\u00f3 est\u00e3o sofrendo essa interfer\u00eancia porque os posseiros est\u00e3o cada vez mais se aproximando e desmatando o territ\u00f3rio\u201d, explicou o l\u00edder ind\u00edgena.<\/p>\n\n\n\n<p>\u201cPrecisamos, de forma urgente, colocar em pr\u00e1tica essa desintrus\u00e3o. S\u00f3 assim poderemos ressignificar este espa\u00e7o e decidir o que faremos com as casas e empreendimentos constru\u00eddos pelos brancos\u201d, completou o paj\u00e9.<\/p>\n\n\n\n<h3 class=\"wp-block-heading\"><strong>Tratativas para agilizar o processo<\/strong><\/h3>\n\n\n\n<p>\u00c9rico Gomes, que \u00e9 coordenador da FPI, tamb\u00e9m se comprometeu em pedir agilidade aos \u00f3rg\u00e3os respons\u00e1veis para que a terra seja logo registrada em cart\u00f3rio de im\u00f3veis, de maneira a ser iniciada a retirada de n\u00e3o \u00edndios daquele local.<\/p>\n\n\n\n<p>A equipe de Comunidades Tradicionais e Patrim\u00f4nio Cultural \u00e9 composta por representantes do Minist\u00e9rio P\u00fablico Federal (MPF), Secretaria de Estado da Mulher e dos Direitos Humanos (Semudh), Instituto Chico Mendes de Preserva\u00e7\u00e3o da Biodiversidade (ICMBio), Rede de Mulheres de Comunidades Tradicionais e Marinha do Brasil.<\/p>\n\n\n\n<h3 class=\"wp-block-heading\"><strong>Os processos<\/strong><\/h3>\n\n\n\n<p>Para quem tiver interesse em saber mais sobre as a\u00e7\u00f5es ajuizadas, elas est\u00e3o protocoladas sob os n\u00fameros <\/p>\n\n\n\n<p>0800971-57.2022.4.05.8001;<br>0800970-72.2022.4.05.8001;<br>0800923-98.2022.4.05.8001;<br>0800612-78.2020.4.05.8001;<br>0800621-40.2020.4.05.8001;<br>0800620-55.2020.4.05.8001;<br>0800618-85.2020.4.05.8001;<br>0800616-18.2020.4.05.8001;<br>0800615-33.2020.4.05.8001;<br>0800611-93.2020.4.05.8001;<br>0800609-26.2020.4.05.8001;<br>0800605-86.2020.4.05.8001;<br>0801076-34.2022.4.05.8001.<\/p>\n\n\n\n<h3 class=\"wp-block-heading\"><strong>A FPI do Rio S\u00e3o Francisco<\/strong><\/h3>\n\n\n\n<p>A FPI tem o objetivo de melhorar a qualidade ambiental da Bacia Hidrogr\u00e1fica do Rio S\u00e3o Francisco e a qualidade de vida dos seus povos. Os trabalhos acontecem de modo cont\u00ednuo e permanente. Para isso, realizam-se o diagn\u00f3stico dos danos ambientais e a ado\u00e7\u00e3o de provid\u00eancias administrativas, c\u00edveis e criminais com a indu\u00e7\u00e3o de pol\u00edticas p\u00fablicas.<\/p>\n\n\n\n<p>Como programa, a FPI \u00e9 estruturada em tr\u00eas fases: planejamento, campo e desdobramentos. A fase de desdobramento compreende o acompanhamento e monitoramento dos diagn\u00f3sticos realizados e a atua\u00e7\u00e3o de repercuss\u00f5es de medidas administrativas pelos \u00f3rg\u00e3os envolvidos, c\u00edveis e\/ou criminais e pelo Minist\u00e9rio P\u00fablico competente.<\/p>\n\n\n\n<p>Tamb\u00e9m \u00e9 na fase de desdobramentos que o poder p\u00fablico e a sociedade civil organizada contribuem na regulariza\u00e7\u00e3o dos empreendimentos, repara\u00e7\u00e3o de danos detectados e efetiva\u00e7\u00e3o das medidas de prote\u00e7\u00e3o necess\u00e1rias.<\/p>\n\n\n\n<p>Participam da 14\u00aa etapa da Fiscaliza\u00e7\u00e3o Preventiva Integrada a&nbsp;<a href=\"https:\/\/www.defesaagropecuaria.al.gov.br\/\">Ag\u00eancia de Defesa e Inspe\u00e7\u00e3o Agropecu\u00e1ria de Alagoas (Adeal),<\/a>&nbsp;<a href=\"https:\/\/alagoasdigital.al.gov.br\/unidade-de-atendimento\/814\">Batalh\u00e3o de Pol\u00edcia Ambiental da Pol\u00edcia Militar do Estado de Alagoas (BPA\/PMAL),<\/a>&nbsp;<a href=\"https:\/\/cbhsaofrancisco.org.br\/\">Comit\u00ea da Bacia Hidrogr\u00e1fica do Rio Francisco (CBHSF),<\/a><a href=\"https:\/\/www.crea-al.org.br\/\">&nbsp;Conselho Regional de Engenharia e Agronomia de Alagoas (Crea\/AL<\/a>),&nbsp;<a href=\"https:\/\/www.crmv-al.org.br\/\">Conselho Regional de Medicina Veterin\u00e1ria de Alagoas (CRMV\/AL),<\/a>&nbsp;<a href=\"https:\/\/www.crt03.gov.br\/\">Conselho Regional dos T\u00e9cnicos Industriais da 3\u00aa Regi\u00e3o (CRT-3)<\/a>,&nbsp;<a href=\"https:\/\/institutohori.org.br\/\">Instituto Hori,<\/a>&nbsp;<a href=\"https:\/\/www2.ima.al.gov.br\/\">Instituto do Meio Ambiente de Alagoas (IMA\/AL)<\/a>,&nbsp;<a href=\"https:\/\/ipma.org.br\/\">Instituto Para Preserva\u00e7\u00e3o da Mata Atl\u00e2ntica (IPMA)<\/a>,&nbsp;<a href=\"https:\/\/www.marinha.mil.br\/\">Marinha do Brasil<\/a>,&nbsp;<a href=\"https:\/\/www.mpal.mp.br\/\">Minist\u00e9rio P\u00fablico do Estado de Alagoas (MPE)<\/a>,&nbsp;<a href=\"https:\/\/www.mpf.mp.br\/al\/\">Minist\u00e9rio P\u00fablico Federal em Alagoas (MPF)<\/a>,&nbsp;<a href=\"https:\/\/www.prt19.mpt.mp.br\/\">Minist\u00e9rio P\u00fablico do Trabalho em Alagoas (MPT)<\/a>,&nbsp;<a href=\"https:\/\/www.gov.br\/pf\/pt-br\">Pol\u00edcia Federal (PF),<\/a>&nbsp;<a href=\"https:\/\/www.gov.br\/prf\/pt-br\">Pol\u00edcia Rodovi\u00e1ria Federal (PRF<\/a>),&nbsp;<a href=\"http:\/\/www.instagram.com\/redemulheresnct\">Rede Mulheres de Comunidades Tradicionais (RMCT)<\/a>,&nbsp;<a href=\"https:\/\/semarh.al.gov.br\/\">Secretaria de Estado do Meio Ambiente e Recursos H\u00eddricos (SEMARH)<\/a>,&nbsp;<a href=\"https:\/\/mulheredireitoshumanos.al.gov.br\/\">Secretaria de Estado da Mulher e dos Direitos Humanos (SEMUDH)<\/a>,&nbsp;<a href=\"https:\/\/www.saude.al.gov.br\/\">Secretaria de Estado da Sa\u00fade (Sesau)<\/a>,&nbsp;<a href=\"https:\/\/institutososcaatinga.com.br\/site\/\">SOS Caatinga<\/a>,&nbsp;<a href=\"https:\/\/www.tceal.tc.br\/\">Tribunal de Contas do Estado de Alagoas (TCE\/AL),<\/a>&nbsp;<a href=\"https:\/\/www.tre-al.jus.br\/\">Tribunal Regional Eleitoral de Alagoas (TRE\/AL)&nbsp;<\/a>e<a href=\"https:\/\/uneal.edu.br\/institucional\/a-uneal\">&nbsp;Universidade Estadual de Alagoas (Uneal).<\/a><\/p>\n\n\n\n<p>A FPI do Rio S\u00e3o Francisco em Alagoas \u00e9 coordenada pelo CBHSF, MPAL, MPF e BPA\/PMAL, que desenvolvem os trabalhos de intelig\u00eancia, organiza\u00e7\u00e3o e divulga\u00e7\u00e3o das atividades e resultados para a popula\u00e7\u00e3o.<\/p>\n\n\n\n<h3 class=\"wp-block-heading\"><strong>Leia tamb\u00e9m<\/strong><\/h3>\n\n\n\n<p><a href=\"https:\/\/fpisaofrancisco.inf.br\/index.php\/2024\/11\/26\/casas-de-farinha-inspecionadas\/\">FPI AL inspeciona casas de farinha em Junqueiro e orienta maior produtor da regi\u00e3o<\/a><\/p>\n\n\n\n<p><a href=\"https:\/\/fpisaofrancisco.inf.br\/index.php\/2024\/11\/25\/piracema\/\">FPI orienta pescadores em Pia\u00e7abu\u00e7u sobre per\u00edodo de defeso no Velho Chico<\/a><\/p>\n\n\n\n<p><a href=\"https:\/\/fpisaofrancisco.inf.br\/index.php\/2024\/11\/24\/granjas-clandestinas-sao-orientadas-pela-fpi\/\">Granjas clandestinas s\u00e3o orientadas pela FPI<\/a><\/p>\n\n\n\n<p><a href=\"https:\/\/fpisaofrancisco.inf.br\/index.php\/2024\/11\/24\/passaros-resgatados-voltam-para-casa\/\">No cora\u00e7\u00e3o da Caatinga, p\u00e1ssaros resgatados voltam para casa<\/a><\/p>\n\n\n\n<p><a href=\"https:\/\/fpisaofrancisco.inf.br\/index.php\/2024\/11\/23\/10-anos-fpial\/\">10 anos: FPI encerra 1a semana de mais uma etapa; Programa \u00e9 finalista do Innovare<\/a><\/p>\n\n\n\n<p><a href=\"https:\/\/fpisaofrancisco.inf.br\/index.php\/2024\/11\/23\/abate-clandestino-flagrado\/\">FPI flagra abate clandestino e evita o adoecimento da popula\u00e7\u00e3o em Penedo<\/a><br><a href=\"https:\/\/fpisaofrancisco.inf.br\/index.php\/2024\/11\/22\/esgoto-contamina-rio-sao-francisco\/\">Esgoto contamina Rio S\u00e3o Francisco e amea\u00e7a a popula\u00e7\u00e3o de Olho d\u00b4\u00c1gua Grande<\/a><\/p>\n\n\n\n<p><a href=\"https:\/\/fpisaofrancisco.inf.br\/index.php\/2024\/11\/22\/comunidade-indigena-pankaraus-luzia\/\">Comunidade Ind\u00edgena Luzia da etnia Pankararu foi visitada<\/a><\/p>\n\n\n\n<p><a href=\"https:\/\/fpisaofrancisco.inf.br\/index.php\/2024\/11\/22\/lixao-flagrado-em-feira-grande\/\">FPI flagra lix\u00e3o, interdita \u00e1rea e multa a Prefeitura de Feira Grande em R$ 50 mil<\/a><\/p>\n\n\n\n<p><a href=\"https:\/\/fpisaofrancisco.inf.br\/index.php\/2024\/11\/21\/comunidades-indigenas-recebem-agua-sem-tratamento\/\">Comunidades ind\u00edgenas recebem \u00e1gua sem tratamento e Prefeitura \u00e9 notificada durante a\u00e7\u00e3o da FPI<\/a><\/p>\n\n\n\n<p><a href=\"https:\/\/fpisaofrancisco.inf.br\/index.php\/2024\/11\/21\/dialogo-com-ciganos\/\">FPI avan\u00e7a em di\u00e1logo com ciganos para inclus\u00e3o social em Penedo\/AL<\/a><\/p>\n\n\n\n<p><a href=\"https:\/\/fpisaofrancisco.inf.br\/index.php\/2024\/11\/21\/areas-desmatadas-embargadas-equivalem-a-419-campos-de-futebol\/\">FPI do Rio S\u00e3o Francisco embarga \u00e1reas desmatadas que equivalem a 419 campos de futebol<\/a><br><a href=\"https:\/\/fpisaofrancisco.inf.br\/index.php\/2024\/11\/21\/barco-escola-promove-inclusao-e-educacao-ambiental\/\">No Dia da Consci\u00eancia Negra, barco-escola promove inclus\u00e3o e educa\u00e7\u00e3o ambiental<\/a><\/p>\n\n\n\n<p><a href=\"https:\/\/fpisaofrancisco.inf.br\/index.php\/2024\/11\/21\/pixaim-resiste\/\">Entre o rio e as dunas, Pixaim resiste: uma hist\u00f3ria de luta e ancestralidade<\/a><\/p>\n\n\n\n<p><a href=\"https:\/\/fpisaofrancisco.inf.br\/index.php\/2024\/11\/21\/aves-ganham-liberdade-no-dia-da-consciencia-negra\/\">De volta \u00e0 natureza: aves ganham liberdade no dia da Consci\u00eancia Negra<\/a><\/p>\n\n\n\n<p><a href=\"https:\/\/fpisaofrancisco.inf.br\/index.php\/2024\/11\/19\/quilombolas-do-oiteiro-e-tabuleiro-dos-negros\/\">FPI visita comunidades quilombolas do Oiteiro e Tabuleiro dos Negros<\/a><\/p>\n\n\n\n<p><a href=\"https:\/\/fpisaofrancisco.inf.br\/index.php\/2024\/11\/19\/agua-sem-tratamento-adequado-distribuida-para-comunidades-ribeirinhas\/\">FPI constata distribui\u00e7\u00e3o de \u00e1gua sem tratamento adequado a comunidades ribeirinhas<\/a><\/p>\n\n\n\n<p><a href=\"https:\/\/fpisaofrancisco.inf.br\/index.php\/2024\/11\/19\/criatorio-de-camaroes-tem-prazo-para-adequar-as-normas-ambientais\/\">Criat\u00f3rio de camar\u00f5es tem prazo de 30 dias para adequa\u00e7\u00e3o \u00e0s normas ambientais<\/a><\/p>\n\n\n\n<p><a href=\"https:\/\/fpisaofrancisco.inf.br\/index.php\/2024\/11\/19\/fpi-notifica-sete-embarcacoes\/\">FPI do Rio S\u00e3o Francisco notifica sete embarca\u00e7\u00f5es por infra\u00e7\u00f5es navais<\/a><\/p>\n\n\n\n<p><a href=\"http:\/\/xn--fpi%20flagra%20abate%20irregular%20de%20sunos%20em%20casa%20de%20farinha%20no%20agreste%20alagoano-s3i\/\">FPI flagra abate irregular de su\u00ednos em casa de farinha no Agreste alagoano<\/a><\/p>\n\n\n\n<p><a href=\"https:\/\/fpisaofrancisco.inf.br\/index.php\/2024\/11\/19\/crimes-ambientais-sao-flagrados-em-junqueiro\/\">Crimes ambientais s\u00e3o flagrados em Junqueiro pela FPI do Rio S\u00e3o Francisco<\/a><\/p>\n\n\n\n<p><a href=\"https:\/\/fpisaofrancisco.inf.br\/index.php\/2024\/11\/19\/fpi-resgata-34-aves\/\">FPI resgata 34 aves silvestres em Arapiraca<\/a><\/p>\n\n\n\n<p><a href=\"https:\/\/fpisaofrancisco.inf.br\/index.php\/2024\/11\/19\/fpi-interdita-790-litros-de-agrotoxicos\/\">FPI interdita 790 litros de agrot\u00f3xicos em com\u00e9rcio irregular<\/a><\/p>\n\n\n\n<p><a href=\"https:\/\/fpisaofrancisco.inf.br\/index.php\/2024\/11\/18\/14a-etapa-fpial_inicia\/\">FPI do Rio S\u00e3o Francisco d\u00e1 in\u00edcio \u00e0 14\u00aa etapa em Alagoas com foco em munic\u00edpios do Agreste e Sert\u00e3o<\/a><\/p>\n\n\n\n<p><\/p>\n","protected":false},"excerpt":{"rendered":"<p>A resist\u00eancia dos Kariri-Xoc\u00f3 ganha apoio da FPI AL, que apoiar\u00e1 o etnozoneamento pleitado \u00e0 d\u00e9cadas.<\/p>\n","protected":false},"author":7,"featured_media":7770,"comment_status":"open","ping_status":"open","sticky":false,"template":"","format":"standard","meta":{"_jetpack_memberships_contains_paid_content":false,"footnotes":""},"categories":[189],"tags":[218],"class_list":["post-7769","post","type-post","status-publish","format-standard","has-post-thumbnail","hentry","category-14a-etapa-fpi-al","tag-14fpialagoas-riosaofrancisco-velhochico-defesadomeioambiente-povosdovelhochico-somostodoscarrancas-10anosfpial-cbhsf-karirixoco","category-189","description-off"],"aioseo_notices":[],"jetpack_featured_media_url":"https:\/\/fpisaofrancisco.inf.br\/wp-content\/uploads\/2024\/11\/WhatsApp-Image-2024-11-26-at-18.26.37.jpeg","jetpack_sharing_enabled":true,"_links":{"self":[{"href":"https:\/\/fpisaofrancisco.inf.br\/index.php\/wp-json\/wp\/v2\/posts\/7769","targetHints":{"allow":["GET"]}}],"collection":[{"href":"https:\/\/fpisaofrancisco.inf.br\/index.php\/wp-json\/wp\/v2\/posts"}],"about":[{"href":"https:\/\/fpisaofrancisco.inf.br\/index.php\/wp-json\/wp\/v2\/types\/post"}],"author":[{"embeddable":true,"href":"https:\/\/fpisaofrancisco.inf.br\/index.php\/wp-json\/wp\/v2\/users\/7"}],"replies":[{"embeddable":true,"href":"https:\/\/fpisaofrancisco.inf.br\/index.php\/wp-json\/wp\/v2\/comments?post=7769"}],"version-history":[{"count":1,"href":"https:\/\/fpisaofrancisco.inf.br\/index.php\/wp-json\/wp\/v2\/posts\/7769\/revisions"}],"predecessor-version":[{"id":7772,"href":"https:\/\/fpisaofrancisco.inf.br\/index.php\/wp-json\/wp\/v2\/posts\/7769\/revisions\/7772"}],"wp:featuredmedia":[{"embeddable":true,"href":"https:\/\/fpisaofrancisco.inf.br\/index.php\/wp-json\/wp\/v2\/media\/7770"}],"wp:attachment":[{"href":"https:\/\/fpisaofrancisco.inf.br\/index.php\/wp-json\/wp\/v2\/media?parent=7769"}],"wp:term":[{"taxonomy":"category","embeddable":true,"href":"https:\/\/fpisaofrancisco.inf.br\/index.php\/wp-json\/wp\/v2\/categories?post=7769"},{"taxonomy":"post_tag","embeddable":true,"href":"https:\/\/fpisaofrancisco.inf.br\/index.php\/wp-json\/wp\/v2\/tags?post=7769"}],"curies":[{"name":"wp","href":"https:\/\/api.w.org\/{rel}","templated":true}]}}