{"id":7725,"date":"2024-11-24T17:00:40","date_gmt":"2024-11-24T17:00:40","guid":{"rendered":"https:\/\/fpisaofrancisco.inf.br\/?p=7725"},"modified":"2024-11-24T22:56:34","modified_gmt":"2024-11-24T22:56:34","slug":"passaros-resgatados-voltam-para-casa","status":"publish","type":"post","link":"https:\/\/fpisaofrancisco.inf.br\/index.php\/2024\/11\/24\/passaros-resgatados-voltam-para-casa\/","title":{"rendered":"No cora\u00e7\u00e3o da Caatinga, p\u00e1ssaros resgatados voltam para casa"},"content":{"rendered":"\n<p class=\"has-white-color has-accent-background-color has-text-color has-background has-link-color wp-elements-0bed410b9edbda4db46fff9b21730efb\">Soltura de 167 animais silvestres marca mais um cap\u00edtulo na luta pela preserva\u00e7\u00e3o da biodiversidade na Caatinga<\/p>\n\n\n\n<p>\u00c0s 3h30 da madrugada, enquanto a maioria ainda dormia, a equipe Fauna da Fiscaliza\u00e7\u00e3o Preventiva Integrada (FPI) do Rio S\u00e3o Francisco iniciava mais um dia de trabalho intenso. Veterin\u00e1rios, bi\u00f3logos, engenheiros e policiais uniam for\u00e7as para um momento emocionante: a soltura de 167 animais silvestres no cora\u00e7\u00e3o da Caatinga alagoana, no Monumento Natural do Rio S\u00e3o Francisco.<\/p>\n\n\n\n<p>A jornada dos \u00faltimos sete dias foi \u00e1rdua, mas recompensadora. Nos munic\u00edpios de Monteir\u00f3polis, Cra\u00edbas, Igaci, Arapiraca, Junqueiro, S\u00e3o Sebasti\u00e3o e Limoeiro de Anadia, a equipe resgatou 350 animais silvestres, mantidos em cativeiros clandestinos. Entre os resgatados, estavam aves de canto, jabutis e at\u00e9 um pre\u00e1. Muitos deles passar\u00e3o por um per\u00edodo de recupera\u00e7\u00e3o no viveiro de aclimata\u00e7\u00e3o, ganhando musculatura e se readaptando ao voo e \u00e0 vida livre, antes de retornarem \u00e0 natureza.<\/p>\n\n\n\n<p>&#8220;Cada animal resgatado e devolvido ao seu habitat \u00e9 um passo na luta contra os crimes ambientais e na preserva\u00e7\u00e3o dos nossos biomas. Os p\u00e1ssaros t\u00eam um papel fundamental no reflorestamento e na regenera\u00e7\u00e3o de \u00e1reas desmatadas&#8221;, destaca Rafael Cordeiro, m\u00e9dico veterin\u00e1rio do Instituto do Meio Ambiente de Alagoas (IMA) e coordenador da equipe Fauna.<\/p>\n\n\n\n<p>Dois dias antes, a equipe j\u00e1 havia promovido outra soltura, devolvendo 96 animais ao bioma da Mata Atl\u00e2ntica. Nos c\u00e2nions da Caatinga, o cen\u00e1rio foi cuidadosamente escolhido, considerando a seguran\u00e7a e a sustentabilidade do habitat para os animais.<\/p>\n\n\n\n<p>O esfor\u00e7o conjunto reuniu 26 profissionais de institui\u00e7\u00f5es como o IMA, o Batalh\u00e3o de Pol\u00edcia Ambiental (BPA), o SOS Caatinga, o Instituto de Preserva\u00e7\u00e3o da Mata Atl\u00e2ntica (IPMA) e a Pol\u00edcia Rodovi\u00e1ria Federal (PRF).<\/p>\n\n\n\n<h3 class=\"wp-block-heading\"><strong>Conscientiza\u00e7\u00e3o<\/strong><\/h3>\n\n\n\n<p>Al\u00e9m das fiscaliza\u00e7\u00f5es, a FPI tamb\u00e9m aposta na conscientiza\u00e7\u00e3o ambiental. Durante as opera\u00e7\u00f5es, a entrega volunt\u00e1ria de animais silvestres \u00e9 incentivada. \u201cMuitas pessoas n\u00e3o t\u00eam no\u00e7\u00e3o do impacto negativo de manter animais silvestres em cativeiro. A entrega volunt\u00e1ria \u00e9 uma forma de corrigir esse erro e contribuir para a preserva\u00e7\u00e3o&#8221;, explica Cordeiro.<\/p>\n\n\n\n<p>Para facilitar essas devolu\u00e7\u00f5es, a FPI disponibiliza postos volantes de arrecada\u00e7\u00e3o. Os pr\u00f3ximos ser\u00e3o em pra\u00e7as de Feira Grande (dia 25), de Campo Grande (dia 26), Olho d\u2019\u00c1gua Grande (27) e S\u00e3o Br\u00e1s (28), no Caminh\u00e3o Boiadeiro.<\/p>\n\n\n\n<p>Nas primeiras horas da manh\u00e3, quando o sol come\u00e7ou a iluminar os c\u00e2nions, os animais ganharam o c\u00e9u, o solo e as \u00e1rvores da Caatinga. O som do bater de asas e o canto dos p\u00e1ssaros quebraram o sil\u00eancio, simbolizando o renascimento da natureza. Naquele momento, o esfor\u00e7o coletivo da equipe Fauna encontrou sua maior recompensa: a volta \u00e0 natureza.<\/p>\n\n\n\n<h3 class=\"wp-block-heading\"><strong>A FPI do Rio S\u00e3o Francisco<\/strong><\/h3>\n\n\n\n<p>A FPI tem o objetivo de melhorar a qualidade ambiental da Bacia Hidrogr\u00e1fica do Rio S\u00e3o Francisco e a qualidade de vida dos seus povos. Os trabalhos acontecem de modo cont\u00ednuo e permanente. Para isso, realizam-se o diagn\u00f3stico dos danos ambientais e a ado\u00e7\u00e3o de provid\u00eancias administrativas, c\u00edveis e criminais com a indu\u00e7\u00e3o de pol\u00edticas p\u00fablicas.<\/p>\n\n\n\n<p>Como programa, a FPI \u00e9 estruturada em tr\u00eas fases: planejamento, campo e desdobramentos. A fase de desdobramento compreende o acompanhamento e monitoramento dos diagn\u00f3sticos realizados e a atua\u00e7\u00e3o de repercuss\u00f5es de medidas administrativas pelos \u00f3rg\u00e3os envolvidos, c\u00edveis e\/ou criminais e pelo Minist\u00e9rio P\u00fablico competente.<\/p>\n\n\n\n<p>Tamb\u00e9m \u00e9 na fase de desdobramentos que o poder p\u00fablico e a sociedade civil organizada contribuem na regulariza\u00e7\u00e3o dos empreendimentos, repara\u00e7\u00e3o de danos detectados e efetiva\u00e7\u00e3o das medidas de prote\u00e7\u00e3o necess\u00e1rias.<\/p>\n\n\n\n<p>Participam da 14\u00aa etapa da Fiscaliza\u00e7\u00e3o Preventiva Integrada a&nbsp;<a href=\"https:\/\/www.defesaagropecuaria.al.gov.br\/\">Ag\u00eancia de Defesa e Inspe\u00e7\u00e3o Agropecu\u00e1ria de Alagoas (Adeal),<\/a>&nbsp;<a href=\"https:\/\/alagoasdigital.al.gov.br\/unidade-de-atendimento\/814\">Batalh\u00e3o de Pol\u00edcia Ambiental da Pol\u00edcia Militar do Estado de Alagoas (BPA\/PMAL),<\/a>&nbsp;<a href=\"https:\/\/cbhsaofrancisco.org.br\/\">Comit\u00ea da Bacia Hidrogr\u00e1fica do Rio Francisco (CBHSF),<\/a><a href=\"https:\/\/www.crea-al.org.br\/\">&nbsp;Conselho Regional de Engenharia e Agronomia de Alagoas (Crea\/AL<\/a>),&nbsp;<a href=\"https:\/\/www.crmv-al.org.br\/\">Conselho Regional de Medicina Veterin\u00e1ria de Alagoas (CRMV\/AL),<\/a>&nbsp;<a href=\"https:\/\/www.crt03.gov.br\/\">Conselho Regional dos T\u00e9cnicos Industriais da 3\u00aa Regi\u00e3o (CRT-3)<\/a>,&nbsp;<a href=\"https:\/\/institutohori.org.br\/\">Instituto Hori,<\/a>&nbsp;<a href=\"https:\/\/www2.ima.al.gov.br\/\">Instituto do Meio Ambiente de Alagoas (IMA\/AL)<\/a>,&nbsp;<a href=\"https:\/\/ipma.org.br\/\">Instituto Para Preserva\u00e7\u00e3o da Mata Atl\u00e2ntica (IPMA)<\/a>,&nbsp;<a href=\"https:\/\/www.marinha.mil.br\/\">Marinha do Brasil<\/a>,&nbsp;<a href=\"https:\/\/www.mpal.mp.br\/\">Minist\u00e9rio P\u00fablico do Estado de Alagoas (MPE)<\/a>,&nbsp;<a href=\"https:\/\/www.mpf.mp.br\/al\/\">Minist\u00e9rio P\u00fablico Federal em Alagoas (MPF)<\/a>,&nbsp;<a href=\"https:\/\/www.prt19.mpt.mp.br\/\">Minist\u00e9rio P\u00fablico do Trabalho em Alagoas (MPT)<\/a>,&nbsp;<a href=\"https:\/\/www.gov.br\/pf\/pt-br\">Pol\u00edcia Federal (PF),<\/a>&nbsp;<a href=\"https:\/\/www.gov.br\/prf\/pt-br\">Pol\u00edcia Rodovi\u00e1ria Federal (PRF<\/a>),&nbsp;<a href=\"http:\/\/www.instagram.com\/redemulheresnct\">Rede Mulheres de Comunidades Tradicionais (RMCT)<\/a>,&nbsp;<a href=\"https:\/\/semarh.al.gov.br\/\">Secretaria de Estado do Meio Ambiente e Recursos H\u00eddricos (SEMARH)<\/a>,&nbsp;<a href=\"https:\/\/mulheredireitoshumanos.al.gov.br\/\">Secretaria de Estado da Mulher e dos Direitos Humanos (SEMUDH)<\/a>,&nbsp;<a href=\"https:\/\/www.saude.al.gov.br\/\">Secretaria de Estado da Sa\u00fade (Sesau)<\/a>,&nbsp;<a href=\"https:\/\/institutososcaatinga.com.br\/site\/\">SOS Caatinga<\/a>,&nbsp;<a href=\"https:\/\/www.tceal.tc.br\/\">Tribunal de Contas do Estado de Alagoas (TCE\/AL),<\/a>&nbsp;<a href=\"https:\/\/www.tre-al.jus.br\/\">Tribunal Regional Eleitoral de Alagoas (TRE\/AL)&nbsp;<\/a>e<a href=\"https:\/\/uneal.edu.br\/institucional\/a-uneal\">&nbsp;Universidade Estadual de Alagoas (Uneal).<\/a><\/p>\n\n\n\n<p>A FPI do Rio S\u00e3o Francisco em Alagoas \u00e9 coordenada pelo CBHSF, MPAL, MPF e BPA\/PMAL, que desenvolvem os trabalhos de intelig\u00eancia, organiza\u00e7\u00e3o e divulga\u00e7\u00e3o das atividades e resultados para a popula\u00e7\u00e3o.<\/p>\n\n\n\n<h3 class=\"wp-block-heading\"><strong>Leia tamb\u00e9m<\/strong><\/h3>\n\n\n\n<p><a href=\"https:\/\/fpisaofrancisco.inf.br\/index.php\/2024\/11\/23\/10-anos-fpial\/\">10 anos: FPI encerra 1a semana de mais uma etapa; Programa \u00e9 finalista do Innovare<\/a><\/p>\n\n\n\n<p><a href=\"https:\/\/fpisaofrancisco.inf.br\/index.php\/2024\/11\/23\/abate-clandestino-flagrado\/\">FPI flagra abate clandestino e evita o adoecimento da popula\u00e7\u00e3o em Penedo<\/a><br><a href=\"https:\/\/fpisaofrancisco.inf.br\/index.php\/2024\/11\/22\/esgoto-contamina-rio-sao-francisco\/\">Esgoto contamina Rio S\u00e3o Francisco e amea\u00e7a a popula\u00e7\u00e3o de Olho d\u00b4\u00c1gua Grande<\/a><\/p>\n\n\n\n<p><a href=\"https:\/\/fpisaofrancisco.inf.br\/index.php\/2024\/11\/22\/comunidade-indigena-pankaraus-luzia\/\">Comunidade Ind\u00edgena Luzia da etnia Pankararu foi visitada<\/a><\/p>\n\n\n\n<p><a href=\"https:\/\/fpisaofrancisco.inf.br\/index.php\/2024\/11\/22\/lixao-flagrado-em-feira-grande\/\">FPI flagra lix\u00e3o, interdita \u00e1rea e multa a Prefeitura de Feira Grande em R$ 50 mil<\/a><\/p>\n\n\n\n<p><a href=\"https:\/\/fpisaofrancisco.inf.br\/index.php\/2024\/11\/21\/comunidades-indigenas-recebem-agua-sem-tratamento\/\">Comunidades ind\u00edgenas recebem \u00e1gua sem tratamento e Prefeitura \u00e9 notificada durante a\u00e7\u00e3o da FPI<\/a><\/p>\n\n\n\n<p><a href=\"https:\/\/fpisaofrancisco.inf.br\/index.php\/2024\/11\/21\/dialogo-com-ciganos\/\">FPI avan\u00e7a em di\u00e1logo com ciganos para inclus\u00e3o social em Penedo\/AL<\/a><\/p>\n\n\n\n<p><a href=\"https:\/\/fpisaofrancisco.inf.br\/index.php\/2024\/11\/21\/areas-desmatadas-embargadas-equivalem-a-419-campos-de-futebol\/\">FPI do Rio S\u00e3o Francisco embarga \u00e1reas desmatadas que equivalem a 419 campos de futebol<\/a><br><a href=\"https:\/\/fpisaofrancisco.inf.br\/index.php\/2024\/11\/21\/barco-escola-promove-inclusao-e-educacao-ambiental\/\">No Dia da Consci\u00eancia Negra, barco-escola promove inclus\u00e3o e educa\u00e7\u00e3o ambiental<\/a><\/p>\n\n\n\n<p><a href=\"https:\/\/fpisaofrancisco.inf.br\/index.php\/2024\/11\/21\/pixaim-resiste\/\">Entre o rio e as dunas, Pixaim resiste: uma hist\u00f3ria de luta e ancestralidade<\/a><\/p>\n\n\n\n<p><a href=\"https:\/\/fpisaofrancisco.inf.br\/index.php\/2024\/11\/21\/aves-ganham-liberdade-no-dia-da-consciencia-negra\/\">De volta \u00e0 natureza: aves ganham liberdade no dia da Consci\u00eancia Negra<\/a><\/p>\n\n\n\n<p><a href=\"https:\/\/fpisaofrancisco.inf.br\/index.php\/2024\/11\/19\/quilombolas-do-oiteiro-e-tabuleiro-dos-negros\/\">FPI visita comunidades quilombolas do Oiteiro e Tabuleiro dos Negros<\/a><\/p>\n\n\n\n<p><a href=\"https:\/\/fpisaofrancisco.inf.br\/index.php\/2024\/11\/19\/agua-sem-tratamento-adequado-distribuida-para-comunidades-ribeirinhas\/\">FPI constata distribui\u00e7\u00e3o de \u00e1gua sem tratamento adequado a comunidades ribeirinhas<\/a><\/p>\n\n\n\n<p><a href=\"https:\/\/fpisaofrancisco.inf.br\/index.php\/2024\/11\/19\/criatorio-de-camaroes-tem-prazo-para-adequar-as-normas-ambientais\/\">Criat\u00f3rio de camar\u00f5es tem prazo de 30 dias para adequa\u00e7\u00e3o \u00e0s normas ambientais<\/a><\/p>\n\n\n\n<p><a href=\"https:\/\/fpisaofrancisco.inf.br\/index.php\/2024\/11\/19\/fpi-notifica-sete-embarcacoes\/\">FPI do Rio S\u00e3o Francisco notifica sete embarca\u00e7\u00f5es por infra\u00e7\u00f5es navais<\/a><\/p>\n\n\n\n<p><a href=\"http:\/\/xn--fpi%20flagra%20abate%20irregular%20de%20sunos%20em%20casa%20de%20farinha%20no%20agreste%20alagoano-s3i\/\">FPI flagra abate irregular de su\u00ednos em casa de farinha no Agreste alagoano<\/a><\/p>\n\n\n\n<p><a href=\"https:\/\/fpisaofrancisco.inf.br\/index.php\/2024\/11\/19\/crimes-ambientais-sao-flagrados-em-junqueiro\/\">Crimes ambientais s\u00e3o flagrados em Junqueiro pela FPI do Rio S\u00e3o Francisco<\/a><\/p>\n\n\n\n<p><a href=\"https:\/\/fpisaofrancisco.inf.br\/index.php\/2024\/11\/19\/fpi-resgata-34-aves\/\">FPI resgata 34 aves silvestres em Arapiraca<\/a><\/p>\n\n\n\n<p><a href=\"https:\/\/fpisaofrancisco.inf.br\/index.php\/2024\/11\/19\/fpi-interdita-790-litros-de-agrotoxicos\/\">FPI interdita 790 litros de agrot\u00f3xicos em com\u00e9rcio irregular<\/a><\/p>\n\n\n\n<p><a href=\"https:\/\/fpisaofrancisco.inf.br\/index.php\/2024\/11\/18\/14a-etapa-fpial_inicia\/\">FPI do Rio S\u00e3o Francisco d\u00e1 in\u00edcio \u00e0 14\u00aa etapa em Alagoas com foco em munic\u00edpios do Agreste e Sert\u00e3o<\/a><\/p>\n","protected":false},"excerpt":{"rendered":"<p>Soltura de 167 animais silvestres marca mais um cap\u00edtulo na luta pela preserva\u00e7\u00e3o da biodiversidade na Caatinga<\/p>\n","protected":false},"author":7,"featured_media":7728,"comment_status":"open","ping_status":"open","sticky":false,"template":"","format":"standard","meta":{"_jetpack_memberships_contains_paid_content":false,"footnotes":""},"categories":[189],"tags":[188,213,103,94,123],"class_list":["post-7725","post","type-post","status-publish","format-standard","has-post-thumbnail","hentry","category-14a-etapa-fpi-al","tag-14fpial","tag-bhsf","tag-fauna","tag-fpi","tag-meioambiente","category-189","description-off"],"aioseo_notices":[],"jetpack_featured_media_url":"https:\/\/fpisaofrancisco.inf.br\/wp-content\/uploads\/2024\/11\/WhatsApp-Image-2024-11-24-at-11.13.13.jpeg","jetpack_sharing_enabled":true,"_links":{"self":[{"href":"https:\/\/fpisaofrancisco.inf.br\/index.php\/wp-json\/wp\/v2\/posts\/7725","targetHints":{"allow":["GET"]}}],"collection":[{"href":"https:\/\/fpisaofrancisco.inf.br\/index.php\/wp-json\/wp\/v2\/posts"}],"about":[{"href":"https:\/\/fpisaofrancisco.inf.br\/index.php\/wp-json\/wp\/v2\/types\/post"}],"author":[{"embeddable":true,"href":"https:\/\/fpisaofrancisco.inf.br\/index.php\/wp-json\/wp\/v2\/users\/7"}],"replies":[{"embeddable":true,"href":"https:\/\/fpisaofrancisco.inf.br\/index.php\/wp-json\/wp\/v2\/comments?post=7725"}],"version-history":[{"count":2,"href":"https:\/\/fpisaofrancisco.inf.br\/index.php\/wp-json\/wp\/v2\/posts\/7725\/revisions"}],"predecessor-version":[{"id":7729,"href":"https:\/\/fpisaofrancisco.inf.br\/index.php\/wp-json\/wp\/v2\/posts\/7725\/revisions\/7729"}],"wp:featuredmedia":[{"embeddable":true,"href":"https:\/\/fpisaofrancisco.inf.br\/index.php\/wp-json\/wp\/v2\/media\/7728"}],"wp:attachment":[{"href":"https:\/\/fpisaofrancisco.inf.br\/index.php\/wp-json\/wp\/v2\/media?parent=7725"}],"wp:term":[{"taxonomy":"category","embeddable":true,"href":"https:\/\/fpisaofrancisco.inf.br\/index.php\/wp-json\/wp\/v2\/categories?post=7725"},{"taxonomy":"post_tag","embeddable":true,"href":"https:\/\/fpisaofrancisco.inf.br\/index.php\/wp-json\/wp\/v2\/tags?post=7725"}],"curies":[{"name":"wp","href":"https:\/\/api.w.org\/{rel}","templated":true}]}}