{"id":7721,"date":"2024-11-23T20:45:20","date_gmt":"2024-11-23T20:45:20","guid":{"rendered":"https:\/\/fpisaofrancisco.inf.br\/?p=7721"},"modified":"2024-11-24T15:17:29","modified_gmt":"2024-11-24T15:17:29","slug":"10-anos-fpial","status":"publish","type":"post","link":"https:\/\/fpisaofrancisco.inf.br\/index.php\/2024\/11\/23\/10-anos-fpial\/","title":{"rendered":"10 anos: FPI encerra primeira semana de mais uma etapa; Programa \u00e9 finalista do Innovare"},"content":{"rendered":"\n<p class=\"has-white-color has-accent-background-color has-text-color has-background has-link-color wp-elements-e7f3ca78e4554b8c3554fc284d44c60a\">Atuando na fiscaliza\u00e7\u00e3o, gest\u00e3o e educa\u00e7\u00e3o, a FPI congrega 30 institui\u00e7\u00f5es\/\u00f3rg\u00e3os p\u00fablicos e entidades da sociedade civil organizada com o prop\u00f3sito maior de fomentar a preserva\u00e7\u00e3o do meio ambiente nos munic\u00edpios beneficiados pelo Velho Chico<\/p>\n\n\n\n<p><\/p>\n\n\n\n<p>A Fiscaliza\u00e7\u00e3o Preventiva Integrada da Bacia Hidrogr\u00e1fica do Rio S\u00e3o Francisco (FPI do Rio S\u00e3o Francisco) que, neste ano de 2024, completa 10 anos em Alagoas, concluiu, neste s\u00e1bado (23), a primeira semana de atividades da sua 14\u00aa etapa em defesa do \u201cVelho Chico\u201d e dos seus povos. Com foco em munic\u00edpios das Regi\u00f5es do Agreste e do Sert\u00e3o, as a\u00e7\u00f5es de campo da FPI alcan\u00e7aram centenas de pontos de interesse, envolvendo, ao mesmo tempo, trabalhos de educa\u00e7\u00e3o ambiental, preserva\u00e7\u00e3o das tradi\u00e7\u00f5es das comunidades locais, fiscaliza\u00e7\u00f5es da fauna e flora, inspe\u00e7\u00f5es ligadas as tem\u00e1ticas da sa\u00fade e educa\u00e7\u00e3o, dentre outras \u00e1reas. E \u00e9 em raz\u00e3o da efetividade desse programa que os Minist\u00e9rios P\u00fablicos Estaduais e Federais de Alagoas, Bahia, Sergipe, Pernambuco e Minas Gerais est\u00e3o concorrendo \u00e0 final do 21\u00ba Pr\u00eamio Innovare.<\/p>\n\n\n\n<p>Atuando em tr\u00eas frentes de trabalho &#8211; fiscaliza\u00e7\u00e3o, gest\u00e3o e educa\u00e7\u00e3o, a FPI, congregando 30 institui\u00e7\u00f5es\/\u00f3rg\u00e3os p\u00fablicos e entidades da sociedade civil organizada, percorre os munic\u00edpios com o prop\u00f3sito maior de fomentar a preserva\u00e7\u00e3o do meio ambiente junto \u00e0 popula\u00e7\u00e3o das cidades beneficiadas pelas \u00e1guas da Bacia Hidrogr\u00e1fica do Rio S\u00e3o Francisco.<\/p>\n\n\n\n<h3 class=\"wp-block-heading\"><strong>Programa est\u00e1 no planejamento estrat\u00e9gico do MPAL<\/strong><\/h3>\n\n\n\n<p>Em Alagoas, o programa est\u00e1 inclu\u00eddo no planejamento estrat\u00e9gico do Minist\u00e9rio P\u00fablico do Estado de Alagoas (MPAL), tendo sido institu\u00eddo por meio do Ato n\u00ba 12\/2012 com a miss\u00e3o de &#8220;elevar a qualidade ambiental dos recursos naturais da Bacia Hidrogr\u00e1fica do Rio S\u00e3o Francisco, assim como melhorar a qualidade de vida da popula\u00e7\u00e3o que vive na regi\u00e3o, por meio de a\u00e7\u00f5es integradas de preven\u00e7\u00e3o, fiscaliza\u00e7\u00e3o e repress\u00e3o, administrativa e judicial, buscando o uso sustent\u00e1vel dos recursos naturais&#8221;.<\/p>\n\n\n\n<p>O Ato detalha que a FPI possui &#8220;car\u00e1ter continuado, devendo ser executada por meio de etapas que abranger\u00e3o munic\u00edpios previamente definidos&#8221; e que todos os &#8220;\u00f3rg\u00e3os e unidades do MPAL dever\u00e3o prestar o apoio necess\u00e1rio ao \u00eaxito do programa&#8221;.<\/p>\n\n\n\n<p>Neste ano de 2024, a Fiscaliza\u00e7\u00e3o est\u00e1 completando 10 anos de atua\u00e7\u00e3o, o que mostra a efetividade das a\u00e7\u00f5es desenvolvidas ao longo de mais uma d\u00e9cada. &#8220;A FPI \u00e9 um programa permanente porque, para al\u00e9m das duas etapas de campo que ocorrem a cada semestre, os seus desdobramentos s\u00e3o acompanhados pelo Minist\u00e9rio P\u00fablico e os promotores de cada cidade nos demais meses do ano. Trabalhamos durante todo o tempo com o intuito maior de ver o S\u00e3o Francisco preservado e as suas comunidades com melhor qualidade de vida&#8221;, declarou a promotora de Justi\u00e7a Lav\u00ednia Fragoso, coordenadora da a\u00e7\u00e3o.<\/p>\n\n\n\n<h3 class=\"wp-block-heading\"><strong>Divis\u00e3o de trabalhos<\/strong><\/h3>\n\n\n\n<p>Os profissionais est\u00e3o divididos em 13 grupos conforme a finalidade da fiscaliza\u00e7\u00e3o: 1) Extra\u00e7\u00e3o Mineral e Res\u00edduos; 2) Produtos de Origem Animal; 3) Recursos H\u00eddricos (Abastecimento de \u00c1gua e Esgotamento Sanit\u00e1rio); 4) Aqu\u00e1tica (Educa\u00e7\u00e3o Ambiental nas Col\u00f4nias e Seguran\u00e7a no Transporte Fluvial); 5) Produtos Perigosos (Agrot\u00f3xicos) e Ocupa\u00e7\u00e3o Irregular; 6) Fauna; 7) Centros de Sa\u00fade; 8) Flora; 9) Educa\u00e7\u00e3o Ambiental; 10) Comunidades Tradicionais e Patrim\u00f4nio Cultural; 11) Gest\u00e3o Ambiental; 12) Seguran\u00e7a de Barragens e Carcinicultura; e 13) Projeto Sede de Aprender.<\/p>\n\n\n\n<p>&#8220;S\u00e3o v\u00e1rios agentes p\u00fablicos e atores sociais atuando na fiscaliza\u00e7\u00e3o para defender o que diz o artigo 225, da Constitui\u00e7\u00e3o Federal, que diz que todos n\u00f3s temos direito ao meio ambiente ecologicamente equilibrado, e que ele \u00e9 bem de uso comum do povo e essencial \u00e0 sadia qualidade de vida, impondo-se ao Poder P\u00fablico e \u00e0 coletividade o dever de defend\u00ea-lo e preserv\u00e1-lo para as presentes e futuras gera\u00e7\u00f5es\u201d, defendeu o tamb\u00e9m coordenador da FPI e promotor de Justi\u00e7a Alberto Fonseca.<\/p>\n\n\n\n<h3 class=\"wp-block-heading\"><strong>Composi\u00e7\u00e3o<\/strong><\/h3>\n\n\n\n<p>Participam da 14\u00aa etapa da Fiscaliza\u00e7\u00e3o Preventiva Integrada a\u00a0<a href=\"https:\/\/www.defesaagropecuaria.al.gov.br\/\">Ag\u00eancia de Defesa e Inspe\u00e7\u00e3o Agropecu\u00e1ria de Alagoas (Adeal),<\/a>\u00a0<a href=\"https:\/\/alagoasdigital.al.gov.br\/unidade-de-atendimento\/814\">Batalh\u00e3o de Pol\u00edcia Ambiental da Pol\u00edcia Militar do Estado de Alagoas (BPA\/PMAL),<\/a>\u00a0<a href=\"https:\/\/cbhsaofrancisco.org.br\/\">Comit\u00ea da Bacia Hidrogr\u00e1fica do Rio Francisco (CBHSF),<\/a><a href=\"https:\/\/www.crea-al.org.br\/\">\u00a0Conselho Regional de Engenharia e Agronomia de Alagoas (Crea\/AL<\/a>),\u00a0<a href=\"https:\/\/www.crmv-al.org.br\/\">Conselho Regional de Medicina Veterin\u00e1ria de Alagoas (CRMV\/AL),<\/a>\u00a0<a href=\"https:\/\/www.crt03.gov.br\/\">Conselho Regional dos T\u00e9cnicos Industriais da 3\u00aa Regi\u00e3o (CRT-3)<\/a>,\u00a0<a href=\"https:\/\/institutohori.org.br\/\">Instituto Hori,<\/a>\u00a0<a href=\"https:\/\/www2.ima.al.gov.br\/\">Instituto do Meio Ambiente de Alagoas (IMA\/AL)<\/a>,\u00a0<a href=\"https:\/\/ipma.org.br\/\">Instituto Para Preserva\u00e7\u00e3o da Mata Atl\u00e2ntica (IPMA)<\/a>,\u00a0<a href=\"https:\/\/www.marinha.mil.br\/\">Marinha do Brasil<\/a>,\u00a0<a href=\"https:\/\/www.mpal.mp.br\/\">Minist\u00e9rio P\u00fablico do Estado de Alagoas (MPE)<\/a>,\u00a0<a href=\"https:\/\/www.mpf.mp.br\/al\/\">Minist\u00e9rio P\u00fablico Federal em Alagoas (MPF)<\/a>,\u00a0<a href=\"https:\/\/www.prt19.mpt.mp.br\/\">Minist\u00e9rio P\u00fablico do Trabalho em Alagoas (MPT)<\/a>,\u00a0<a href=\"https:\/\/www.gov.br\/pf\/pt-br\">Pol\u00edcia Federal (PF),<\/a>\u00a0<a href=\"https:\/\/www.gov.br\/prf\/pt-br\">Pol\u00edcia Rodovi\u00e1ria Federal (PRF<\/a>),\u00a0<a href=\"http:\/\/www.instagram.com\/redemulheresnct\">Rede Mulheres de Comunidades Tradicionais (RMCT)<\/a>,\u00a0<a href=\"https:\/\/semarh.al.gov.br\/\">Secretaria de Estado do Meio Ambiente e Recursos H\u00eddricos (SEMARH)<\/a>,\u00a0<a href=\"https:\/\/mulheredireitoshumanos.al.gov.br\/\">Secretaria de Estado da Mulher e dos Direitos Humanos (SEMUDH)<\/a>,\u00a0<a href=\"https:\/\/www.saude.al.gov.br\/\">Secretaria de Estado da Sa\u00fade (Sesau)<\/a>,\u00a0<a href=\"https:\/\/institutososcaatinga.com.br\/site\/\">SOS Caatinga<\/a>,\u00a0<a href=\"https:\/\/www.tceal.tc.br\/\">Tribunal de Contas do Estado de Alagoas (TCE\/AL),<\/a>\u00a0<a href=\"https:\/\/www.tre-al.jus.br\/\">Tribunal Regional Eleitoral de Alagoas (TRE\/AL)\u00a0<\/a>e<a href=\"https:\/\/uneal.edu.br\/institucional\/a-uneal\">\u00a0Universidade Estadual de Alagoas (Uneal).<\/a><\/p>\n\n\n\n<p>A FPI do Rio S\u00e3o Francisco em Alagoas \u00e9 coordenada pelo CBHSF, MPAL, MPF e BPA\/PMAL, que desenvolvem os trabalhos de intelig\u00eancia, organiza\u00e7\u00e3o e divulga\u00e7\u00e3o das atividades e resultados para a popula\u00e7\u00e3o.<\/p>\n\n\n\n<h3 class=\"wp-block-heading\"><strong>Innovare<\/strong><\/h3>\n\n\n\n<p>A Fiscaliza\u00e7\u00e3o Preventiva Integrada na Bacia Hidrogr\u00e1fica do Rio S\u00e3o Francisco, coordenada pelos Minist\u00e9rios P\u00fablicos Estaduais e Federais de Alagoas, Bahia, Sergipe, Pernambuco e Minas Gerais, \u00e9 uma das duas finalistas da 21\u00aa edi\u00e7\u00e3o do Pr\u00eamio Innovare na categoria Minist\u00e9rio P\u00fablico. Aqui no estado, o programa \u00e9 coordenado pelos promotores de Justi\u00e7a com atua\u00e7\u00e3o ambiental, Alberto Fonseca, Lav\u00ednia Fragoso e Kleber Valadares, e pelo procurador da Rep\u00fablica \u00c9rico Gomes, do N\u00facleo do Meio Ambiente do MPF.<\/p>\n\n\n\n<p>A honraria, neste ano de 2024, vai celebrar 20 anos e est\u00e1 preparando sua 21\u00aa premia\u00e7\u00e3o para 11 de dezembro, durante cerim\u00f4nia que acontecer\u00e1 no Supremo Tribunal Federal (STF). &#8220;Chegarmos \u00e0 essa final \u00e9 uma prova concreta de que uma a\u00e7\u00e3o promovida de maneira colegiada consegue empreender resultados extraordin\u00e1rios. E ver um projeto ligado ao meio ambiente receber esse reconhecimento refor\u00e7a a nossa certeza de que cuidar do planeta \u00e9 uma tarefa coletiva. O mau uso e descaso com os recursos naturais geram problemas de toda ordem, e agir com sustentabilidade \u00e9 permitir o desenvolvimento sem causar preju\u00edzo \u00e0s pr\u00f3ximas gera\u00e7\u00f5es&#8221;, comentou Kleber Valadares.<\/p>\n\n\n\n<p>Est\u00e3o na disputa pelo 1\u00ba lugar 12 finalistas em seis categorias: Tribunal, Juiz, Minist\u00e9rio P\u00fablico, Defensoria P\u00fablica, Advocacia e Justi\u00e7a e Cidadania. Desde a sua primeira edi\u00e7\u00e3o em 2004, o Pr\u00eamio j\u00e1 reconheceu 284 iniciativas, promovendo a replica\u00e7\u00e3o de boas pr\u00e1ticas no Sistema de Justi\u00e7a brasileiro.<\/p>\n\n\n\n<p>Realizado pelo Instituto Innovare, o Pr\u00eamio conta com o apoio de v\u00e1rias entidades do Sistema de Justi\u00e7a e do Grupo Globo.<\/p>\n\n\n\n<p><\/p>\n\n\n\n<h3 class=\"wp-block-heading\"><strong>Leia tamb\u00e9m<\/strong><\/h3>\n\n\n\n<p><a href=\"https:\/\/fpisaofrancisco.inf.br\/index.php\/2024\/11\/23\/abate-clandestino-flagrado\/\">FPI flagra abate clandestino e evita o adoecimento da popula\u00e7\u00e3o em Penedo<\/a><br><a href=\"https:\/\/fpisaofrancisco.inf.br\/index.php\/2024\/11\/22\/esgoto-contamina-rio-sao-francisco\/\">Esgoto contamina Rio S\u00e3o Francisco e amea\u00e7a a popula\u00e7\u00e3o de Olho d\u00b4\u00c1gua Grande<\/a><\/p>\n\n\n\n<p><a href=\"https:\/\/fpisaofrancisco.inf.br\/index.php\/2024\/11\/22\/comunidade-indigena-pankaraus-luzia\/\">Comunidade Ind\u00edgena Luzia da etnia Pankararu foi visitada<\/a><\/p>\n\n\n\n<p><a href=\"https:\/\/fpisaofrancisco.inf.br\/index.php\/2024\/11\/22\/lixao-flagrado-em-feira-grande\/\">FPI flagra lix\u00e3o, interdita \u00e1rea e multa a Prefeitura de Feira Grande em R$ 50 mil<\/a><\/p>\n\n\n\n<p><a href=\"https:\/\/fpisaofrancisco.inf.br\/index.php\/2024\/11\/21\/comunidades-indigenas-recebem-agua-sem-tratamento\/\">Comunidades ind\u00edgenas recebem \u00e1gua sem tratamento e Prefeitura \u00e9 notificada durante a\u00e7\u00e3o da FPI<\/a><\/p>\n\n\n\n<p><a href=\"https:\/\/fpisaofrancisco.inf.br\/index.php\/2024\/11\/21\/dialogo-com-ciganos\/\">FPI avan\u00e7a em di\u00e1logo com ciganos para inclus\u00e3o social em Penedo\/AL<\/a><\/p>\n\n\n\n<p><a href=\"https:\/\/fpisaofrancisco.inf.br\/index.php\/2024\/11\/21\/areas-desmatadas-embargadas-equivalem-a-419-campos-de-futebol\/\">FPI do Rio S\u00e3o Francisco embarga \u00e1reas desmatadas que equivalem a 419 campos de futebol<\/a><br><a href=\"https:\/\/fpisaofrancisco.inf.br\/index.php\/2024\/11\/21\/barco-escola-promove-inclusao-e-educacao-ambiental\/\">No Dia da Consci\u00eancia Negra, barco-escola promove inclus\u00e3o e educa\u00e7\u00e3o ambiental<\/a><\/p>\n\n\n\n<p><a href=\"https:\/\/fpisaofrancisco.inf.br\/index.php\/2024\/11\/21\/pixaim-resiste\/\">Entre o rio e as dunas, Pixaim resiste: uma hist\u00f3ria de luta e ancestralidade<\/a><\/p>\n\n\n\n<p><a href=\"https:\/\/fpisaofrancisco.inf.br\/index.php\/2024\/11\/21\/aves-ganham-liberdade-no-dia-da-consciencia-negra\/\">De volta \u00e0 natureza: aves ganham liberdade no dia da Consci\u00eancia Negra<\/a><\/p>\n\n\n\n<p><a href=\"https:\/\/fpisaofrancisco.inf.br\/index.php\/2024\/11\/19\/quilombolas-do-oiteiro-e-tabuleiro-dos-negros\/\">FPI visita comunidades quilombolas do Oiteiro e Tabuleiro dos Negros<\/a><\/p>\n\n\n\n<p><a href=\"https:\/\/fpisaofrancisco.inf.br\/index.php\/2024\/11\/19\/agua-sem-tratamento-adequado-distribuida-para-comunidades-ribeirinhas\/\">FPI constata distribui\u00e7\u00e3o de \u00e1gua sem tratamento adequado a comunidades ribeirinhas<\/a><\/p>\n\n\n\n<p><a href=\"https:\/\/fpisaofrancisco.inf.br\/index.php\/2024\/11\/19\/criatorio-de-camaroes-tem-prazo-para-adequar-as-normas-ambientais\/\">Criat\u00f3rio de camar\u00f5es tem prazo de 30 dias para adequa\u00e7\u00e3o \u00e0s normas ambientais<\/a><\/p>\n\n\n\n<p><a href=\"https:\/\/fpisaofrancisco.inf.br\/index.php\/2024\/11\/19\/fpi-notifica-sete-embarcacoes\/\">FPI do Rio S\u00e3o Francisco notifica sete embarca\u00e7\u00f5es por infra\u00e7\u00f5es navais<\/a><\/p>\n\n\n\n<p><a href=\"http:\/\/xn--fpi%20flagra%20abate%20irregular%20de%20sunos%20em%20casa%20de%20farinha%20no%20agreste%20alagoano-s3i\/\">FPI flagra abate irregular de su\u00ednos em casa de farinha no Agreste alagoano<\/a><\/p>\n\n\n\n<p><a href=\"https:\/\/fpisaofrancisco.inf.br\/index.php\/2024\/11\/19\/crimes-ambientais-sao-flagrados-em-junqueiro\/\">Crimes ambientais s\u00e3o flagrados em Junqueiro pela FPI do Rio S\u00e3o Francisco<\/a><\/p>\n\n\n\n<p><a href=\"https:\/\/fpisaofrancisco.inf.br\/index.php\/2024\/11\/19\/fpi-resgata-34-aves\/\">FPI resgata 34 aves silvestres em Arapiraca<\/a><\/p>\n\n\n\n<p><a href=\"https:\/\/fpisaofrancisco.inf.br\/index.php\/2024\/11\/19\/fpi-interdita-790-litros-de-agrotoxicos\/\">FPI interdita 790 litros de agrot\u00f3xicos em com\u00e9rcio irregular<\/a><\/p>\n\n\n\n<p><a href=\"https:\/\/fpisaofrancisco.inf.br\/index.php\/2024\/11\/18\/14a-etapa-fpial_inicia\/\">FPI do Rio S\u00e3o Francisco d\u00e1 in\u00edcio \u00e0 14\u00aa etapa em Alagoas com foco em munic\u00edpios do Agreste e Sert\u00e3o<\/a><\/p>\n","protected":false},"excerpt":{"rendered":"<p>FPI completa uma d\u00e9cada de atua\u00e7\u00e3o em Alagoas. Na sua 14a edi\u00e7\u00e3o sua atua\u00e7\u00e3o d\u00e1-se em tr\u00eas frentes de trabalho &#8211; fiscaliza\u00e7\u00e3o, gest\u00e3o e educa\u00e7\u00e3o<\/p>\n","protected":false},"author":7,"featured_media":7723,"comment_status":"open","ping_status":"open","sticky":false,"template":"","format":"standard","meta":{"_jetpack_memberships_contains_paid_content":false,"footnotes":""},"categories":[189],"tags":[188,94,212,60,61],"class_list":["post-7721","post","type-post","status-publish","format-standard","has-post-thumbnail","hentry","category-14a-etapa-fpi-al","tag-14fpial","tag-fpi","tag-innovare","tag-meio-ambiente","tag-velho-chico","category-189","description-off"],"aioseo_notices":[],"jetpack_featured_media_url":"https:\/\/fpisaofrancisco.inf.br\/wp-content\/uploads\/2024\/11\/WhatsApp-Image-2024-11-23-at-13.24.30-scaled.jpeg","jetpack_sharing_enabled":true,"_links":{"self":[{"href":"https:\/\/fpisaofrancisco.inf.br\/index.php\/wp-json\/wp\/v2\/posts\/7721","targetHints":{"allow":["GET"]}}],"collection":[{"href":"https:\/\/fpisaofrancisco.inf.br\/index.php\/wp-json\/wp\/v2\/posts"}],"about":[{"href":"https:\/\/fpisaofrancisco.inf.br\/index.php\/wp-json\/wp\/v2\/types\/post"}],"author":[{"embeddable":true,"href":"https:\/\/fpisaofrancisco.inf.br\/index.php\/wp-json\/wp\/v2\/users\/7"}],"replies":[{"embeddable":true,"href":"https:\/\/fpisaofrancisco.inf.br\/index.php\/wp-json\/wp\/v2\/comments?post=7721"}],"version-history":[{"count":2,"href":"https:\/\/fpisaofrancisco.inf.br\/index.php\/wp-json\/wp\/v2\/posts\/7721\/revisions"}],"predecessor-version":[{"id":7724,"href":"https:\/\/fpisaofrancisco.inf.br\/index.php\/wp-json\/wp\/v2\/posts\/7721\/revisions\/7724"}],"wp:featuredmedia":[{"embeddable":true,"href":"https:\/\/fpisaofrancisco.inf.br\/index.php\/wp-json\/wp\/v2\/media\/7723"}],"wp:attachment":[{"href":"https:\/\/fpisaofrancisco.inf.br\/index.php\/wp-json\/wp\/v2\/media?parent=7721"}],"wp:term":[{"taxonomy":"category","embeddable":true,"href":"https:\/\/fpisaofrancisco.inf.br\/index.php\/wp-json\/wp\/v2\/categories?post=7721"},{"taxonomy":"post_tag","embeddable":true,"href":"https:\/\/fpisaofrancisco.inf.br\/index.php\/wp-json\/wp\/v2\/tags?post=7721"}],"curies":[{"name":"wp","href":"https:\/\/api.w.org\/{rel}","templated":true}]}}