{"id":7700,"date":"2024-11-22T16:35:56","date_gmt":"2024-11-22T16:35:56","guid":{"rendered":"https:\/\/fpisaofrancisco.inf.br\/?p=7700"},"modified":"2024-11-23T12:39:18","modified_gmt":"2024-11-23T12:39:18","slug":"comunidade-indigena-pankaraus-luzia","status":"publish","type":"post","link":"https:\/\/fpisaofrancisco.inf.br\/index.php\/2024\/11\/22\/comunidade-indigena-pankaraus-luzia\/","title":{"rendered":"Visita da FPI flagra condi\u00e7\u00f5es de extrema vulnerabilidade na comunidade ind\u00edgena Luzia, de Pankararus, em Penedo\/AL"},"content":{"rendered":"\n<p class=\"has-white-color has-accent-background-color has-text-color has-background has-link-color wp-elements-e24f9abd74aa73e51dcce954b14da000\">A equipe de Comunidades Tradicionais e Patrim\u00f4nio Cultural da Fiscaliza\u00e7\u00e3o Preventiva Integrada (FPI) realizou sua primeira visita \u00e0s moradias ocupadas pela comunidade Luzia, de ind\u00edgenas da etnia Pankararu, no munic\u00edpio de Penedo, Alagoas. A pequena vila, que abriga cerca de 10 fam\u00edlias (quase 50 pessoas), exp\u00f5e uma triste realidade: h\u00e1 oito anos, essas fam\u00edlias vivem em condi\u00e7\u00f5es extremamente prec\u00e1rias, enfrentando desafios estruturais, sociais e de sa\u00fade p\u00fablica.<\/p>\n\n\n\n<p>A origem da comunidade remonta aos dissidentes dos Xucuru Kariri, de Palmeira dos \u00cdndios, que buscaram em Penedo um lugar para viver. No entanto, as moradias que ocupam n\u00e3o oferecem o m\u00ednimo necess\u00e1rio para uma vida digna. Durante a visita, que ocorreu nesta ter\u00e7a-feira (19), foram constatadas as seguintes condi\u00e7\u00f5es:<\/p>\n\n\n\n<p>\u25cf Moradias inadequadas: as casas onde as fam\u00edlias vivem foram avaliadas como impr\u00f3prias para habita\u00e7\u00e3o. Embora o munic\u00edpio tenha oferecido aluguel social, at\u00e9 o momento, n\u00e3o foram encontradas resid\u00eancias dispon\u00edveis para a transa\u00e7\u00e3o.<br>\u25cf Falta de saneamento b\u00e1sico: o esgoto corre a c\u00e9u aberto, expondo as fam\u00edlias, especialmente as crian\u00e7as, a s\u00e9rios riscos de sa\u00fade.<br>\u25cf Abastecimento de \u00e1gua prec\u00e1rio: toda a vila \u00e9 abastecida por um \u00fanico ponto de \u00e1gua, que deve ser utilizado com baldes. No dia da visita, n\u00e3o havia \u00e1gua na comunidade desde as primeiras horas da manh\u00e3, situa\u00e7\u00e3o que se repete frequentemente.<br>\u25cf Ac\u00famulo de lixo: a grande quantidade de res\u00edduos encontrados no local agrava ainda mais o cen\u00e1rio de insalubridade e vulnerabilidade.<\/p>\n\n\n\n<p>Para sobreviver, as fam\u00edlias dependem de programas sociais como o Bolsa Fam\u00edlia e de doa\u00e7\u00f5es. Em um esfor\u00e7o para proteger as crian\u00e7as da comunidade, o munic\u00edpio fornece quatro cestas b\u00e1sicas \u00e0s fam\u00edlias de adolescentes flagrados trabalhando na feira local, como forma de evitar que voltem \u00e0 atividade. As crian\u00e7as est\u00e3o devidamente matriculadas em escolas e creches da regi\u00e3o.<\/p>\n\n\n\n<figure class=\"wp-block-gallery has-nested-images columns-default is-cropped wp-block-gallery-1 is-layout-flex wp-block-gallery-is-layout-flex\">\n<figure class=\"wp-block-image size-large\"><img fetchpriority=\"high\" decoding=\"async\" width=\"1024\" height=\"576\" data-id=\"7704\" src=\"https:\/\/fpisaofrancisco.inf.br\/wp-content\/uploads\/2024\/11\/WhatsApp-Image-2024-11-23-at-07.26.54-1-1024x576.jpeg\" alt=\"\" class=\"wp-image-7704\" srcset=\"https:\/\/fpisaofrancisco.inf.br\/wp-content\/uploads\/2024\/11\/WhatsApp-Image-2024-11-23-at-07.26.54-1-1024x576.jpeg 1024w, https:\/\/fpisaofrancisco.inf.br\/wp-content\/uploads\/2024\/11\/WhatsApp-Image-2024-11-23-at-07.26.54-1-300x169.jpeg 300w, https:\/\/fpisaofrancisco.inf.br\/wp-content\/uploads\/2024\/11\/WhatsApp-Image-2024-11-23-at-07.26.54-1-768x432.jpeg 768w, https:\/\/fpisaofrancisco.inf.br\/wp-content\/uploads\/2024\/11\/WhatsApp-Image-2024-11-23-at-07.26.54-1-1536x864.jpeg 1536w, https:\/\/fpisaofrancisco.inf.br\/wp-content\/uploads\/2024\/11\/WhatsApp-Image-2024-11-23-at-07.26.54-1-2048x1152.jpeg 2048w\" sizes=\"(max-width: 1024px) 100vw, 1024px\" \/><figcaption class=\"wp-element-caption\">Cr\u00e9dito Comunica\u00e7\u00e3o FPI AL<\/figcaption><\/figure>\n\n\n\n<figure class=\"wp-block-image size-large\"><img decoding=\"async\" width=\"1024\" height=\"576\" data-id=\"7703\" src=\"https:\/\/fpisaofrancisco.inf.br\/wp-content\/uploads\/2024\/11\/WhatsApp-Image-2024-11-23-at-07.26.54-1024x576.jpeg\" alt=\"\" class=\"wp-image-7703\" srcset=\"https:\/\/fpisaofrancisco.inf.br\/wp-content\/uploads\/2024\/11\/WhatsApp-Image-2024-11-23-at-07.26.54-1024x576.jpeg 1024w, https:\/\/fpisaofrancisco.inf.br\/wp-content\/uploads\/2024\/11\/WhatsApp-Image-2024-11-23-at-07.26.54-300x169.jpeg 300w, https:\/\/fpisaofrancisco.inf.br\/wp-content\/uploads\/2024\/11\/WhatsApp-Image-2024-11-23-at-07.26.54-768x432.jpeg 768w, https:\/\/fpisaofrancisco.inf.br\/wp-content\/uploads\/2024\/11\/WhatsApp-Image-2024-11-23-at-07.26.54-1536x864.jpeg 1536w, https:\/\/fpisaofrancisco.inf.br\/wp-content\/uploads\/2024\/11\/WhatsApp-Image-2024-11-23-at-07.26.54-2048x1152.jpeg 2048w\" sizes=\"(max-width: 1024px) 100vw, 1024px\" \/><figcaption class=\"wp-element-caption\">Cr\u00e9dito Comunica\u00e7\u00e3o FPI AL<\/figcaption><\/figure>\n<\/figure>\n\n\n\n<p>A Funda\u00e7\u00e3o Nacional do \u00cdndio (Funai) esteve na comunidade pela primeira vez no ano passado, em 2023, mas as demandas continuam urgentes. A precariedade enfrentada pelas fam\u00edlias ind\u00edgenas da Comunidade Luzia exige aten\u00e7\u00e3o imediata das autoridades p\u00fablicas e da sociedade civil.<\/p>\n\n\n\n<p>A visita contou com a presen\u00e7a de representantes do Minist\u00e9rio P\u00fablico Federal (MPF), que coordena as a\u00e7\u00f5es por meio do antrop\u00f3logo Ivan Farias, e de membros da Secretaria de Estado da Mulher e dos Direitos Humanos (Semudh), do Tribunal Regional Eleitoral de Alagoas (TRE\/AL), da Pol\u00edcia Federal (PF) e da Rede de Mulheres de Comunidades Tradicionais. A visita foi acompanhada pelos procuradores da Rep\u00fablica Eliabe Soares, respons\u00e1vel pelo Of\u00edcio de Povos Ind\u00edgenas e Comunidades Tradicionais em Alagoas, e \u00c9rico Gomes, integrante do n\u00facleo de meio ambiente e um dos coordenadores da FPI no estado.<\/p>\n\n\n\n<p>Al\u00e9m disso, o MPF e a Semudh avaliar\u00e3o a possibilidade de estabelecer um acordo t\u00e9cnico de coopera\u00e7\u00e3o com diversos \u00f3rg\u00e3os e institui\u00e7\u00f5es p\u00fablicas, a fim de concentrar esfor\u00e7os no intuito de encontrar um local adequado para o estabelecimento de um aldeamento digno. O objetivo \u00e9 garantir que a comunidade Pankararu possa manter suas tradi\u00e7\u00f5es, saberes e, principalmente, preservar sua pr\u00f3pria exist\u00eancia enquanto povo ind\u00edgena.<\/p>\n\n\n\n<p>A visita da FPI n\u00e3o s\u00f3 revelou as car\u00eancias estruturais da comunidade, mas tamb\u00e9m a for\u00e7a e a resili\u00eancia de um povo que luta pela sobreviv\u00eancia em meio \u00e0 adversidade. \u00c9 necess\u00e1rio um esfor\u00e7o coletivo para garantir condi\u00e7\u00f5es de vida dignas para essas fam\u00edlias, respeitando sua identidade cultural e assegurando seus direitos fundamentais.<\/p>\n\n\n\n<h3 class=\"wp-block-heading\"><strong>A FPI do Rio S\u00e3o Francisco<\/strong><\/h3>\n\n\n\n<p>A FPI tem o objetivo de melhorar a qualidade ambiental da Bacia Hidrogr\u00e1fica do Rio S\u00e3o Francisco e a qualidade de vida dos seus povos. Os trabalhos acontecem de modo cont\u00ednuo e permanente. Para isso, realizam-se o diagn\u00f3stico dos danos ambientais e a ado\u00e7\u00e3o de provid\u00eancias administrativas, c\u00edveis e criminais com a indu\u00e7\u00e3o de pol\u00edticas p\u00fablicas.<\/p>\n\n\n\n<p>Como programa, a FPI \u00e9 estruturada em tr\u00eas fases: planejamento, campo e desdobramentos. A fase de desdobramento compreende o acompanhamento e monitoramento dos diagn\u00f3sticos realizados e a atua\u00e7\u00e3o de repercuss\u00f5es de medidas administrativas pelos \u00f3rg\u00e3os envolvidos, c\u00edveis e\/ou criminais e pelo Minist\u00e9rio P\u00fablico competente.<\/p>\n\n\n\n<p>Tamb\u00e9m \u00e9 na fase de desdobramentos que o poder p\u00fablico e a sociedade civil organizada contribuem na regulariza\u00e7\u00e3o dos empreendimentos, repara\u00e7\u00e3o de danos detectados e efetiva\u00e7\u00e3o das medidas de prote\u00e7\u00e3o necess\u00e1rias.<\/p>\n\n\n\n<p>Participam da 14\u00aa etapa da Fiscaliza\u00e7\u00e3o Preventiva Integrada a&nbsp;<a href=\"https:\/\/www.defesaagropecuaria.al.gov.br\/\">Ag\u00eancia de Defesa e Inspe\u00e7\u00e3o Agropecu\u00e1ria de Alagoas (Adeal),<\/a>&nbsp;<a href=\"https:\/\/alagoasdigital.al.gov.br\/unidade-de-atendimento\/814\">Batalh\u00e3o de Pol\u00edcia Ambiental da Pol\u00edcia Militar do Estado de Alagoas (BPA\/PMAL),<\/a>&nbsp;<a href=\"https:\/\/cbhsaofrancisco.org.br\/\">Comit\u00ea da Bacia Hidrogr\u00e1fica do Rio Francisco (CBHSF),<\/a><a href=\"https:\/\/www.crea-al.org.br\/\">&nbsp;Conselho Regional de Engenharia e Agronomia de Alagoas (Crea\/AL<\/a>),&nbsp;<a href=\"https:\/\/www.crmv-al.org.br\/\">Conselho Regional de Medicina Veterin\u00e1ria de Alagoas (CRMV\/AL),<\/a>&nbsp;<a href=\"https:\/\/www.crt03.gov.br\/\">Conselho Regional dos T\u00e9cnicos Industriais da 3\u00aa Regi\u00e3o (CRT-3)<\/a>,&nbsp;<a href=\"https:\/\/institutohori.org.br\/\">Instituto Hori,<\/a>&nbsp;<a href=\"https:\/\/www2.ima.al.gov.br\/\">Instituto do Meio Ambiente de Alagoas (IMA\/AL)<\/a>,&nbsp;<a href=\"https:\/\/ipma.org.br\/\">Instituto Para Preserva\u00e7\u00e3o da Mata Atl\u00e2ntica (IPMA)<\/a>,&nbsp;<a href=\"https:\/\/www.marinha.mil.br\/\">Marinha do Brasil<\/a>,&nbsp;<a href=\"https:\/\/www.mpal.mp.br\/\">Minist\u00e9rio P\u00fablico do Estado de Alagoas (MPE)<\/a>,&nbsp;<a href=\"https:\/\/www.mpf.mp.br\/al\/\">Minist\u00e9rio P\u00fablico Federal em Alagoas (MPF)<\/a>,&nbsp;<a href=\"https:\/\/www.prt19.mpt.mp.br\/\">Minist\u00e9rio P\u00fablico do Trabalho em Alagoas (MPT)<\/a>,&nbsp;<a href=\"https:\/\/www.gov.br\/pf\/pt-br\">Pol\u00edcia Federal (PF),<\/a>&nbsp;<a href=\"https:\/\/www.gov.br\/prf\/pt-br\">Pol\u00edcia Rodovi\u00e1ria Federal (PRF<\/a>),&nbsp;<a href=\"http:\/\/www.instagram.com\/redemulheresnct\">Rede Mulheres de Comunidades Tradicionais (RMCT)<\/a>,&nbsp;<a href=\"https:\/\/semarh.al.gov.br\/\">Secretaria de Estado do Meio Ambiente e Recursos H\u00eddricos (SEMARH)<\/a>,&nbsp;<a href=\"https:\/\/mulheredireitoshumanos.al.gov.br\/\">Secretaria de Estado da Mulher e dos Direitos Humanos (SEMUDH)<\/a>,&nbsp;<a href=\"https:\/\/www.saude.al.gov.br\/\">Secretaria de Estado da Sa\u00fade (Sesau)<\/a>,&nbsp;<a href=\"https:\/\/institutososcaatinga.com.br\/site\/\">SOS Caatinga<\/a>,&nbsp;<a href=\"https:\/\/www.tceal.tc.br\/\">Tribunal de Contas do Estado de Alagoas (TCE\/AL),<\/a>&nbsp;<a href=\"https:\/\/www.tre-al.jus.br\/\">Tribunal Regional Eleitoral de Alagoas (TRE\/AL)&nbsp;<\/a>e<a href=\"https:\/\/uneal.edu.br\/institucional\/a-uneal\">&nbsp;Universidade Estadual de Alagoas (Uneal).<\/a><\/p>\n\n\n\n<p>A FPI do Rio S\u00e3o Francisco em Alagoas \u00e9 coordenada pelo CBHSF, MPE, MPF e BPA\/PMAL, que desenvolvem os trabalhos de intelig\u00eancia, organiza\u00e7\u00e3o e divulga\u00e7\u00e3o das atividades e resultados para a popula\u00e7\u00e3o.<\/p>\n\n\n\n<h3 class=\"wp-block-heading\"><strong>Leia tamb\u00e9m<\/strong><\/h3>\n\n\n\n<p><a href=\"https:\/\/fpisaofrancisco.inf.br\/index.php\/2024\/11\/22\/lixao-flagrado-em-feira-grande\/\">FPI flagra lix\u00e3o, interdita \u00e1rea e multa a Prefeitura de Feira Grande em R$ 50 mil<\/a><\/p>\n\n\n\n<p><a href=\"https:\/\/fpisaofrancisco.inf.br\/index.php\/2024\/11\/21\/comunidades-indigenas-recebem-agua-sem-tratamento\/\">Comunidades ind\u00edgenas recebem \u00e1gua sem tratamento e Prefeitura \u00e9 notificada durante a\u00e7\u00e3o da FPI<\/a><\/p>\n\n\n\n<p><a href=\"https:\/\/fpisaofrancisco.inf.br\/index.php\/2024\/11\/21\/dialogo-com-ciganos\/\">FPI avan\u00e7a em di\u00e1logo com ciganos para inclus\u00e3o social em Penedo\/AL<\/a><\/p>\n\n\n\n<p><a href=\"https:\/\/fpisaofrancisco.inf.br\/index.php\/2024\/11\/21\/areas-desmatadas-embargadas-equivalem-a-419-campos-de-futebol\/\">FPI do Rio S\u00e3o Francisco embarga \u00e1reas desmatadas que equivalem a 419 campos de futebol<\/a><br><a href=\"https:\/\/fpisaofrancisco.inf.br\/index.php\/2024\/11\/21\/barco-escola-promove-inclusao-e-educacao-ambiental\/\">No Dia da Consci\u00eancia Negra, barco-escola promove inclus\u00e3o e educa\u00e7\u00e3o ambiental<\/a><\/p>\n\n\n\n<p><a href=\"https:\/\/fpisaofrancisco.inf.br\/index.php\/2024\/11\/21\/pixaim-resiste\/\">Entre o rio e as dunas, Pixaim resiste: uma hist\u00f3ria de luta e ancestralidade<\/a><\/p>\n\n\n\n<p><a href=\"https:\/\/fpisaofrancisco.inf.br\/index.php\/2024\/11\/21\/aves-ganham-liberdade-no-dia-da-consciencia-negra\/\">De volta \u00e0 natureza: aves ganham liberdade no dia da Consci\u00eancia Negra<\/a><\/p>\n\n\n\n<p><a href=\"https:\/\/fpisaofrancisco.inf.br\/index.php\/2024\/11\/19\/quilombolas-do-oiteiro-e-tabuleiro-dos-negros\/\">FPI visita comunidades quilombolas do Oiteiro e Tabuleiro dos Negros<\/a><\/p>\n\n\n\n<p><a href=\"https:\/\/fpisaofrancisco.inf.br\/index.php\/2024\/11\/19\/agua-sem-tratamento-adequado-distribuida-para-comunidades-ribeirinhas\/\">FPI constata distribui\u00e7\u00e3o de \u00e1gua sem tratamento adequado a comunidades ribeirinhas<\/a><\/p>\n\n\n\n<p><a href=\"https:\/\/fpisaofrancisco.inf.br\/index.php\/2024\/11\/19\/criatorio-de-camaroes-tem-prazo-para-adequar-as-normas-ambientais\/\">Criat\u00f3rio de camar\u00f5es tem prazo de 30 dias para adequa\u00e7\u00e3o \u00e0s normas ambientais<\/a><\/p>\n\n\n\n<p><a href=\"https:\/\/fpisaofrancisco.inf.br\/index.php\/2024\/11\/19\/fpi-notifica-sete-embarcacoes\/\">FPI do Rio S\u00e3o Francisco notifica sete embarca\u00e7\u00f5es por infra\u00e7\u00f5es navais<\/a><\/p>\n\n\n\n<p><a href=\"http:\/\/xn--fpi%20flagra%20abate%20irregular%20de%20sunos%20em%20casa%20de%20farinha%20no%20agreste%20alagoano-s3i\/\">FPI flagra abate irregular de su\u00ednos em casa de farinha no Agreste alagoano<\/a><\/p>\n\n\n\n<p><a href=\"https:\/\/fpisaofrancisco.inf.br\/index.php\/2024\/11\/19\/crimes-ambientais-sao-flagrados-em-junqueiro\/\">Crimes ambientais s\u00e3o flagrados em Junqueiro pela FPI do Rio S\u00e3o Francisco<\/a><\/p>\n\n\n\n<p><a href=\"https:\/\/fpisaofrancisco.inf.br\/index.php\/2024\/11\/19\/fpi-resgata-34-aves\/\">FPI resgata 34 aves silvestres em Arapiraca<\/a><\/p>\n\n\n\n<p><a href=\"https:\/\/fpisaofrancisco.inf.br\/index.php\/2024\/11\/19\/fpi-interdita-790-litros-de-agrotoxicos\/\">FPI interdita 790 litros de agrot\u00f3xicos em com\u00e9rcio irregular<\/a><\/p>\n\n\n\n<p><a href=\"https:\/\/fpisaofrancisco.inf.br\/index.php\/2024\/11\/18\/14a-etapa-fpial_inicia\/\">FPI do Rio S\u00e3o Francisco d\u00e1 in\u00edcio \u00e0 14\u00aa etapa em Alagoas com foco em munic\u00edpios do Agreste e Sert\u00e3o<\/a><\/p>\n","protected":false},"excerpt":{"rendered":"<p>Institui\u00e7\u00f5es avaliar\u00e3o parceria com \u00f3rg\u00e3os para garantir condi\u00e7\u00f5es adequadas de habita\u00e7\u00e3o e preservar a identidade cultural da comunidade Luzia, de ind\u00edgenas Pankararus<\/p>\n","protected":false},"author":7,"featured_media":7701,"comment_status":"open","ping_status":"open","sticky":false,"template":"","format":"standard","meta":{"_jetpack_memberships_contains_paid_content":false,"footnotes":""},"categories":[189],"tags":[188,208,209,60,61],"class_list":["post-7700","post","type-post","status-publish","format-standard","has-post-thumbnail","hentry","category-14a-etapa-fpi-al","tag-14fpial","tag-comunidade-indigena","tag-comunidade-luzia-pankararu","tag-meio-ambiente","tag-velho-chico","category-189","description-off"],"aioseo_notices":[],"jetpack_featured_media_url":"https:\/\/fpisaofrancisco.inf.br\/wp-content\/uploads\/2024\/11\/WhatsApp-Image-2024-11-23-at-07.26.13-scaled.jpeg","jetpack_sharing_enabled":true,"_links":{"self":[{"href":"https:\/\/fpisaofrancisco.inf.br\/index.php\/wp-json\/wp\/v2\/posts\/7700","targetHints":{"allow":["GET"]}}],"collection":[{"href":"https:\/\/fpisaofrancisco.inf.br\/index.php\/wp-json\/wp\/v2\/posts"}],"about":[{"href":"https:\/\/fpisaofrancisco.inf.br\/index.php\/wp-json\/wp\/v2\/types\/post"}],"author":[{"embeddable":true,"href":"https:\/\/fpisaofrancisco.inf.br\/index.php\/wp-json\/wp\/v2\/users\/7"}],"replies":[{"embeddable":true,"href":"https:\/\/fpisaofrancisco.inf.br\/index.php\/wp-json\/wp\/v2\/comments?post=7700"}],"version-history":[{"count":2,"href":"https:\/\/fpisaofrancisco.inf.br\/index.php\/wp-json\/wp\/v2\/posts\/7700\/revisions"}],"predecessor-version":[{"id":7706,"href":"https:\/\/fpisaofrancisco.inf.br\/index.php\/wp-json\/wp\/v2\/posts\/7700\/revisions\/7706"}],"wp:featuredmedia":[{"embeddable":true,"href":"https:\/\/fpisaofrancisco.inf.br\/index.php\/wp-json\/wp\/v2\/media\/7701"}],"wp:attachment":[{"href":"https:\/\/fpisaofrancisco.inf.br\/index.php\/wp-json\/wp\/v2\/media?parent=7700"}],"wp:term":[{"taxonomy":"category","embeddable":true,"href":"https:\/\/fpisaofrancisco.inf.br\/index.php\/wp-json\/wp\/v2\/categories?post=7700"},{"taxonomy":"post_tag","embeddable":true,"href":"https:\/\/fpisaofrancisco.inf.br\/index.php\/wp-json\/wp\/v2\/tags?post=7700"}],"curies":[{"name":"wp","href":"https:\/\/api.w.org\/{rel}","templated":true}]}}