{"id":7695,"date":"2024-11-22T22:11:21","date_gmt":"2024-11-22T22:11:21","guid":{"rendered":"https:\/\/fpisaofrancisco.inf.br\/?p=7695"},"modified":"2024-11-23T10:14:32","modified_gmt":"2024-11-23T10:14:32","slug":"clipagem-fpial-22-11-2024","status":"publish","type":"post","link":"https:\/\/fpisaofrancisco.inf.br\/index.php\/2024\/11\/22\/clipagem-fpial-22-11-2024\/","title":{"rendered":"Clipagem da FPI\/AL do dia 22\/11\/2024"},"content":{"rendered":"\n<p><\/p>\n\n\n\n<p class=\"has-white-color has-accent-background-color has-text-color has-background has-link-color wp-elements-09975a80d4148a41f147befe8e969bc4\"><strong>DE VOLTA \u00c0 NATUREZA: AVES GANHAM LIBERDADE NO DIA DA CONSCI\u00caNCIA NEGRA<\/strong><\/p>\n\n\n\n<p>TV GAZETA \u2013 ALTV2 &#8211; <a href=\"https:\/\/globoplay.globo.com\/v\/13120683\/\">https:\/\/globoplay.globo.com\/v\/13120683\/<\/a><\/p>\n\n\n\n<p><\/p>\n\n\n\n<p class=\"has-white-color has-accent-background-color has-text-color has-background has-link-color wp-elements-44c9a54b989b862dfa906a693c188003\"><strong>FPI DO RIO S\u00c3O FRANCISCO EMBARGA \u00c1REAS DESMATADAS QUE EQUIVALEM A 419 CAMPOS DE FUTEBOL<\/strong><\/p>\n\n\n\n<p>TRIBUNA INDEPENDENTE &#8211; <a href=\"https:\/\/tribunahoje.com\/noticias\/interior\/2024\/11\/21\/147375-fpi-embarga-areas-desmatadas-que-equivalem-a-419-campos-de-futebol\">https:\/\/tribunahoje.com\/noticias\/interior\/2024\/11\/21\/147375-fpi-embarga-areas-desmatadas-que-equivalem-a-419-campos-de-futebol<\/a><\/p>\n\n\n\n<p>GAZETAWEB &#8211; <a href=\"https:\/\/www.gazetaweb.com\/alagoas\/fpi-embarga-areas-desmatadas-que-equivalem-a-419-campos-de-futebol-791912\">https:\/\/www.gazetaweb.com\/alagoas\/fpi-embarga-areas-desmatadas-que-equivalem-a-419-campos-de-futebol-791912<\/a><\/p>\n\n\n\n<p>TV SERT\u00c3O &#8211; <a href=\"https:\/\/www.instagram.com\/tvsertao_al\/reel\/DCpOpccoJTI\/\">https:\/\/www.instagram.com\/tvsertao_al\/reel\/DCpOpccoJTI\/<\/a><\/p>\n\n\n\n<p>ALAGOAS 24 HORAS &#8211;<a href=\" https:\/\/www.alagoas24horas.com.br\/1634845\/fpi-do-rio-sao-francisco-embarga-areas-desmatadas-que-equivalem-a-419-campos-de-futebol\/\"> https:\/\/www.alagoas24horas.com.br\/1634845\/fpi-do-rio-sao-francisco-embarga-areas-desmatadas-que-equivalem-a-419-campos-de-futebol\/<\/a><\/p>\n\n\n\n<p>7 SEGUNDOS &#8211; <a href=\"https:\/\/www.7segundos.com.br\/arapiraca\/noticias\/2024\/11\/21\/263668-fpi-do-rio-sao-francisco-embarga-areas-desmatadas-equivalentes-a-419-campos-de-futebol\">https:\/\/www.7segundos.com.br\/arapiraca\/noticias\/2024\/11\/21\/263668-fpi-do-rio-sao-francisco-embarga-areas-desmatadas-equivalentes-a-419-campos-de-futebol<\/a><\/p>\n\n\n\n<p>ALAGOAS ALERTA &#8211; <a href=\"https:\/\/alagoasalerta.com.br\/noticias\/interior\/fpi-do-rio-sao-francisco-embarga-areas-desmatadas-que-equivalem-a-419-campos-de-futebol\">https:\/\/alagoasalerta.com.br\/noticias\/interior\/fpi-do-rio-sao-francisco-embarga-areas-desmatadas-que-equivalem-a-419-campos-de-futebol<\/a><\/p>\n\n\n\n<p>CBN &#8211; <a href=\"https:\/\/cbnmaceio.com.br\/noticia\/19240\/fpi-do-rio-sao-francisco-embarga-areas-desmatadas-que-equivalem-a-419-campos-de-futebol\">https:\/\/cbnmaceio.com.br\/noticia\/19240\/fpi-do-rio-sao-francisco-embarga-areas-desmatadas-que-equivalem-a-419-campos-de-futebol<\/a><\/p>\n\n\n\n<p>J\u00c1 \u00c9 NOT\u00cdCIA &#8211; <a href=\"https:\/\/www.jaenoticia.com.br\/noticias\/2024\/11\/21\/128513-fiscalizacao-embarga-areas-desmatadas-que-equivalem-a-419-campos-de-futebol-em-limoeiro-de-anadia-olho-dagua-grande-e-sao-bras\">https:\/\/www.jaenoticia.com.br\/noticias\/2024\/11\/21\/128513-fiscalizacao-embarga-areas-desmatadas-que-equivalem-a-419-campos-de-futebol-em-limoeiro-de-anadia-olho-dagua-grande-e-sao-bras<\/a><\/p>\n\n\n\n<p><\/p>\n\n\n\n<p class=\"has-white-color has-accent-background-color has-text-color has-background has-link-color wp-elements-9475bdf278aca25657e3aad9729f7d9c\"><strong>FPI AVAN\u00c7A EM DI\u00c1LOGO COM CIGANOS PARA INCLUS\u00c3O SOCIAL EM PENEDO\/AL<\/strong><\/p>\n\n\n\n<p>TNH1 &#8211; <a href=\"https:\/\/tribunahoje.com\/noticias\/interior\/2024\/11\/21\/147412-fpi-avanca-em-dialogo-com-ciganos-para-inclusao-social-em-penedo\">https:\/\/tribunahoje.com\/noticias\/interior\/2024\/11\/21\/147412-fpi-avanca-em-dialogo-com-ciganos-para-inclusao-social-em-penedo<\/a><\/p>\n\n\n\n<p>PAINEL NOT\u00cdCIAS &#8211; <a href=\"https:\/\/painelnoticias.com.br\/geral\/244482\/fpi-avanca-em-dialogo-com-ciganos-para-inclusao-social-em-penedo-al\">https:\/\/painelnoticias.com.br\/geral\/244482\/fpi-avanca-em-dialogo-com-ciganos-para-inclusao-social-em-penedo-al<\/a><\/p>\n\n\n\n<p>7SEGUNDOS &#8211; <a href=\"https:\/\/www.7segundos.com.br\/arapiraca\/noticias\/2023\/05\/25\/228967-mpf-reune-se-com-ciganos-em-penedo-al\">https:\/\/www.7segundos.com.br\/arapiraca\/noticias\/2023\/05\/25\/228967-mpf-reune-se-com-ciganos-em-penedo-al<\/a><\/p>\n\n\n\n<p><\/p>\n\n\n\n<p class=\"has-white-color has-accent-background-color has-text-color has-background has-link-color wp-elements-4bc3415a6c49b2b85834c28c22141011\"><strong>COMUNIDADES IND\u00cdGENAS RECEBEM \u00c1GUA SEM TRATAMENTO E PREFEITURA \u00c9 NOTIFICADA DURANTE A\u00c7\u00c3O DA FPI<\/strong><\/p>\n\n\n\n<p>TRIBUNA HOJE &#8211; <a href=\"https:\/\/tribunahoje.com\/noticias\/interior\/2024\/11\/21\/147416-comunidades-indigenas-recebem-agua-sem-tratamento-e-prefeitura-e-notificada#google_vignette\">https:\/\/tribunahoje.com\/noticias\/interior\/2024\/11\/21\/147416-comunidades-indigenas-recebem-agua-sem-tratamento-e-prefeitura-e-notificada#google_vignette<\/a><\/p>\n\n\n\n<p>JORNAL EXTRA &#8211; <a href=\"https:\/\/ojornalextra.com.br\/noticias\/alagoas\/2024\/11\/109742-povos-indigenas-recebem-agua-sem-tratamento-e-prefeitura-e-notificada\">https:\/\/ojornalextra.com.br\/noticias\/alagoas\/2024\/11\/109742-povos-indigenas-recebem-agua-sem-tratamento-e-prefeitura-e-notificada<\/a><\/p>\n\n\n\n<p>ALAGOAS 24 HORAS &#8211; <a href=\"https:\/\/www.alagoas24horas.com.br\/1634898\/comunidades-indigenas-recebem-agua-sem-tratamento-e-prefeitura-e-notificada-durante-acao-da-fpi\/\">https:\/\/www.alagoas24horas.com.br\/1634898\/comunidades-indigenas-recebem-agua-sem-tratamento-e-prefeitura-e-notificada-durante-acao-da-fpi\/<\/a><\/p>\n\n\n\n<p>PAINEL NOT\u00cdCIAS &#8211; <a href=\"https:\/\/painelnoticias.com.br\/geral\/244491\/comunidades-indigenas-recebem-agua-sem-tratamento-e-prefeitura-e-notificada-durante-acao-da-fp\">https:\/\/painelnoticias.com.br\/geral\/244491\/comunidades-indigenas-recebem-agua-sem-tratamento-e-prefeitura-e-notificada-durante-acao-da-fp<\/a><\/p>\n","protected":false},"excerpt":{"rendered":"<p>S\u00edntese das not\u00edcias da FPI AL publicadas em meios de comunica\u00e7\u00e3o no dia 22 de novembro de 2024<\/p>\n","protected":false},"author":2,"featured_media":7692,"comment_status":"open","ping_status":"open","sticky":false,"template":"","format":"standard","meta":{"_jetpack_memberships_contains_paid_content":false,"footnotes":""},"categories":[189],"tags":[188,100,206,82,61],"class_list":["post-7695","post","type-post","status-publish","format-standard","has-post-thumbnail","hentry","category-14a-etapa-fpi-al","tag-14fpial","tag-cbhsf","tag-clipagem","tag-fpial","tag-velho-chico","category-189","description-off"],"aioseo_notices":[],"jetpack_featured_media_url":"https:\/\/fpisaofrancisco.inf.br\/wp-content\/uploads\/2024\/11\/WhatsApp-Image-2024-11-22-at-13.53.36.jpeg","jetpack_sharing_enabled":true,"_links":{"self":[{"href":"https:\/\/fpisaofrancisco.inf.br\/index.php\/wp-json\/wp\/v2\/posts\/7695","targetHints":{"allow":["GET"]}}],"collection":[{"href":"https:\/\/fpisaofrancisco.inf.br\/index.php\/wp-json\/wp\/v2\/posts"}],"about":[{"href":"https:\/\/fpisaofrancisco.inf.br\/index.php\/wp-json\/wp\/v2\/types\/post"}],"author":[{"embeddable":true,"href":"https:\/\/fpisaofrancisco.inf.br\/index.php\/wp-json\/wp\/v2\/users\/2"}],"replies":[{"embeddable":true,"href":"https:\/\/fpisaofrancisco.inf.br\/index.php\/wp-json\/wp\/v2\/comments?post=7695"}],"version-history":[{"count":1,"href":"https:\/\/fpisaofrancisco.inf.br\/index.php\/wp-json\/wp\/v2\/posts\/7695\/revisions"}],"predecessor-version":[{"id":7696,"href":"https:\/\/fpisaofrancisco.inf.br\/index.php\/wp-json\/wp\/v2\/posts\/7695\/revisions\/7696"}],"wp:featuredmedia":[{"embeddable":true,"href":"https:\/\/fpisaofrancisco.inf.br\/index.php\/wp-json\/wp\/v2\/media\/7692"}],"wp:attachment":[{"href":"https:\/\/fpisaofrancisco.inf.br\/index.php\/wp-json\/wp\/v2\/media?parent=7695"}],"wp:term":[{"taxonomy":"category","embeddable":true,"href":"https:\/\/fpisaofrancisco.inf.br\/index.php\/wp-json\/wp\/v2\/categories?post=7695"},{"taxonomy":"post_tag","embeddable":true,"href":"https:\/\/fpisaofrancisco.inf.br\/index.php\/wp-json\/wp\/v2\/tags?post=7695"}],"curies":[{"name":"wp","href":"https:\/\/api.w.org\/{rel}","templated":true}]}}