{"id":7693,"date":"2024-11-20T22:03:11","date_gmt":"2024-11-20T22:03:11","guid":{"rendered":"https:\/\/fpisaofrancisco.inf.br\/?p=7693"},"modified":"2024-11-23T10:05:24","modified_gmt":"2024-11-23T10:05:24","slug":"clipagem-fpial-20-11-2024","status":"publish","type":"post","link":"https:\/\/fpisaofrancisco.inf.br\/index.php\/2024\/11\/20\/clipagem-fpial-20-11-2024\/","title":{"rendered":"Clipagem da FPI\/AL do dia 20\/11\/2024"},"content":{"rendered":"\n<p><\/p>\n\n\n\n<p class=\"has-white-color has-accent-background-color has-text-color has-background has-link-color wp-elements-9d9044be0d706224e39327a63b5cda08\"><strong>FPI DO RIO S\u00c3O FRANCISCO D\u00c1 IN\u00cdCIO \u00c0 14\u00aa ETAPA EM ALAGOAS COM FOCO EM MUNIC\u00cdPIOS DO AGRESTE E SERT\u00c3O<\/strong><\/p>\n\n\n\n<p>TV GAZETA \u2013 ALTV2<br><a href=\"https:\/\/g1.globo.com\/al\/alagoas\/videos-altv-2-edicao\/#v\/13111181 \">https:\/\/g1.globo.com\/al\/alagoas\/videos-altv-2-edicao\/#v\/13111181 <\/a>(a partir de 19:37)<\/p>\n\n\n\n<p>TV PAJU\u00c7ARA \u2013 CIDADE ALERTA<br><a href=\"https:\/\/m.youtube.com\/watch?v=4XNvHfnwlq4\">https:\/\/m.youtube.com\/watch?v=4XNvHfnwlq4<\/a> (a partir de 01:26:30)<\/p>\n\n\n\n<p>SETE SEGUNDOS &#8211; <a href=\"https:\/\/www.7segundos.com.br\/arapiraca\/noticias\/2024\/11\/18\/263409-fpi-do-rio-sao-francisco-da-inicio-a-14a-etapa-em-alagoas\">https:\/\/www.7segundos.com.br\/arapiraca\/noticias\/2024\/11\/18\/263409-fpi-do-rio-sao-francisco-da-inicio-a-14a-etapa-em-alagoas<\/a><\/p>\n\n\n\n<p>ALAGOAS 24 HORAS &#8211; <a href=\"https:\/\/www.alagoas24horas.com.br\/1634170\/fpi-do-rio-sao-francisco-da-inicio-a-14a-etapa-em-alagoas-com-foco-em-municipios-do-agreste-e-sertao\/\">https:\/\/www.alagoas24horas.com.br\/1634170\/fpi-do-rio-sao-francisco-da-inicio-a-14a-etapa-em-alagoas-com-foco-em-municipios-do-agreste-e-sertao\/<\/a><\/p>\n\n\n\n<p>TODO SEGUNDO &#8211; <a href=\"https:\/\/mail.todosegundo.com.br\/noticia\/alagoas\/fiscalizacao-da-fpi-da-inicio-a-14-etapa-com-foco-no-agreste-e-sertao\/23\/38188\">https:\/\/mail.todosegundo.com.br\/noticia\/alagoas\/fiscalizacao-da-fpi-da-inicio-a-14-etapa-com-foco-no-agreste-e-sertao\/23\/38188<\/a><\/p>\n\n\n\n<p>EXTRA &#8211; https:\/\/ojornalextra.com.br\/noticias\/alagoas\/2024\/11\/109661-fpi-do-rio-sao-francisco-da-inicio-a-14a-etapa-em-alagoas<\/p>\n\n\n\n<p>MELHOR NOT\u00cdCIA &#8211; <a href=\"https:\/\/melhornoticia.com.br\/noticia\/interior\/mn129288110\/fpi-do-rio-sao-francisco-da-inicio-a-14-etapa-em-alagoas-com-foco-em-municipios-do-agreste-e-sertao\">https:\/\/melhornoticia.com.br\/noticia\/interior\/mn129288110\/fpi-do-rio-sao-francisco-da-inicio-a-14-etapa-em-alagoas-com-foco-em-municipios-do-agreste-e-sertao<\/a><\/p>\n\n\n\n<p>TRIBUNA DO SERT\u00c3O &#8211; <a href=\"https:\/\/tribunadosertao.com.br\/noticias\/2024\/11\/18\/624323-fpi-do-rio-sao-francisco-da-inicio-a-14a-etapa-em-alagoas-com-foco-em-municipios-do-agreste-e-sertao#google_vignette\">https:\/\/tribunadosertao.com.br\/noticias\/2024\/11\/18\/624323-fpi-do-rio-sao-francisco-da-inicio-a-14a-etapa-em-alagoas-com-foco-em-municipios-do-agreste-e-sertao#google_vignette<\/a><\/p>\n\n\n\n<p>ALAGOAS ALERTA &#8211;<a href=\" https:\/\/alagoasalerta.com.br\/noticias\/interior\/fpi-do-rio-sao-francisco-inicia-a-14a-etapa-em-al-com-foco-em-municipios-do-agreste-e-sertao\"> https:\/\/alagoasalerta.com.br\/noticias\/interior\/fpi-do-rio-sao-francisco-inicia-a-14a-etapa-em-al-com-foco-em-municipios-do-agreste-e-sertao<\/a><\/p>\n\n\n\n<p>TRIBUNA INDEPENDENTE &#8211; <a href=\"https:\/\/tribunahoje.com\/index.php\/noticias\/interior\/2024\/11\/18\/147217-fiscalizacao-da-inicio-a-14a-etapa-com-foco-em-municipios-do-agreste-e-sertao\">https:\/\/tribunahoje.com\/index.php\/noticias\/interior\/2024\/11\/18\/147217-fiscalizacao-da-inicio-a-14a-etapa-com-foco-em-municipios-do-agreste-e-sertao<\/a><\/p>\n\n\n\n<p><\/p>\n\n\n\n<p class=\"has-white-color has-accent-background-color has-text-color has-background has-link-color wp-elements-91faefc39bd4ee7a6a721e22b45647f6\"><strong>DURANTE FISCALIZA\u00c7\u00c3O, FPI DO RIO S\u00c3O FRANCISCO FLAGRA COMERCIALIZA\u00c7\u00c3O IRREGULAR DE AGROT\u00d3XICOS E INTERDITA 790 LITROS DE PRODUTOS<\/strong><\/p>\n\n\n\n<p>TNH1 &#8211; <a href=\"https:\/\/www.tnh1.com.br\/noticia\/nid\/fpi-do-rio-sao-francisco-apreende-quase-500-litros-de-agrotoxico-comercializados-irregularmente\/\">https:\/\/www.tnh1.com.br\/noticia\/nid\/fpi-do-rio-sao-francisco-apreende-quase-500-litros-de-agrotoxico-comercializados-irregularmente\/<\/a><\/p>\n\n\n\n<p>PORTAL ACTA &#8211; <a href=\"https:\/\/www.portalacta.com\/noticia\/42393\/fpi-do-rio-so-francisco-flagra-comercializao-irregular-de-agrotxicos-e-interdita-790-litros-de-produtos\">https:\/\/www.portalacta.com\/noticia\/42393\/fpi-do-rio-so-francisco-flagra-comercializao-irregular-de-agrotxicos-e-interdita-790-litros-de-produtos<\/a><\/p>\n\n\n\n<p>TRIBUNA DO AGRESTE &#8211; <a href=\"https:\/\/www.tribunadoagreste.com.br\/geral\/2024\/11\/18\/45831-durante-fiscalizacao-fpi-do-rio-sao-francisco-flagra-comercializacao-irregular-de-agrotoxicos-e-interdita-790-litros-de-produtos#google_vignette\">https:\/\/www.tribunadoagreste.com.br\/geral\/2024\/11\/18\/45831-durante-fiscalizacao-fpi-do-rio-sao-francisco-flagra-comercializacao-irregular-de-agrotoxicos-e-interdita-790-litros-de-produtos#google_vignette<\/a><\/p>\n\n\n\n<p>NA REDE &#8211; <a href=\"https:\/\/portalnarede.com.br\/noticia\/3696\/fpi-do-rio-sao-francisco-retira-de-circulacao-cerca-de-500-litros-de-agrotoxico-comercializados-irregularmente\">https:\/\/portalnarede.com.br\/noticia\/3696\/fpi-do-rio-sao-francisco-retira-de-circulacao-cerca-de-500-litros-de-agrotoxico-comercializados-irregularmente<\/a><\/p>\n\n\n\n<p>PAINEL NOT\u00cdCIAS &#8211; <a href=\"https:\/\/painelnoticias.com.br\/geral\/244341\/durante-fiscalizacao-fpi-do-rio-sao-francisco-flagra-comercializacao-irregular-de-agrotoxicos-e-interdita-790-litros-de-produtos\">https:\/\/painelnoticias.com.br\/geral\/244341\/durante-fiscalizacao-fpi-do-rio-sao-francisco-flagra-comercializacao-irregular-de-agrotoxicos-e-interdita-790-litros-de-produtos<\/a><\/p>\n\n\n\n<p>TRIBUNA INDEPENDENTE &#8211; <a href=\"https:\/\/tribunahoje.com\/index.php\/noticias\/interior\/2024\/11\/18\/147233-durante-fiscalizacao-fpi-do-rio-sao-francisco-flagra-comercializacao-irregular-de-agrotoxicos\">https:\/\/tribunahoje.com\/index.php\/noticias\/interior\/2024\/11\/18\/147233-durante-fiscalizacao-fpi-do-rio-sao-francisco-flagra-comercializacao-irregular-de-agrotoxicos<\/a><\/p>\n\n\n\n<p>CADA MINUTO &#8211; <a href=\"https:\/\/www.cadaminuto.com.br\/noticia\/2024\/11\/18\/comercializacao-irregular-de-agrotoxicos-e-flagrada-e-fiscalizacao-interdita-790-litros-do-produto\">https:\/\/www.cadaminuto.com.br\/noticia\/2024\/11\/18\/comercializacao-irregular-de-agrotoxicos-e-flagrada-e-fiscalizacao-interdita-790-litros-do-produto<\/a><\/p>\n\n\n\n<p><\/p>\n\n\n\n<p class=\"has-white-color has-accent-background-color has-text-color has-background has-link-color wp-elements-43338c1d24a209f5a70baef30ae456f5\"><strong>FPI RESGATA 34 AVES SILVESTRES EM ARAPIRACA<\/strong><\/p>\n\n\n\n<p>GAZETAWEB &#8211; <a href=\"https:\/\/www.gazetaweb.com\/alagoas\/fpi-resgata-mais-de-30-aves-silvestres-em-arapiraca-791415\">https:\/\/www.gazetaweb.com\/alagoas\/fpi-resgata-mais-de-30-aves-silvestres-em-arapiraca-791415<\/a><\/p>\n\n\n\n<p>CBN MACEI\u00d3 &#8211; <a href=\"https:\/\/cbnmaceio.com.br\/noticia\/19216\/fpi-resgata-34-aves-silvestres-mantidas-em-cativeiro-em-arapiraca\">https:\/\/cbnmaceio.com.br\/noticia\/19216\/fpi-resgata-34-aves-silvestres-mantidas-em-cativeiro-em-arapiraca<\/a><\/p>\n\n\n\n<p>TRIBUNA HOJE &#8211; <a href=\"https:\/\/tribunahoje.com\/noticias\/interior\/2024\/11\/18\/147247-fpi-resgata-34-aves-silvestres-em-arapiraca#:~:text=O%20trabalho%20de%20intelig%C3%AAncia%20da,deste%20domingo%20(17)%2C%20em\">https:\/\/tribunahoje.com\/noticias\/interior\/2024\/11\/18\/147247-fpi-resgata-34-aves-silvestres-em-arapiraca#:~:text=O%20trabalho%20de%20intelig%C3%AAncia%20da,deste%20domingo%20(17)%2C%20em<\/a><\/p>\n\n\n\n<p>ALAGOAS 24 HORAS &#8211; <a href=\"https:\/\/www.alagoas24horas.com.br\/1634239\/fpi-do-rio-sao-francisco-resgata-34-aves-silvestres-em-arapiraca\/\">https:\/\/www.alagoas24horas.com.br\/1634239\/fpi-do-rio-sao-francisco-resgata-34-aves-silvestres-em-arapiraca\/<\/a><\/p>\n\n\n\n<p>AL 102 &#8211; <a href=\"https:\/\/www.al102.com.br\/noticias\/21554\/equipe-de-fiscalizacao-resgata-34-aves-silvestres-e-prende-suspeito-por-crime-ambiental-em-arapiraca\">https:\/\/www.al102.com.br\/noticias\/21554\/equipe-de-fiscalizacao-resgata-34-aves-silvestres-e-prende-suspeito-por-crime-ambiental-em-arapiraca<\/a><\/p>\n\n\n\n<p>SETE SEGUNDOS &#8211;<a href=\" https:\/\/www.7segundos.com.br\/arapiraca\/noticias\/2024\/11\/18\/263443-fiscalizacao-preventiva-integrada-resgata-34-aves-silvestres-em-arapiraca\"> https:\/\/www.7segundos.com.br\/arapiraca\/noticias\/2024\/11\/18\/263443-fiscalizacao-preventiva-integrada-resgata-34-aves-silvestres-em-arapiraca<\/a><\/p>\n\n\n\n<p>EXTRA &#8211; <a href=\"https:\/\/ojornalextra.com.br\/noticias\/alagoas\/2024\/11\/109677-34-aves-silvestres-mantidas-em-cativeiro-sao-resgatadas-em-arapiraca\">https:\/\/ojornalextra.com.br\/noticias\/alagoas\/2024\/11\/109677-34-aves-silvestres-mantidas-em-cativeiro-sao-resgatadas-em-arapiraca<\/a><\/p>\n\n\n\n<p>J\u00c1 \u00c9 NOT\u00cdCIA &#8211; <a href=\"https:\/\/www.jaenoticia.com.br\/noticias\/2024\/11\/18\/128417-fpi-resgata-mais-de-30-aves-silvestres-em-arapiraca\">https:\/\/www.jaenoticia.com.br\/noticias\/2024\/11\/18\/128417-fpi-resgata-mais-de-30-aves-silvestres-em-arapiraca<\/a><\/p>\n\n\n\n<p>ALAGOAS ALERTA &#8211; <a href=\"https:\/\/alagoasalerta.com.br\/noticias\/interior\/acao-da-fpi-do-rio-sao-francisco-resgata-34-aves-silvestres-em-arapiraca\">https:\/\/alagoasalerta.com.br\/noticias\/interior\/acao-da-fpi-do-rio-sao-francisco-resgata-34-aves-silvestres-em-arapiraca<\/a><\/p>\n\n\n\n<p><\/p>\n\n\n\n<p class=\"has-white-color has-accent-background-color has-text-color has-background has-link-color wp-elements-5bbc4c8354a628bc64bc98afcd3c9868\"><strong>CRIMES AMBIENTAIS S\u00c3O FLAGRADOS EM JUNQUEIRO PELA FPI DO RIO S\u00c3O FRANCISCO<\/strong><\/p>\n\n\n\n<p>TNH1 &#8211; <a href=\"https:\/\/www.tnh1.com.br\/noticia\/nid\/crimes-ambientais-sao-flagrados-em-junqueiro-pela-fpi-do-rio-sao-francisco\/\">https:\/\/www.tnh1.com.br\/noticia\/nid\/crimes-ambientais-sao-flagrados-em-junqueiro-pela-fpi-do-rio-sao-francisco\/<\/a><\/p>\n\n\n\n<p>ALAGOAS 24 HORAS &#8211; <a href=\"https:\/\/www.alagoas24horas.com.br\/1634421\/crimes-ambientais-sao-flagrados-em-junqueiro-pela-fpi-do-rio-sao-francisco\/\">https:\/\/www.alagoas24horas.com.br\/1634421\/crimes-ambientais-sao-flagrados-em-junqueiro-pela-fpi-do-rio-sao-francisco\/<\/a><\/p>\n\n\n\n<p>SETE SEGUNDOS &#8211; <a href=\"https:\/\/www.7segundos.com.br\/arapiraca\/noticias\/2024\/11\/19\/263487-fpi-do-rio-sao-francisco-crimes-ambientais-sao-flagrados-pela-fiscalizacao-em-junqueiro\">https:\/\/www.7segundos.com.br\/arapiraca\/noticias\/2024\/11\/19\/263487-fpi-do-rio-sao-francisco-crimes-ambientais-sao-flagrados-pela-fiscalizacao-em-junqueiro<\/a><\/p>\n\n\n\n<p>TRIBUNA HOJE &#8211; <a href=\"https:\/\/tribunahoje.com\/noticias\/interior\/2024\/11\/19\/147279-crimes-ambientais-sao-flagrados-em-junqueiro-pela-fpi-do-rio-sao-francisco\">https:\/\/tribunahoje.com\/noticias\/interior\/2024\/11\/19\/147279-crimes-ambientais-sao-flagrados-em-junqueiro-pela-fpi-do-rio-sao-francisco<\/a><\/p>\n\n\n\n<p>ALAGOAS ALERTA &#8211; <a href=\"https:\/\/alagoasalerta.com.br\/noticias\/interior\/crimes-ambientais-sao-flagrados-em-junqueiro-pela-fpi-do-rio-sao-francisco\">https:\/\/alagoasalerta.com.br\/noticias\/interior\/crimes-ambientais-sao-flagrados-em-junqueiro-pela-fpi-do-rio-sao-francisco<\/a><\/p>\n\n\n\n<p>TRIBUNA DO SERT\u00c3O &#8211; <a href=\"https:\/\/tribunadosertao.com.br\/noticias\/2024\/11\/19\/624685-crimes-ambientais-sao-flagrados-em-junqueiro-pela-fpi-do-rio-sao-francisco\">https:\/\/tribunadosertao.com.br\/noticias\/2024\/11\/19\/624685-crimes-ambientais-sao-flagrados-em-junqueiro-pela-fpi-do-rio-sao-francisco<\/a><\/p>\n\n\n\n<p>TRIBUNA DO AGRESTE &#8211;<a href=\" https:\/\/www.tribunadoagreste.com.br\/geral\/2024\/11\/19\/46049-crimes-ambientais-sao-flagrados-em-junqueiro-pela-fpi-do-rio-sao-francisco\"> https:\/\/www.tribunadoagreste.com.br\/geral\/2024\/11\/19\/46049-crimes-ambientais-sao-flagrados-em-junqueiro-pela-fpi-do-rio-sao-francisco<\/a><\/p>\n\n\n\n<p>CBN MACEI\u00d3 &#8211; <a href=\"https:\/\/cbnmaceio.com.br\/noticia\/19222\/lixao-e-extracao-mineral-ilegal-sao-flagrados-em-junqueiro-pela-fpi-do-rio-sao-francisco\">https:\/\/cbnmaceio.com.br\/noticia\/19222\/lixao-e-extracao-mineral-ilegal-sao-flagrados-em-junqueiro-pela-fpi-do-rio-sao-francisco<\/a><\/p>\n\n\n\n<p>PORTAL ACTA &#8211; <a href=\"https:\/\/www.portalacta.com\/noticia\/42418\/www.youtube.com\/actaoficial\">https:\/\/www.portalacta.com\/noticia\/42418\/www.youtube.com\/actaoficial<\/a><\/p>\n\n\n\n<p>CADA MINUTO &#8211; <a href=\"https:\/\/www.cadaminuto.com.br\/noticia\/2024\/11\/19\/fiscalizacao-em-junqueiro-flagra-descarte-irregular-e-extracao-mineral-sem-autorizacao\">https:\/\/www.cadaminuto.com.br\/noticia\/2024\/11\/19\/fiscalizacao-em-junqueiro-flagra-descarte-irregular-e-extracao-mineral-sem-autorizacao<\/a><\/p>\n\n\n\n<p><\/p>\n\n\n\n<p class=\"has-white-color has-accent-background-color has-text-color has-background has-link-color wp-elements-d8f4d830e20e7614f25a699cf2b74168\"><strong>FPI FLAGRA ABATE IRREGULAR DE SU\u00cdNOS EM CASA DE FARINHA NO AGRESTE ALAGOANO<\/strong><\/p>\n\n\n\n<p>TV GAZETA \u2013 ALTV2 &#8211; https:\/\/globoplay.globo.com\/v\/13111181\/<\/p>\n\n\n\n<p>CADA MINUTO &#8211; <a href=\"https:\/\/www.cadaminuto.com.br\/noticia\/2024\/11\/19\/abatedouro-irregular-de-suinos-e-flagrado-por-fiscalizacao-no-agreste-alagoano\">https:\/\/www.cadaminuto.com.br\/noticia\/2024\/11\/19\/abatedouro-irregular-de-suinos-e-flagrado-por-fiscalizacao-no-agreste-alagoano<\/a><\/p>\n\n\n\n<p>JORNAL EXTRA &#8211; <a href=\"https:\/\/ojornalextra.com.br\/noticias\/alagoas\/2024\/11\/109687-fpi-flagra-abate-irregular-de-suinos-em-casa-de-farinha-no-agreste-alagoano\">https:\/\/ojornalextra.com.br\/noticias\/alagoas\/2024\/11\/109687-fpi-flagra-abate-irregular-de-suinos-em-casa-de-farinha-no-agreste-alagoano<\/a><\/p>\n\n\n\n<p>TNH1 &#8211; <a href=\"https:\/\/www.tnh1.com.br\/noticia\/nid\/crimes-ambientais-sao-flagrados-em-junqueiro-pela-fpi-do-rio-sao-francisco\/\">https:\/\/www.tnh1.com.br\/noticia\/nid\/crimes-ambientais-sao-flagrados-em-junqueiro-pela-fpi-do-rio-sao-francisco\/<\/a><\/p>\n\n\n\n<p>CBN &#8211; <a href=\"https:\/\/cbnmaceio.com.br\/noticia\/19226\/fpi-flagra-abate-irregular-de-suinos-em-casa-de-farinha-no-agreste-alagoano\">https:\/\/cbnmaceio.com.br\/noticia\/19226\/fpi-flagra-abate-irregular-de-suinos-em-casa-de-farinha-no-agreste-alagoano<\/a><\/p>\n\n\n\n<p>EM TEMPO NOT\u00cdCIAS &#8211; <a href=\"https:\/\/emtemponoticias.com\/noticias\/2024\/11\/19\/6280-fiscalizacao-flagra-abate-irregular-de-suinos-em-casa-de-farinha-no-agreste-alagoano\">https:\/\/emtemponoticias.com\/noticias\/2024\/11\/19\/6280-fiscalizacao-flagra-abate-irregular-de-suinos-em-casa-de-farinha-no-agreste-alagoano<\/a><\/p>\n\n\n\n<p>ALAGOAS 24 HORAS &#8211; <a href=\"https:\/\/www.alagoas24horas.com.br\/1634468\/fpi-flagra-abate-irregular-de-suinos-em-casa-de-farinha-no-agreste-alagoano\/\">https:\/\/www.alagoas24horas.com.br\/1634468\/fpi-flagra-abate-irregular-de-suinos-em-casa-de-farinha-no-agreste-alagoano\/<\/a><\/p>\n\n\n\n<p>JORNAL DE ALAGOAS &#8211; <a href=\"https:\/\/www.jornaldealagoas.com.br\/policia\/2024\/11\/19\/7680-fpi-flagra-abate-irregular-de-suinos-em-casa-de-farinha-no-agreste-alagoano\">https:\/\/www.jornaldealagoas.com.br\/policia\/2024\/11\/19\/7680-fpi-flagra-abate-irregular-de-suinos-em-casa-de-farinha-no-agreste-alagoano<\/a><\/p>\n","protected":false},"excerpt":{"rendered":"<p>S\u00edntese das not\u00edcias da FPI AL publicadas em meios de comunica\u00e7\u00e3o no dia 20 de novembro de 2024<\/p>\n","protected":false},"author":2,"featured_media":7692,"comment_status":"open","ping_status":"open","sticky":false,"template":"","format":"standard","meta":{"_jetpack_memberships_contains_paid_content":false,"footnotes":""},"categories":[189],"tags":[204,205,82,60,61],"class_list":["post-7693","post","type-post","status-publish","format-standard","has-post-thumbnail","hentry","category-14a-etapa-fpi-al","tag-14-fpi-al","tag-clipagem-20-novembro","tag-fpial","tag-meio-ambiente","tag-velho-chico","category-189","description-off"],"aioseo_notices":[],"jetpack_featured_media_url":"https:\/\/fpisaofrancisco.inf.br\/wp-content\/uploads\/2024\/11\/WhatsApp-Image-2024-11-22-at-13.53.36.jpeg","jetpack_sharing_enabled":true,"_links":{"self":[{"href":"https:\/\/fpisaofrancisco.inf.br\/index.php\/wp-json\/wp\/v2\/posts\/7693","targetHints":{"allow":["GET"]}}],"collection":[{"href":"https:\/\/fpisaofrancisco.inf.br\/index.php\/wp-json\/wp\/v2\/posts"}],"about":[{"href":"https:\/\/fpisaofrancisco.inf.br\/index.php\/wp-json\/wp\/v2\/types\/post"}],"author":[{"embeddable":true,"href":"https:\/\/fpisaofrancisco.inf.br\/index.php\/wp-json\/wp\/v2\/users\/2"}],"replies":[{"embeddable":true,"href":"https:\/\/fpisaofrancisco.inf.br\/index.php\/wp-json\/wp\/v2\/comments?post=7693"}],"version-history":[{"count":1,"href":"https:\/\/fpisaofrancisco.inf.br\/index.php\/wp-json\/wp\/v2\/posts\/7693\/revisions"}],"predecessor-version":[{"id":7694,"href":"https:\/\/fpisaofrancisco.inf.br\/index.php\/wp-json\/wp\/v2\/posts\/7693\/revisions\/7694"}],"wp:featuredmedia":[{"embeddable":true,"href":"https:\/\/fpisaofrancisco.inf.br\/index.php\/wp-json\/wp\/v2\/media\/7692"}],"wp:attachment":[{"href":"https:\/\/fpisaofrancisco.inf.br\/index.php\/wp-json\/wp\/v2\/media?parent=7693"}],"wp:term":[{"taxonomy":"category","embeddable":true,"href":"https:\/\/fpisaofrancisco.inf.br\/index.php\/wp-json\/wp\/v2\/categories?post=7693"},{"taxonomy":"post_tag","embeddable":true,"href":"https:\/\/fpisaofrancisco.inf.br\/index.php\/wp-json\/wp\/v2\/tags?post=7693"}],"curies":[{"name":"wp","href":"https:\/\/api.w.org\/{rel}","templated":true}]}}