{"id":7664,"date":"2024-11-21T21:50:56","date_gmt":"2024-11-21T21:50:56","guid":{"rendered":"https:\/\/fpisaofrancisco.inf.br\/?p=7664"},"modified":"2024-11-23T10:03:44","modified_gmt":"2024-11-23T10:03:44","slug":"clipagem-da-fpial-21-11-2024","status":"publish","type":"post","link":"https:\/\/fpisaofrancisco.inf.br\/index.php\/2024\/11\/21\/clipagem-da-fpial-21-11-2024\/","title":{"rendered":"Clipagem da FPI\/AL do dia 21\/11\/2024"},"content":{"rendered":"\n<p><\/p>\n\n\n\n<p class=\"has-white-color has-accent-background-color has-text-color has-background has-link-color wp-elements-94f2fc97141c672c8da9258f9bc51535\"><strong>CRIAT\u00d3RIO DE CAMAR\u00d5ES \u00c9 NOTIFICADO E TEM PRAZO DE 30 DIAS PARA ADEQUA\u00c7\u00c3O \u00c0S NORMAS AMBIENTAIS<\/strong><\/p>\n\n\n\n<ul class=\"wp-block-list\">\n<li>TV GAZETA \u2013 ALTV2 &#8211; <a href=\"https:\/\/globoplay.globo.com\/v\/13111181\/\">https:\/\/globoplay.globo.com\/v\/13111181\/<\/a><\/li>\n\n\n\n<li>TNH1 &#8211;<a href=\" https:\/\/www.tnh1.com.br\/noticia\/nid\/criatorio-de-camaroes-e-notificado-e-tem-prazo-de-30-dias-para-adequacao-as-normas-ambientais\/\"> https:\/\/www.tnh1.com.br\/noticia\/nid\/criatorio-de-camaroes-e-notificado-e-tem-prazo-de-30-dias-para-adequacao-as-normas-ambientais\/<\/a><\/li>\n\n\n\n<li>TRIBUNA HOJE &#8211; <a href=\"https:\/\/tribunahoje.com\/noticias\/interior\/2024\/11\/19\/147303-criatorio-de-camaroes-e-notificado-e-tem-prazo-de-30-dias-para-adequacao-as-normas-ambientais\">https:\/\/tribunahoje.com\/noticias\/interior\/2024\/11\/19\/147303-criatorio-de-camaroes-e-notificado-e-tem-prazo-de-30-dias-para-adequacao-as-normas-ambientais<\/a><\/li>\n\n\n\n<li>ALAGOAS 24 HORAS &#8211; <a href=\"https:\/\/www.alagoas24horas.com.br\/1634523\/criatorio-de-camaroes-e-notificado-e-tem-prazo-de-30-dias-para-adequacao-as-normas-ambientais\/#:~:text=O%20propriet%C3%A1rio%20tem%20um%20prazo,em%20outras%20san%C3%A7%C3%B5es%20mais%20graves\">https:\/\/www.alagoas24horas.com.br\/1634523\/criatorio-de-camaroes-e-notificado-e-tem-prazo-de-30-dias-para-adequacao-as-normas-ambientais\/#:~:text=O%20propriet%C3%A1rio%20tem%20um%20prazo,em%20outras%20san%C3%A7%C3%B5es%20mais%20graves<\/a><\/li>\n\n\n\n<li>J\u00c1 \u00c9 NOT\u00cdCIA &#8211; <a href=\"https:\/\/www.jaenoticia.com.br\/noticias\/2024\/11\/19\/128462-criatorio-de-camaroes-e-notificado-e-tem-prazo-de-30-dias-para-adequacao-as-normas-ambientais-em-alagoas\">https:\/\/www.jaenoticia.com.br\/noticias\/2024\/11\/19\/128462-criatorio-de-camaroes-e-notificado-e-tem-prazo-de-30-dias-para-adequacao-as-normas-ambientais-em-alagoas<\/a><\/li>\n\n\n\n<li>EXTRA &#8211; <a href=\"https:\/\/ojornalextra.com.br\/noticias\/alagoas\/2024\/11\/109692-criatorio-de-camaroes-e-notificado-por-descumprir-normas-ambientais\">https:\/\/ojornalextra.com.br\/noticias\/alagoas\/2024\/11\/109692-criatorio-de-camaroes-e-notificado-por-descumprir-normas-ambientais<\/a><\/li>\n<\/ul>\n\n\n\n<p><\/p>\n\n\n\n<p class=\"has-white-color has-accent-background-color has-text-color has-background has-link-color wp-elements-67301276de98d8c5933fa4c462a3a76f\"><strong>FPI DO S\u00c3O FRANCISCO NOTIFICA SETE EMBARCA\u00c7\u00d5ES POR FALTA DE DOCUMENTA\u00c7\u00c3O E OUTRAS INFRA\u00c7\u00d5ES NAVAIS<\/strong><\/p>\n\n\n\n<p>TRIBUNA INDEPENDENTE &#8211; <a href=\"https:\/\/tribunahoje.com\/noticias\/interior\/2024\/11\/19\/147299-sete-embarcacoes-sao-notificadas-por-falta-de-documentacao-e-outras-infracoes\">https:\/\/tribunahoje.com\/noticias\/interior\/2024\/11\/19\/147299-sete-embarcacoes-sao-notificadas-por-falta-de-documentacao-e-outras-infracoes<\/a><br>JORNAL EXTRA &#8211;<a href=\" https:\/\/ojornalextra.com.br\/noticias\/alagoas\/2024\/11\/109694-fiscalizacao-notifica-sete-embarcacoes-por-falta-de-documentos\"> https:\/\/ojornalextra.com.br\/noticias\/alagoas\/2024\/11\/109694-fiscalizacao-notifica-sete-embarcacoes-por-falta-de-documentos<\/a><br>MELHOR NOT\u00cdCIA &#8211; <a href=\"https:\/\/melhornoticia.com.br\/noticia\/policia\/mn129309826\/fpi-do-sao-francisco-notifica-sete-embarcacoes-por-falta-de-documentacao-e-outras-infracoes-navais\">https:\/\/melhornoticia.com.br\/noticia\/policia\/mn129309826\/fpi-do-sao-francisco-notifica-sete-embarcacoes-por-falta-de-documentacao-e-outras-infracoes-navais<\/a><br>TRIBUNA DO AGRESTE &#8211; <a href=\"https:\/\/www.tribunadoagreste.com.br\/geral\/2024\/11\/19\/46222-fpi-do-sao-francisco-notifica-sete-embarcacoes-por-falta-de-documentacao-e-outras-infracoes-navais\">https:\/\/www.tribunadoagreste.com.br\/geral\/2024\/11\/19\/46222-fpi-do-sao-francisco-notifica-sete-embarcacoes-por-falta-de-documentacao-e-outras-infracoes-navais<\/a><br>CADA MINUTO &#8211; <a href=\"https:\/\/www.cadaminuto.com.br\/noticia\/2024\/11\/19\/fpi-do-sao-francisco-sete-embarcacoes-sao-notificadas-por-irregularidades-e-infracoes-navais\">https:\/\/www.cadaminuto.com.br\/noticia\/2024\/11\/19\/fpi-do-sao-francisco-sete-embarcacoes-sao-notificadas-por-irregularidades-e-infracoes-navais<\/a><\/p>\n\n\n\n<p><\/p>\n\n\n\n<p class=\"has-white-color has-accent-background-color has-text-color has-background has-link-color wp-elements-60c7fa2b6cc06957e456927a45bd6f3c\"><strong>FPI CONSTATA DISTRIBUI\u00c7\u00c3O DE \u00c1GUA SEM TRATAMENTO ADEQUADO A COMUNIDADES RIBEIRINHAS<\/strong><\/p>\n\n\n\n<p>CBN &#8211; <a href=\"https:\/\/cbnmaceio.com.br\/noticia\/19233\/fpi-constata-distribuicao-de-agua-sem-tratamento-adequado-a-comunidades-ribeirinhas\">https:\/\/cbnmaceio.com.br\/noticia\/19233\/fpi-constata-distribuicao-de-agua-sem-tratamento-adequado-a-comunidades-ribeirinhas<\/a><\/p>\n\n\n\n<p>CADA MINUTO &#8211; <a href=\"https:\/\/www.cadaminuto.com.br\/noticia\/2024\/11\/19\/fpi-constata-distribuicao-de-agua-sem-tratamento-adequado-a-comunidades-ribeirinhas\">https:\/\/www.cadaminuto.com.br\/noticia\/2024\/11\/19\/fpi-constata-distribuicao-de-agua-sem-tratamento-adequado-a-comunidades-ribeirinhas<\/a><\/p>\n\n\n\n<p>TRIBUNA INDEPENDENTE &#8211;<a href=\" https:\/\/tribunahoje.com\/noticias\/interior\/2024\/11\/19\/147309-fpi-constata-distribuicao-de-agua-sem-tratamento-adequado-a-comunidades-ribeirinhas#google_vignette\"> https:\/\/tribunahoje.com\/noticias\/interior\/2024\/11\/19\/147309-fpi-constata-distribuicao-de-agua-sem-tratamento-adequado-a-comunidades-ribeirinhas#google_vignette<\/a><\/p>\n\n\n\n<p>SETE SEGUNDOS &#8211; <a href=\"https:\/\/www.7segundos.com.br\/arapiraca\/noticias\/2024\/11\/19\/263551-fpi-constata-distribuicao-de-agua-sem-tratamento-adequado-a-comunidades-ribeirinhas\">https:\/\/www.7segundos.com.br\/arapiraca\/noticias\/2024\/11\/19\/263551-fpi-constata-distribuicao-de-agua-sem-tratamento-adequado-a-comunidades-ribeirinhas<\/a><\/p>\n\n\n\n<p>EXTRA &#8211; <a href=\"https:\/\/ojornalextra.com.br\/noticias\/alagoas\/2024\/11\/109699-fpi-constata-distribuicao-de-agua-sem-tratamento-a-comunidades-ribeirinhas\">https:\/\/ojornalextra.com.br\/noticias\/alagoas\/2024\/11\/109699-fpi-constata-distribuicao-de-agua-sem-tratamento-a-comunidades-ribeirinhas<\/a><\/p>\n\n\n\n<p>TRIBUNA DO SERT\u00c3O &#8211; <a href=\"https:\/\/tribunadosertao.com.br\/noticias\/2024\/11\/19\/624893-fpi-constata-distribuicao-de-agua-sem-tratamento-adequado-a-comunidades-ribeirinhas\">https:\/\/tribunadosertao.com.br\/noticias\/2024\/11\/19\/624893-fpi-constata-distribuicao-de-agua-sem-tratamento-adequado-a-comunidades-ribeirinhas<\/a><\/p>\n\n\n\n<p><\/p>\n\n\n\n<p class=\"has-white-color has-accent-background-color has-text-color has-background has-link-color wp-elements-b40eca6db3181f19b203a8b545ff3623\"><strong>FPI VISITA COMUNIDADES QUILOMBOLAS DO OITEIRO E TABULEIRO DOS NEGROS, EM PENEDO\/AL<\/strong><\/p>\n\n\n\n<p>JORNAL DE ALAGOAS &#8211; <a href=\"https:\/\/www.jornaldealagoas.com.br\/municipios\/2024\/11\/19\/7530-comunidades-quilombolas-sao-visitadas-pela-fpi-as-vesperas-do-dia-da-consciencia-negra\">https:\/\/www.jornaldealagoas.com.br\/municipios\/2024\/11\/19\/7530-comunidades-quilombolas-sao-visitadas-pela-fpi-as-vesperas-do-dia-da-consciencia-negra<\/a><\/p>\n\n\n\n<p>TRIBUNA HOJE &#8211;<a href=\" https:\/\/tribunahoje.com\/noticias\/interior\/2024\/11\/19\/147333-fpi-visita-comunidades-quilombolas-do-oiteiro-e-tabuleiro-dos-negros-em-penedo#:~:text=Na%20segunda%2Dfeira%20(18),Penedo%2C%20no%20Baixo%20S%C3%A3o%20Francisco\"> https:\/\/tribunahoje.com\/noticias\/interior\/2024\/11\/19\/147333-fpi-visita-comunidades-quilombolas-do-oiteiro-e-tabuleiro-dos-negros-em-penedo#:~:text=Na%20segunda%2Dfeira%20(18),Penedo%2C%20no%20Baixo%20S%C3%A3o%20Francisco<\/a><\/p>\n","protected":false},"excerpt":{"rendered":"<p>S\u00edntese das not\u00edcias da FPI AL publicadas em meios de comunica\u00e7\u00e3o no dia 21 de novembro de 2024<\/p>\n","protected":false},"author":7,"featured_media":7692,"comment_status":"open","ping_status":"open","sticky":false,"template":"","format":"standard","meta":{"_jetpack_memberships_contains_paid_content":false,"footnotes":""},"categories":[189],"tags":[203,82,60,61],"class_list":["post-7664","post","type-post","status-publish","format-standard","has-post-thumbnail","hentry","category-14a-etapa-fpi-al","tag-clipagem-14-fpial","tag-fpial","tag-meio-ambiente","tag-velho-chico","category-189","description-off"],"aioseo_notices":[],"jetpack_featured_media_url":"https:\/\/fpisaofrancisco.inf.br\/wp-content\/uploads\/2024\/11\/WhatsApp-Image-2024-11-22-at-13.53.36.jpeg","jetpack_sharing_enabled":true,"_links":{"self":[{"href":"https:\/\/fpisaofrancisco.inf.br\/index.php\/wp-json\/wp\/v2\/posts\/7664","targetHints":{"allow":["GET"]}}],"collection":[{"href":"https:\/\/fpisaofrancisco.inf.br\/index.php\/wp-json\/wp\/v2\/posts"}],"about":[{"href":"https:\/\/fpisaofrancisco.inf.br\/index.php\/wp-json\/wp\/v2\/types\/post"}],"author":[{"embeddable":true,"href":"https:\/\/fpisaofrancisco.inf.br\/index.php\/wp-json\/wp\/v2\/users\/7"}],"replies":[{"embeddable":true,"href":"https:\/\/fpisaofrancisco.inf.br\/index.php\/wp-json\/wp\/v2\/comments?post=7664"}],"version-history":[{"count":12,"href":"https:\/\/fpisaofrancisco.inf.br\/index.php\/wp-json\/wp\/v2\/posts\/7664\/revisions"}],"predecessor-version":[{"id":7677,"href":"https:\/\/fpisaofrancisco.inf.br\/index.php\/wp-json\/wp\/v2\/posts\/7664\/revisions\/7677"}],"wp:featuredmedia":[{"embeddable":true,"href":"https:\/\/fpisaofrancisco.inf.br\/index.php\/wp-json\/wp\/v2\/media\/7692"}],"wp:attachment":[{"href":"https:\/\/fpisaofrancisco.inf.br\/index.php\/wp-json\/wp\/v2\/media?parent=7664"}],"wp:term":[{"taxonomy":"category","embeddable":true,"href":"https:\/\/fpisaofrancisco.inf.br\/index.php\/wp-json\/wp\/v2\/categories?post=7664"},{"taxonomy":"post_tag","embeddable":true,"href":"https:\/\/fpisaofrancisco.inf.br\/index.php\/wp-json\/wp\/v2\/tags?post=7664"}],"curies":[{"name":"wp","href":"https:\/\/api.w.org\/{rel}","templated":true}]}}