{"id":7647,"date":"2024-11-21T15:26:49","date_gmt":"2024-11-21T15:26:49","guid":{"rendered":"https:\/\/fpisaofrancisco.inf.br\/?p=7647"},"modified":"2024-11-21T15:41:43","modified_gmt":"2024-11-21T15:41:43","slug":"dialogo-com-ciganos","status":"publish","type":"post","link":"https:\/\/fpisaofrancisco.inf.br\/index.php\/2024\/11\/21\/dialogo-com-ciganos\/","title":{"rendered":"FPI avan\u00e7a em di\u00e1logo com ciganos para inclus\u00e3o social em Penedo\/AL"},"content":{"rendered":"\n<p class=\"has-white-color has-accent-background-color has-text-color has-background has-link-color wp-elements-745a0ff5bd23927ebf6d0a1bf43fb70d\">A Equipe de Comunidades Tradicionais e Patrim\u00f4nio Cultural da Fiscaliza\u00e7\u00e3o Preventiva Integrada (FPI) realizou uma visita significativa \u00e0 comunidade cigana da etnia Calon, em Penedo, munic\u00edpio localizado \u00e0s margens do Rio S\u00e3o Francisco, no sul de Alagoas. A iniciativa teve como objetivo compreender as demandas dessa comunidade, cuja presen\u00e7a no Brasil remonta ao s\u00e9culo XVI, e buscar formas de implementar pol\u00edticas p\u00fablicas que promovam sua inclus\u00e3o, respeitando e preservando suas tradi\u00e7\u00f5es.<\/p>\n\n\n\n<p>Durante a visita, foram destacados desafios enfrentados pela comunidade cigana, como a dificuldade de acesso \u00e0 documenta\u00e7\u00e3o civil \u2013 especialmente para jovens que desejam votar ou ingressar no Cad\u00danico \u2013 e problemas relacionados \u00e0 sa\u00fade, como a aus\u00eancia de visitas regulares de agentes de sa\u00fade e o atendimento prec\u00e1rio para doentes acamados. Esses relatos refletem barreiras hist\u00f3ricas que dificultam a intera\u00e7\u00e3o dos ciganos com o poder p\u00fablico.<\/p>\n\n\n\n<p>A visita foi realizada por representantes do Minist\u00e9rio P\u00fablico Federal (MPF), que assume a coordena\u00e7\u00e3o das a\u00e7\u00f5es por meio do antrop\u00f3logo Ivan Farias, da Secretaria de Estado da Mulher e dos Direitos Humanos (Semudh), do Tribunal Regional Eleitoral de Alagoas (TRE\/AL), da Pol\u00edcia Federal e da Rede de Mulheres de Comunidades Tradicionais. Participaram tamb\u00e9m os procuradores da Rep\u00fablica Eliabe Soares, titular do Of\u00edcio de Povos Ind\u00edgenas e Comunidades Tradicionais em Alagoas, e \u00c9rico Gomes, membro do N\u00facleo de Meio Ambiente e um dos coordenadores da FPI no estado.<\/p>\n\n\n\n<p>Os procuradores Eliabe Soares e \u00c9rico Gomes enfatizaram a import\u00e2ncia do di\u00e1logo cont\u00ednuo e da aproxima\u00e7\u00e3o entre a comunidade e as institui\u00e7\u00f5es p\u00fablicas. \u201cNosso papel \u00e9 aproximar o poder p\u00fablico das comunidades, identificando suas reais necessidades e construindo solu\u00e7\u00f5es conjuntas\u201d, destacou Eliabe Soares.<\/p>\n\n\n\n<h3 class=\"wp-block-heading\"><strong>Parcerias<\/strong><\/h3>\n\n\n\n<p>O procurador \u00c9rico Gomes anunciou uma parceria estrat\u00e9gica com o Minist\u00e9rio da Igualdade Racial, voltada para a constru\u00e7\u00e3o de pol\u00edticas p\u00fablicas espec\u00edficas para os povos ciganos. Al\u00e9m disso, a Universidade Federal de Goi\u00e1s est\u00e1 realizando um levantamento das comunidades ciganas no Nordeste, o que contribuir\u00e1 para a formula\u00e7\u00e3o de estrat\u00e9gias mais efetivas.<\/p>\n\n\n\n<p>A equipe da Justi\u00e7a Eleitoral tamb\u00e9m se colocou \u00e0 disposi\u00e7\u00e3o para promover a\u00e7\u00f5es na comunidade, facilitando a emiss\u00e3o de documentos como RG, CPF e t\u00edtulo de eleitor, al\u00e9m de incentivar o engajamento pol\u00edtico dos ciganos. \u201cTer representa\u00e7\u00e3o pol\u00edtica \u00e9 essencial para combater o preconceito e garantir direitos\u201d, refor\u00e7ou Ribeiro, representante do TRE\/AL.<\/p>\n\n\n\n<p>Representantes da comunidade cigana, como Willames, expressaram gratid\u00e3o pela assist\u00eancia oferecida durante a visita. \u201cDesde que o MPF chegou aqui, tornou-se uma fam\u00edlia de apoio. S\u00f3 temos a agradecer por esse compromisso com nossa comunidade\u201d, declarou.<\/p>\n\n\n<div class=\"wp-block-image\">\n<figure class=\"aligncenter size-full\"><img fetchpriority=\"high\" decoding=\"async\" width=\"670\" height=\"481\" src=\"https:\/\/fpisaofrancisco.inf.br\/wp-content\/uploads\/2024\/11\/WhatsApp-Image-2024-11-21-at-12.18.27.jpeg\" alt=\"\" class=\"wp-image-7650\" srcset=\"https:\/\/fpisaofrancisco.inf.br\/wp-content\/uploads\/2024\/11\/WhatsApp-Image-2024-11-21-at-12.18.27.jpeg 670w, https:\/\/fpisaofrancisco.inf.br\/wp-content\/uploads\/2024\/11\/WhatsApp-Image-2024-11-21-at-12.18.27-300x215.jpeg 300w\" sizes=\"(max-width: 670px) 100vw, 670px\" \/><\/figure>\n<\/div>\n\n\n<p>Os procuradores destacaram o valor da cultura cigana como patrim\u00f4nio imaterial do Brasil. \u201c\u00c9 essencial reconhecer a riqueza cultural que os ciganos trazem ao nosso pa\u00eds. Suas tradi\u00e7\u00f5es e conhecimentos s\u00e3o de valor inestim\u00e1vel, e a FPI est\u00e1 comprometida em proteg\u00ea-los, assegurando seus direitos e combatendo a discrimina\u00e7\u00e3o\u201d, afirmou \u00c9rico Gomes.<\/p>\n\n\n\n<p>Entre as propostas apresentadas, a Superintend\u00eancia de Direitos Humanos da Secretaria de Estado da Mulher e dos Direitos Humanos (Semudh) sugeriu a realiza\u00e7\u00e3o de um &#8220;Dia D&#8221; de mobiliza\u00e7\u00e3o, envolvendo diversos \u00f3rg\u00e3os p\u00fablicos para resolver quest\u00f5es documentais e promover o acesso a direitos b\u00e1sicos. O superintendente Maynamy Santana tamb\u00e9m prop\u00f4s cursos de direitos humanos para lideran\u00e7as ciganas, com foco na defesa das mulheres e no fortalecimento do di\u00e1logo com as institui\u00e7\u00f5es p\u00fablicas.<\/p>\n\n\n\n<p>Todas as sugest\u00f5es ser\u00e3o discutidas internamente pela comunidade, respeitando seus costumes e tradi\u00e7\u00f5es, de modo a garantir que as a\u00e7\u00f5es implementadas reflitam suas reais necessidades.<\/p>\n\n\n\n<h3 class=\"wp-block-heading\"><strong>Diversidade<\/strong><\/h3>\n\n\n\n<p>A visita destacou n\u00e3o apenas as dificuldades enfrentadas pelos ciganos, mas tamb\u00e9m a riqueza cultural que eles representam para o Brasil. As tradi\u00e7\u00f5es, os costumes e os conhecimentos dessa comunidade s\u00e3o parte essencial da diversidade que comp\u00f5e a identidade nacional.<\/p>\n\n\n\n<p>A a\u00e7\u00e3o reafirma o compromisso da FPI com a justi\u00e7a social, a inclus\u00e3o e a preserva\u00e7\u00e3o das comunidades tradicionais, refor\u00e7ando a import\u00e2ncia de garantir dignidade, respeito e visibilidade aos povos ciganos no pa\u00eds.<\/p>\n\n\n\n<h3 class=\"wp-block-heading\"><strong>A FPI do Rio S\u00e3o Francisco<\/strong><\/h3>\n\n\n\n<p>A FPI tem o objetivo de melhorar a qualidade ambiental da Bacia Hidrogr\u00e1fica do Rio S\u00e3o Francisco e a qualidade de vida dos seus povos. Os trabalhos acontecem de modo cont\u00ednuo e permanente. Para isso, realizam-se o diagn\u00f3stico dos danos ambientais e a ado\u00e7\u00e3o de provid\u00eancias administrativas, c\u00edveis e criminais com a indu\u00e7\u00e3o de pol\u00edticas p\u00fablicas.<\/p>\n\n\n\n<p>Como programa, a FPI \u00e9 estruturada em tr\u00eas fases: planejamento, execu\u00e7\u00e3o e desdobramentos. A fase de desdobramento compreende o acompanhamento e monitoramento dos diagn\u00f3sticos realizados e a atua\u00e7\u00e3o de repercuss\u00f5es de medidas administrativas pelos \u00f3rg\u00e3os envolvidos, c\u00edveis e\/ou criminais e pelo Minist\u00e9rio P\u00fablico competente.<\/p>\n\n\n\n<p>Tamb\u00e9m \u00e9 na fase de desdobramentos que o poder p\u00fablico e a sociedade civil organizada contribuem na regulariza\u00e7\u00e3o dos empreendimentos, repara\u00e7\u00e3o de danos detectados e efetiva\u00e7\u00e3o das medidas de prote\u00e7\u00e3o necess\u00e1rias.<\/p>\n\n\n\n<p>Participam da 14\u00aa etapa da Fiscaliza\u00e7\u00e3o Preventiva Integrada a&nbsp;<a href=\"https:\/\/www.defesaagropecuaria.al.gov.br\/\">Ag\u00eancia de Defesa e Inspe\u00e7\u00e3o Agropecu\u00e1ria de Alagoas (Adeal),<\/a>&nbsp;<a href=\"https:\/\/alagoasdigital.al.gov.br\/unidade-de-atendimento\/814\">Batalh\u00e3o de Pol\u00edcia Ambiental da Pol\u00edcia Militar do Estado de Alagoas (BPA\/PMAL),<\/a>&nbsp;<a href=\"https:\/\/cbhsaofrancisco.org.br\/\">Comit\u00ea da Bacia Hidrogr\u00e1fica do Rio Francisco (CBHSF),<\/a><a href=\"https:\/\/www.crea-al.org.br\/\">&nbsp;Conselho Regional de Engenharia e Agronomia de Alagoas (Crea\/AL<\/a>),&nbsp;<a href=\"https:\/\/www.crmv-al.org.br\/\">Conselho Regional de Medicina Veterin\u00e1ria de Alagoas (CRMV\/AL),<\/a>&nbsp;<a href=\"https:\/\/www.crt03.gov.br\/\">Conselho Regional dos T\u00e9cnicos Industriais da 3\u00aa Regi\u00e3o (CRT-3)<\/a>,&nbsp;<a href=\"https:\/\/institutohori.org.br\/\">Instituto Hori,<\/a>&nbsp;<a href=\"https:\/\/www2.ima.al.gov.br\/\">Instituto do Meio Ambiente de Alagoas (IMA\/AL)<\/a>,&nbsp;<a href=\"https:\/\/ipma.org.br\/\">Instituto Para Preserva\u00e7\u00e3o da Mata Atl\u00e2ntica (IPMA)<\/a>,&nbsp;<a href=\"https:\/\/www.marinha.mil.br\/\">Marinha do Brasil<\/a>,&nbsp;<a href=\"https:\/\/www.mpal.mp.br\/\">Minist\u00e9rio P\u00fablico do Estado de Alagoas (MPE)<\/a>,&nbsp;<a href=\"https:\/\/www.mpf.mp.br\/al\/\">Minist\u00e9rio P\u00fablico Federal em Alagoas (MPF)<\/a>,&nbsp;<a href=\"https:\/\/www.prt19.mpt.mp.br\/\">Minist\u00e9rio P\u00fablico do Trabalho em Alagoas (MPT)<\/a>,&nbsp;<a href=\"https:\/\/www.gov.br\/pf\/pt-br\">Pol\u00edcia Federal (PF),<\/a>&nbsp;<a href=\"https:\/\/www.gov.br\/prf\/pt-br\">Pol\u00edcia Rodovi\u00e1ria Federal (PRF<\/a>),&nbsp;<a href=\"http:\/\/www.instagram.com\/redemulheresnct\">Rede Mulheres de Comunidades Tradicionais (RMCT)<\/a>,&nbsp;<a href=\"https:\/\/semarh.al.gov.br\/\">Secretaria de Estado do Meio Ambiente e Recursos H\u00eddricos (SEMARH)<\/a>,&nbsp;<a href=\"https:\/\/mulheredireitoshumanos.al.gov.br\/\">Secretaria de Estado da Mulher e dos Direitos Humanos (SEMUDH)<\/a>,&nbsp;<a href=\"https:\/\/www.saude.al.gov.br\/\">Secretaria de Estado da Sa\u00fade (Sesau)<\/a>,&nbsp;<a href=\"https:\/\/institutososcaatinga.com.br\/site\/\">SOS Caatinga<\/a>,&nbsp;<a href=\"https:\/\/www.tceal.tc.br\/\">Tribunal de Contas do Estado de Alagoas (TCE\/AL),<\/a>&nbsp;<a href=\"https:\/\/www.tre-al.jus.br\/\">Tribunal Regional Eleitoral de Alagoas (TRE\/AL)&nbsp;<\/a>e<a href=\"https:\/\/uneal.edu.br\/institucional\/a-uneal\">&nbsp;Universidade Estadual de Alagoas (Uneal).<\/a><\/p>\n\n\n\n<p>A FPI do Rio S\u00e3o Francisco em Alagoas \u00e9 coordenada pelo CBHSF, MPE, MPF e BPA\/PMAL, que desenvolvem os trabalhos de intelig\u00eancia, organiza\u00e7\u00e3o e divulga\u00e7\u00e3o das atividades e resultados para a popula\u00e7\u00e3o.<\/p>\n\n\n\n<h3 class=\"wp-block-heading\"><strong>Leia tamb\u00e9m:<\/strong><\/h3>\n\n\n\n<p><a href=\"https:\/\/fpisaofrancisco.inf.br\/index.php\/2024\/11\/21\/areas-desmatadas-embargadas-equivalem-a-419-campos-de-futebol\/\" title=\"\">FPI do Rio S\u00e3o Francisco embarga \u00e1reas desmatadas que equivalem a 419 campos de futebol<\/a><br><a href=\"https:\/\/fpisaofrancisco.inf.br\/index.php\/2024\/11\/21\/barco-escola-promove-inclusao-e-educacao-ambiental\/\">No Dia da Consci\u00eancia Negra, barco-escola promove inclus\u00e3o e educa\u00e7\u00e3o ambiental<\/a><\/p>\n\n\n\n<p><a href=\"https:\/\/fpisaofrancisco.inf.br\/index.php\/2024\/11\/21\/pixaim-resiste\/\">Entre o rio e as dunas, Pixaim resiste: uma hist\u00f3ria de luta e ancestralidade<\/a><\/p>\n\n\n\n<p><a href=\"https:\/\/fpisaofrancisco.inf.br\/index.php\/2024\/11\/21\/aves-ganham-liberdade-no-dia-da-consciencia-negra\/\">De volta \u00e0 natureza: aves ganham liberdade no dia da Consci\u00eancia Negra<\/a><\/p>\n\n\n\n<p><a href=\"https:\/\/fpisaofrancisco.inf.br\/index.php\/2024\/11\/19\/quilombolas-do-oiteiro-e-tabuleiro-dos-negros\/\">FPI visita comunidades quilombolas do Oiteiro e Tabuleiro dos Negros<\/a><\/p>\n\n\n\n<p><a href=\"https:\/\/fpisaofrancisco.inf.br\/index.php\/2024\/11\/19\/agua-sem-tratamento-adequado-distribuida-para-comunidades-ribeirinhas\/\">FPI constata distribui\u00e7\u00e3o de \u00e1gua sem tratamento adequado a comunidades ribeirinhas<\/a><\/p>\n\n\n\n<p><a href=\"https:\/\/fpisaofrancisco.inf.br\/index.php\/2024\/11\/19\/criatorio-de-camaroes-tem-prazo-para-adequar-as-normas-ambientais\/\">Criat\u00f3rio de camar\u00f5es tem prazo de 30 dias para adequa\u00e7\u00e3o \u00e0s normas ambientais<\/a><\/p>\n\n\n\n<p><a href=\"https:\/\/fpisaofrancisco.inf.br\/index.php\/2024\/11\/19\/fpi-notifica-sete-embarcacoes\/\">FPI do Rio S\u00e3o Francisco notifica sete embarca\u00e7\u00f5es por infra\u00e7\u00f5es navais<\/a><\/p>\n\n\n\n<p><a href=\"http:\/\/xn--fpi%20flagra%20abate%20irregular%20de%20sunos%20em%20casa%20de%20farinha%20no%20agreste%20alagoano-s3i\/\">FPI flagra abate irregular de su\u00ednos em casa de farinha no Agreste alagoano<\/a><\/p>\n\n\n\n<p><a href=\"https:\/\/fpisaofrancisco.inf.br\/index.php\/2024\/11\/19\/crimes-ambientais-sao-flagrados-em-junqueiro\/\">Crimes ambientais s\u00e3o flagrados em Junqueiro pela FPI do Rio S\u00e3o Francisco<\/a><\/p>\n\n\n\n<p><a href=\"https:\/\/fpisaofrancisco.inf.br\/index.php\/2024\/11\/19\/fpi-resgata-34-aves\/\">FPI resgata 34 aves silvestres em Arapiraca<\/a><\/p>\n\n\n\n<p><a href=\"https:\/\/fpisaofrancisco.inf.br\/index.php\/2024\/11\/19\/fpi-interdita-790-litros-de-agrotoxicos\/\">FPI interdita 790 litros de agrot\u00f3xicos em com\u00e9rcio irregular<\/a><\/p>\n\n\n\n<p><a href=\"https:\/\/fpisaofrancisco.inf.br\/index.php\/2024\/11\/18\/14a-etapa-fpial_inicia\/\">FPI do Rio S\u00e3o Francisco d\u00e1 in\u00edcio \u00e0 14\u00aa etapa em Alagoas com foco em munic\u00edpios do Agreste e Sert\u00e3o<\/a><\/p>\n","protected":false},"excerpt":{"rendered":"<p>Iniciativa busca fortalecer pol\u00edticas p\u00fablicas, combater a discrimina\u00e7\u00e3o e promover o di\u00e1logo entre o poder p\u00fablico e a comunidade cigana da etnia Calon<\/p>\n","protected":false},"author":7,"featured_media":7652,"comment_status":"open","ping_status":"open","sticky":false,"template":"","format":"standard","meta":{"_jetpack_memberships_contains_paid_content":false,"footnotes":""},"categories":[189],"tags":[188,100,202,201,94,82,62,61],"class_list":["post-7647","post","type-post","status-publish","format-standard","has-post-thumbnail","hentry","category-14a-etapa-fpi-al","tag-14fpial","tag-cbhsf","tag-ciganos-calon","tag-comunidades-tradicionais","tag-fpi","tag-fpial","tag-rio-sao-francisco","tag-velho-chico","category-189","description-off"],"aioseo_notices":[],"jetpack_featured_media_url":"https:\/\/fpisaofrancisco.inf.br\/wp-content\/uploads\/2024\/11\/WhatsApp-Image-2024-11-21-at-12.36.52.jpeg","jetpack_sharing_enabled":true,"_links":{"self":[{"href":"https:\/\/fpisaofrancisco.inf.br\/index.php\/wp-json\/wp\/v2\/posts\/7647","targetHints":{"allow":["GET"]}}],"collection":[{"href":"https:\/\/fpisaofrancisco.inf.br\/index.php\/wp-json\/wp\/v2\/posts"}],"about":[{"href":"https:\/\/fpisaofrancisco.inf.br\/index.php\/wp-json\/wp\/v2\/types\/post"}],"author":[{"embeddable":true,"href":"https:\/\/fpisaofrancisco.inf.br\/index.php\/wp-json\/wp\/v2\/users\/7"}],"replies":[{"embeddable":true,"href":"https:\/\/fpisaofrancisco.inf.br\/index.php\/wp-json\/wp\/v2\/comments?post=7647"}],"version-history":[{"count":1,"href":"https:\/\/fpisaofrancisco.inf.br\/index.php\/wp-json\/wp\/v2\/posts\/7647\/revisions"}],"predecessor-version":[{"id":7651,"href":"https:\/\/fpisaofrancisco.inf.br\/index.php\/wp-json\/wp\/v2\/posts\/7647\/revisions\/7651"}],"wp:featuredmedia":[{"embeddable":true,"href":"https:\/\/fpisaofrancisco.inf.br\/index.php\/wp-json\/wp\/v2\/media\/7652"}],"wp:attachment":[{"href":"https:\/\/fpisaofrancisco.inf.br\/index.php\/wp-json\/wp\/v2\/media?parent=7647"}],"wp:term":[{"taxonomy":"category","embeddable":true,"href":"https:\/\/fpisaofrancisco.inf.br\/index.php\/wp-json\/wp\/v2\/categories?post=7647"},{"taxonomy":"post_tag","embeddable":true,"href":"https:\/\/fpisaofrancisco.inf.br\/index.php\/wp-json\/wp\/v2\/tags?post=7647"}],"curies":[{"name":"wp","href":"https:\/\/api.w.org\/{rel}","templated":true}]}}