{"id":7642,"date":"2024-11-21T15:12:51","date_gmt":"2024-11-21T15:12:51","guid":{"rendered":"https:\/\/fpisaofrancisco.inf.br\/?p=7642"},"modified":"2024-11-21T20:57:11","modified_gmt":"2024-11-21T20:57:11","slug":"areas-desmatadas-embargadas-equivalem-a-419-campos-de-futebol","status":"publish","type":"post","link":"https:\/\/fpisaofrancisco.inf.br\/index.php\/2024\/11\/21\/areas-desmatadas-embargadas-equivalem-a-419-campos-de-futebol\/","title":{"rendered":"FPI do Rio S\u00e3o Francisco embarga \u00e1reas desmatadas que equivalem a 419 campos de futebol"},"content":{"rendered":"\n<p class=\"has-white-color has-accent-background-color has-text-color has-background has-link-color wp-elements-c6ec8847622e7773cafb6c363ed6bc00\">A problem\u00e1tica do desmatamento tem reflexos ambientais, sociais e econ\u00f4micos. Al\u00e9m de provocar altera\u00e7\u00e3o no microclima da regi\u00e3o e na biodiversidade e favorecer a desertifica\u00e7\u00e3o, areniza\u00e7\u00e3o ou eros\u00e3o do solo, ela ainda acarreta, em casos mais graves, o genoc\u00eddio e o etnoc\u00eddio de povos origin\u00e1rios. A Fiscaliza\u00e7\u00e3o Preventiva Integrada (FPI) do Rio S\u00e3o Francisco, h\u00e1 10 anos, tem atuado para combater esse crime ambiental e, somente nos tr\u00eas primeiros dias de atividades desta 14\u00aa etapa, j\u00e1 lavrou 23 autos de infra\u00e7\u00e3o, com indicativos de multas que podem chegar a mais de meio milh\u00e3o de reais.<\/p>\n\n\n\n<p>As fiscaliza\u00e7\u00f5es da equipe Flora aconteceram em propriedades rurais nos munic\u00edpios de Limoeiro de Anadia, Olho d&#8217;\u00c1gua Grande e S\u00e3o Br\u00e1s. Em todos os pontos de interesse inspecionados foram flagradas \u00e1reas desmatadas, o que configura il\u00edcito penal previsto na Lei n\u00ba 9.605\/98. Segundo a norma jur\u00eddica, \u201c\u00e9 crime cortar \u00e1rvore ou destruir floresta protegida\u201d. A norma foi criada com o objetivo de trazer puni\u00e7\u00f5es administrativas e penais para condutas e atos que causem danos ao meio ambiente.<\/p>\n\n\n\n<h3 class=\"wp-block-heading\">Os flagrantes<\/h3>\n\n\n\n<p>Somente entre os dias 18 e 19, a equipe Flora vistoriou, em Limoeiro de Anadia e Olho d&#8217;\u00c1gua Grande, 15 pontos de interesse, tendo lavrado 15 autos de infra\u00e7\u00e3o que totalizaram R$ 514 mil em indicativos de multas. Os 302 hectares foram embargados, o que pro\u00edbe o propriet\u00e1rio de fazer qualquer tipo de atividade na \u00e1rea.<\/p>\n\n\n\n<p>J\u00e1 nesse dia 20, em Olho d&#8217;\u00c1gua Grande e S\u00e3o Br\u00e1s, foram vistoriados oito pontos de interesse, e todos eles receberam autos de infra\u00e7\u00e3o. A soma das multas que podem ser aplicadas \u00e9 de R$ 147 mil reais para os 116 hectares vistoriados.<\/p>\n\n\n\n<p>Segundo Daniel da Concei\u00e7\u00e3o, ge\u00f3grafo e coordenador da equipe Flora, ao chegar em cada ponto de interesse, a equipe notifica os donos das \u00e1reas, aplicam o auto de infra\u00e7\u00e3o com indicativo de multa e d\u00e3o prazo de 20 dias para que essas pessoas apresentem suas defesas ao Instituto do Meio Ambiente.<\/p>\n\n\n\n<p>\u201cO procedimento normal \u00e9 a notifica\u00e7\u00e3o e o embargo, uma vez que o desmatamento j\u00e1 est\u00e1 constatado. Dessa forma, o propriet\u00e1rio s\u00f3 conseguir\u00e1 utilizar novamente aqueles hectares ap\u00f3s regulariza\u00e7\u00e3o da situa\u00e7\u00e3o. E, em paralelo \u00e0 aplica\u00e7\u00e3o das san\u00e7\u00f5es, a gente orienta sobre a import\u00e2ncia da preserva\u00e7\u00e3o do bioma da Caatinga e esclarece tudo aquilo que \u00e9 considerado crime ambiental\u201d, explicou ele.<\/p>\n\n\n\n<p>O coordenador informou ainda que a quantidade de hectares embargados equivale a 419 campos de futebol, cujo desmatamento suprimiu esp\u00e9cies como Angico, Juazeiro, Jurema, Umbuzeiro, Aroeira e Catingueira, todas pertencentes ao bioma da Caatinga.<\/p>\n\n\n\n<figure class=\"wp-block-image size-large\"><img fetchpriority=\"high\" decoding=\"async\" width=\"1024\" height=\"682\" src=\"https:\/\/fpisaofrancisco.inf.br\/wp-content\/uploads\/2024\/11\/WhatsApp-Image-2024-11-21-at-11.50.09-1024x682.jpeg\" alt=\"\" class=\"wp-image-7645\" srcset=\"https:\/\/fpisaofrancisco.inf.br\/wp-content\/uploads\/2024\/11\/WhatsApp-Image-2024-11-21-at-11.50.09-1024x682.jpeg 1024w, https:\/\/fpisaofrancisco.inf.br\/wp-content\/uploads\/2024\/11\/WhatsApp-Image-2024-11-21-at-11.50.09-300x200.jpeg 300w, https:\/\/fpisaofrancisco.inf.br\/wp-content\/uploads\/2024\/11\/WhatsApp-Image-2024-11-21-at-11.50.09-768x512.jpeg 768w, https:\/\/fpisaofrancisco.inf.br\/wp-content\/uploads\/2024\/11\/WhatsApp-Image-2024-11-21-at-11.50.09.jpeg 1280w\" sizes=\"(max-width: 1024px) 100vw, 1024px\" \/><\/figure>\n\n\n\n<p>Comp\u00f5em a equipe agentes do Instituto do Meio Ambiente de Alagoas e do Batalh\u00e3o de Pol\u00edcia Ambiental.<\/p>\n\n\n\n<h3 class=\"wp-block-heading\">Desertifica\u00e7\u00e3o<\/h3>\n\n\n\n<p>A Caatinga \u00e9 o tipo de flora caracterizada por ter suas plantas altamente adaptadas ao clima seco, possuindo estruturas que evitam a perda de \u00e1gua. A estrutura das esp\u00e9cies varia de acordo com o volume de chuvas, o tipo de solo, a rede hidrogr\u00e1fica e a a\u00e7\u00e3o humana.<\/p>\n\n\n\n<p>De acordo com a Equipe Flora da FPI S\u00e3o Francisco, por se tratar de um bioma em uma regi\u00e3o clim\u00e1tica Semi\u00e1rida, a Caatinga j\u00e1 apresenta uma fragilidade maior, e o seu desmatamento intensifica processos de aridifica\u00e7\u00e3o e desertifica\u00e7\u00e3o.<\/p>\n\n\n\n<p>Isso porque deixa o solo exposto e suscept\u00edvel a processos erosivos, redu\u00e7\u00e3o de nutrientes e, a depender do uso dado ao solo ap\u00f3s o desmatamento, pode ocorrer o processo de saliniza\u00e7\u00e3o, tornando essas \u00e1reas improdutivas e dif\u00edceis de recuperar.<\/p>\n\n\n\n<p>\u201cOutro impacto negativo relacionado ao desmatamento e ao processo de desertifica\u00e7\u00e3o \u00e9 a redu\u00e7\u00e3o de ac\u00famulo de \u00e1gua no solo, que \u00e9 um processo natural devido ao tipo de solo encontrado na Caatinga, que s\u00e3o solos jovens e, por isso, com pouca profundidade, essas caracter\u00edsticas somadas a redu\u00e7\u00e3o da vegeta\u00e7\u00e3o reduz ainda mais o processo de infiltra\u00e7\u00e3o, impactando no Ciclo Hidrol\u00f3gico\u201d, explicou a coordena\u00e7\u00e3o da equipe.<\/p>\n\n\n\n<h3 class=\"wp-block-heading\">Mudan\u00e7as clim\u00e1ticas<\/h3>\n\n\n\n<p>O desmatamento tamb\u00e9m est\u00e1 diretamente ligado aos impactos ambientais, sociais e econ\u00f4micos do planeta. Com a supress\u00e3o de vegeta\u00e7\u00e3o, aumenta a quantidade de gases de efeito estufa, que absorvem e reemitem radia\u00e7\u00e3o infravermelha, contribuindo para o aquecimento global. Perde-se ainda a cobertura vegetal que produz oxig\u00eanio e estoca carbono.<\/p>\n\n\n\n<p>Entre os 17 objetivos de Desenvolvimento Sustent\u00e1vel estabelecidos pelas Na\u00e7\u00f5es Unidas para o Brasil e o mundo, encontra-se o de \u201ctomar medidas urgentes para combater a mudan\u00e7a clim\u00e1tica e seus impactos\u201d. A FPI do Rio S\u00e3o Francisco pauta sua atua\u00e7\u00e3o nesse sentido.<\/p>\n\n\n\n<p>Os Objetivos de Desenvolvimento Sustent\u00e1vel s\u00e3o um apelo global \u00e0 a\u00e7\u00e3o para acabar com a pobreza, proteger o meio ambiente e o clima e garantir que as pessoas, em todos os lugares, possam desfrutar de paz e de prosperidade. Estes s\u00e3o os objetivos para os quais as Na\u00e7\u00f5es Unidas est\u00e3o contribuindo a fim de que possamos atingir a Agenda 2030 no Brasil.<br><\/p>\n\n\n\n<h3 class=\"wp-block-heading\"><strong>A FPI do Rio S\u00e3o Francisco<\/strong><\/h3>\n\n\n\n<p>A FPI tem o objetivo de melhorar a qualidade ambiental da Bacia Hidrogr\u00e1fica do Rio S\u00e3o Francisco e a qualidade de vida dos seus povos. Os trabalhos acontecem de modo cont\u00ednuo e permanente. Para isso, realizam-se o diagn\u00f3stico dos danos ambientais e a ado\u00e7\u00e3o de provid\u00eancias administrativas, c\u00edveis e criminais com a indu\u00e7\u00e3o de pol\u00edticas p\u00fablicas.<\/p>\n\n\n\n<p>Como programa, a FPI \u00e9 estruturada em tr\u00eas fases: planejamento, execu\u00e7\u00e3o e desdobramentos. A fase de desdobramento compreende o acompanhamento e monitoramento dos diagn\u00f3sticos realizados e a atua\u00e7\u00e3o de repercuss\u00f5es de medidas administrativas pelos \u00f3rg\u00e3os envolvidos, c\u00edveis e\/ou criminais e pelo Minist\u00e9rio P\u00fablico competente.<\/p>\n\n\n\n<p>Tamb\u00e9m \u00e9 na fase de desdobramentos que o poder p\u00fablico e a sociedade civil organizada contribuem na regulariza\u00e7\u00e3o dos empreendimentos, repara\u00e7\u00e3o de danos detectados e efetiva\u00e7\u00e3o das medidas de prote\u00e7\u00e3o necess\u00e1rias.<\/p>\n\n\n\n<p>Participam da 14\u00aa etapa da Fiscaliza\u00e7\u00e3o Preventiva Integrada a&nbsp;<a href=\"https:\/\/www.defesaagropecuaria.al.gov.br\/\">Ag\u00eancia de Defesa e Inspe\u00e7\u00e3o Agropecu\u00e1ria de Alagoas (Adeal),<\/a>&nbsp;<a href=\"https:\/\/alagoasdigital.al.gov.br\/unidade-de-atendimento\/814\">Batalh\u00e3o de Pol\u00edcia Ambiental da Pol\u00edcia Militar do Estado de Alagoas (BPA\/PMAL),<\/a>&nbsp;<a href=\"https:\/\/cbhsaofrancisco.org.br\/\">Comit\u00ea da Bacia Hidrogr\u00e1fica do Rio Francisco (CBHSF),<\/a><a href=\"https:\/\/www.crea-al.org.br\/\">&nbsp;Conselho Regional de Engenharia e Agronomia de Alagoas (Crea\/AL<\/a>),&nbsp;<a href=\"https:\/\/www.crmv-al.org.br\/\">Conselho Regional de Medicina Veterin\u00e1ria de Alagoas (CRMV\/AL),<\/a>&nbsp;<a href=\"https:\/\/www.crt03.gov.br\/\">Conselho Regional dos T\u00e9cnicos Industriais da 3\u00aa Regi\u00e3o (CRT-3)<\/a>,&nbsp;<a href=\"https:\/\/institutohori.org.br\/\">Instituto Hori,<\/a>&nbsp;<a href=\"https:\/\/www2.ima.al.gov.br\/\">Instituto do Meio Ambiente de Alagoas (IMA\/AL)<\/a>,&nbsp;<a href=\"https:\/\/ipma.org.br\/\">Instituto Para Preserva\u00e7\u00e3o da Mata Atl\u00e2ntica (IPMA)<\/a>,&nbsp;<a href=\"https:\/\/www.marinha.mil.br\/\">Marinha do Brasil<\/a>,&nbsp;<a href=\"https:\/\/www.mpal.mp.br\/\">Minist\u00e9rio P\u00fablico do Estado de Alagoas (MPE)<\/a>,&nbsp;<a href=\"https:\/\/www.mpf.mp.br\/al\/\">Minist\u00e9rio P\u00fablico Federal em Alagoas (MPF)<\/a>,&nbsp;<a href=\"https:\/\/www.prt19.mpt.mp.br\/\">Minist\u00e9rio P\u00fablico do Trabalho em Alagoas (MPT)<\/a>,&nbsp;<a href=\"https:\/\/www.gov.br\/pf\/pt-br\">Pol\u00edcia Federal (PF),<\/a>&nbsp;<a href=\"https:\/\/www.gov.br\/prf\/pt-br\">Pol\u00edcia Rodovi\u00e1ria Federal (PRF<\/a>),&nbsp;<a href=\"http:\/\/www.instagram.com\/redemulheresnct\">Rede Mulheres de Comunidades Tradicionais (RMCT)<\/a>,&nbsp;<a href=\"https:\/\/semarh.al.gov.br\/\">Secretaria de Estado do Meio Ambiente e Recursos H\u00eddricos (SEMARH)<\/a>,&nbsp;<a href=\"https:\/\/mulheredireitoshumanos.al.gov.br\/\">Secretaria de Estado da Mulher e dos Direitos Humanos (SEMUDH)<\/a>,&nbsp;<a href=\"https:\/\/www.saude.al.gov.br\/\">Secretaria de Estado da Sa\u00fade (Sesau)<\/a>,&nbsp;<a href=\"https:\/\/institutososcaatinga.com.br\/site\/\">SOS Caatinga<\/a>,&nbsp;<a href=\"https:\/\/www.tceal.tc.br\/\">Tribunal de Contas do Estado de Alagoas (TCE\/AL),<\/a>&nbsp;<a href=\"https:\/\/www.tre-al.jus.br\/\">Tribunal Regional Eleitoral de Alagoas (TRE\/AL)&nbsp;<\/a>e<a href=\"https:\/\/uneal.edu.br\/institucional\/a-uneal\">&nbsp;Universidade Estadual de Alagoas (Uneal).<\/a><\/p>\n\n\n\n<p>A FPI do Rio S\u00e3o Francisco em Alagoas \u00e9 coordenada pelo CBHSF, MPE, MPF e BPA\/PMAL, que desenvolvem os trabalhos de intelig\u00eancia, organiza\u00e7\u00e3o e divulga\u00e7\u00e3o das atividades e resultados para a popula\u00e7\u00e3o.<\/p>\n\n\n\n<h3 class=\"wp-block-heading\"><strong>Leia tamb\u00e9m:<\/strong><\/h3>\n\n\n\n<p><br><a href=\"https:\/\/fpisaofrancisco.inf.br\/index.php\/2024\/11\/21\/barco-escola-promove-inclusao-e-educacao-ambiental\/\" title=\"\">No Dia da Consci\u00eancia Negra, barco-escola promove inclus\u00e3o e educa\u00e7\u00e3o ambiental<\/a><\/p>\n\n\n\n<p><a href=\"https:\/\/fpisaofrancisco.inf.br\/index.php\/2024\/11\/21\/pixaim-resiste\/\">Entre o rio e as dunas, Pixaim resiste: uma hist\u00f3ria de luta e ancestralidade<\/a><\/p>\n\n\n\n<p><a href=\"https:\/\/fpisaofrancisco.inf.br\/index.php\/2024\/11\/21\/aves-ganham-liberdade-no-dia-da-consciencia-negra\/\">De volta \u00e0 natureza: aves ganham liberdade no dia da Consci\u00eancia Negra<\/a><\/p>\n\n\n\n<p><a href=\"https:\/\/fpisaofrancisco.inf.br\/index.php\/2024\/11\/19\/quilombolas-do-oiteiro-e-tabuleiro-dos-negros\/\">FPI visita comunidades quilombolas do Oiteiro e Tabuleiro dos Negros<\/a><\/p>\n\n\n\n<p><a href=\"https:\/\/fpisaofrancisco.inf.br\/index.php\/2024\/11\/19\/agua-sem-tratamento-adequado-distribuida-para-comunidades-ribeirinhas\/\">FPI constata distribui\u00e7\u00e3o de \u00e1gua sem tratamento adequado a comunidades ribeirinhas<\/a><\/p>\n\n\n\n<p><a href=\"https:\/\/fpisaofrancisco.inf.br\/index.php\/2024\/11\/19\/criatorio-de-camaroes-tem-prazo-para-adequar-as-normas-ambientais\/\">Criat\u00f3rio de camar\u00f5es tem prazo de 30 dias para adequa\u00e7\u00e3o \u00e0s normas ambientais<\/a><\/p>\n\n\n\n<p><a href=\"https:\/\/fpisaofrancisco.inf.br\/index.php\/2024\/11\/19\/fpi-notifica-sete-embarcacoes\/\">FPI do Rio S\u00e3o Francisco notifica sete embarca\u00e7\u00f5es por infra\u00e7\u00f5es navais<\/a><\/p>\n\n\n\n<p><a href=\"http:\/\/xn--fpi%20flagra%20abate%20irregular%20de%20sunos%20em%20casa%20de%20farinha%20no%20agreste%20alagoano-s3i\/\">FPI flagra abate irregular de su\u00ednos em casa de farinha no Agreste alagoano<\/a><\/p>\n\n\n\n<p><a href=\"https:\/\/fpisaofrancisco.inf.br\/index.php\/2024\/11\/19\/crimes-ambientais-sao-flagrados-em-junqueiro\/\">Crimes ambientais s\u00e3o flagrados em Junqueiro pela FPI do Rio S\u00e3o Francisco<\/a><\/p>\n\n\n\n<p><a href=\"https:\/\/fpisaofrancisco.inf.br\/index.php\/2024\/11\/19\/fpi-resgata-34-aves\/\">FPI resgata 34 aves silvestres em Arapiraca<\/a><\/p>\n\n\n\n<p><a href=\"https:\/\/fpisaofrancisco.inf.br\/index.php\/2024\/11\/19\/fpi-interdita-790-litros-de-agrotoxicos\/\">FPI interdita 790 litros de agrot\u00f3xicos em com\u00e9rcio irregular<\/a><\/p>\n\n\n\n<p><a href=\"https:\/\/fpisaofrancisco.inf.br\/index.php\/2024\/11\/18\/14a-etapa-fpial_inicia\/\">FPI do Rio S\u00e3o Francisco d\u00e1 in\u00edcio \u00e0 14\u00aa etapa em Alagoas com foco em munic\u00edpios do Agreste e Sert\u00e3o<\/a><\/p>\n","protected":false},"excerpt":{"rendered":"<p>Desmatamento provoca mudan\u00e7as clim\u00e1ticas e na biodiversidade, al\u00e9m de agravar desertifica\u00e7\u00e3o, areniza\u00e7\u00e3o ou eros\u00e3o do solo; povos origin\u00e1rios est\u00e3o amea\u00e7ados<\/p>\n","protected":false},"author":7,"featured_media":7643,"comment_status":"open","ping_status":"open","sticky":false,"template":"","format":"standard","meta":{"_jetpack_memberships_contains_paid_content":false,"footnotes":""},"categories":[189],"tags":[200],"class_list":["post-7642","post","type-post","status-publish","format-standard","has-post-thumbnail","hentry","category-14a-etapa-fpi-al","tag-fpial-14fpial-cbhsf-flora-velhochico-desmatamento-mudancasclimaticas","category-189","description-off"],"aioseo_notices":[],"jetpack_featured_media_url":"https:\/\/fpisaofrancisco.inf.br\/wp-content\/uploads\/2024\/11\/WhatsApp-Image-2024-11-21-at-11.49.52.jpeg","jetpack_sharing_enabled":true,"_links":{"self":[{"href":"https:\/\/fpisaofrancisco.inf.br\/index.php\/wp-json\/wp\/v2\/posts\/7642","targetHints":{"allow":["GET"]}}],"collection":[{"href":"https:\/\/fpisaofrancisco.inf.br\/index.php\/wp-json\/wp\/v2\/posts"}],"about":[{"href":"https:\/\/fpisaofrancisco.inf.br\/index.php\/wp-json\/wp\/v2\/types\/post"}],"author":[{"embeddable":true,"href":"https:\/\/fpisaofrancisco.inf.br\/index.php\/wp-json\/wp\/v2\/users\/7"}],"replies":[{"embeddable":true,"href":"https:\/\/fpisaofrancisco.inf.br\/index.php\/wp-json\/wp\/v2\/comments?post=7642"}],"version-history":[{"count":4,"href":"https:\/\/fpisaofrancisco.inf.br\/index.php\/wp-json\/wp\/v2\/posts\/7642\/revisions"}],"predecessor-version":[{"id":7678,"href":"https:\/\/fpisaofrancisco.inf.br\/index.php\/wp-json\/wp\/v2\/posts\/7642\/revisions\/7678"}],"wp:featuredmedia":[{"embeddable":true,"href":"https:\/\/fpisaofrancisco.inf.br\/index.php\/wp-json\/wp\/v2\/media\/7643"}],"wp:attachment":[{"href":"https:\/\/fpisaofrancisco.inf.br\/index.php\/wp-json\/wp\/v2\/media?parent=7642"}],"wp:term":[{"taxonomy":"category","embeddable":true,"href":"https:\/\/fpisaofrancisco.inf.br\/index.php\/wp-json\/wp\/v2\/categories?post=7642"},{"taxonomy":"post_tag","embeddable":true,"href":"https:\/\/fpisaofrancisco.inf.br\/index.php\/wp-json\/wp\/v2\/tags?post=7642"}],"curies":[{"name":"wp","href":"https:\/\/api.w.org\/{rel}","templated":true}]}}