{"id":7636,"date":"2024-11-21T14:55:46","date_gmt":"2024-11-21T14:55:46","guid":{"rendered":"https:\/\/fpisaofrancisco.inf.br\/?p=7636"},"modified":"2024-11-21T14:57:25","modified_gmt":"2024-11-21T14:57:25","slug":"barco-escola-promove-inclusao-e-educacao-ambiental","status":"publish","type":"post","link":"https:\/\/fpisaofrancisco.inf.br\/index.php\/2024\/11\/21\/barco-escola-promove-inclusao-e-educacao-ambiental\/","title":{"rendered":"No Dia da Consci\u00eancia Negra, barco-escola promove inclus\u00e3o e educa\u00e7\u00e3o ambiental"},"content":{"rendered":"\n<p class=\"has-white-color has-accent-background-color has-text-color has-background has-link-color wp-elements-9266a5899609320713258f5c44d2223e\">No dia dedicado \u00e0 reflex\u00e3o sobre a forma\u00e7\u00e3o do Brasil com a participa\u00e7\u00e3o do povo negro, o qual sempre foi privado de tudo e teve que lutar para ter acesso inclusive \u00e0 educa\u00e7\u00e3o, a Fiscaliza\u00e7\u00e3o Preventiva Integrada da Bacia Hidrogr\u00e1fica do Rio S\u00e3o Francisco (FPI do Rio S\u00e3o Francisco) promoveu uma atividade de campo voltada para estudantes do Ensino Fundamental de Penedo: uma aula pr\u00e1tica no barco-escola, durante um passeio pelo Velho Chico, nesta quarta-feira, 20 de novembro.<\/p>\n\n\n\n<p>A iniciativa, que foi coordenada pelas equipes de Educa\u00e7\u00e3o Ambiental e Sede de Aprender da FPI, muito mais do que tratar sobre pr\u00e1ticas ambientais sustent\u00e1veis, teve como objetivo deixar claro que a educa\u00e7\u00e3o deve ser inclusiva, universal e sem preconceitos.<\/p>\n\n\n\n<p>Nesse sentido, o jovem Samuel Marques, de 21 anos, que tem paralisia cerebral e veio da comunidade quilombola Oiteiro, tem ainda mais motivos para comemorar a ocasi\u00e3o. Acompanhado pela m\u00e3e, dona Elen Marques, ele fez o passeio, acompanhou as palestras e realizou um plantio de muda na margem do Velho Chico.<\/p>\n\n\n\n<p>\u201cEu vejo essa atividade aqui como um avan\u00e7o de inclus\u00e3o, hoje tem muita possibilidade de inclus\u00e3o e ele se sente um membro da sociedade. A gente apoia muito a quest\u00e3o da conscientiza\u00e7\u00e3o para se tratar as pessoas por igual, sem preconceito de cor, ra\u00e7a ou qualquer outra coisa. A gente j\u00e1 passou por muito preconceito. E aqui \u00e9 uma oportunidade para fortalecer as gera\u00e7\u00f5es para um futuro de muito mais respeito\u201d, narrou dona Elen Marques, ap\u00f3s acompanhar o filho no plantio de muda \u00e0 margem do rio.<\/p>\n\n\n\n<p>Samuel Marques e os outros 50 estudantes que participaram da a\u00e7\u00e3o s\u00e3o membros dos Clubes de Desbravadores Oreon e Gigantes da Mata, que tinham como representante Luciano Teles. Para ele, \u201cquando cuidamos do meio ambiente, melhoramos a vida das pessoas mais vulner\u00e1veis\u201d.<\/p>\n\n\n\n<p>Segundo a promotora de Justi\u00e7a Lav\u00ednia Fragoso, titular da 5\u00aa Promotoria de Justi\u00e7a da Capital (Recursos H\u00eddricos) e uma das coordenadoras da FPI, a iniciativa do barco-escola cumpre os objetivos que v\u00e3o al\u00e9m da fiscaliza\u00e7\u00e3o, que s\u00e3o prevenir danos, propagar informa\u00e7\u00f5es de como proteger o meio ambiente e modificar condutas e comportamentos nocivos, ou seja, promover educa\u00e7\u00e3o ambiental.<\/p>\n\n\n\n<p>\u201cAl\u00e9m disso, criamos a sensa\u00e7\u00e3o de pertencimento e de responsabilidade com a preserva\u00e7\u00e3o do meio ambiente e dos ecossistemas. Essas crian\u00e7as e jovens se tornam propagadores de informa\u00e7\u00f5es junto a suas comunidades e suas fam\u00edlias. Por meio dessa a\u00e7\u00e3o, nos alinhamos ainda mais aos Objetivos de Desenvolvimento Sustent\u00e1vel (ODS) da ONU nos quesitos educa\u00e7\u00e3o de qualidade e a\u00e7\u00e3o contra a mudan\u00e7a global do clima\u201d, elencou a promotora.<\/p>\n\n\n\n<p>Promotor de Justi\u00e7a da 4\u00ba PJC (Defesa do Meio Ambiente) e tamb\u00e9m coordenador da FPI, Alberto Fonseca ressaltou que, para preservar, \u00e9 preciso conhecer o ambiente no qual se vive. \u201cEsta \u00e9 a import\u00e2ncia da equipe de Educa\u00e7\u00e3o Ambiental da FPI, trabalhando principalmente com as presentes gera\u00e7\u00f5es para formar as futuras. \u00c9 assim que podemos promover uma mudan\u00e7a de mentalidade e evitar o que as gera\u00e7\u00f5es anteriores fizeram de degrada\u00e7\u00e3o\u201d, refor\u00e7ou.<\/p>\n\n\n\n<p>Esse \u00e9 o mesmo entendimento do procurador da Rep\u00fablica \u00c9rico Gomes, do Minist\u00e9rio P\u00fablico Federal em Alagoas (MPF\/AL) e que tamb\u00e9m coordena a FPI, para quem \u201cas pessoas precisam tomar consci\u00eancia daquilo que possuem para que aprendam a preservar\u201d. \u201cA consci\u00eancia devolve a identidade, seja consci\u00eancia de classe, de cor, de condi\u00e7\u00e3o, de origem, e para isso precisamos de educa\u00e7\u00e3o em sentido amplo. Este dia 20 de novembro, que agora \u00e9 feriado nacional pelo Dia da Consci\u00eancia Negra, \u00e9 importante para esse tipo de reflex\u00e3o. \u00c9 tomando consci\u00eancia de si que as pessoas podem lutar, por exemplo, contra o racismo ambiental, que afeta ainda mais as popula\u00e7\u00f5es negras e pobres\u201d, refletiu \u00c9rico Gomes.<\/p>\n\n\n\n<p>Durante o percurso, a embarca\u00e7\u00e3o fez uma parada na margem do Rio S\u00e3o Francisco, em Penedo, para o plantio de tr\u00eas esp\u00e9cies de plantas que ocorrem na regi\u00e3o. \u201cTrazer esses alunos de escolas p\u00fablicas \u00e9 importante tamb\u00e9m para torn\u00e1-los multiplicadores. Mas n\u00e3o fazemos isso apenas na FPI, fazemos durante o ano todo, essa iniciativa \u00e9 permanente. O Rio S\u00e3o Francisco vem sendo degradado h\u00e1 muito tempo, \u00e9 desmatamento da mata ciliar, \u00e9 lan\u00e7amento de esgoto. Por outro lado, as comunidades est\u00e3o muito mais conscientes de que dependem do Rio para sobreviver\u201d, emendou o superintendente de Preserva\u00e7\u00e3o Ambiental do IMA e coordenador da equipe de Educa\u00e7\u00e3o Ambiental da FPI, Pedro Normande.<\/p>\n\n\n\n<figure class=\"wp-block-image size-large\"><img fetchpriority=\"high\" decoding=\"async\" width=\"1024\" height=\"683\" src=\"https:\/\/fpisaofrancisco.inf.br\/wp-content\/uploads\/2024\/11\/WhatsApp-Image-2024-11-21-at-11.34.14-1024x683.jpeg\" alt=\"\" class=\"wp-image-7640\" srcset=\"https:\/\/fpisaofrancisco.inf.br\/wp-content\/uploads\/2024\/11\/WhatsApp-Image-2024-11-21-at-11.34.14-1024x683.jpeg 1024w, https:\/\/fpisaofrancisco.inf.br\/wp-content\/uploads\/2024\/11\/WhatsApp-Image-2024-11-21-at-11.34.14-300x200.jpeg 300w, https:\/\/fpisaofrancisco.inf.br\/wp-content\/uploads\/2024\/11\/WhatsApp-Image-2024-11-21-at-11.34.14-768x512.jpeg 768w, https:\/\/fpisaofrancisco.inf.br\/wp-content\/uploads\/2024\/11\/WhatsApp-Image-2024-11-21-at-11.34.14-1536x1024.jpeg 1536w, https:\/\/fpisaofrancisco.inf.br\/wp-content\/uploads\/2024\/11\/WhatsApp-Image-2024-11-21-at-11.34.14-2048x1365.jpeg 2048w\" sizes=\"(max-width: 1024px) 100vw, 1024px\" \/><\/figure>\n\n\n\n<p>A equipe de Educa\u00e7\u00e3o Ambiental da FPI do Rio S\u00e3o Francisco \u00e9 composta pelo Minist\u00e9rio P\u00fablico de Alagoas (MPAL), Minist\u00e9rio P\u00fablico Federal em Alagoas (MPF\/AL), Instituto do Meio Ambiente de Alagoas (IMA\/AL), Batalh\u00e3o de Pol\u00edcia Ambiental (BPA) e, na atividade desta quarta-feira, contou com apoio da Marinha do Brasil e da Secretaria de Meio Ambiente de Penedo.<\/p>\n\n\n\n<h3 class=\"wp-block-heading\"><strong>A FPI do Rio S\u00e3o Francisco<\/strong><\/h3>\n\n\n\n<p>A FPI tem o objetivo de melhorar a qualidade ambiental da Bacia Hidrogr\u00e1fica do Rio S\u00e3o Francisco e a qualidade de vida dos seus povos. Os trabalhos acontecem de modo cont\u00ednuo e permanente. Para isso, realizam-se o diagn\u00f3stico dos danos ambientais e a ado\u00e7\u00e3o de provid\u00eancias administrativas, c\u00edveis e criminais com a indu\u00e7\u00e3o de pol\u00edticas p\u00fablicas.<\/p>\n\n\n\n<p>Como programa, a FPI \u00e9 estruturada em tr\u00eas fases: planejamento, execu\u00e7\u00e3o e desdobramentos. A fase de desdobramento compreende o acompanhamento e monitoramento dos diagn\u00f3sticos realizados e a atua\u00e7\u00e3o de repercuss\u00f5es de medidas administrativas pelos \u00f3rg\u00e3os envolvidos, c\u00edveis e\/ou criminais e pelo Minist\u00e9rio P\u00fablico competente.<\/p>\n\n\n\n<p>Tamb\u00e9m \u00e9 na fase de desdobramentos que o poder p\u00fablico e a sociedade civil organizada contribuem na regulariza\u00e7\u00e3o dos empreendimentos, repara\u00e7\u00e3o de danos detectados e efetiva\u00e7\u00e3o das medidas de prote\u00e7\u00e3o necess\u00e1rias.<\/p>\n\n\n\n<p>Participam da 14\u00aa etapa da Fiscaliza\u00e7\u00e3o Preventiva Integrada a&nbsp;<a href=\"https:\/\/www.defesaagropecuaria.al.gov.br\/\">Ag\u00eancia de Defesa e Inspe\u00e7\u00e3o Agropecu\u00e1ria de Alagoas (Adeal),<\/a>&nbsp;<a href=\"https:\/\/alagoasdigital.al.gov.br\/unidade-de-atendimento\/814\">Batalh\u00e3o de Pol\u00edcia Ambiental da Pol\u00edcia Militar do Estado de Alagoas (BPA\/PMAL),<\/a>&nbsp;<a href=\"https:\/\/cbhsaofrancisco.org.br\/\">Comit\u00ea da Bacia Hidrogr\u00e1fica do Rio Francisco (CBHSF),<\/a><a href=\"https:\/\/www.crea-al.org.br\/\">&nbsp;Conselho Regional de Engenharia e Agronomia de Alagoas (Crea\/AL<\/a>),&nbsp;<a href=\"https:\/\/www.crmv-al.org.br\/\">Conselho Regional de Medicina Veterin\u00e1ria de Alagoas (CRMV\/AL),<\/a>&nbsp;<a href=\"https:\/\/www.crt03.gov.br\/\">Conselho Regional dos T\u00e9cnicos Industriais da 3\u00aa Regi\u00e3o (CRT-3)<\/a>,&nbsp;<a href=\"https:\/\/institutohori.org.br\/\">Instituto Hori,<\/a>&nbsp;<a href=\"https:\/\/www2.ima.al.gov.br\/\">Instituto do Meio Ambiente de Alagoas (IMA\/AL)<\/a>,&nbsp;<a href=\"https:\/\/ipma.org.br\/\">Instituto Para Preserva\u00e7\u00e3o da Mata Atl\u00e2ntica (IPMA)<\/a>,&nbsp;<a href=\"https:\/\/www.marinha.mil.br\/\">Marinha do Brasil<\/a>,&nbsp;<a href=\"https:\/\/www.mpal.mp.br\/\">Minist\u00e9rio P\u00fablico do Estado de Alagoas (MPE)<\/a>,&nbsp;<a href=\"https:\/\/www.mpf.mp.br\/al\/\">Minist\u00e9rio P\u00fablico Federal em Alagoas (MPF)<\/a>,&nbsp;<a href=\"https:\/\/www.prt19.mpt.mp.br\/\">Minist\u00e9rio P\u00fablico do Trabalho em Alagoas (MPT)<\/a>,&nbsp;<a href=\"https:\/\/www.gov.br\/pf\/pt-br\">Pol\u00edcia Federal (PF),<\/a>&nbsp;<a href=\"https:\/\/www.gov.br\/prf\/pt-br\">Pol\u00edcia Rodovi\u00e1ria Federal (PRF<\/a>),&nbsp;<a href=\"http:\/\/www.instagram.com\/redemulheresnct\">Rede Mulheres de Comunidades Tradicionais (RMCT)<\/a>,&nbsp;<a href=\"https:\/\/semarh.al.gov.br\/\">Secretaria de Estado do Meio Ambiente e Recursos H\u00eddricos (SEMARH)<\/a>,&nbsp;<a href=\"https:\/\/mulheredireitoshumanos.al.gov.br\/\">Secretaria de Estado da Mulher e dos Direitos Humanos (SEMUDH)<\/a>,&nbsp;<a href=\"https:\/\/www.saude.al.gov.br\/\">Secretaria de Estado da Sa\u00fade (Sesau)<\/a>,&nbsp;<a href=\"https:\/\/institutososcaatinga.com.br\/site\/\">SOS Caatinga<\/a>,&nbsp;<a href=\"https:\/\/www.tceal.tc.br\/\">Tribunal de Contas do Estado de Alagoas (TCE\/AL),<\/a>&nbsp;<a href=\"https:\/\/www.tre-al.jus.br\/\">Tribunal Regional Eleitoral de Alagoas (TRE\/AL)&nbsp;<\/a>e<a href=\"https:\/\/uneal.edu.br\/institucional\/a-uneal\">&nbsp;Universidade Estadual de Alagoas (Uneal).<\/a><\/p>\n\n\n\n<p>A FPI do Rio S\u00e3o Francisco em Alagoas \u00e9 coordenada pelo CBHSF, MPE, MPF e BPA\/PMAL, que desenvolvem os trabalhos de intelig\u00eancia, organiza\u00e7\u00e3o e divulga\u00e7\u00e3o das atividades e resultados para a popula\u00e7\u00e3o.<\/p>\n\n\n\n<p>Leia tamb\u00e9m:<\/p>\n\n\n\n<p><a href=\"https:\/\/fpisaofrancisco.inf.br\/index.php\/2024\/11\/21\/pixaim-resiste\/\">Entre o rio e as dunas, Pixaim resiste: uma hist\u00f3ria de luta e ancestralidade<\/a><\/p>\n\n\n\n<p><a href=\"https:\/\/fpisaofrancisco.inf.br\/index.php\/2024\/11\/21\/aves-ganham-liberdade-no-dia-da-consciencia-negra\/\">De volta \u00e0 natureza: aves ganham liberdade no dia da Consci\u00eancia Negra<\/a><\/p>\n\n\n\n<p><a href=\"https:\/\/fpisaofrancisco.inf.br\/index.php\/2024\/11\/19\/quilombolas-do-oiteiro-e-tabuleiro-dos-negros\/\">FPI visita comunidades quilombolas do Oiteiro e Tabuleiro dos Negros<\/a><\/p>\n\n\n\n<p><a href=\"https:\/\/fpisaofrancisco.inf.br\/index.php\/2024\/11\/19\/agua-sem-tratamento-adequado-distribuida-para-comunidades-ribeirinhas\/\">FPI constata distribui\u00e7\u00e3o de \u00e1gua sem tratamento adequado a comunidades ribeirinhas<\/a><\/p>\n\n\n\n<p><a href=\"https:\/\/fpisaofrancisco.inf.br\/index.php\/2024\/11\/19\/criatorio-de-camaroes-tem-prazo-para-adequar-as-normas-ambientais\/\">Criat\u00f3rio de camar\u00f5es tem prazo de 30 dias para adequa\u00e7\u00e3o \u00e0s normas ambientais<\/a><\/p>\n\n\n\n<p><a href=\"https:\/\/fpisaofrancisco.inf.br\/index.php\/2024\/11\/19\/fpi-notifica-sete-embarcacoes\/\">FPI do Rio S\u00e3o Francisco notifica sete embarca\u00e7\u00f5es por infra\u00e7\u00f5es navais<\/a><\/p>\n\n\n\n<p><a href=\"http:\/\/xn--fpi%20flagra%20abate%20irregular%20de%20sunos%20em%20casa%20de%20farinha%20no%20agreste%20alagoano-s3i\/\">FPI flagra abate irregular de su\u00ednos em casa de farinha no Agreste alagoano<\/a><\/p>\n\n\n\n<p><a href=\"https:\/\/fpisaofrancisco.inf.br\/index.php\/2024\/11\/19\/crimes-ambientais-sao-flagrados-em-junqueiro\/\">Crimes ambientais s\u00e3o flagrados em Junqueiro pela FPI do Rio S\u00e3o Francisco<\/a><\/p>\n\n\n\n<p><a href=\"https:\/\/fpisaofrancisco.inf.br\/index.php\/2024\/11\/19\/fpi-resgata-34-aves\/\">FPI resgata 34 aves silvestres em Arapiraca<\/a><\/p>\n\n\n\n<p><a href=\"https:\/\/fpisaofrancisco.inf.br\/index.php\/2024\/11\/19\/fpi-interdita-790-litros-de-agrotoxicos\/\">FPI interdita 790 litros de agrot\u00f3xicos em com\u00e9rcio irregular<\/a><\/p>\n\n\n\n<p><a href=\"https:\/\/fpisaofrancisco.inf.br\/index.php\/2024\/11\/18\/14a-etapa-fpial_inicia\/\">FPI do Rio S\u00e3o Francisco d\u00e1 in\u00edcio \u00e0 14\u00aa etapa em Alagoas com foco em munic\u00edpios do Agreste e Sert\u00e3o<\/a><\/p>\n","protected":false},"excerpt":{"rendered":"<p>Mais de 50 estudantes de Penedo participaram de atividade promovida pela FPI durante passeio pelo Velho Chico<\/p>\n","protected":false},"author":7,"featured_media":7638,"comment_status":"open","ping_status":"open","sticky":false,"template":"","format":"standard","meta":{"_jetpack_memberships_contains_paid_content":false,"footnotes":""},"categories":[189],"tags":[199,100,58,94,82,60,59,62,61],"class_list":["post-7636","post","type-post","status-publish","format-standard","has-post-thumbnail","hentry","category-14a-etapa-fpi-al","tag-barco-escola","tag-cbhsf","tag-educacao-ambiental","tag-fpi","tag-fpial","tag-meio-ambiente","tag-preservacao","tag-rio-sao-francisco","tag-velho-chico","category-189","description-off"],"aioseo_notices":[],"jetpack_featured_media_url":"https:\/\/fpisaofrancisco.inf.br\/wp-content\/uploads\/2024\/11\/WhatsApp-Image-2024-11-21-at-11.34.55-scaled.jpeg","jetpack_sharing_enabled":true,"_links":{"self":[{"href":"https:\/\/fpisaofrancisco.inf.br\/index.php\/wp-json\/wp\/v2\/posts\/7636","targetHints":{"allow":["GET"]}}],"collection":[{"href":"https:\/\/fpisaofrancisco.inf.br\/index.php\/wp-json\/wp\/v2\/posts"}],"about":[{"href":"https:\/\/fpisaofrancisco.inf.br\/index.php\/wp-json\/wp\/v2\/types\/post"}],"author":[{"embeddable":true,"href":"https:\/\/fpisaofrancisco.inf.br\/index.php\/wp-json\/wp\/v2\/users\/7"}],"replies":[{"embeddable":true,"href":"https:\/\/fpisaofrancisco.inf.br\/index.php\/wp-json\/wp\/v2\/comments?post=7636"}],"version-history":[{"count":2,"href":"https:\/\/fpisaofrancisco.inf.br\/index.php\/wp-json\/wp\/v2\/posts\/7636\/revisions"}],"predecessor-version":[{"id":7641,"href":"https:\/\/fpisaofrancisco.inf.br\/index.php\/wp-json\/wp\/v2\/posts\/7636\/revisions\/7641"}],"wp:featuredmedia":[{"embeddable":true,"href":"https:\/\/fpisaofrancisco.inf.br\/index.php\/wp-json\/wp\/v2\/media\/7638"}],"wp:attachment":[{"href":"https:\/\/fpisaofrancisco.inf.br\/index.php\/wp-json\/wp\/v2\/media?parent=7636"}],"wp:term":[{"taxonomy":"category","embeddable":true,"href":"https:\/\/fpisaofrancisco.inf.br\/index.php\/wp-json\/wp\/v2\/categories?post=7636"},{"taxonomy":"post_tag","embeddable":true,"href":"https:\/\/fpisaofrancisco.inf.br\/index.php\/wp-json\/wp\/v2\/tags?post=7636"}],"curies":[{"name":"wp","href":"https:\/\/api.w.org\/{rel}","templated":true}]}}