{"id":7627,"date":"2024-11-21T14:12:47","date_gmt":"2024-11-21T14:12:47","guid":{"rendered":"https:\/\/fpisaofrancisco.inf.br\/?p=7627"},"modified":"2024-11-21T14:14:19","modified_gmt":"2024-11-21T14:14:19","slug":"aves-ganham-liberdade-no-dia-da-consciencia-negra","status":"publish","type":"post","link":"https:\/\/fpisaofrancisco.inf.br\/index.php\/2024\/11\/21\/aves-ganham-liberdade-no-dia-da-consciencia-negra\/","title":{"rendered":"De volta \u00e0 natureza: aves ganham liberdade no dia da Consci\u00eancia Negra"},"content":{"rendered":"\n<p class=\"has-white-color has-accent-background-color has-text-color has-background has-link-color wp-elements-1c37e1865eb3a9a253027c15348c402d\">Nas primeiras horas desta quarta-feira, os cantos de dezenas de p\u00e1ssaros silvestres deram mais vida \u00e0 natureza. Eles ecoaram por uma Reserva de Bioma da Mata Atl\u00e2ntica, reconhecida pela Unesco, como um grito de liberta\u00e7\u00e3o, n\u00e3o por acaso, neste 20 de novembro, Dia da Consci\u00eancia Negra, data que marca a resist\u00eancia do povo preto contra a escravid\u00e3o no Brasil e que se tornou um s\u00edmbolo da luta pela liberdade.<\/p>\n\n\n\n<p>A reintrodu\u00e7\u00e3o dos 96 animais ao seu habitat natural foi escolhida para acontecer justamente neste feriado nacional como forma de a Fiscaliza\u00e7\u00e3o Preventiva Integrada (FPI) do Rio S\u00e3o Francisco prestar uma homenagem \u00e0 popula\u00e7\u00e3o negra que ajudou na constru\u00e7\u00e3o da identidade cultural do povo brasileiro. \u201cA ideia foi fazer uma conex\u00e3o entre a liberdade dos p\u00e1ssaros e a quebra de correntes com o fim da escraviza\u00e7\u00e3o de pessoas em nosso pa\u00eds\u201d, explicou a promotora de Justi\u00e7a Lav\u00ednia Fragoso, coordenadora do programa.<\/p>\n\n\n\n<p>\u201c\u00c9 lindo de se ver esses p\u00e1ssaros ganhando liberdade. E mais bonito ainda \u00e9 poder ouvi-los cantar, \u00e9 um canto de alegria, d\u00e1 para sentir bem isso\u201d, comemorou o promotor de Justi\u00e7a Alberto Fonseca, tamb\u00e9m membro da coordena\u00e7\u00e3o, ap\u00f3s abrir uma gaiola para fazer a soltura de um dos animais.<\/p>\n\n\n\n<p>Dentre as esp\u00e9cies libertadas est\u00e3o Sabi\u00e1-laranjeira, Bico-de-veludo, Papa-capim, Vim-vim, Can\u00e1rio-da-terra, Sangue-de-boi, Garibalde e Xex\u00e9u-de-bananeira. A reserva natural onde ocorreu a reintrodu\u00e7\u00e3o est\u00e1 localizada no S\u00edtio Pau-brasil, propriedade da Usina Coruripe.<\/p>\n\n\n\n<h3 class=\"wp-block-heading\">Os cuidados veterin\u00e1rios<\/h3>\n\n\n\n<p>Todos os animais soltos nesta quarta-feira foram resgatados de cativeiros nos tr\u00eas primeiros dias da FPI. Apesar de proibida, a conduta de capturar e manter presos animais silvestres ainda predomina no interior de Alagoas. As aves s\u00e3o os principais alvos dos ca\u00e7adores.<\/p>\n\n\n\n<p>\u201cAs pessoas podem criar animais silvestres, contanto que eles sejam de criadouros legalizados. A ca\u00e7a ilegal pode provocar um grande mal-estar para as aves e um desequil\u00edbrio ecol\u00f3gico na regi\u00e3o onde elas vivem, uma vez que cada esp\u00e9cie tem seu papel espec\u00edfico no meio ambiente\u201d, explicou o m\u00e9dico veterin\u00e1rio Rafael Cordeiro, coordenador da equipe de Fauna da FPI.<\/p>\n\n\n\n<p>Quando chegam ao Centro de Triagem de Animais Silvestres (Cetas provis\u00f3rio), os animais s\u00e3o avaliados para que os m\u00e9dicos veterin\u00e1rios e bi\u00f3logos fa\u00e7am os devidos encaminhamentos para cada um deles. Em havendo necessidade, eles recebem o tratamento medicamentoso adequado.<\/p>\n\n\n\n<p>Parte dos p\u00e1ssaros resgatados n\u00e3o ganhou liberdade hoje porque precisou permanecer no centro de triagem da FPI para a devida reabilita\u00e7\u00e3o, a fim de que possa fortalecer a musculatura e, em seguida, ser reintroduzida \u00e0 natureza.<\/p>\n\n\n\n<h3 class=\"wp-block-heading\">Reprodu\u00e7\u00e3o da esp\u00e9cie e entrega volunt\u00e1ria<\/h3>\n\n\n\n<p>Rafael Cordeiro tamb\u00e9m chama aten\u00e7\u00e3o para a import\u00e2ncia da manuten\u00e7\u00e3o da biodiversidade com os animais vivendo na natureza: \u201cEles fazem parte da cadeia de desenvolvimento do servi\u00e7o ecossist\u00eamico, promovendo a dispers\u00e3o de sementes, o controle de pragas e a reprodu\u00e7\u00e3o das esp\u00e9cies\u201d, detalhou.<\/p>\n\n\n\n<p>As pessoas que tenham em sua posse animais silvestres poder\u00e3o fazer a entrega volunt\u00e1ria \u00e0 FPI. Nesta quinta-feira (21), o caminh\u00e3o boiadeiro da Pol\u00edcia Rodovi\u00e1ria Federal receber\u00e1 os animais em S\u00e3o Sebasti\u00e3o. Das 10h \u00e0s 16h, o ve\u00edculo estar\u00e1 na Pra\u00e7a Roque Lagoa.<\/p>\n\n\n\n<p>O endere\u00e7o, o dia e o hor\u00e1rio dos locais de entrega ser\u00e3o divulgados no perfil <a href=\"http:\/\/www.instagram.com\/fpiaalagoas\" title=\"\">@fpialagoas do Instagram <\/a>e no site <a href=\"https:\/\/fpisaofrancisco.inf.br\/.\">https:\/\/fpisaofrancisco.inf.br\/.<\/a><\/p>\n\n\n\n<p>Quem demonstrar esse compromisso com a fauna receber\u00e1, no ato, uma muda de planta. A FPI alerta <strong>manter animais silvestres em cativeiro sem autoriza\u00e7\u00e3o legal \u00e9 crime.<\/strong><\/p>\n\n\n\n<p>Comp\u00f5em a equipe Fauna agentes do Instituto do Meio Ambiente de Alagoas (IMA), do Batalh\u00e3o de Pol\u00edcia Ambiental (BPA), do Instituto de Preserva\u00e7\u00e3o da Mata Atl\u00e2ntica (IPMA), do SOS Caatinga e do Minist\u00e9rio P\u00fablico do Estado de Alagoas.<\/p>\n\n\n\n<h3 class=\"wp-block-heading\"><strong>A FPI do Rio S\u00e3o Francisco<\/strong><\/h3>\n\n\n\n<p>A FPI tem o objetivo de melhorar a qualidade ambiental da Bacia Hidrogr\u00e1fica do Rio S\u00e3o Francisco e a qualidade de vida dos seus povos. Os trabalhos acontecem de modo cont\u00ednuo e permanente. Para isso, realizam-se o diagn\u00f3stico dos danos ambientais e a ado\u00e7\u00e3o de provid\u00eancias administrativas, c\u00edveis e criminais com a indu\u00e7\u00e3o de pol\u00edticas p\u00fablicas.<\/p>\n\n\n\n<p>Como programa, a FPI \u00e9 estruturada em tr\u00eas fases: planejamento, execu\u00e7\u00e3o e desdobramentos. A fase de desdobramento compreende o acompanhamento e monitoramento dos diagn\u00f3sticos realizados e a atua\u00e7\u00e3o de repercuss\u00f5es de medidas administrativas pelos \u00f3rg\u00e3os envolvidos, c\u00edveis e\/ou criminais e pelo Minist\u00e9rio P\u00fablico competente.<\/p>\n\n\n\n<p>Tamb\u00e9m \u00e9 na fase de desdobramentos que o poder p\u00fablico e a sociedade civil organizada contribuem na regulariza\u00e7\u00e3o dos empreendimentos, repara\u00e7\u00e3o de danos detectados e efetiva\u00e7\u00e3o das medidas de prote\u00e7\u00e3o necess\u00e1rias.<\/p>\n\n\n\n<p>Participam da 14\u00aa etapa da Fiscaliza\u00e7\u00e3o Preventiva Integrada a\u00a0<a href=\"https:\/\/www.defesaagropecuaria.al.gov.br\/\">Ag\u00eancia de Defesa e Inspe\u00e7\u00e3o Agropecu\u00e1ria de Alagoas (Adeal),<\/a>\u00a0<a href=\"https:\/\/alagoasdigital.al.gov.br\/unidade-de-atendimento\/814\">Batalh\u00e3o de Pol\u00edcia Ambiental da Pol\u00edcia Militar do Estado de Alagoas (BPA\/PMAL),<\/a>\u00a0<a href=\"https:\/\/cbhsaofrancisco.org.br\/\">Comit\u00ea da Bacia Hidrogr\u00e1fica do Rio Francisco (CBHSF),<\/a><a href=\"https:\/\/www.crea-al.org.br\/\">\u00a0Conselho Regional de Engenharia e Agronomia de Alagoas (Crea\/AL<\/a>),\u00a0<a href=\"https:\/\/www.crmv-al.org.br\/\">Conselho Regional de Medicina Veterin\u00e1ria de Alagoas (CRMV\/AL),<\/a>\u00a0<a href=\"https:\/\/www.crt03.gov.br\/\">Conselho Regional dos T\u00e9cnicos Industriais da 3\u00aa Regi\u00e3o (CRT-3)<\/a>,\u00a0<a href=\"https:\/\/institutohori.org.br\/\">Instituto Hori,<\/a>\u00a0<a href=\"https:\/\/www2.ima.al.gov.br\/\">Instituto do Meio Ambiente de Alagoas (IMA\/AL)<\/a>,\u00a0<a href=\"https:\/\/ipma.org.br\/\">Instituto Para Preserva\u00e7\u00e3o da Mata Atl\u00e2ntica (IPMA)<\/a>,\u00a0<a href=\"https:\/\/www.marinha.mil.br\/\">Marinha do Brasil<\/a>,\u00a0<a href=\"https:\/\/www.mpal.mp.br\/\">Minist\u00e9rio P\u00fablico do Estado de Alagoas (MPE)<\/a>,\u00a0<a href=\"https:\/\/www.mpf.mp.br\/al\/\">Minist\u00e9rio P\u00fablico Federal em Alagoas (MPF)<\/a>,\u00a0<a href=\"https:\/\/www.prt19.mpt.mp.br\/\">Minist\u00e9rio P\u00fablico do Trabalho em Alagoas (MPT)<\/a>,\u00a0<a href=\"https:\/\/www.gov.br\/pf\/pt-br\">Pol\u00edcia Federal (PF),<\/a>\u00a0<a href=\"https:\/\/www.gov.br\/prf\/pt-br\">Pol\u00edcia Rodovi\u00e1ria Federal (PRF<\/a>), <a href=\"http:\/\/www.instagram.com\/redemulheresnct\" title=\"\">Rede Mulheres de Comunidades Tradicionais (RMCT)<\/a>,\u00a0<a href=\"https:\/\/semarh.al.gov.br\/\">Secretaria de Estado do Meio Ambiente e Recursos H\u00eddricos (SEMARH)<\/a>,\u00a0<a href=\"https:\/\/mulheredireitoshumanos.al.gov.br\/\">Secretaria de Estado da Mulher e dos Direitos Humanos (SEMUDH)<\/a>,\u00a0<a href=\"https:\/\/www.saude.al.gov.br\/\">Secretaria de Estado da Sa\u00fade (Sesau)<\/a>,\u00a0<a href=\"https:\/\/institutososcaatinga.com.br\/site\/\">SOS Caatinga<\/a>,\u00a0<a href=\"https:\/\/www.tceal.tc.br\/\">Tribunal de Contas do Estado de Alagoas (TCE\/AL),<\/a>\u00a0<a href=\"https:\/\/www.tre-al.jus.br\/\">Tribunal Regional Eleitoral de Alagoas (TRE\/AL)\u00a0<\/a>e<a href=\"https:\/\/uneal.edu.br\/institucional\/a-uneal\">\u00a0Universidade Estadual de Alagoas (Uneal).<\/a><\/p>\n\n\n\n<p>A FPI do Rio S\u00e3o Francisco em Alagoas \u00e9 coordenada pelo CBHSF, MPE, MPF e BPA\/PMAL, que desenvolvem os trabalhos de intelig\u00eancia, organiza\u00e7\u00e3o e divulga\u00e7\u00e3o das atividades e resultados para a popula\u00e7\u00e3o.<\/p>\n\n\n\n<p>Leia tamb\u00e9m:<\/p>\n\n\n\n<p><a href=\"https:\/\/fpisaofrancisco.inf.br\/index.php\/2024\/11\/19\/quilombolas-do-oiteiro-e-tabuleiro-dos-negros\/\" title=\"\">FPI visita comunidades quilombolas do Oiteiro e Tabuleiro dos Negros<\/a><\/p>\n\n\n\n<p><a href=\"https:\/\/fpisaofrancisco.inf.br\/index.php\/2024\/11\/19\/agua-sem-tratamento-adequado-distribuida-para-comunidades-ribeirinhas\/\">FPI constata distribui\u00e7\u00e3o de \u00e1gua sem tratamento adequado a comunidades ribeirinhas<\/a><\/p>\n\n\n\n<p><a href=\"https:\/\/fpisaofrancisco.inf.br\/index.php\/2024\/11\/19\/criatorio-de-camaroes-tem-prazo-para-adequar-as-normas-ambientais\/\">Criat\u00f3rio de camar\u00f5es tem prazo de 30 dias para adequa\u00e7\u00e3o \u00e0s normas ambientais<\/a><\/p>\n\n\n\n<p><a href=\"https:\/\/fpisaofrancisco.inf.br\/index.php\/2024\/11\/19\/fpi-notifica-sete-embarcacoes\/\">FPI do Rio S\u00e3o Francisco notifica sete embarca\u00e7\u00f5es por infra\u00e7\u00f5es navais<\/a><\/p>\n\n\n\n<p><a href=\"http:\/\/xn--fpi%20flagra%20abate%20irregular%20de%20sunos%20em%20casa%20de%20farinha%20no%20agreste%20alagoano-s3i\/\">FPI flagra abate irregular de su\u00ednos em casa de farinha no Agreste alagoano<\/a><\/p>\n\n\n\n<p><a href=\"https:\/\/fpisaofrancisco.inf.br\/index.php\/2024\/11\/19\/crimes-ambientais-sao-flagrados-em-junqueiro\/\">Crimes ambientais s\u00e3o flagrados em Junqueiro pela FPI do Rio S\u00e3o Francisco<\/a><\/p>\n\n\n\n<p><a href=\"https:\/\/fpisaofrancisco.inf.br\/index.php\/2024\/11\/19\/fpi-resgata-34-aves\/\">FPI resgata 34 aves silvestres em Arapiraca<\/a><\/p>\n\n\n\n<p><a href=\"https:\/\/fpisaofrancisco.inf.br\/index.php\/2024\/11\/19\/fpi-interdita-790-litros-de-agrotoxicos\/\">FPI interdita 790 litros de agrot\u00f3xicos em com\u00e9rcio irregular<\/a><\/p>\n\n\n\n<p><a href=\"https:\/\/fpisaofrancisco.inf.br\/index.php\/2024\/11\/18\/14a-etapa-fpial_inicia\/\">FPI do Rio S\u00e3o Francisco d\u00e1 in\u00edcio \u00e0 14\u00aa etapa em Alagoas com foco em munic\u00edpios do Agreste e Sert\u00e3o<\/a><\/p>\n\n\n\n<p><\/p>\n","protected":false},"excerpt":{"rendered":"<p>Cantos de dezenas de p\u00e1ssaros silvestres deram mais vida \u00e0 natureza, ap\u00f3s serem soltos numa reserva do bioma Mata Atl\u00e2ntica<\/p>\n","protected":false},"author":7,"featured_media":7628,"comment_status":"open","ping_status":"open","sticky":false,"template":"","format":"standard","meta":{"_jetpack_memberships_contains_paid_content":false,"footnotes":""},"categories":[189],"tags":[188,100,103,94,82,60,59,62,61],"class_list":["post-7627","post","type-post","status-publish","format-standard","has-post-thumbnail","hentry","category-14a-etapa-fpi-al","tag-14fpial","tag-cbhsf","tag-fauna","tag-fpi","tag-fpial","tag-meio-ambiente","tag-preservacao","tag-rio-sao-francisco","tag-velho-chico","category-189","description-off"],"aioseo_notices":[],"jetpack_featured_media_url":"https:\/\/fpisaofrancisco.inf.br\/wp-content\/uploads\/2024\/11\/WhatsApp-Image-2024-11-21-at-11.01.24-scaled.jpeg","jetpack_sharing_enabled":true,"_links":{"self":[{"href":"https:\/\/fpisaofrancisco.inf.br\/index.php\/wp-json\/wp\/v2\/posts\/7627","targetHints":{"allow":["GET"]}}],"collection":[{"href":"https:\/\/fpisaofrancisco.inf.br\/index.php\/wp-json\/wp\/v2\/posts"}],"about":[{"href":"https:\/\/fpisaofrancisco.inf.br\/index.php\/wp-json\/wp\/v2\/types\/post"}],"author":[{"embeddable":true,"href":"https:\/\/fpisaofrancisco.inf.br\/index.php\/wp-json\/wp\/v2\/users\/7"}],"replies":[{"embeddable":true,"href":"https:\/\/fpisaofrancisco.inf.br\/index.php\/wp-json\/wp\/v2\/comments?post=7627"}],"version-history":[{"count":1,"href":"https:\/\/fpisaofrancisco.inf.br\/index.php\/wp-json\/wp\/v2\/posts\/7627\/revisions"}],"predecessor-version":[{"id":7629,"href":"https:\/\/fpisaofrancisco.inf.br\/index.php\/wp-json\/wp\/v2\/posts\/7627\/revisions\/7629"}],"wp:featuredmedia":[{"embeddable":true,"href":"https:\/\/fpisaofrancisco.inf.br\/index.php\/wp-json\/wp\/v2\/media\/7628"}],"wp:attachment":[{"href":"https:\/\/fpisaofrancisco.inf.br\/index.php\/wp-json\/wp\/v2\/media?parent=7627"}],"wp:term":[{"taxonomy":"category","embeddable":true,"href":"https:\/\/fpisaofrancisco.inf.br\/index.php\/wp-json\/wp\/v2\/categories?post=7627"},{"taxonomy":"post_tag","embeddable":true,"href":"https:\/\/fpisaofrancisco.inf.br\/index.php\/wp-json\/wp\/v2\/tags?post=7627"}],"curies":[{"name":"wp","href":"https:\/\/api.w.org\/{rel}","templated":true}]}}