{"id":7592,"date":"2024-11-19T12:40:46","date_gmt":"2024-11-19T12:40:46","guid":{"rendered":"https:\/\/fpisaofrancisco.inf.br\/?p=7592"},"modified":"2024-11-19T12:41:11","modified_gmt":"2024-11-19T12:41:11","slug":"crimes-ambientais-sao-flagrados-em-junqueiro","status":"publish","type":"post","link":"https:\/\/fpisaofrancisco.inf.br\/index.php\/2024\/11\/19\/crimes-ambientais-sao-flagrados-em-junqueiro\/","title":{"rendered":"Crimes ambientais s\u00e3o flagrados em Junqueiro pela FPI do Rio S\u00e3o Francisco"},"content":{"rendered":"\n<p class=\"has-white-color has-accent-background-color has-text-color has-background has-link-color wp-elements-afe3d14abd838a48a57f6936704df0d9\">A Fiscaliza\u00e7\u00e3o Preventiva Integrada (FPI) do Rio S\u00e3o Francisco flagrou, nesta segunda-feira (18), crimes ambientais graves no munic\u00edpio de Junqueiro, no agreste alagoano, incluindo descarte irregular de res\u00edduos s\u00f3lidos e extra\u00e7\u00e3o mineral sem autoriza\u00e7\u00e3o.<\/p>\n\n\n\n<p>Durante a inspe\u00e7\u00e3o, a equipe coordenada pelo Conselho Regional de Engenharia e Agronomia de Alagoas (Crea-AL), constatou a presen\u00e7a de res\u00edduos variados, como poda, restos de constru\u00e7\u00e3o civil, material org\u00e2nico, medicamentos, vidro, lixo domiciliar e grande quantidade de pneus. A cena evidencia o descumprimento da legisla\u00e7\u00e3o de 2010, que pro\u00edbe o descarte inadequado de res\u00edduos e exige a utiliza\u00e7\u00e3o de aterros sanit\u00e1rios ou Centros de Tratamento de Res\u00edduos (CTRs).<\/p>\n\n\n\n<p>A instala\u00e7\u00e3o irregular de um novo lix\u00e3o a c\u00e9u aberto contraria os esfor\u00e7os para encerrar todos os lix\u00f5es do estado, uma meta alcan\u00e7ada em 2018, como iniciativa da pr\u00f3pria FPI em Alagoas. Al\u00e9m disso, foi identificada uma extensa \u00e1rea de extra\u00e7\u00e3o irregular de pi\u00e7arra, com cerca de quatro hectares degradado em \u00e1rea vizinha ao novo lix\u00e3o em forma\u00e7\u00e3o.<\/p>\n\n\n\n<p>O promotor de justi\u00e7a do meio ambiente, Alberto Fonseca, que acompanhou a ocorr\u00eancia, comentou: &#8220;\u00c9 lament\u00e1vel ver, mais uma vez, uma disposi\u00e7\u00e3o indiscriminada de res\u00edduos s\u00f3lidos em espa\u00e7os p\u00fablicos abertos. E n\u00e3o se limita apenas a res\u00edduos da constru\u00e7\u00e3o civil e de poda. A gente v\u00ea res\u00edduos dom\u00e9sticos, industriais, grande quantidade de pneus. Todo esse material sendo empurrado encosta abaixo, com maquin\u00e1rio adquirido com recursos p\u00fablicos, como uma forma de esconder da fiscaliza\u00e7\u00e3o.&#8221;<\/p>\n\n\n\n<p>O flagrante refor\u00e7a a urg\u00eancia de investimentos em solu\u00e7\u00f5es sustent\u00e1veis para a gest\u00e3o de res\u00edduos s\u00f3lidos. Desde 2010, a legisla\u00e7\u00e3o brasileira exige o tratamento adequado desses res\u00edduos, incluindo a implementa\u00e7\u00e3o de aterros sanit\u00e1rios ou CTRs, a fim de reduzir os impactos ambientais. No entanto, a aus\u00eancia de tais solu\u00e7\u00f5es em Junqueiro e em outros munic\u00edpios tem levado a retrocessos significativos, com s\u00e9rias consequ\u00eancias para a sa\u00fade p\u00fablica e o meio ambiente.<\/p>\n\n\n\n<p>Os trabalhadores flagrados na opera\u00e7\u00e3o afirmaram estar atuando em nome da Prefeitura, mas foram levados \u00e0 delegacia para prestar esclarecimentos. As m\u00e1quinas usadas na opera\u00e7\u00e3o ilegal foram apreendidas, o Instituto do Meio Ambiente de Alagoas (IMA) lavrou o auto de infra\u00e7\u00e3o e o Batalh\u00e3o de Pol\u00edcia Ambiental (BPA) encaminhou as pessoas para a autoridade policial lavrar o flagrante.<\/p>\n\n\n\n<p>Em rela\u00e7\u00e3o ao crime de extra\u00e7\u00e3o mineral irregular, o procurador da Rep\u00fablica \u00c9rico Gomes tamb\u00e9m destacou a gravidade do cen\u00e1rio: &#8220;\u00c9 uma situa\u00e7\u00e3o extremamente grave que chamou a aten\u00e7\u00e3o tanto do Minist\u00e9rio P\u00fablico Federal quanto do Minist\u00e9rio P\u00fablico Estadual durante esta fiscaliza\u00e7\u00e3o preventiva. Identificamos dois crimes previstos na Lei de Crimes Ambientais: a disposi\u00e7\u00e3o inadequada de res\u00edduos e a explora\u00e7\u00e3o irregular de bem da Uni\u00e3o. A gravidade do que encontramos aqui \u00e9 preocupante e exige medidas imediatas\u201d.<\/p>\n\n\n\n<p>A FPI do Rio S\u00e3o Francisco seguir\u00e1 monitorando a situa\u00e7\u00e3o e orientando as autoridades locais para garantir o cumprimento da legisla\u00e7\u00e3o ambiental e a prote\u00e7\u00e3o dos recursos naturais da regi\u00e3o.<\/p>\n\n\n\n<p>Participaram da opera\u00e7\u00e3o os membros da Equipe de Extra\u00e7\u00e3o Mineral e Res\u00edduos (Crea-AL, IMA e BPA), al\u00e9m de representantes do Minist\u00e9rio P\u00fablico Federal, Minist\u00e9rio P\u00fablico do Estado de Alagoas e da Pol\u00edcia Federal.<\/p>\n\n\n\n<h3 class=\"wp-block-heading\"><strong>A FPI do Rio S\u00e3o Francisco<\/strong><\/h3>\n\n\n\n<p>A FPI tem o objetivo de melhorar a qualidade ambiental da Bacia Hidrogr\u00e1fica do Rio S\u00e3o Francisco e a qualidade de vida dos seus povos. Os trabalhos acontecem de modo cont\u00ednuo e permanente. Para isso, realizam-se o diagn\u00f3stico dos danos ambientais e a ado\u00e7\u00e3o de provid\u00eancias administrativas, c\u00edveis e criminais com a indu\u00e7\u00e3o de pol\u00edticas p\u00fablicas.<\/p>\n\n\n\n<p>Como programa, a FPI \u00e9 estruturada em tr\u00eas fases: planejamento, execu\u00e7\u00e3o e desdobramentos. A fase de desdobramento compreende o acompanhamento e monitoramento dos diagn\u00f3sticos realizados e a atua\u00e7\u00e3o de repercuss\u00f5es de medidas administrativas pelos \u00f3rg\u00e3os envolvidos, c\u00edveis e\/ou criminais e pelo Minist\u00e9rio P\u00fablico competente.<\/p>\n\n\n\n<p>Tamb\u00e9m \u00e9 na fase de desdobramentos que o poder p\u00fablico e a sociedade civil organizada contribuem na regulariza\u00e7\u00e3o dos empreendimentos, repara\u00e7\u00e3o de danos detectados e efetiva\u00e7\u00e3o das medidas de prote\u00e7\u00e3o necess\u00e1rias.<\/p>\n\n\n\n<p>Participam da 14\u00aa etapa da Fiscaliza\u00e7\u00e3o Preventiva Integrada a&nbsp;<a href=\"https:\/\/www.defesaagropecuaria.al.gov.br\/\">Ag\u00eancia de Defesa e Inspe\u00e7\u00e3o Agropecu\u00e1ria de Alagoas (Adeal),<\/a>&nbsp;<a href=\"https:\/\/alagoasdigital.al.gov.br\/unidade-de-atendimento\/814\">Batalh\u00e3o de Pol\u00edcia Ambiental da Pol\u00edcia Militar do Estado de Alagoas (BPA\/PMAL),<\/a>&nbsp;<a href=\"https:\/\/cbhsaofrancisco.org.br\/\">Comit\u00ea da Bacia Hidrogr\u00e1fica do Rio Francisco (CBHSF),<\/a><a href=\"https:\/\/www.crea-al.org.br\/\">&nbsp;Conselho Regional de Engenharia e Agronomia de Alagoas (Crea\/AL<\/a>),&nbsp;<a href=\"https:\/\/www.crmv-al.org.br\/\">Conselho Regional de Medicina Veterin\u00e1ria de Alagoas (CRMV\/AL),<\/a>&nbsp;<a href=\"https:\/\/www.crt03.gov.br\/\">Conselho Regional dos T\u00e9cnicos Industriais da 3\u00aa Regi\u00e3o (CRT-3)<\/a>,&nbsp;<a href=\"https:\/\/institutohori.org.br\/\">Instituto Hori,<\/a>&nbsp;<a href=\"https:\/\/www2.ima.al.gov.br\/\">Instituto do Meio Ambiente de Alagoas (IMA\/AL)<\/a>,&nbsp;<a href=\"https:\/\/ipma.org.br\/\">Instituto Para Preserva\u00e7\u00e3o da Mata Atl\u00e2ntica (IPMA)<\/a>,&nbsp;<a href=\"https:\/\/www.marinha.mil.br\/\">Marinha do Brasil<\/a>,&nbsp;<a href=\"https:\/\/www.mpal.mp.br\/\">Minist\u00e9rio P\u00fablico do Estado de Alagoas (MPE)<\/a>,&nbsp;<a href=\"https:\/\/www.mpf.mp.br\/al\/\">Minist\u00e9rio P\u00fablico Federal em Alagoas (MPF)<\/a>,&nbsp;<a href=\"https:\/\/www.prt19.mpt.mp.br\/\">Minist\u00e9rio P\u00fablico do Trabalho em Alagoas (MPT)<\/a>,&nbsp;<a href=\"https:\/\/www.gov.br\/pf\/pt-br\">Pol\u00edcia Federal (PF),<\/a>&nbsp;<a href=\"https:\/\/www.gov.br\/prf\/pt-br\">Pol\u00edcia Rodovi\u00e1ria Federal (PRF<\/a>), Rede Mulheres de Comunidades Tradicionais (RMCT),&nbsp;<a href=\"https:\/\/semarh.al.gov.br\/\">Secretaria de Estado do Meio Ambiente e Recursos H\u00eddricos (SEMARH)<\/a>,&nbsp;<a href=\"https:\/\/mulheredireitoshumanos.al.gov.br\/\">Secretaria de Estado da Mulher e dos Direitos Humanos (SEMUDH)<\/a>,&nbsp;<a href=\"https:\/\/www.saude.al.gov.br\/\">Secretaria de Estado da Sa\u00fade (Sesau)<\/a>,&nbsp;<a href=\"https:\/\/institutososcaatinga.com.br\/site\/\">SOS Caatinga<\/a>,&nbsp;<a href=\"https:\/\/www.tceal.tc.br\/\">Tribunal de Contas do Estado de Alagoas (TCE\/AL),<\/a>&nbsp;<a href=\"https:\/\/www.tre-al.jus.br\/\">Tribunal Regional Eleitoral de Alagoas (TRE\/AL)&nbsp;<\/a>e<a href=\"https:\/\/uneal.edu.br\/institucional\/a-uneal\">&nbsp;Universidade Estadual de Alagoas (Uneal).<\/a><\/p>\n\n\n\n<p>A FPI do Rio S\u00e3o Francisco em Alagoas \u00e9 coordenada pelo CBHSF, MPE, MPF e BPA\/PMAL, que desenvolvem os trabalhos de intelig\u00eancia, organiza\u00e7\u00e3o e divulga\u00e7\u00e3o das atividades e resultados para a popula\u00e7\u00e3o.<\/p>\n\n\n\n<h2 class=\"wp-block-heading\"><strong>Leia tamb\u00e9m<\/strong><\/h2>\n\n\n\n<p><a href=\"https:\/\/fpisaofrancisco.inf.br\/index.php\/2024\/11\/19\/fpi-resgata-34-aves\/\" title=\"\">FPI resgata 34 aves silvestres em Arapiraca<\/a><\/p>\n\n\n\n<p><a href=\"https:\/\/fpisaofrancisco.inf.br\/index.php\/2024\/11\/19\/fpi-interdita-790-litros-de-agrotoxicos\/\">FPI interdita 790 litros de agrot\u00f3xicos em com\u00e9rcio irregular<\/a><\/p>\n\n\n\n<p><a href=\"https:\/\/fpisaofrancisco.inf.br\/index.php\/2024\/11\/18\/14a-etapa-fpial_inicia\/\">FPI do Rio S\u00e3o Francisco d\u00e1 in\u00edcio \u00e0 14\u00aa etapa em Alagoas com foco em munic\u00edpios do Agreste e Sert\u00e3o<\/a><\/p>\n","protected":false},"excerpt":{"rendered":"<p>Novo lix\u00e3o e extra\u00e7\u00e3o mineral ilegal amea\u00e7am sa\u00fade da popula\u00e7\u00e3o e meio ambiente; autoridades defendem ado\u00e7\u00e3o de solu\u00e7\u00f5es sustent\u00e1veis<\/p>\n","protected":false},"author":7,"featured_media":7594,"comment_status":"open","ping_status":"open","sticky":false,"template":"","format":"standard","meta":{"_jetpack_memberships_contains_paid_content":false,"footnotes":""},"categories":[189],"tags":[188,100,94,82,121,123,119],"class_list":["post-7592","post","type-post","status-publish","format-standard","has-post-thumbnail","hentry","category-14a-etapa-fpi-al","tag-14fpial","tag-cbhsf","tag-fpi","tag-fpial","tag-lixao","tag-meioambiente","tag-velhochico","category-189","description-off"],"aioseo_notices":[],"jetpack_featured_media_url":"https:\/\/fpisaofrancisco.inf.br\/wp-content\/uploads\/2024\/11\/WhatsApp-Image-2024-11-19-at-09.36.10-1.jpeg","jetpack_sharing_enabled":true,"_links":{"self":[{"href":"https:\/\/fpisaofrancisco.inf.br\/index.php\/wp-json\/wp\/v2\/posts\/7592","targetHints":{"allow":["GET"]}}],"collection":[{"href":"https:\/\/fpisaofrancisco.inf.br\/index.php\/wp-json\/wp\/v2\/posts"}],"about":[{"href":"https:\/\/fpisaofrancisco.inf.br\/index.php\/wp-json\/wp\/v2\/types\/post"}],"author":[{"embeddable":true,"href":"https:\/\/fpisaofrancisco.inf.br\/index.php\/wp-json\/wp\/v2\/users\/7"}],"replies":[{"embeddable":true,"href":"https:\/\/fpisaofrancisco.inf.br\/index.php\/wp-json\/wp\/v2\/comments?post=7592"}],"version-history":[{"count":1,"href":"https:\/\/fpisaofrancisco.inf.br\/index.php\/wp-json\/wp\/v2\/posts\/7592\/revisions"}],"predecessor-version":[{"id":7593,"href":"https:\/\/fpisaofrancisco.inf.br\/index.php\/wp-json\/wp\/v2\/posts\/7592\/revisions\/7593"}],"wp:featuredmedia":[{"embeddable":true,"href":"https:\/\/fpisaofrancisco.inf.br\/index.php\/wp-json\/wp\/v2\/media\/7594"}],"wp:attachment":[{"href":"https:\/\/fpisaofrancisco.inf.br\/index.php\/wp-json\/wp\/v2\/media?parent=7592"}],"wp:term":[{"taxonomy":"category","embeddable":true,"href":"https:\/\/fpisaofrancisco.inf.br\/index.php\/wp-json\/wp\/v2\/categories?post=7592"},{"taxonomy":"post_tag","embeddable":true,"href":"https:\/\/fpisaofrancisco.inf.br\/index.php\/wp-json\/wp\/v2\/tags?post=7592"}],"curies":[{"name":"wp","href":"https:\/\/api.w.org\/{rel}","templated":true}]}}