{"id":7410,"date":"2024-10-15T04:02:30","date_gmt":"2024-10-15T04:02:30","guid":{"rendered":"https:\/\/fpisaofrancisco.inf.br\/?p=7410"},"modified":"2024-10-15T04:18:15","modified_gmt":"2024-10-15T04:18:15","slug":"fpi-bahia-chega-a-50a-etapa-com-atividades-de-fiscalizacao-e-educacao-ambiental-em-guanambi","status":"publish","type":"post","link":"https:\/\/fpisaofrancisco.inf.br\/index.php\/2024\/10\/15\/fpi-bahia-chega-a-50a-etapa-com-atividades-de-fiscalizacao-e-educacao-ambiental-em-guanambi\/","title":{"rendered":"FPI Bahia chega \u00e0 50\u00aa etapa com atividades de fiscaliza\u00e7\u00e3o e educa\u00e7\u00e3o ambiental em Guanambi"},"content":{"rendered":"\n<p><em>Programa de preserva\u00e7\u00e3o ao Velho Chico conta com mais de 40 \u00f3rg\u00e3os e institui\u00e7\u00f5es em campo, no sudoeste baiano<\/em><\/p>\n\n\n\n<p>Integrantes da Fiscaliza\u00e7\u00e3o Preventiva Integrada (FPI) do S\u00e3o Francisco est\u00e3o em Guanambi, no sudoeste da Bahia, onde realizam a 50\u00aa etapa do programa de prote\u00e7\u00e3o ao Velho Chico e seus povos. As atividades tiveram in\u00edcio nesta segunda-feira (14). Participam das a\u00e7\u00f5es mais de 260 profissionais, entre t\u00e9cnicos, policiais, membros do Minist\u00e9rio P\u00fablico da Bahia (MP-BA), servidores e colaboradores de 42 \u00f3rg\u00e3os p\u00fablicos e entidades do meio ambiente. Eles est\u00e3o divididos em 27 equipes. Entre os equipamentos utilizados est\u00e3o setenta ve\u00edculos, uma lancha e um caminh\u00e3o boiadeiro.<\/p>\n\n\n\n<p>Al\u00e9m de Guanambi, mais 12 munic\u00edpios ser\u00e3o contemplados com as atividades de fiscaliza\u00e7\u00e3o e educa\u00e7\u00e3o ambiental: Mortugaba, Jacaraci, Urandi, Pinda\u00ed, Sebasti\u00e3o Laranjeiras, Candiba, Palmas de Monte Alto, Caetit\u00e9, Igapor\u00e3, Iuiu, Malhada e Carinhanha.&nbsp;<\/p>\n\n\n\n<p>Coordenadora-Geral da FPI, a promotora de Justi\u00e7a e Meio Ambiente, Luciana Khoury, destaca a import\u00e2ncia do programa para a regi\u00e3o, principalmente neste momento em que se celebram 50 edi\u00e7\u00f5es, n\u00famero bastante simb\u00f3lico. \u201cChegamos \u00e0 50\u00aa FPI em Guanambi, envolvendo v\u00e1rios munic\u00edpios do entorno. Vamos atuar com a\u00e7\u00f5es de fiscaliza\u00e7\u00e3o dos empreendimentos potencialmente impactantes, educa\u00e7\u00e3o socioambiental e diagn\u00f3stico da implementa\u00e7\u00e3o de pol\u00edticas p\u00fablicas. Destacamos a import\u00e2ncia da integra\u00e7\u00e3o dos m\u00faltiplos conhecimentos e olhares para compreens\u00e3o dos problemas pelos quais passa o S\u00e3o Francisco, especialmente no enfrentamento das mudan\u00e7as clim\u00e1ticas e de injusti\u00e7a socioambiental na bacia\u201c, avalia Khoury, que tamb\u00e9m coordena o N\u00facleo de Defesa da Bacia do S\u00e3o Francisco (NUSF), de atua\u00e7\u00e3o especial do Minist\u00e9rio P\u00fablico da Bahia (MP-BA).&nbsp;<\/p>\n\n\n\n<blockquote class=\"wp-block-quote is-layout-flow wp-block-quote-is-layout-flow\">\n<p><strong><em>Chegamos \u00e0 50\u00aa FPI em Guanambi envolvendo v\u00e1rios munic\u00edpios do entorno. Vamos atuar com a\u00e7\u00f5es de fiscaliza\u00e7\u00e3o dos empreendimentos potencialmente impactantes, educa\u00e7\u00e3o socioambiental e diagn\u00f3stico da implementa\u00e7\u00e3o de pol\u00edticas p\u00fablicas. Destacamos a import\u00e2ncia da integra\u00e7\u00e3o dos m\u00faltiplos conhecimentos e olhares para compreens\u00e3o dos problemas pelos quais passa o S\u00e3o Francisco, especialmente no enfrentamento das mudan\u00e7as clim\u00e1ticas e de injusti\u00e7a socioambiental na bacia<\/em>. <\/strong><br><br><em>Luciana Khoury, coordenadora-Geral da FPI<\/em> <\/p>\n\n\n\n<p><\/p>\n\n\n\n<figure class=\"wp-block-image size-large\"><img fetchpriority=\"high\" decoding=\"async\" width=\"1024\" height=\"683\" src=\"https:\/\/fpisaofrancisco.inf.br\/wp-content\/uploads\/2024\/10\/IMG_5095-1024x683.jpg\" alt=\"\" class=\"wp-image-7412\" srcset=\"https:\/\/fpisaofrancisco.inf.br\/wp-content\/uploads\/2024\/10\/IMG_5095-1024x683.jpg 1024w, https:\/\/fpisaofrancisco.inf.br\/wp-content\/uploads\/2024\/10\/IMG_5095-300x200.jpg 300w, https:\/\/fpisaofrancisco.inf.br\/wp-content\/uploads\/2024\/10\/IMG_5095-768x512.jpg 768w, https:\/\/fpisaofrancisco.inf.br\/wp-content\/uploads\/2024\/10\/IMG_5095-1536x1024.jpg 1536w, https:\/\/fpisaofrancisco.inf.br\/wp-content\/uploads\/2024\/10\/IMG_5095-2048x1365.jpg 2048w\" sizes=\"(max-width: 1024px) 100vw, 1024px\" \/><\/figure>\n<cite>Luciana Khoury, coordenadora-Geral da FPI<\/cite><\/blockquote>\n\n\n\n<p>Para Augusto Pinto, coordenador da FPI, uma grande expectativa para essa etapa \u00e9 avaliar o impacto da \u00faltima vinda do programa na regi\u00e3o, h\u00e1 10 anos. \u201cEstivemos aqui em 2014 e, como em toda FPI, obtivemos muitos resultados, e diversas medidas foram tomadas. Nesse retorno, queremos acompanhar os desdobramentos, ver se os compromissos assumidos foram cumpridos, bem como acompanhar os processos em curso. Tamb\u00e9m pretendemos retornar a empreendimentos de grande impacto nas comunidades, como as ind\u00fastrias de minera\u00e7\u00e3o e cer\u00e2mica, bem comuns nessa regi\u00e3o\u201d, ressalta o t\u00e9cnico do CREA-BA, que coordena a FPI desde seu come\u00e7o.&nbsp;<\/p>\n\n\n\n<blockquote class=\"wp-block-quote is-layout-flow wp-block-quote-is-layout-flow\">\n<p><em><strong>Estivemos aqui em 2014 e, como em toda FPI, obtivemos muitos resultados, e diversas medidas foram tomadas. Nesse retorno, queremos acompanhar os desdobramentos, ver se os compromissos assumidos foram cumpridos, bem como acompanhar os processos em curso<\/strong><\/em><\/p>\n\n\n\n<p><em>Augusto Pinto, coordenador da FPI<\/em><\/p>\n<\/blockquote>\n\n\n\n<p>Tamb\u00e9m coordenador da FPI, o procurador do Trabalho, Ilan Fonseca, deu as boas-vindas para os integrantes, em encontro realizado nesta segunda-feira (14), no Col\u00e9gio Modelo Lu\u00eds Eduardo Magalh\u00e3es, em Ganuambi: \u201cA reuni\u00e3o de abertura, quando definimos planejamento e a\u00e7\u00f5es, \u00e9 o ponto de partida para a ida a campo. E, para n\u00f3s do MPT, \u00e9 uma alegria fazer parte de mais uma etapa, onde a intera\u00e7\u00e3o entre as institui\u00e7\u00f5es proporciona sempre um novo aprendizado. Desejo sucesso a todos os participantes\u201d.&nbsp;<\/p>\n\n\n\n<p>Promotor de Justi\u00e7a e titular da Promotoria Regional Ambiental de Guanambi, Jailson Trindade marcou presen\u00e7a na reuni\u00e3o de abertura e avaliou o programa: \u201cA FPI \u00e9 important\u00edssima e significa um incr\u00edvel trabalho de vigil\u00e2ncia e orienta\u00e7\u00e3o ambiental. A nossa promotoria, que abrange 23 munic\u00edpios, recebe com muita satisfa\u00e7\u00e3o essa equipe multidisciplinar, que re\u00fane t\u00e9cnicos do Brasil afora e impacta positivamente v\u00e1rios segmentos, a exemplo do e\u00f3lico, vasto em nossa regi\u00e3o\u201d.<\/p>\n\n\n\n<p><strong>EDUCA\u00c7\u00c3O AMBIENTAL<\/strong><\/p>\n\n\n\n<p>O objetivo da FPI do S\u00e3o Francisco, para al\u00e9m de fiscalizar,&nbsp;\u00e9 ainda orientar a popula\u00e7\u00e3o e implementar medidas amplas e integradas para a preserva\u00e7\u00e3o da bacia do rio, as comunidades que dela fazem parte e o patrim\u00f4nio cultural. Nos pr\u00f3ximos dias, ser\u00e3o realizadas diversas atividades.&nbsp;<\/p>\n\n\n\n<p>Nesta etapa, sete equipes de Educa\u00e7\u00e3o Socioambiental e Agroecol\u00f3gica ir\u00e3o a campo, para diagnosticar como as secretarias Municipais de Educa\u00e7\u00e3o e Meio Ambiente da regi\u00e3o est\u00e3o aplicando o tema nas escolas e comunidades, al\u00e9m das equipes de fauna, patrim\u00f4nio hist\u00f3rico e cultural; combate aos agrot\u00f3xicos e a favor da agroecologia; regulariza\u00e7\u00e3o ambiental; abelhas\/agrot\u00f3xico e patrim\u00f4nio espeleol\u00f3gico e arqueol\u00f3gico, desenvolvendo palestras, incentivo \u00e0 entrega volunt\u00e1ria de animais, reuni\u00f5es e diversas outras a\u00e7\u00f5es, tanto nas cidades, quanto no campo.&nbsp;<\/p>\n\n\n\n<p>Ocorrer\u00e3o reuni\u00f5es, oficinas de educa\u00e7\u00e3o ambiental com jogos e diversas din\u00e2micas, visitas a pra\u00e7as p\u00fablicas, C\u00e2maras de Vereadores, escolas, universidades, feiras, organiza\u00e7\u00f5es da sociedade civil, comunidades rurais da agricultura familiar, povos e comunidades tradicionais e programas de r\u00e1dios e outros meios de comunica\u00e7\u00e3o.&nbsp;<\/p>\n\n\n\n<p>De acordo com a coordenadora da equipe de Educa\u00e7\u00e3o Socioambiental, Valda Aroucha (Agendha), este conjunto de equipes e a\u00e7\u00f5es, com a participa\u00e7\u00e3o de promotores de justi\u00e7a, educadores, especialistas, t\u00e9cnicos e lideran\u00e7as comunit\u00e1rias, levar\u00e1 \u00e0 regional de Guanambi informa\u00e7\u00f5es e escuta social ativa, com o objetivo de futuros desdobramentos. \u201cPretende-se, igualmente, contribuir para o alcance dos ODS (Objetivos de Desenvolvimento Sustent\u00e1vel da Organiza\u00e7\u00e3o das Na\u00e7\u00f5es Unidas\/ONU) e, concomitantemente, para a justi\u00e7a clim\u00e1tica, inclusive no que compete aos munic\u00edpios se prepararem e atuarem para redu\u00e7\u00e3o dos impactos das emerg\u00eancias clim\u00e1ticas\u201d, afirma.&nbsp;<\/p>\n\n\n\n<blockquote class=\"wp-block-quote is-layout-flow wp-block-quote-is-layout-flow\">\n<p><strong><em>Pretende-se, igualmente, contribuir para o alcance dos ODS (Objetivos de Desenvolvimento Sustent\u00e1vel da Organiza\u00e7\u00e3o das Na\u00e7\u00f5es Unidas\/ONU) e, concomitantemente, para a justi\u00e7a clim\u00e1tica, inclusive no que compete aos munic\u00edpios se prepararem e atuarem para redu\u00e7\u00e3o dos impactos das emerg\u00eancias clim\u00e1ticas<\/em><\/strong>. <\/p>\n\n\n\n<p><em>Valda Aroucha, coordenadora de Educa\u00e7\u00e3o Ambiental<\/em><\/p>\n<\/blockquote>\n\n\n\n<p>Ainda como parte do eixo de educa\u00e7\u00e3o ambiental, a equipe Balc\u00e3o de Informa\u00e7\u00f5es &#8211; Regulariza\u00e7\u00e3o Ambiental vai orientar sobre a necessidade da regulariza\u00e7\u00e3o dos empreendimentos rurais, em especial quanto \u00e0 outorga e ao Cadastro Estadual Florestal de Im\u00f3veis Rurais (CEFIR), e como proceder. A a\u00e7\u00e3o acontece nos munic\u00edpios de Guanambi, Palmas de Monte Alto, Igapor\u00e3 e Pinda\u00ed.&nbsp;<\/p>\n\n\n\n<p><strong>AUDI\u00caNCIA P\u00daBLICA&nbsp;&nbsp;<\/strong><\/p>\n\n\n\n<p>Ao final da 50\u00ba FPI, assim como em todas as etapas, ser\u00e1 realizada uma <strong>Audi\u00eancia P\u00fablica. <\/strong>Desta vez, o Clube de Campo (Rua Benjamin Vieira Costa,&nbsp; 693), em Guanambi, recebe o evento, a partir das 9h. Ser\u00e3o apresentados os resultados para a popula\u00e7\u00e3o, os gestores municipais e demais interessados. Ferramenta de transpar\u00eancia e participa\u00e7\u00e3o social, a audi\u00eancia p\u00fablica visa promover o di\u00e1logo e a compreens\u00e3o da situa\u00e7\u00e3o ambiental de cada munic\u00edpio.&nbsp;<\/p>\n\n\n\n<p>Os trabalhos desenvolvidos durante a FPI resultar\u00e3o em relat\u00f3rios t\u00e9cnicos, a serem encaminhados aos \u00f3rg\u00e3os competentes para as devidas provid\u00eancias e solu\u00e7\u00f5es.&nbsp;<\/p>\n\n\n\n<p><strong>PROGRAME-SE PARA AS ATIVIDADES:&nbsp;<\/strong><\/p>\n\n\n\n<ul class=\"wp-block-list\">\n<li><strong>15 de outubro, <\/strong>ter\u00e7a-feira, 9h<\/li>\n<\/ul>\n\n\n\n<p>Evento &#8211; <strong>Regulariza\u00e7\u00e3o ambiental e Impactos dos agrot\u00f3xicos no ambiente e na sa\u00fade e perspectivas de transi\u00e7\u00e3o agroecol\u00f3gica<\/strong><\/p>\n\n\n\n<p>Local: C\u00e2mara Municipal Guanambi<\/p>\n\n\n\n<ul class=\"wp-block-list\">\n<li><strong>16 de outubro, <\/strong>quarta-feira,&nbsp; 9h<\/li>\n<\/ul>\n\n\n\n<p><strong>Encontro Sa\u00fade e Meio Ambiente<\/strong><\/p>\n\n\n\n<p>Local: C\u00e2mara Municipal de Caetit\u00e9&nbsp;<\/p>\n\n\n\n<ul class=\"wp-block-list\">\n<li><strong>17 de outubro, <\/strong>quinta-feira, 9h&nbsp;<\/li>\n<\/ul>\n\n\n\n<p>Evento &#8211; <strong>Regulariza\u00e7\u00e3o ambiental e Impactos dos agrot\u00f3xicos no ambiente e na sa\u00fade e perspectivas de transi\u00e7\u00e3o agroecol\u00f3gica<\/strong><\/p>\n\n\n\n<p>Local: C\u00e2mara Municipal de Palmas de Monte Alto<\/p>\n\n\n\n<ul class=\"wp-block-list\">\n<li><strong>18 de outubro<\/strong>, sexta-feira, 9h&nbsp;<\/li>\n<\/ul>\n\n\n\n<p>Evento &#8211; <strong>Regulariza\u00e7\u00e3o ambiental e Impactos dos agrot\u00f3xicos no ambiente e na sa\u00fade e perspectivas de transi\u00e7\u00e3o agroecol\u00f3gica<\/strong><\/p>\n\n\n\n<p>Local: Igapor\u00e3 &#8211; a definir&nbsp;<\/p>\n\n\n\n<ul class=\"wp-block-list\">\n<li><strong>21 de outubro<\/strong>, segunda-feira, 9h&nbsp;<\/li>\n<\/ul>\n\n\n\n<p><strong>Encontro de Patrim\u00f4nio Cultural<\/strong><\/p>\n\n\n\n<p>Local: CEEP Guanambi&nbsp;<\/p>\n\n\n\n<ul class=\"wp-block-list\">\n<li><strong>21 de outubro<\/strong>, segunda-feira, 9h&nbsp;<\/li>\n<\/ul>\n\n\n\n<p><strong>Encontro de Patrim\u00f4nio Cultural<\/strong><\/p>\n\n\n\n<p>Local: C\u00e2mara Municipal de Urandi<\/p>\n\n\n\n<ul class=\"wp-block-list\">\n<li><strong>23 de outubro<\/strong>, quarta-feira, 9h&nbsp;<\/li>\n<\/ul>\n\n\n\n<p>Evento &#8211; <strong>Seguran\u00e7a h\u00eddrica e alimentar nos territ\u00f3rios (antigo VSPEA)<\/strong>&nbsp;<\/p>\n\n\n\n<p>Local: Audit\u00f3rio da UNEB Guanambi<\/p>\n\n\n\n<ul class=\"wp-block-list\">\n<li><strong>23 de outubro<\/strong>, quarta-feira, 9h&nbsp;<\/li>\n<\/ul>\n\n\n\n<p>Evento &#8211; <strong>Regulariza\u00e7\u00e3o ambiental e Impactos dos agrot\u00f3xicos no ambiente e na sa\u00fade e perspectivas de transi\u00e7\u00e3o agroecol\u00f3gica<\/strong><\/p>\n\n\n\n<p>Local: C\u00e2mara Municipal de Pinda\u00ed<\/p>\n\n\n\n<ul class=\"wp-block-list\">\n<li><strong>24 de outubro<\/strong>, quinta-feira, 9h<\/li>\n<\/ul>\n\n\n\n<p>Evento &#8211; <strong>Gest\u00e3o Ambiental\/ Educa\u00e7\u00e3o Ambiental &#8211; Combate aos agrot\u00f3xicos<\/strong><\/p>\n\n\n\n<p>Local: C\u00e2mara Municipal de Guanambi<\/p>\n\n\n\n<ul class=\"wp-block-list\">\n<li><strong>25 de outubro<\/strong>, sexta-feira, 9h&nbsp;<\/li>\n<\/ul>\n\n\n\n<p><strong>Audi\u00eancia P\u00fablica<\/strong>&nbsp;<\/p>\n\n\n\n<p>Local: Clube de Campo &#8211; Guanambi<\/p>\n\n\n\n<p><strong>SOBRE A FPI<\/strong><\/p>\n\n\n\n<p>Criada em&nbsp; 2002, a FPI do S\u00e3o Francisco na Bahia \u00e9 um programa coordenado pelo Minist\u00e9rio P\u00fablico da Bahia (MP-BA), pelo Conselho Regional de Engenharia e Agronomia da Bahia (CREA-BA), pelo Comit\u00ea da Bacia Hidrogr\u00e1fica do Rio S\u00e3o Francisco (CBHSF) e pelo Minist\u00e9rio P\u00fablico do Trabalho (MPT).&nbsp;<\/p>\n\n\n\n<p>Multidisciplinar, a iniciativa tem como objetivos: melhorar a qualidade de vidas das comunidades da bacia e dos seus recursos h\u00eddricos; combater o desmatamento, a capta\u00e7\u00e3o irregular de \u00e1gua, os impactos dos agrot\u00f3xicos, a extra\u00e7\u00e3o irregular de min\u00e9rios, o com\u00e9rcio ilegal de animais silvestres, a pesca predat\u00f3ria, al\u00e9m de atuar no gerenciamento de res\u00edduos s\u00f3lidos. Outra frente \u00e9 a da preserva\u00e7\u00e3o do patrim\u00f4nio arquitet\u00f4nico, cultural e imaterial da bacia.&nbsp;<\/p>\n\n\n\n<p>Inicialmente realizada na Bahia, a FPI do S\u00e3o Francisco foi expandida para os estados de Sergipe, Alagoas, Pernambuco e Minas Gerais. <strong>Em 2020, o programa foi premiado pelo Conselho Nacional do Minist\u00e9rio P\u00fablico (CNMP) como o maior indutor de pol\u00edticas p\u00fablicas.<\/strong><\/p>\n\n\n\n<p><strong>INDICA\u00c7\u00c3O AO PR\u00caMIO INNOVARE 2024<\/strong><\/p>\n\n\n\n<p>A FPI atua de forma continuada e conta com o apoio do Comit\u00ea da Bacia Hidrogr\u00e1fica do Rio S\u00e3o Francisco (CBHSF), considerado o parlamento das \u00e1guas. Este ano, o programa \u00e9 finalista do Pr\u00eamio Innovare, realizado pelo Instituto Innovare, Minist\u00e9rio da Justi\u00e7a e Seguran\u00e7a P\u00fablica, Advocacia Geral da Uni\u00e3o, al\u00e9m de associa\u00e7\u00f5es jur\u00eddicas e conselhos de justi\u00e7a do pa\u00eds, com apoio do Grupo Globo.&nbsp;<\/p>\n\n\n\n<p>No total, s\u00e3o 12 iniciativas de todo o Brasil, que concorrem nas categorias Tribunal, Juiz, Minist\u00e9rio P\u00fablico, Defensoria P\u00fablica, Advocacia e Justi\u00e7a e Cidadania. <strong>O resultado ser\u00e1 divulgado no dia 11 de dezembro, em cerim\u00f4nia no Supremo Tribunal Federal (STF), em Bras\u00edlia.&nbsp;<\/strong><\/p>\n\n\n\n<p><strong>SOBRE A BACIA DO RIO S\u00c3O FRANCISCO<\/strong><\/p>\n\n\n\n<p>A bacia hidrogr\u00e1fica do rio S\u00e3o Francisco corresponde a 8% do territ\u00f3rio nacional. Com uma extens\u00e3o 2.863 km e uma \u00e1rea de drenagem de mais de 639.219 km2, estende-se desde Minas Gerais, onde o rio nasce, na Serra da Canastra, at\u00e9 o Oceano Atl\u00e2ntico, onde des\u00e1gua, na divisa dos estados de Alagoas e de Sergipe.&nbsp;<\/p>\n\n\n\n<p>Essa vasta \u00e1rea integra as regi\u00f5es Nordeste, Sudeste e Centro-Oeste do pa\u00eds, percorrendo 505 munic\u00edpios, em seis estados &#8211; Minas Gerais, Goi\u00e1s, Bahia, Pernambuco, Alagoas e Sergipe -, al\u00e9m do Distrito Federal. Constituindo uma das 12 regi\u00f5es hidrogr\u00e1ficas brasileiras, a bacia foi dividida, para fins de planejamento, em quatro zonas ou regi\u00f5es fisiogr\u00e1ficas: Alto (Minas Gerais, Bahia, Goi\u00e1s e Distrito Federal); M\u00e9dio (Bahia), Subm\u00e9dio (Pernambuco, Bahia e Alagoas); e Baixo S\u00e3o Francisco (Alagoas, Sergipe, Pernambuco e Bahia).&nbsp;<\/p>\n\n\n\n<p>Com uma popula\u00e7\u00e3o que deve ter passado dos 20 milh\u00f5es de habitantes, a maior concentra\u00e7\u00e3o demogr\u00e1fica est\u00e1 no Alto S\u00e3o Francisco.&nbsp;<\/p>\n\n\n\n<p><strong>EQUIPES TEM\u00c1TICAS&nbsp;<\/strong><\/p>\n\n\n\n<ul class=\"wp-block-list\">\n<li>Saneamento&nbsp;<\/li>\n\n\n\n<li>Gest\u00e3o Ambiental<\/li>\n\n\n\n<li>Educa\u00e7\u00e3o Ambiental&nbsp;<\/li>\n\n\n\n<li>Rural&nbsp;<\/li>\n\n\n\n<li>Combate aos Impactos dos Agrot\u00f3xicos&nbsp;<\/li>\n\n\n\n<li>Abatedouros e Ind\u00fastria de L\u00e1cteos&nbsp;<\/li>\n\n\n\n<li>Patrim\u00f4nio Espeleol\u00f3gico e Arqueologia&nbsp;<\/li>\n\n\n\n<li>Patrim\u00f4nio Hist\u00f3rico-Cultural<\/li>\n\n\n\n<li>Povos e Comunidades Tradicionais&nbsp;<\/li>\n\n\n\n<li>Fauna Campo<\/li>\n\n\n\n<li>Aqu\u00e1tica&nbsp;<\/li>\n\n\n\n<li>Piscicultura&nbsp;<\/li>\n\n\n\n<li>Extra\u00e7\u00e3o Mineral&nbsp;<\/li>\n\n\n\n<li>Cer\u00e2mica<\/li>\n\n\n\n<li>Barragens<\/li>\n\n\n\n<li>Regulariza\u00e7\u00e3o Ambiental Rural &#8211; Balc\u00e3o de informa\u00e7\u00f5es&nbsp;<\/li>\n<\/ul>\n\n\n\n<p><strong>\u00d3RG\u00c3OS QUE COMP\u00d5EM A FPI<\/strong><\/p>\n\n\n\n<ul class=\"wp-block-list\">\n<li>Ag\u00eancia de Defesa Agropecu\u00e1ria da Bahia (ADAB);&nbsp;<\/li>\n<\/ul>\n\n\n\n<ul class=\"wp-block-list\">\n<li>Ag\u00eancia Peixe Vivo (APV);&nbsp;<\/li>\n\n\n\n<li>Assessoria e Gest\u00e3o em Estudos da Natureza, Desenvolvimento Humano e Agroecologia(AGENDHA);&nbsp;<\/li>\n\n\n\n<li>Ag\u00eancia Reguladora de Saneamento B\u00e1sico do Estado da Bahia (AGERSA);<\/li>\n\n\n\n<li>Animallia Ong Ambiental;&nbsp;<\/li>\n\n\n\n<li>Ag\u00eancia Nacional de Minera\u00e7\u00e3o (ANM);&nbsp;<\/li>\n\n\n\n<li>Centro de Pesquisas em Etnicidades, Movimentos Sociais e Educa\u00e7\u00e3o (OPAR\u00c1);&nbsp;<\/li>\n\n\n\n<li>Comit\u00ea da Bacia Hidrogr\u00e1fica do Rio S\u00e3o Francisco (CBHSF);&nbsp;<\/li>\n\n\n\n<li>Corpo de Bombeiros Militar (CBM-BA);<\/li>\n\n\n\n<li>Superintend\u00eancia de Desenvolvimento Agr\u00e1rio &#8211; Secretaria de Desenvolvimento Rural (SDA-SDR);&nbsp;<\/li>\n\n\n\n<li>Companhia de Engenharia H\u00eddrica e de Saneamento da Bahia (CERB);&nbsp;<\/li>\n\n\n\n<li>Companhia Independente de Pol\u00edcia de Prote\u00e7\u00e3o Ambiental (CIPPA);<\/li>\n\n\n\n<li>Companhia de Pol\u00edcia de Prote\u00e7\u00e3o Ambiental (COPPA);&nbsp;<\/li>\n\n\n\n<li>Conselho Regional de Engenharia e Agronomia Bahia (CREA-BA);<\/li>\n\n\n\n<li>Conselho Regional de Medicina Veterin\u00e1ria do Estado da Bahia (CRMV-BA);&nbsp;<\/li>\n\n\n\n<li>Conselho Regional de Qu\u00edmica 7\u00aa Regi\u00e3o &#8211; Bahia;&nbsp;<\/li>\n\n\n\n<li>Conselho Regional dos T\u00e9cnicos Industriais da Bahia (CRT-BA);<\/li>\n\n\n\n<li>Diretoria de Vigil\u00e2ncia Epidemiol\u00f3gica (DIVEP-SESAB);&nbsp;<\/li>\n\n\n\n<li>Diretoria de Vigil\u00e2ncia Sanit\u00e1ria e Sa\u00fade Ambiental (DIVISA-SESAB);<\/li>\n\n\n\n<li>Funda\u00e7\u00e3o Jos\u00e9 Silveira (FJS);&nbsp;<\/li>\n\n\n\n<li>F\u00f3rum Baiano de Combate aos Impactos dos Agrot\u00f3xicos e Transg\u00eanicos e pela Agroecologia (FBCA);<\/li>\n\n\n\n<li>Funda\u00e7\u00e3o Nacional do \u00cdndio (FUNAI);<\/li>\n\n\n\n<li>Funda\u00e7\u00e3o Nacional de Sa\u00fade (FUNASA);<\/li>\n\n\n\n<li>Grupo de Defesa e Promo\u00e7\u00e3o Socioambiental (GERMEN);&nbsp;<\/li>\n\n\n\n<li>Instituto Brasileiro do Meio Ambiente e dos Recursos Naturais Renov\u00e1veis (IBAMA);&nbsp;<\/li>\n\n\n\n<li>Instituto Chico Mendes de Conserva\u00e7\u00e3o da Biodiversidade (ICMBIO);<\/li>\n\n\n\n<li>Instituto Nacional de Coloniza\u00e7\u00e3o e Reforma Agr\u00e1ria (INCRA);&nbsp;<\/li>\n\n\n\n<li>Instituto do Meio Ambiente e Recursos H\u00eddricos (INEMA);<\/li>\n\n\n\n<li>Instituto HORI;&nbsp;<\/li>\n\n\n\n<li>Instituto do Patrim\u00f4nio Art\u00edstico e Cultural da Bahia (IPAC);&nbsp;<\/li>\n\n\n\n<li>Instituto do Patrim\u00f4nio Hist\u00f3rico e Art\u00edstico Nacional (IPHAN);&nbsp;<\/li>\n\n\n\n<li>Marinha do Brasil;&nbsp;<\/li>\n\n\n\n<li>Minist\u00e9rio da Agricultura, Pecu\u00e1ria e Abastecimento (MAPA);&nbsp;<\/li>\n\n\n\n<li>Minist\u00e9rio da Cultura (MINC);<\/li>\n\n\n\n<li>Minist\u00e9rio da Gest\u00e3o e Inova\u00e7\u00e3o (MGI);&nbsp;<\/li>\n\n\n\n<li>Minist\u00e9rio da Sa\u00fade (MS);&nbsp;<\/li>\n\n\n\n<li>Minist\u00e9rio do Meio Ambiente (MMA);&nbsp;<\/li>\n\n\n\n<li>Minist\u00e9rio do Trabalho e Emprego (MTE);&nbsp;<\/li>\n\n\n\n<li>Minist\u00e9rio P\u00fablico do Estado da Bahia (MPE-BA);&nbsp;<\/li>\n\n\n\n<li>Minist\u00e9rio P\u00fablico Federal (MPF);&nbsp;<\/li>\n\n\n\n<li>Minist\u00e9rio P\u00fablico do Trabalho (MPT);&nbsp;<\/li>\n\n\n\n<li>Ordem dos Advogados do Brasil (OAB);&nbsp;<\/li>\n\n\n\n<li>Pol\u00edcia Civil do Estado da Bahia (PC);&nbsp;<\/li>\n\n\n\n<li>Pol\u00edcia Federal (PF);&nbsp;<\/li>\n\n\n\n<li>Pol\u00edcia Militar do Estado da Bahia (PMBA);&nbsp;<\/li>\n\n\n\n<li>Pol\u00edcia Rodovi\u00e1ria Federal (PRF);&nbsp;<\/li>\n\n\n\n<li>Secretaria da Casa Civil (Casa Civil);<\/li>\n\n\n\n<li>Secretaria de Desenvolvimento Rural (SDR);<\/li>\n\n\n\n<li>Secretaria de Assist\u00eancia e Desenvolvimento Social (SEADES);<\/li>\n\n\n\n<li>Secretaria da Agricultura, Pecu\u00e1ria, Irriga\u00e7\u00e3o, Pesca e Aquicultura (SEAGRI);&nbsp;<\/li>\n\n\n\n<li>Secretaria da Fazenda do Estado da Bahia (SEFAZ);&nbsp;<\/li>\n\n\n\n<li>Secretaria do Meio Ambiente (SEMA);&nbsp;<\/li>\n\n\n\n<li>Secretaria de Promo\u00e7\u00e3o da Igualdade Racial do Governo do Estado da Bahia (SEPROMI);<\/li>\n\n\n\n<li>Secretaria da Sa\u00fade (SESAB);&nbsp;<\/li>\n\n\n\n<li>Superintend\u00eancia Federal de Agricultura (SFA);&nbsp;<\/li>\n\n\n\n<li>Superintend\u00eancia Baiana de Assist\u00eancia T\u00e9cnica e Extens\u00e3o Rural<\/li>\n\n\n\n<li>(Bahiater\/SDR);<\/li>\n\n\n\n<li>Secretaria de Infraestrutura H\u00eddrica e Saneamento da Bahia (SIHS);<\/li>\n\n\n\n<li>Secretaria de Patrim\u00f4nio da Uni\u00e3o (SPU)\/ Minist\u00e9rio da Gest\u00e3o e Inova\u00e7\u00e3o (MGI);&nbsp;<\/li>\n\n\n\n<li>Superintend\u00eancia Regional do Trabalho na Bahia (SRT\/BA);&nbsp;<\/li>\n\n\n\n<li>Sindicato dos T\u00e9cnicos Industriais de N\u00edvel M\u00e9dio do Estado da Bahia&nbsp; (SINTEC\/BA);&nbsp;<\/li>\n\n\n\n<li>Secretaria da Seguran\u00e7a P\u00fablica (SSP);&nbsp;<\/li>\n\n\n\n<li>Superintend\u00eancia de Prote\u00e7\u00e3o e Defesa Civil (SUDEC);&nbsp;<\/li>\n\n\n\n<li>Universidade Federal da Bahia (UFBA);&nbsp;<\/li>\n\n\n\n<li>Universidade Federal do Rec\u00f4ncavo da Bahia (UFRB);&nbsp;<\/li>\n\n\n\n<li>Universidade do Estado da Bahia (UNEB)<\/li>\n<\/ul>\n\n\n\n<p><strong>*Para mais informa\u00e7\u00f5es*<\/strong>, acesse: <a href=\"https:\/\/fpisaofrancisco.inf.br\/\">https:\/\/fpisaofrancisco.inf.br\/<\/a><strong>*Siga a FPI no Instagram e Facebook*<\/strong>: <a href=\"http:\/\/fpibahia\">FPIBahia<\/a><\/p>\n\n\n\n<figure class=\"wp-block-gallery has-nested-images columns-default is-cropped wp-block-gallery-1 is-layout-flex wp-block-gallery-is-layout-flex\">\n<figure class=\"wp-block-image size-large\"><img decoding=\"async\" width=\"1024\" height=\"683\" data-id=\"7413\" src=\"https:\/\/fpisaofrancisco.inf.br\/wp-content\/uploads\/2024\/10\/IMG_5019-1024x683.jpg\" alt=\"\" class=\"wp-image-7413\" srcset=\"https:\/\/fpisaofrancisco.inf.br\/wp-content\/uploads\/2024\/10\/IMG_5019-1024x683.jpg 1024w, https:\/\/fpisaofrancisco.inf.br\/wp-content\/uploads\/2024\/10\/IMG_5019-300x200.jpg 300w, https:\/\/fpisaofrancisco.inf.br\/wp-content\/uploads\/2024\/10\/IMG_5019-768x512.jpg 768w, https:\/\/fpisaofrancisco.inf.br\/wp-content\/uploads\/2024\/10\/IMG_5019-1536x1024.jpg 1536w, https:\/\/fpisaofrancisco.inf.br\/wp-content\/uploads\/2024\/10\/IMG_5019-2048x1365.jpg 2048w\" sizes=\"(max-width: 1024px) 100vw, 1024px\" \/><\/figure>\n\n\n\n<figure class=\"wp-block-image size-large\"><img decoding=\"async\" width=\"1024\" height=\"683\" data-id=\"7418\" src=\"https:\/\/fpisaofrancisco.inf.br\/wp-content\/uploads\/2024\/10\/IMG_5173-1-1024x683.jpg\" alt=\"\" class=\"wp-image-7418\" srcset=\"https:\/\/fpisaofrancisco.inf.br\/wp-content\/uploads\/2024\/10\/IMG_5173-1-1024x683.jpg 1024w, https:\/\/fpisaofrancisco.inf.br\/wp-content\/uploads\/2024\/10\/IMG_5173-1-300x200.jpg 300w, https:\/\/fpisaofrancisco.inf.br\/wp-content\/uploads\/2024\/10\/IMG_5173-1-768x512.jpg 768w, https:\/\/fpisaofrancisco.inf.br\/wp-content\/uploads\/2024\/10\/IMG_5173-1-1536x1024.jpg 1536w, https:\/\/fpisaofrancisco.inf.br\/wp-content\/uploads\/2024\/10\/IMG_5173-1-2048x1365.jpg 2048w\" sizes=\"(max-width: 1024px) 100vw, 1024px\" \/><\/figure>\n\n\n\n<figure class=\"wp-block-image size-large\"><img loading=\"lazy\" decoding=\"async\" width=\"1024\" height=\"683\" data-id=\"7416\" src=\"https:\/\/fpisaofrancisco.inf.br\/wp-content\/uploads\/2024\/10\/IMG_5182-1024x683.jpg\" alt=\"\" class=\"wp-image-7416\" srcset=\"https:\/\/fpisaofrancisco.inf.br\/wp-content\/uploads\/2024\/10\/IMG_5182-1024x683.jpg 1024w, https:\/\/fpisaofrancisco.inf.br\/wp-content\/uploads\/2024\/10\/IMG_5182-300x200.jpg 300w, https:\/\/fpisaofrancisco.inf.br\/wp-content\/uploads\/2024\/10\/IMG_5182-768x512.jpg 768w, https:\/\/fpisaofrancisco.inf.br\/wp-content\/uploads\/2024\/10\/IMG_5182-1536x1024.jpg 1536w, https:\/\/fpisaofrancisco.inf.br\/wp-content\/uploads\/2024\/10\/IMG_5182-2048x1365.jpg 2048w\" sizes=\"(max-width: 1024px) 100vw, 1024px\" \/><\/figure>\n\n\n\n<figure class=\"wp-block-image size-large\"><img loading=\"lazy\" decoding=\"async\" width=\"1024\" height=\"683\" data-id=\"7415\" src=\"https:\/\/fpisaofrancisco.inf.br\/wp-content\/uploads\/2024\/10\/IMG_5210-1024x683.jpg\" alt=\"\" class=\"wp-image-7415\" srcset=\"https:\/\/fpisaofrancisco.inf.br\/wp-content\/uploads\/2024\/10\/IMG_5210-1024x683.jpg 1024w, https:\/\/fpisaofrancisco.inf.br\/wp-content\/uploads\/2024\/10\/IMG_5210-300x200.jpg 300w, https:\/\/fpisaofrancisco.inf.br\/wp-content\/uploads\/2024\/10\/IMG_5210-768x512.jpg 768w, https:\/\/fpisaofrancisco.inf.br\/wp-content\/uploads\/2024\/10\/IMG_5210-1536x1024.jpg 1536w, https:\/\/fpisaofrancisco.inf.br\/wp-content\/uploads\/2024\/10\/IMG_5210-2048x1365.jpg 2048w\" sizes=\"(max-width: 1024px) 100vw, 1024px\" \/><\/figure>\n\n\n\n<figure class=\"wp-block-image size-large\"><img loading=\"lazy\" decoding=\"async\" width=\"1024\" height=\"683\" data-id=\"7417\" src=\"https:\/\/fpisaofrancisco.inf.br\/wp-content\/uploads\/2024\/10\/IMG_5246-1024x683.jpg\" alt=\"\" class=\"wp-image-7417\" srcset=\"https:\/\/fpisaofrancisco.inf.br\/wp-content\/uploads\/2024\/10\/IMG_5246-1024x683.jpg 1024w, https:\/\/fpisaofrancisco.inf.br\/wp-content\/uploads\/2024\/10\/IMG_5246-300x200.jpg 300w, https:\/\/fpisaofrancisco.inf.br\/wp-content\/uploads\/2024\/10\/IMG_5246-768x512.jpg 768w, https:\/\/fpisaofrancisco.inf.br\/wp-content\/uploads\/2024\/10\/IMG_5246-1536x1024.jpg 1536w, https:\/\/fpisaofrancisco.inf.br\/wp-content\/uploads\/2024\/10\/IMG_5246-2048x1365.jpg 2048w\" sizes=\"(max-width: 1024px) 100vw, 1024px\" \/><\/figure>\n<\/figure>\n","protected":false},"excerpt":{"rendered":"<p>Programa de preserva\u00e7\u00e3o ao Velho Chico conta com mais de 40 \u00f3rg\u00e3os e institui\u00e7\u00f5es em campo, no sudoeste baiano Integrantes da Fiscaliza\u00e7\u00e3o Preventiva Integrada (FPI) do S\u00e3o Francisco est\u00e3o em Guanambi, no sudoeste da Bahia, onde realizam a 50\u00aa etapa do programa de prote\u00e7\u00e3o ao Velho Chico e seus povos. As atividades tiveram in\u00edcio nesta&hellip;<\/p>\n","protected":false},"author":6,"featured_media":7419,"comment_status":"open","ping_status":"open","sticky":false,"template":"","format":"standard","meta":{"_jetpack_memberships_contains_paid_content":false,"footnotes":""},"categories":[187,71],"tags":[],"class_list":["post-7410","post","type-post","status-publish","format-standard","has-post-thumbnail","hentry","category-50a-fpi-bahia","category-noticias-bahia","category-187","category-71","description-off"],"aioseo_notices":[],"jetpack_featured_media_url":"https:\/\/fpisaofrancisco.inf.br\/wp-content\/uploads\/2024\/10\/IMG_5246-CORTE2-copiar-1-scaled.jpg","jetpack_sharing_enabled":true,"_links":{"self":[{"href":"https:\/\/fpisaofrancisco.inf.br\/index.php\/wp-json\/wp\/v2\/posts\/7410","targetHints":{"allow":["GET"]}}],"collection":[{"href":"https:\/\/fpisaofrancisco.inf.br\/index.php\/wp-json\/wp\/v2\/posts"}],"about":[{"href":"https:\/\/fpisaofrancisco.inf.br\/index.php\/wp-json\/wp\/v2\/types\/post"}],"author":[{"embeddable":true,"href":"https:\/\/fpisaofrancisco.inf.br\/index.php\/wp-json\/wp\/v2\/users\/6"}],"replies":[{"embeddable":true,"href":"https:\/\/fpisaofrancisco.inf.br\/index.php\/wp-json\/wp\/v2\/comments?post=7410"}],"version-history":[{"count":2,"href":"https:\/\/fpisaofrancisco.inf.br\/index.php\/wp-json\/wp\/v2\/posts\/7410\/revisions"}],"predecessor-version":[{"id":7423,"href":"https:\/\/fpisaofrancisco.inf.br\/index.php\/wp-json\/wp\/v2\/posts\/7410\/revisions\/7423"}],"wp:featuredmedia":[{"embeddable":true,"href":"https:\/\/fpisaofrancisco.inf.br\/index.php\/wp-json\/wp\/v2\/media\/7419"}],"wp:attachment":[{"href":"https:\/\/fpisaofrancisco.inf.br\/index.php\/wp-json\/wp\/v2\/media?parent=7410"}],"wp:term":[{"taxonomy":"category","embeddable":true,"href":"https:\/\/fpisaofrancisco.inf.br\/index.php\/wp-json\/wp\/v2\/categories?post=7410"},{"taxonomy":"post_tag","embeddable":true,"href":"https:\/\/fpisaofrancisco.inf.br\/index.php\/wp-json\/wp\/v2\/tags?post=7410"}],"curies":[{"name":"wp","href":"https:\/\/api.w.org\/{rel}","templated":true}]}}