{"id":7406,"date":"2024-10-11T22:48:05","date_gmt":"2024-10-11T22:48:05","guid":{"rendered":"https:\/\/fpisaofrancisco.inf.br\/?p=7406"},"modified":"2024-10-11T23:06:16","modified_gmt":"2024-10-11T23:06:16","slug":"fpi-do-sao-francisco-e-finalista-do-premio-innovare-resultado-sai-dia-11-de-dezembro","status":"publish","type":"post","link":"https:\/\/fpisaofrancisco.inf.br\/index.php\/2024\/10\/11\/fpi-do-sao-francisco-e-finalista-do-premio-innovare-resultado-sai-dia-11-de-dezembro\/","title":{"rendered":"FPI do S\u00e3o Francisco \u00e9 finalista do Pr\u00eamio Innovare; resultado sai dia 11 de dezembro"},"content":{"rendered":"<div class=\"wp-block-image\">\n<figure class=\"aligncenter size-full\"><img fetchpriority=\"high\" decoding=\"async\" width=\"687\" height=\"493\" src=\"https:\/\/fpisaofrancisco.inf.br\/wp-content\/uploads\/2024\/10\/WhatsApp-Image-2024-10-09-at-23.38.14.jpeg\" alt=\"\" class=\"wp-image-7407\" srcset=\"https:\/\/fpisaofrancisco.inf.br\/wp-content\/uploads\/2024\/10\/WhatsApp-Image-2024-10-09-at-23.38.14.jpeg 687w, https:\/\/fpisaofrancisco.inf.br\/wp-content\/uploads\/2024\/10\/WhatsApp-Image-2024-10-09-at-23.38.14-300x215.jpeg 300w\" sizes=\"(max-width: 687px) 100vw, 687px\" \/><\/figure>\n<\/div>\n\n\n<p>A Fiscaliza\u00e7\u00e3o Preventiva Integrada (FPI) do S\u00e3o Francisco \u00e9 finalista do Pr\u00eamio Innovare, realizado pelo Instituto Innovare, Minist\u00e9rio da Justi\u00e7a e Seguran\u00e7a P\u00fablica, Advocacia Geral da Uni\u00e3o, al\u00e9m de associa\u00e7\u00f5es jur\u00eddicas e conselhos de justi\u00e7a do pa\u00eds, com apoio do Grupo Globo. A FPI atua de forma continuada e conta apoio do Comit\u00ea da Bacia Hidrogr\u00e1fica do Rio S\u00e3o Francisco (CBHSF), considerado o parlamento das \u00e1guas.&nbsp;<\/p>\n\n\n\n<p>No total, s\u00e3o 12 iniciativas de todo o Brasil, que concorrem nas categorias: Tribunal, Juiz, Minist\u00e9rio P\u00fablico, Defensoria P\u00fablica, Advocacia e Justi\u00e7a e Cidadania. <strong>O resultado ser\u00e1 divulgado no dia 11 de dezembro, em cerim\u00f4nia no Supremo Tribunal Federal (STF), em Bras\u00edlia.&nbsp;<\/strong><\/p>\n\n\n\n<p>Coordenadora-geral da FPI e promotora de Justi\u00e7a da Bahia, Luciana Khoury celebrou a indica\u00e7\u00e3o: \u201cFigurar entre os finalistas do Pr\u00eamio Innovare 2024 na \u00e1rea de Meio Ambiente e Sustentabilidade nos enche de alegria, diante da participa\u00e7\u00e3o e envolvimento dos diversos estados da bacia do S\u00e3o Francisco, envolvendo os tr\u00eas Ramos do Minist\u00e9rio P\u00fablico, de m\u00e3os dadas com mais de 90 outras institui\u00e7\u00f5es parceiras, unidas na prote\u00e7\u00e3o do Velho Chico e de seus povos e comunidades tradicionais\u201d.\u00a0<\/p>\n\n\n\n<p>Procuradora Regional da Rep\u00fablica na 5\u00aa Regi\u00e3o, L\u00edvia Nascimento Tin\u00f4co tamb\u00e9m comemorou:<strong> \u201c<\/strong>Estamos muito felizes por sermos finalistas do prestigiado Pr\u00eamio Innovare. Os resultados da FPI s\u00e3o muito grandes nas localidades onde a realizamos e o programa tem se consolidado tamb\u00e9m como um programa s\u00f3cio-educador. O MPF tem orgulho de pertencer \u00e0 FPI e a felicidade de poder contribuir com certos aspectos e vis\u00e3o pr\u00f3pria da \u00e1rea federal\u201d.&nbsp;<\/p>\n\n\n\n<p><strong>Tem\u00e1ticas variadas<\/strong><\/p>\n\n\n\n<p>As pr\u00e1ticas finalistas &#8211; incluindo a FPI do S\u00e3o Francisco &#8211; t\u00eam tem\u00e1ticas bem variadas. Al\u00e9m da preserva\u00e7\u00e3o de recursos h\u00eddricos, na qual o programa se encaixa, elas falam de inclus\u00e3o, atendimento humanizado para crian\u00e7as durante a presta\u00e7\u00e3o de depoimentos em ju\u00edzo, apoio para&nbsp; jovens infratores, combate ao bullying, promo\u00e7\u00e3o de direitos ind\u00edgenas, alimenta\u00e7\u00e3o escolar e treinamento para investigadores policiais. Tamb\u00e9m h\u00e1 trabalhos que prezam pela per\u00edcia especializada em letalidade policial e um aplicativo criado por egressos do sistema penitenci\u00e1rio para promover a inclus\u00e3o de ex-detentos e seus familiares no mercado de trabalho.<\/p>\n\n\n\n<p>Coordenador do Centro de Apoio do S\u00e3o Francisco, n\u00facleo do MP de Sergipe, o promotor de Justi\u00e7a Sandro Costa destaca a atua\u00e7\u00e3o do programa na \u00e1rea do meio ambiente, no sentido de promover a erradica\u00e7\u00e3o de um grande problema no estado: os lix\u00f5es. \u201cParticipamos desde 2011 da FPI, levando diversos \u00f3rg\u00e3os em rede para atuar na prote\u00e7\u00e3o do ecossistema da Bacia do Rio S\u00e3o Francisco. Al\u00e9m dos resultados efetivos alcan\u00e7ados como, por exemplo, a elimina\u00e7\u00e3o de lix\u00f5es e o fechamento de matadouros como implanta\u00e7\u00e3o de solu\u00e7\u00f5es sustent\u00e1veis em Sergipe, o programa permitiu uma aproxima\u00e7\u00e3o entre esses diversos \u00f3rg\u00e3os, o que torna mais efetiva a prote\u00e7\u00e3o ao meio ambiente por parte do poder p\u00fablico\u201d, avalia ele.<\/p>\n\n\n\n<p><strong>Sele\u00e7\u00e3o rigorosa<\/strong><\/p>\n\n\n\n<p>Ao todo, 10 estados e o Distrito Federal est\u00e3o concorrendo \u00e0 premia\u00e7\u00e3o. As pr\u00e1ticas foram selecionadas entre as 732 iniciativas deferidas para participa\u00e7\u00e3o nesta 21\u00aa. edi\u00e7\u00e3o da premia\u00e7\u00e3o. Para isso, passaram por entrevistas com consultores especializados, que constru\u00edram relat\u00f3rios sobre cada uma delas. A escolha das finalistas foi feita pela Comiss\u00e3o Julgadora do Innovare, formada por profissionais e autoridades do meio jur\u00eddico.<\/p>\n\n\n\n<p>Em Alagoas, a promotora de Justi\u00e7a Lav\u00ednia Silveira de Mendon\u00e7a Fragoso ressalta a import\u00e2ncia do trabalho integrado desenvolvido pela FPI: \u201cA Fiscaliza\u00e7\u00e3o Preventiva Integrada \u00e9 um programa de vanguarda e inovador, pois, h\u00e1 mais de vinte anos, quando pouco se falava em atua\u00e7\u00e3o integrada, iniciou uma nova metodologia de trabalho, que conseguiu unir in\u00fameros \u00f3rg\u00e3os em cinco estados e os Minist\u00e9rios P\u00fablicos Estaduais e Federais de Alagoas, Bahia, Sergipe, Pernambuco e Minas Gerais, ultrapassando fronteiras e provando, mais uma vez, que o S\u00e3o Francisco \u00e9, de fato, o Rio da Integra\u00e7\u00e3o Nacional.\u201d<\/p>\n\n\n\n<p>Mais informa\u00e7\u00f5es sobre o Pr\u00eamio Innovare: <a href=\"http:\/\/www.premioinnovare.com.br\">www.premioinnovare.com.br<\/a><\/p>\n","protected":false},"excerpt":{"rendered":"<p>A Fiscaliza\u00e7\u00e3o Preventiva Integrada (FPI) do S\u00e3o Francisco \u00e9 finalista do Pr\u00eamio Innovare, realizado pelo Instituto Innovare, Minist\u00e9rio da Justi\u00e7a e Seguran\u00e7a P\u00fablica, Advocacia Geral da Uni\u00e3o, al\u00e9m de associa\u00e7\u00f5es jur\u00eddicas e conselhos de justi\u00e7a do pa\u00eds, com apoio do Grupo Globo. A FPI atua de forma continuada e conta apoio do Comit\u00ea da Bacia&hellip;<\/p>\n","protected":false},"author":6,"featured_media":0,"comment_status":"open","ping_status":"open","sticky":false,"template":"","format":"standard","meta":{"_jetpack_memberships_contains_paid_content":false,"footnotes":""},"categories":[1],"tags":[],"class_list":["post-7406","post","type-post","status-publish","format-standard","hentry","category-blog","category-1","description-off"],"aioseo_notices":[],"jetpack_featured_media_url":"","jetpack_sharing_enabled":true,"_links":{"self":[{"href":"https:\/\/fpisaofrancisco.inf.br\/index.php\/wp-json\/wp\/v2\/posts\/7406","targetHints":{"allow":["GET"]}}],"collection":[{"href":"https:\/\/fpisaofrancisco.inf.br\/index.php\/wp-json\/wp\/v2\/posts"}],"about":[{"href":"https:\/\/fpisaofrancisco.inf.br\/index.php\/wp-json\/wp\/v2\/types\/post"}],"author":[{"embeddable":true,"href":"https:\/\/fpisaofrancisco.inf.br\/index.php\/wp-json\/wp\/v2\/users\/6"}],"replies":[{"embeddable":true,"href":"https:\/\/fpisaofrancisco.inf.br\/index.php\/wp-json\/wp\/v2\/comments?post=7406"}],"version-history":[{"count":2,"href":"https:\/\/fpisaofrancisco.inf.br\/index.php\/wp-json\/wp\/v2\/posts\/7406\/revisions"}],"predecessor-version":[{"id":7409,"href":"https:\/\/fpisaofrancisco.inf.br\/index.php\/wp-json\/wp\/v2\/posts\/7406\/revisions\/7409"}],"wp:attachment":[{"href":"https:\/\/fpisaofrancisco.inf.br\/index.php\/wp-json\/wp\/v2\/media?parent=7406"}],"wp:term":[{"taxonomy":"category","embeddable":true,"href":"https:\/\/fpisaofrancisco.inf.br\/index.php\/wp-json\/wp\/v2\/categories?post=7406"},{"taxonomy":"post_tag","embeddable":true,"href":"https:\/\/fpisaofrancisco.inf.br\/index.php\/wp-json\/wp\/v2\/tags?post=7406"}],"curies":[{"name":"wp","href":"https:\/\/api.w.org\/{rel}","templated":true}]}}