{"id":7389,"date":"2024-09-06T17:52:21","date_gmt":"2024-09-06T17:52:21","guid":{"rendered":"https:\/\/fpisaofrancisco.inf.br\/?p=7389"},"modified":"2024-09-06T18:05:23","modified_gmt":"2024-09-06T18:05:23","slug":"programa-fpi-e-considerado-boa-pratica-ambiental-em-evento-promovido-pelo-conselho-nacional-de-justica-em-brasilia","status":"publish","type":"post","link":"https:\/\/fpisaofrancisco.inf.br\/index.php\/2024\/09\/06\/programa-fpi-e-considerado-boa-pratica-ambiental-em-evento-promovido-pelo-conselho-nacional-de-justica-em-brasilia\/","title":{"rendered":"Programa FPI \u00e9 considerado boa pr\u00e1tica ambiental em evento do Conselho Nacional de Justi\u00e7a, em Bras\u00edlia"},"content":{"rendered":"\n<figure class=\"wp-block-image size-large\"><img fetchpriority=\"high\" decoding=\"async\" width=\"985\" height=\"1024\" src=\"https:\/\/fpisaofrancisco.inf.br\/wp-content\/uploads\/2024\/09\/Jornada-boas-praticas-3-1-985x1024.jpeg\" alt=\"\" class=\"wp-image-7397\" srcset=\"https:\/\/fpisaofrancisco.inf.br\/wp-content\/uploads\/2024\/09\/Jornada-boas-praticas-3-1-985x1024.jpeg 985w, https:\/\/fpisaofrancisco.inf.br\/wp-content\/uploads\/2024\/09\/Jornada-boas-praticas-3-1-289x300.jpeg 289w, https:\/\/fpisaofrancisco.inf.br\/wp-content\/uploads\/2024\/09\/Jornada-boas-praticas-3-1-768x798.jpeg 768w, https:\/\/fpisaofrancisco.inf.br\/wp-content\/uploads\/2024\/09\/Jornada-boas-praticas-3-1.jpeg 1137w\" sizes=\"(max-width: 985px) 100vw, 985px\" \/><figcaption class=\"wp-element-caption\">Luciana Khoury e Ilan Fonseca apresentam a FPI <\/figcaption><\/figure>\n\n\n\n<p>A Fiscaliza\u00e7\u00e3o Preventiva Integrada (FPI) do S\u00e3o Francisco se fez presente durante a primeira edi\u00e7\u00e3o da Jornada de Boas Pr\u00e1ticas em Tutelas Coletivas 2024, que aconteceu de 2 a 4 deste m\u00eas, em Bras\u00edlia. O evento &#8211; promovido pelo Conselho Nacional de Justi\u00e7a (CNJ), e realizado pelo F\u00f3rum Nacional de A\u00e7\u00f5es Coletivas (Fonacol), em parceria com a Escola Nacional da Magistratura do Trabalho (Enamat) e o Tribunal Superior do Trabalho (TST) &#8211; reuniu especialistas em direito do trabalho; meio ambiente e mudan\u00e7as clim\u00e1ticas; rela\u00e7\u00f5es de consumo e ordem econ\u00f4mica; patrim\u00f4nio p\u00fablico; e preven\u00e7\u00e3o e rea\u00e7\u00e3o a desastres para discutir e compartilhar boas pr\u00e1ticas de a\u00e7\u00f5es coletivas que envolvem esses temas.<\/p>\n\n\n\n<p>A abertura ficou por conta do presidente do CNJ e do Supremo Tribunal Federal (STF), ministro Lu\u00eds Roberto Barroso. Al\u00e9m de pain\u00e9is sobre Tutela Coletiva, foram realizadas tamb\u00e9m oficinas para discutir boas pr\u00e1ticas em direito do trabalho; rela\u00e7\u00f5es de consumo e ordem econ\u00f4mica; patrim\u00f4nio p\u00fablico; preven\u00e7\u00e3o e rea\u00e7\u00e3o a desastres; meio ambiente e mudan\u00e7as clim\u00e1ticas.&nbsp;<\/p>\n\n\n\n<p>Luciana Khoury, promotora de Justi\u00e7a da Bahia; e Ilan Fonseca, procurador do Trabalho da Bahia, coordenadora-geral e coordenador do programa, respectivamente,&nbsp; apresentaram as a\u00e7\u00f5es de fiscaliza\u00e7\u00e3o e educa\u00e7\u00e3o ambiental e todo o seu hist\u00f3rico, ao longo dos mais de 20 anos de realiza\u00e7\u00e3o. A pr\u00f3xima etapa marca a edi\u00e7\u00e3o de n\u00famero 50. A FPI do S\u00e3o Francisco foi considerada uma boa pr\u00e1tica na \u00e1rea ambiental, a ser replicada em outras regi\u00f5es.&nbsp;<\/p>\n\n\n\n<p>Para Ilan Fonseca, a Jornada de Boas Pr\u00e1ticas em Tutela Coletiva do CNJ foi uma excelente oportunidade para que a FPI pudesse mostrar a v\u00e1rios participantes do Poder Judici\u00e1rio e do Minist\u00e9rio P\u00fablico Brasileiro, o que vem sendo feito ao longo das duas \u00faltimas d\u00e9cadas. \u201cO programa \u00e9 um excelente iniciativa para a defesa do meio ambiente na Bacia do Rio S\u00e3o Francisco, e isto ficou bem claro para todos os que assistiram a apresenta\u00e7\u00e3o. N\u00e3o por outro motivo, a FPI foi reconhecida como uma boa pr\u00e1tica pelo CNJ e, a partir de agora, a gente espera que essa maior visibilidade possa incrementar a atua\u00e7\u00e3o eficiente por parte deste importante programa. Para o MPT foi uma honra ter participado deste momento\u201d, avaliou o procurador do Trabalho.<br><br>Ao lado do ministro do Tribunal Superior do Trabalho (TST), Alberto Bastos Balazeiro, Luciana Khoury celebrou o evento: \u201cEsse momento \u00e9 de muita alegria para o Programa FPI. Participar do evento do CNJ, que registra boas pr\u00e1ticas para que possam ser replicadas em outras bacias e biomas, \u00e9 muito gratificante para o nosso time, formado por membros e servidores do Minist\u00e9rio P\u00fablico, t\u00e9cnicos e policiais da Bahia, Alagoas, Sergipe, Pernambuco e Minas Gerais (estados da Bacia do S\u00e3o Francisco), que realizam esse trabalho com compromisso e muito amor ao velho Chico\u201d.<\/p>\n\n\n\n<blockquote class=\"wp-block-quote is-layout-flow wp-block-quote-is-layout-flow\">\n<p>\u201cEsse momento \u00e9 de muita alegria para o Programa FPI. Participar do evento do CNJ, que registra boas pr\u00e1ticas para que possam ser replicadas em outras bacias e biomas, \u00e9 muito gratificante para o nosso time, formado por membros e servidores do Minist\u00e9rio P\u00fablico, t\u00e9cnicos e policiais da Bahia, Alagoas, Sergipe, Pernambuco e Minas Gerais (estados da Bacia do S\u00e3o Francisco), que realizam esse trabalho com compromisso e muito amor ao velho Chico\u201d.<\/p>\n<\/blockquote>\n\n\n\n<figure class=\"wp-block-gallery has-nested-images columns-default is-cropped wp-block-gallery-1 is-layout-flex wp-block-gallery-is-layout-flex\"><\/figure>\n\n\n\n<h2 class=\"wp-block-heading\"><\/h2>\n","protected":false},"excerpt":{"rendered":"<p>A Fiscaliza\u00e7\u00e3o Preventiva Integrada (FPI) do S\u00e3o Francisco se fez presente durante a primeira edi\u00e7\u00e3o da Jornada de Boas Pr\u00e1ticas em Tutelas Coletivas 2024, que aconteceu de 2 a 4 deste m\u00eas, em Bras\u00edlia. O evento &#8211; promovido pelo Conselho Nacional de Justi\u00e7a (CNJ), e realizado pelo F\u00f3rum Nacional de A\u00e7\u00f5es Coletivas (Fonacol), em parceria&hellip;<\/p>\n","protected":false},"author":6,"featured_media":7393,"comment_status":"open","ping_status":"open","sticky":true,"template":"","format":"standard","meta":{"_jetpack_memberships_contains_paid_content":false,"footnotes":""},"categories":[1],"tags":[],"class_list":["post-7389","post","type-post","status-publish","format-standard","has-post-thumbnail","hentry","category-blog","category-1","description-off"],"aioseo_notices":[],"jetpack_featured_media_url":"https:\/\/fpisaofrancisco.inf.br\/wp-content\/uploads\/2024\/09\/Jornada-boas-praticas.jpg","jetpack_sharing_enabled":true,"_links":{"self":[{"href":"https:\/\/fpisaofrancisco.inf.br\/index.php\/wp-json\/wp\/v2\/posts\/7389","targetHints":{"allow":["GET"]}}],"collection":[{"href":"https:\/\/fpisaofrancisco.inf.br\/index.php\/wp-json\/wp\/v2\/posts"}],"about":[{"href":"https:\/\/fpisaofrancisco.inf.br\/index.php\/wp-json\/wp\/v2\/types\/post"}],"author":[{"embeddable":true,"href":"https:\/\/fpisaofrancisco.inf.br\/index.php\/wp-json\/wp\/v2\/users\/6"}],"replies":[{"embeddable":true,"href":"https:\/\/fpisaofrancisco.inf.br\/index.php\/wp-json\/wp\/v2\/comments?post=7389"}],"version-history":[{"count":6,"href":"https:\/\/fpisaofrancisco.inf.br\/index.php\/wp-json\/wp\/v2\/posts\/7389\/revisions"}],"predecessor-version":[{"id":7405,"href":"https:\/\/fpisaofrancisco.inf.br\/index.php\/wp-json\/wp\/v2\/posts\/7389\/revisions\/7405"}],"wp:featuredmedia":[{"embeddable":true,"href":"https:\/\/fpisaofrancisco.inf.br\/index.php\/wp-json\/wp\/v2\/media\/7393"}],"wp:attachment":[{"href":"https:\/\/fpisaofrancisco.inf.br\/index.php\/wp-json\/wp\/v2\/media?parent=7389"}],"wp:term":[{"taxonomy":"category","embeddable":true,"href":"https:\/\/fpisaofrancisco.inf.br\/index.php\/wp-json\/wp\/v2\/categories?post=7389"},{"taxonomy":"post_tag","embeddable":true,"href":"https:\/\/fpisaofrancisco.inf.br\/index.php\/wp-json\/wp\/v2\/tags?post=7389"}],"curies":[{"name":"wp","href":"https:\/\/api.w.org\/{rel}","templated":true}]}}