{"id":7260,"date":"2024-05-24T12:13:12","date_gmt":"2024-05-24T12:13:12","guid":{"rendered":"https:\/\/fpisaofrancisco.inf.br\/?p=7260"},"modified":"2024-05-24T13:30:48","modified_gmt":"2024-05-24T13:30:48","slug":"fpi-visita-aldeia-pankaru-e-comunidade-quilombola-tixinha","status":"publish","type":"post","link":"https:\/\/fpisaofrancisco.inf.br\/index.php\/2024\/05\/24\/fpi-visita-aldeia-pankaru-e-comunidade-quilombola-tixinha\/","title":{"rendered":"FPI visita aldeia Pankaru e comunidade quilombola Tixinha"},"content":{"rendered":"\n<p><em>POVO PANKARU DENUNCIA ESBULHO DE TERRAS EM SEU TERRIT\u00d3RIO TRADICIONAL<\/em><\/p>\n\n\n\n<p>A FPI do Rio S\u00e3o Francisco (Fiscaliza\u00e7\u00e3o Preventiva Integrada do Rio S\u00e3o Francisco) visitou o povo Pankaru da Passagem para apurar den\u00fancia de esbulho de madeira em suas terras. A visita foi realizada pela equipe de Povos e Comunidades Tradicionais da FPI do S\u00e3o Francisco com apoio da Pol\u00edcia Rodovi\u00e1ria Federal (PRF) no diagn\u00f3stico realizado no territ\u00f3rio. A PRF fez mapeamento com drone no territ\u00f3rio e identificou ind\u00edcios de apropria\u00e7\u00e3o indevida das terras, que foram enviados para an\u00e1lise.<\/p>\n\n\n\n<p>Tamb\u00e9m foi identificada a necessidade de que seja feita uma avalia\u00e7\u00e3o nas cercas que delimitam a Reserva, para se coibir o uso inapropriado das terras. Uilton Tux\u00e1, coordenador da Equipe de Povos e Comunidades Tradicionais da FPI , comenta: \u201c(\u2026), essa quest\u00e3o do cercamento do per\u00edmetro \u00e9 importante e h\u00e1 uma aus\u00eancia\u201d. Tux\u00e1 complementa: \u201c(isso se d\u00e1) porque as terras ind\u00edgenas, da regi\u00e3o norte s\u00e3o as muito grandes, chegam a um milh\u00e3o\/dois milh\u00f5es de hectares, diferente dos territ\u00f3rios aqui no Nordeste. Por aqui elas t\u00eam cerca de mil hectares. Ent\u00e3o, no caso de uma reserva dessa, a Reserva Pankaru, o cercamento do per\u00edmetro \u00e9 fundamental e necess\u00e1rio, representa uma medida de seguran\u00e7a territorial. Sem d\u00favida, encaminharemos para a FUNAI sede, em Bras\u00edlia esta demanda urgente\u201d.<\/p>\n\n\n\n<p>Al\u00e9m do cercamento, a FPI identificou que ainda existe necessidade de melhorias na habita\u00e7\u00e3o e de um posto m\u00e9dico para atendimento. Isso se d\u00e1 porque quando as equipes de sa\u00fade v\u00e3o at\u00e9 a reserva, por\u00e9m atualmente os atendimentos s\u00e3o feitos debaixo de \u00e1rvores. A comunidade, que sobrevive de plantio de hortali\u00e7as, tamb\u00e9m reivindica uma melhora na estrutura para \u201cescoar\u201d os produtos plantados na \u00e1rea.<\/p>\n\n\n\n<p><strong>COMUNIDADE QUILOMBOLA TIXINHA PEDE POR DEMARCA\u00c7\u00c3O<\/strong><\/p>\n\n\n\n<p>Diferentemente da comunidade ind\u00edgena Pankaru da Passagem, os moradores do Quilombo Tixinha, tamb\u00e9m em Muqu\u00e9m de S\u00e3o Francisco, reivindicam a demarca\u00e7\u00e3o das suas terras.<\/p>\n\n\n\n<p>A FPI do S\u00e3o Francisco constatou que a comunidade est\u00e1 em grave situa\u00e7\u00e3o: as condi\u00e7\u00f5es de saneamento b\u00e1sico s\u00e3o prec\u00e1rias e a \u00e1gua que \u00e9 consumida pelos moradores cont\u00e9m ferrugem.<\/p>\n\n\n\n<p>Para Uilton Tux\u00e1, o mais urgente a ser resolvido \u00e9 a situa\u00e7\u00e3o fundi\u00e1ria da comunidade: \u201c(em rela\u00e7\u00e3o) a situa\u00e7\u00e3o do Quilombo Tixinha, acho que o mais urgente \u00e9 a quest\u00e3o fundi\u00e1ria. Acho que quando voc\u00ea consegue superar o processo de regula\u00e7\u00e3o fundi\u00e1ria, voc\u00ea consegue garantir seguran\u00e7a territorial para comunidade. A popula\u00e7\u00e3o passa a viver com menos temor de serem invadidos, de sofrerem uma tocaia por parte de fazendeiros. Com a garantia do territ\u00f3rio, \u00e9 que \u00e9 poss\u00edvel buscar outras pol\u00edticas p\u00fablicas, no sentido de estrutura, conseguir um Posto de Sa\u00fade, uma Escola, que infelizmente, at\u00e9 a gente conseguir regularizar, n\u00e3o \u00e9 poss\u00edvel que o Estado ou o governo fa\u00e7am investimentos se aquela terra n\u00e3o tem a situa\u00e7\u00e3o fundi\u00e1ria definida\u201d.<\/p>\n\n\n\n<p>A Fiscaliza\u00e7\u00e3o Preventiva Integrada do Rio S\u00e3o Francisco notou que houve uma melhoria ap\u00f3s a primeira visita ao territ\u00f3rio dos Pankaru (2017). Por\u00e9m, ainda h\u00e1 algumas demandas que n\u00e3o foram realizadas e que v\u00e3o de encontro com as necessidades do Quilombo Tixinha. Moradia e a seguran\u00e7a territorial s\u00e3o duas reivindica\u00e7\u00f5es de ambas as comunidades.<\/p>\n\n\n\n<figure class=\"wp-block-gallery has-nested-images columns-default is-cropped wp-block-gallery-1 is-layout-flex wp-block-gallery-is-layout-flex\">\n<figure class=\"wp-block-image size-large\"><img fetchpriority=\"high\" decoding=\"async\" width=\"3965\" height=\"2230\" data-id=\"7265\" src=\"https:\/\/fpisaofrancisco.inf.br\/wp-content\/uploads\/2024\/05\/FOTO-2-PANKARU.jpg\" alt=\"\" class=\"wp-image-7265\"\/><\/figure>\n\n\n\n<figure class=\"wp-block-image size-large\"><img decoding=\"async\" width=\"4032\" height=\"2268\" data-id=\"7263\" src=\"https:\/\/fpisaofrancisco.inf.br\/wp-content\/uploads\/2024\/05\/FOTO-VISITA-TIXINHA.jpg\" alt=\"\" class=\"wp-image-7263\"\/><\/figure>\n\n\n\n<figure class=\"wp-block-image size-large\"><img decoding=\"async\" width=\"4032\" height=\"2268\" data-id=\"7262\" src=\"https:\/\/fpisaofrancisco.inf.br\/wp-content\/uploads\/2024\/05\/FOTO-FERRUGEM-TIXINHA.jpg\" alt=\"\" class=\"wp-image-7262\"\/><\/figure>\n\n\n\n<figure class=\"wp-block-image size-large\"><img loading=\"lazy\" decoding=\"async\" width=\"4032\" height=\"2268\" data-id=\"7264\" src=\"https:\/\/fpisaofrancisco.inf.br\/wp-content\/uploads\/2024\/05\/FOTO-AGUA-FERRUGEM-TIXINHA.jpg\" alt=\"\" class=\"wp-image-7264\"\/><\/figure>\n\n\n\n<figure class=\"wp-block-image size-large\"><img loading=\"lazy\" decoding=\"async\" width=\"3681\" height=\"2070\" data-id=\"7261\" src=\"https:\/\/fpisaofrancisco.inf.br\/wp-content\/uploads\/2024\/05\/FOTO-1-TIXINHA.jpg\" alt=\"\" class=\"wp-image-7261\"\/><\/figure>\n<\/figure>\n","protected":false},"excerpt":{"rendered":"<p>POVO PANKARU DENUNCIA ESBULHO DE TERRAS EM SEU TERRIT\u00d3RIO TRADICIONAL A FPI do Rio S\u00e3o Francisco (Fiscaliza\u00e7\u00e3o Preventiva Integrada do Rio S\u00e3o Francisco) visitou o povo Pankaru da Passagem para apurar den\u00fancia de esbulho de madeira em suas terras. A visita foi realizada pela equipe de Povos e Comunidades Tradicionais da FPI do S\u00e3o Francisco&hellip;<\/p>\n","protected":false},"author":4,"featured_media":7266,"comment_status":"open","ping_status":"open","sticky":true,"template":"","format":"standard","meta":{"_jetpack_memberships_contains_paid_content":false,"footnotes":""},"categories":[1,71],"tags":[161,100,60,59,61],"class_list":["post-7260","post","type-post","status-publish","format-standard","has-post-thumbnail","hentry","category-blog","category-noticias-bahia","tag-fpiba","tag-cbhsf","tag-meio-ambiente","tag-preservacao","tag-velho-chico","category-1","category-71","description-off"],"aioseo_notices":[],"jetpack_featured_media_url":"https:\/\/fpisaofrancisco.inf.br\/wp-content\/uploads\/2024\/05\/FOTO-1-PANKARU.jpg","jetpack_sharing_enabled":true,"_links":{"self":[{"href":"https:\/\/fpisaofrancisco.inf.br\/index.php\/wp-json\/wp\/v2\/posts\/7260","targetHints":{"allow":["GET"]}}],"collection":[{"href":"https:\/\/fpisaofrancisco.inf.br\/index.php\/wp-json\/wp\/v2\/posts"}],"about":[{"href":"https:\/\/fpisaofrancisco.inf.br\/index.php\/wp-json\/wp\/v2\/types\/post"}],"author":[{"embeddable":true,"href":"https:\/\/fpisaofrancisco.inf.br\/index.php\/wp-json\/wp\/v2\/users\/4"}],"replies":[{"embeddable":true,"href":"https:\/\/fpisaofrancisco.inf.br\/index.php\/wp-json\/wp\/v2\/comments?post=7260"}],"version-history":[{"count":2,"href":"https:\/\/fpisaofrancisco.inf.br\/index.php\/wp-json\/wp\/v2\/posts\/7260\/revisions"}],"predecessor-version":[{"id":7268,"href":"https:\/\/fpisaofrancisco.inf.br\/index.php\/wp-json\/wp\/v2\/posts\/7260\/revisions\/7268"}],"wp:featuredmedia":[{"embeddable":true,"href":"https:\/\/fpisaofrancisco.inf.br\/index.php\/wp-json\/wp\/v2\/media\/7266"}],"wp:attachment":[{"href":"https:\/\/fpisaofrancisco.inf.br\/index.php\/wp-json\/wp\/v2\/media?parent=7260"}],"wp:term":[{"taxonomy":"category","embeddable":true,"href":"https:\/\/fpisaofrancisco.inf.br\/index.php\/wp-json\/wp\/v2\/categories?post=7260"},{"taxonomy":"post_tag","embeddable":true,"href":"https:\/\/fpisaofrancisco.inf.br\/index.php\/wp-json\/wp\/v2\/tags?post=7260"}],"curies":[{"name":"wp","href":"https:\/\/api.w.org\/{rel}","templated":true}]}}