{"id":7248,"date":"2024-05-23T15:01:37","date_gmt":"2024-05-23T15:01:37","guid":{"rendered":"https:\/\/fpisaofrancisco.inf.br\/?p=7248"},"modified":"2024-05-23T15:12:53","modified_gmt":"2024-05-23T15:12:53","slug":"abatedouro-municipal-de-morpara-e-interditado-em-acao-da-fpi","status":"publish","type":"post","link":"https:\/\/fpisaofrancisco.inf.br\/index.php\/2024\/05\/23\/abatedouro-municipal-de-morpara-e-interditado-em-acao-da-fpi\/","title":{"rendered":"Abatedouro Municipal de Morpar\u00e1 \u00e9 interditado em a\u00e7\u00e3o da FPI"},"content":{"rendered":"\n<p><em>No total, foram apreendidos 2.500 quilos de carne impr\u00f3pria para consumo em munic\u00edpios do Oeste do estado<\/em><\/p>\n\n\n\n<p>A opera\u00e7\u00e3o da Fiscaliza\u00e7\u00e3o Preventiva Integrada da Bahia (FPI-BA) interditou, nesta quarta-feira (22), o Abatedouro Municipal de Morpar\u00e1, como consequ\u00eancia da investiga\u00e7\u00e3o instaurada pelo Inqu\u00e9rito Civil P\u00fablico emitido pela regional do Minist\u00e9rio P\u00fablico da Bahia, em Ibotirama, Oeste do estado.<\/p>\n\n\n\n<p>Durante a fiscaliza\u00e7\u00e3o, foram identificadas condi\u00e7\u00f5es higi\u00eanicas e sanit\u00e1rias prec\u00e1rias e falta de estrutura adequada para o abate. Tamb\u00e9m foi constatada a aus\u00eancia do servi\u00e7o de inspe\u00e7\u00e3o obrigat\u00f3rio, que inclui a presen\u00e7a de um m\u00e9dico veterin\u00e1rio durante todo o processo de abate, e as boas pr\u00e1ticas para garantir o bem-estar animal.<\/p>\n\n\n\n<p>A equipe Abatedouros e Ind\u00fastria de L\u00e1cteos flagrou, ainda, o despejo de sangue dos animais diretamente no Rio Paramirim, al\u00e9m do dep\u00f3sito de res\u00edduos s\u00f3lidos no solo.<\/p>\n\n\n\n<p>A coordenadora da equipe, Andrea Kraychete, explica que o combate ao abate clandestino \u00e9 crucial para a sa\u00fade p\u00fablica. \u201cA popula\u00e7\u00e3o tem o direito de consumir carne registrada, com selo de inspe\u00e7\u00e3o municipal, estadual ou federal, livre de doen\u00e7as e com qualidade. Nosso objetivo \u00e9 tamb\u00e9m proteger os consumidores contra fraudes econ\u00f4micas.\u201d destaca.<\/p>\n\n\n\n<p><strong>A\u00e7\u00f5es fiscais e resultados<\/strong><\/p>\n\n\n\n<p>As a\u00e7\u00f5es de fiscaliza\u00e7\u00e3o come\u00e7aram em 14 de maio e, at\u00e9 o momento, foram fiscalizados cinco munic\u00edpios: Ibotirama, Oliveira dos Brejinhos, Paratinga, Muqu\u00e9m do S\u00e3o Francisco e Morpar\u00e1. Durante a opera\u00e7\u00e3o, foram inspecionados 26 estabelecimentos, incluindo ind\u00fastria e com\u00e9rcios varejistas.<\/p>\n\n\n\n<p>Nestes munic\u00edpios, a equipe emitiu 15 autos de apreens\u00e3o, 24 termos de notifica\u00e7\u00e3o orientativa, um termo de interdi\u00e7\u00e3o e um termo de fiel deposit\u00e1rio. Foram apreendidos 2.500 kg de carne impr\u00f3pria para consumo, oriunda de abate clandestino.<\/p>\n\n\n\n<p><strong>Presta\u00e7\u00e3o de contas<\/strong><\/p>\n\n\n\n<p>Neste s\u00e1bado (25), a FPI-BA realiza Audi\u00eancia P\u00fablica no Col\u00e9gio de Tempo Integral Professora Odontina Laranjeira de Souza, em Ibotirama.<\/p>\n\n\n\n<p>O evento &#8211; aberto a todos e todas &#8211; vai contar com a participa\u00e7\u00e3o das equipes da 49a. etapa, que apresentar\u00e3o dados colhidos durante a opera\u00e7\u00e3o, um panorama sobre a situa\u00e7\u00e3o ambiental na regi\u00e3o e os encaminhamentos dos resultados.<\/p>\n\n\n\n<p>Todos os trabalhos desenvolvidos durante a FPI resultam em relat\u00f3rios t\u00e9cnicos, entregues aos \u00f3rg\u00e3os competentes, para as devidas provid\u00eancias e solu\u00e7\u00f5es.<\/p>\n\n\n\n<figure class=\"wp-block-gallery has-nested-images columns-default is-cropped wp-block-gallery-1 is-layout-flex wp-block-gallery-is-layout-flex\">\n<figure class=\"wp-block-image size-large\"><img fetchpriority=\"high\" decoding=\"async\" width=\"1600\" height=\"1200\" data-id=\"7255\" src=\"https:\/\/fpisaofrancisco.inf.br\/wp-content\/uploads\/2024\/05\/WhatsApp-Image-2024-05-23-at-11.46.45-1.jpeg\" alt=\"\" class=\"wp-image-7255\"\/><\/figure>\n\n\n\n<figure class=\"wp-block-image size-large\"><img decoding=\"async\" width=\"1600\" height=\"1200\" data-id=\"7253\" src=\"https:\/\/fpisaofrancisco.inf.br\/wp-content\/uploads\/2024\/05\/WhatsApp-Image-2024-05-23-at-11.46.46-1.jpeg\" alt=\"\" class=\"wp-image-7253\"\/><\/figure>\n\n\n\n<figure class=\"wp-block-image size-large\"><img decoding=\"async\" width=\"900\" height=\"1600\" data-id=\"7254\" src=\"https:\/\/fpisaofrancisco.inf.br\/wp-content\/uploads\/2024\/05\/WhatsApp-Image-2024-05-23-at-11.46.46.jpeg\" alt=\"\" class=\"wp-image-7254\"\/><\/figure>\n\n\n\n<figure class=\"wp-block-image size-large\"><img loading=\"lazy\" decoding=\"async\" width=\"7008\" height=\"3944\" data-id=\"7252\" src=\"https:\/\/fpisaofrancisco.inf.br\/wp-content\/uploads\/2024\/05\/DSC07294.jpg\" alt=\"\" class=\"wp-image-7252\"\/><\/figure>\n\n\n\n<figure class=\"wp-block-image size-large\"><img loading=\"lazy\" decoding=\"async\" width=\"7008\" height=\"3944\" data-id=\"7250\" src=\"https:\/\/fpisaofrancisco.inf.br\/wp-content\/uploads\/2024\/05\/DSC07301.jpg\" alt=\"\" class=\"wp-image-7250\"\/><\/figure>\n\n\n\n<figure class=\"wp-block-image size-large\"><img loading=\"lazy\" decoding=\"async\" width=\"7008\" height=\"3944\" data-id=\"7251\" src=\"https:\/\/fpisaofrancisco.inf.br\/wp-content\/uploads\/2024\/05\/DSC07295.jpg\" alt=\"\" class=\"wp-image-7251\"\/><\/figure>\n\n\n\n<figure class=\"wp-block-image size-large\"><img loading=\"lazy\" decoding=\"async\" width=\"960\" height=\"1280\" data-id=\"7256\" src=\"https:\/\/fpisaofrancisco.inf.br\/wp-content\/uploads\/2024\/05\/WhatsApp-Image-2024-05-23-at-11.46.45.jpeg\" alt=\"\" class=\"wp-image-7256\"\/><\/figure>\n<\/figure>\n","protected":false},"excerpt":{"rendered":"<p>No total, foram apreendidos 2.500 quilos de carne impr\u00f3pria para consumo em munic\u00edpios do Oeste do estado A opera\u00e7\u00e3o da Fiscaliza\u00e7\u00e3o Preventiva Integrada da Bahia (FPI-BA) interditou, nesta quarta-feira (22), o Abatedouro Municipal de Morpar\u00e1, como consequ\u00eancia da investiga\u00e7\u00e3o instaurada pelo Inqu\u00e9rito Civil P\u00fablico emitido pela regional do Minist\u00e9rio P\u00fablico da Bahia, em Ibotirama, Oeste&hellip;<\/p>\n","protected":false},"author":4,"featured_media":7258,"comment_status":"open","ping_status":"open","sticky":true,"template":"","format":"standard","meta":{"_jetpack_memberships_contains_paid_content":false,"footnotes":""},"categories":[1,71],"tags":[161,94,61],"class_list":["post-7248","post","type-post","status-publish","format-standard","has-post-thumbnail","hentry","category-blog","category-noticias-bahia","tag-fpiba","tag-fpi","tag-velho-chico","category-1","category-71","description-off"],"aioseo_notices":[],"jetpack_featured_media_url":"https:\/\/fpisaofrancisco.inf.br\/wp-content\/uploads\/2024\/05\/DSC07280.jpg","jetpack_sharing_enabled":true,"_links":{"self":[{"href":"https:\/\/fpisaofrancisco.inf.br\/index.php\/wp-json\/wp\/v2\/posts\/7248","targetHints":{"allow":["GET"]}}],"collection":[{"href":"https:\/\/fpisaofrancisco.inf.br\/index.php\/wp-json\/wp\/v2\/posts"}],"about":[{"href":"https:\/\/fpisaofrancisco.inf.br\/index.php\/wp-json\/wp\/v2\/types\/post"}],"author":[{"embeddable":true,"href":"https:\/\/fpisaofrancisco.inf.br\/index.php\/wp-json\/wp\/v2\/users\/4"}],"replies":[{"embeddable":true,"href":"https:\/\/fpisaofrancisco.inf.br\/index.php\/wp-json\/wp\/v2\/comments?post=7248"}],"version-history":[{"count":2,"href":"https:\/\/fpisaofrancisco.inf.br\/index.php\/wp-json\/wp\/v2\/posts\/7248\/revisions"}],"predecessor-version":[{"id":7259,"href":"https:\/\/fpisaofrancisco.inf.br\/index.php\/wp-json\/wp\/v2\/posts\/7248\/revisions\/7259"}],"wp:featuredmedia":[{"embeddable":true,"href":"https:\/\/fpisaofrancisco.inf.br\/index.php\/wp-json\/wp\/v2\/media\/7258"}],"wp:attachment":[{"href":"https:\/\/fpisaofrancisco.inf.br\/index.php\/wp-json\/wp\/v2\/media?parent=7248"}],"wp:term":[{"taxonomy":"category","embeddable":true,"href":"https:\/\/fpisaofrancisco.inf.br\/index.php\/wp-json\/wp\/v2\/categories?post=7248"},{"taxonomy":"post_tag","embeddable":true,"href":"https:\/\/fpisaofrancisco.inf.br\/index.php\/wp-json\/wp\/v2\/tags?post=7248"}],"curies":[{"name":"wp","href":"https:\/\/api.w.org\/{rel}","templated":true}]}}