{"id":7013,"date":"2024-05-10T16:00:17","date_gmt":"2024-05-10T16:00:17","guid":{"rendered":"https:\/\/fpisaofrancisco.inf.br\/?p=7013"},"modified":"2024-05-10T19:58:08","modified_gmt":"2024-05-10T19:58:08","slug":"fpi-municipios-tem-poder-dever-de-defender-meio-ambiente","status":"publish","type":"post","link":"https:\/\/fpisaofrancisco.inf.br\/index.php\/2024\/05\/10\/fpi-municipios-tem-poder-dever-de-defender-meio-ambiente\/","title":{"rendered":"FPI do Rio S\u00e3o Francisco: munic\u00edpios t\u00eam poder-dever de defender meio ambiente"},"content":{"rendered":"\n<p class=\"has-white-color has-accent-background-color has-text-color has-background has-link-color wp-elements-85b95621d7ca16a722717f00a4637f87\">Audi\u00eancia p\u00fablica da for\u00e7a-tarefa ocorrer\u00e1 neste s\u00e1bado (11), \u00e0s 8h, no Planet\u00e1rio de Arapiraca<\/p>\n\n\n\n<p><\/p>\n\n\n\n<p><strong>Arapiraca\/AL \u2013 <\/strong>A for\u00e7a-tarefa passa, o munic\u00edpio fica. Foi com essa objetividade de pensamento que a Fiscaliza\u00e7\u00e3o Preventiva Integrada da Bacia Hidrogr\u00e1fica do Rio S\u00e3o Francisco (FPI do Rio S\u00e3o Francisco) trabalhou a gest\u00e3o ambiental nas prefeituras municipais do agreste e sert\u00e3o de Alagoas e constatou que o poder p\u00fablico ainda tem muito o que avan\u00e7ar em mat\u00e9ria de defesa do meio ambiente.<\/p>\n\n\n\n<p>Coube \u00e0 equipe de Gest\u00e3o Ambiental da FPI do Rio S\u00e3o Francisco compartilhar conhecimento e orienta\u00e7\u00f5es junto aos prefeitos e secret\u00e1rios municipais da pasta de meio ambiente. Os principais temas das exposi\u00e7\u00f5es foram licenciamento ambiental, fiscaliza\u00e7\u00e3o ambiental e cadastro ambiental rural.<\/p>\n\n\n\n<figure class=\"wp-block-gallery has-nested-images columns-default is-cropped wp-block-gallery-1 is-layout-flex wp-block-gallery-is-layout-flex\">\n<figure class=\"wp-block-image size-large\"><img fetchpriority=\"high\" decoding=\"async\" width=\"1280\" height=\"720\" data-id=\"7015\" src=\"https:\/\/fpisaofrancisco.inf.br\/wp-content\/uploads\/2024\/05\/WhatsApp-Image-2024-05-10-at-16.09.26.jpeg\" alt=\"\" class=\"wp-image-7015\"\/><figcaption class=\"wp-element-caption\">Cr\u00e9dito Comunica\u00e7\u00e3o FPI AL<\/figcaption><\/figure>\n\n\n\n<figure class=\"wp-block-image size-large\"><img decoding=\"async\" width=\"1280\" height=\"720\" data-id=\"7018\" src=\"https:\/\/fpisaofrancisco.inf.br\/wp-content\/uploads\/2024\/05\/WhatsApp-Image-2024-05-10-at-16.09.25.jpeg\" alt=\"\" class=\"wp-image-7018\"\/><figcaption class=\"wp-element-caption\">Cr\u00e9dito Comunica\u00e7\u00e3o FPI AL<\/figcaption><\/figure>\n\n\n\n<figure class=\"wp-block-image size-large\"><img decoding=\"async\" width=\"6000\" height=\"3368\" data-id=\"7021\" src=\"https:\/\/fpisaofrancisco.inf.br\/wp-content\/uploads\/2024\/05\/IMG_0997-1.jpg\" alt=\"\" class=\"wp-image-7021\"\/><figcaption class=\"wp-element-caption\">Cr\u00e9dito Comunica\u00e7\u00e3o FPI AL<\/figcaption><\/figure>\n<\/figure>\n\n\n\n<figure class=\"wp-block-gallery has-nested-images columns-default is-cropped wp-block-gallery-2 is-layout-flex wp-block-gallery-is-layout-flex\">\n<figure class=\"wp-block-image size-large\"><img loading=\"lazy\" decoding=\"async\" width=\"1280\" height=\"720\" data-id=\"7017\" src=\"https:\/\/fpisaofrancisco.inf.br\/wp-content\/uploads\/2024\/05\/WhatsApp-Image-2024-05-10-at-16.09.24.jpeg\" alt=\"\" class=\"wp-image-7017\"\/><figcaption class=\"wp-element-caption\">Cr\u00e9dito Comunica\u00e7\u00e3o FPI AL<\/figcaption><\/figure>\n\n\n\n<figure class=\"wp-block-image size-large\"><img decoding=\"async\" width=\"1280\" height=\"720\" data-id=\"7018\" src=\"https:\/\/fpisaofrancisco.inf.br\/wp-content\/uploads\/2024\/05\/WhatsApp-Image-2024-05-10-at-16.09.25.jpeg\" alt=\"\" class=\"wp-image-7018\"\/><figcaption class=\"wp-element-caption\">Cr\u00e9dito Comunica\u00e7\u00e3o FPI AL<\/figcaption><\/figure>\n\n\n\n<figure class=\"wp-block-image size-large\"><img loading=\"lazy\" decoding=\"async\" width=\"6000\" height=\"3368\" data-id=\"7019\" src=\"https:\/\/fpisaofrancisco.inf.br\/wp-content\/uploads\/2024\/05\/IMG_0965.jpg\" alt=\"\" class=\"wp-image-7019\"\/><figcaption class=\"wp-element-caption\">Cr\u00e9dito Comunica\u00e7\u00e3o FPI AL<\/figcaption><\/figure>\n\n\n\n<figure class=\"wp-block-image size-large\"><img loading=\"lazy\" decoding=\"async\" width=\"6000\" height=\"4000\" data-id=\"7020\" src=\"https:\/\/fpisaofrancisco.inf.br\/wp-content\/uploads\/2024\/05\/IMG_1021.jpg\" alt=\"\" class=\"wp-image-7020\"\/><figcaption class=\"wp-element-caption\">Cr\u00e9dito Comunica\u00e7\u00e3o FPI AL<\/figcaption><\/figure>\n\n\n\n<figure class=\"wp-block-image size-large\"><img decoding=\"async\" width=\"6000\" height=\"3368\" data-id=\"7021\" src=\"https:\/\/fpisaofrancisco.inf.br\/wp-content\/uploads\/2024\/05\/IMG_0997-1.jpg\" alt=\"\" class=\"wp-image-7021\"\/><figcaption class=\"wp-element-caption\">Cr\u00e9dito Comunica\u00e7\u00e3o FPI AL<\/figcaption><\/figure>\n<\/figure>\n\n\n\n<p><\/p>\n\n\n\n<p>\u201cPor for\u00e7a da Constitui\u00e7\u00e3o Brasileira, todos os entes federativos t\u00eam o poder-dever de defender o meio ambiente, sob pena de prevarica\u00e7\u00e3o, de crime de omiss\u00e3o. Os munic\u00edpios alegam que n\u00e3o fiscalizam porque n\u00e3o licenciam. \u00c9 falsa essa premissa. N\u00f3s orientamos a como corrigir isso, com bastante \u00eanfase e informa\u00e7\u00f5es\u201d, disse o coordenador da equipe, Eduardo Barreto, gerente de Gest\u00e3o Ambiental e Clima da Secretaria de Estado do Meio Ambiente e dos Recursos H\u00eddricos.<\/p>\n\n\n\n<p>Al\u00e9m do \u00f3rg\u00e3o estadual, a equipe de Gest\u00e3o Ambiental \u00e9 composta por representantes do Minist\u00e9rio P\u00fablico do Estado de Alagoas (MPAL) e da Ordem dos Advogados do Brasil \u2013 Seccional Alagoas (OAB\/AL).<\/p>\n\n\n\n<p>Ao longo dos \u00faltimos seis anos, a FPI do Rio S\u00e3o Francisco j\u00e1 trabalhou gest\u00e3o ambiental com 42 dos 50 munic\u00edpios que comp\u00f5em a Bacia Hidrogr\u00e1fica do Velho Chico.<\/p>\n\n\n\n<h3 class=\"wp-block-heading\">Avan\u00e7os e dificuldades<\/h3>\n\n\n\n<p>Dos munic\u00edpios visitados, apenas o de Arapiraca executa os servi\u00e7os de licenciamento e fiscaliza\u00e7\u00e3o ambiental. No entanto, ele precisa dinamizar o Conselho Municipal do Meio Ambiente, pois os \u00f3rg\u00e3os representativos que possuem assento no colegiado apresentam baixo engajamento e pouca participa\u00e7\u00e3o nas reuni\u00f5es que s\u00e3o realizadas bimestralmente, na avalia\u00e7\u00e3o da equipe de Gest\u00e3o Ambiental.<\/p>\n\n\n\n<p>\u201cO sistema municipal de Meio Ambiente de Arapiraca ainda precisa avan\u00e7ar na articula\u00e7\u00e3o entre \u00f3rg\u00e3os p\u00fablicos, sociedade civil organizada e setor econ\u00f4mico, mas \u00e9 ineg\u00e1vel que ele est\u00e1 muito \u00e0 frente dos demais\u201d, disse a analista de Gest\u00e3o P\u00fablica do MPAL, Andreza Queiroz.<\/p>\n\n\n\n<p>Quem tamb\u00e9m se destacou foi o Munic\u00edpio de Igaci, que oferece servi\u00e7o de cadastro ambiental rural de forma gratuita para pequenos produtores rurais, inclusive com refor\u00e7o de publicidade do servi\u00e7o. Em outras cidades, o cadastro era cobrado por prestadores particulares.<\/p>\n\n\n\n<h3 class=\"wp-block-heading\">Legisla\u00e7\u00e3o ambiental<\/h3>\n\n\n\n<p>\u00c9 a Lei Complementar n\u00ba 140\/2011 que fixa normas para a Constitui\u00e7\u00e3o Federal para a coopera\u00e7\u00e3o entre os entes federativos (Uni\u00e3o, Estados, Distrito Federal e Munic\u00edpios) nas a\u00e7\u00f5es administrativas decorrentes do exerc\u00edcio da compet\u00eancia comum relativas \u00e0 prote\u00e7\u00e3o das paisagens naturais not\u00e1veis, \u00e0 prote\u00e7\u00e3o do meio ambiente, ao combate \u00e0 polui\u00e7\u00e3o em qualquer de suas formas e \u00e0 preserva\u00e7\u00e3o das florestas, da fauna e da flora.<\/p>\n\n\n\n<p>Isso significa dizer que a responsabilidade por licenciar atividades com potenciais impactos ao meio ambiente pode ser delegada ao munic\u00edpio, a depender da sua estrutura e corpo t\u00e9cnico profissional, nos termos da legisla\u00e7\u00e3o vigente.<\/p>\n\n\n\n<p>Segundo a lei complementar, para ser considerado capacitado ao licenciamento, o \u00f3rg\u00e3o deve possuir t\u00e9cnicos pr\u00f3prios ou em cons\u00f3rcio, devidamente habilitados e em n\u00famero compat\u00edvel com a demanda das a\u00e7\u00f5es administrativas a serem delegadas.<\/p>\n\n\n\n<p>Soma-se \u00e0 legisla\u00e7\u00e3o federal a Resolu\u00e7\u00e3o n\u00ba 10\/2023 do Conselho Estadual de Prote\u00e7\u00e3o Ambiental de Alagoas (CEPRAM). A legisla\u00e7\u00e3o alagoana exige que o munic\u00edpio tenha fundo de recursos para o meio ambiente, conselho municipal do meio ambiente, quadro t\u00e9cnico de servidores aptos ao licenciamento e fiscaliza\u00e7\u00e3o ambiental, legisla\u00e7\u00e3o pr\u00f3pria de disciplinamento dos servi\u00e7os prestados, estrutura f\u00edsica e log\u00edstica adequada aos servi\u00e7os correlacionados, sistema eletr\u00f4nico para tramita\u00e7\u00e3o e gera\u00e7\u00e3o de documentos digitais, procedimentos definidos para decis\u00f5es administrativas sobre os autos de infra\u00e7\u00e3o, plano diretor (munic\u00edpios com mais de 20 mil habitantes) e lei de diretrizes urbanos (munic\u00edpios com menos de 20 mil habitantes).<\/p>\n\n\n\n<h3 class=\"wp-block-heading\">Audi\u00eancia p\u00fablica<\/h3>\n\n\n\n<figure class=\"wp-block-image size-full\"><img loading=\"lazy\" decoding=\"async\" width=\"1080\" height=\"1350\" src=\"https:\/\/fpisaofrancisco.inf.br\/wp-content\/uploads\/2024\/05\/WhatsApp-Image-2024-05-03-at-13.52.56.jpeg\" alt=\"\" class=\"wp-image-7022\"\/><\/figure>\n\n\n\n<p><\/p>\n\n\n\n<p>A FPI do Rio S\u00e3o Francisco apresentar\u00e1 neste s\u00e1bado (11) os resultados das duas semanas de fiscaliza\u00e7\u00e3o, orienta\u00e7\u00e3o e educa\u00e7\u00e3o ambiental em munic\u00edpios das regi\u00f5es do agreste e do sert\u00e3o de Alagoas. O evento ser\u00e1 realizado no Planet\u00e1rio\/Casa da Ci\u00eancia da cidade de Arapiraca, no Lago da Perucaba, das 8h \u00e0s 12h.<\/p>\n\n\n\n<p>Por ser p\u00fablica, a audi\u00eancia ser\u00e1 gratuita e aberta a gestores municipais, empres\u00e1rios, estudantes e todos aqueles que tiverem interesse de participar. Al\u00e9m da apresenta\u00e7\u00e3o dos resultados, o evento ter\u00e1 espa\u00e7o para di\u00e1logo entre a for\u00e7a-tarefa e os presentes.<\/p>\n\n\n\n<p>Haver\u00e1 entrega de certificado de participa\u00e7\u00e3o com carga hor\u00e1ria de quatro horas. As inscri\u00e7\u00f5es na audi\u00eancia p\u00fablica poder\u00e3o ser feitas enquanto durar o evento.<\/p>\n\n\n\n<h3 class=\"wp-block-heading\"><strong>A FPI do Rio S\u00e3o Francisco<\/strong><\/h3>\n\n\n\n<p>A Fiscaliza\u00e7\u00e3o Preventiva Integrada da Bacia Hidrogr\u00e1fica do Rio S\u00e3o Francisco (FPI do Rio S\u00e3o Francisco) iniciou a sua 13\u00aa etapa de a\u00e7\u00f5es em defesa do Velho Chico e da popula\u00e7\u00e3o ribeirinha localizada no Estado de Alagoas. Seu objetivo \u00e9 melhorar a qualidade ambiental da Bacia do Rio S\u00e3o Francisco e a qualidade de vida dos seus povos. Os trabalhos acontecem de forma cont\u00ednua e permanente. Para isso, realizam-se o diagn\u00f3stico dos danos ambientais e a ado\u00e7\u00e3o de provid\u00eancias administrativas, c\u00edveis e criminais com a indu\u00e7\u00e3o de pol\u00edticas p\u00fablicas.<\/p>\n\n\n\n<h3 class=\"wp-block-heading\"><strong>FPI em Alagoas<\/strong><\/h3>\n\n\n\n<p>Ao todo, 28 institui\u00e7\u00f5es\/\u00f3rg\u00e3os p\u00fablicos e entidades da sociedade civil organizada comp\u00f5em a FPI do Rio S\u00e3o Francisco em Alagoas. Eles s\u00e3o divididos em 13 grupos conforme a finalidade da fiscaliza\u00e7\u00e3o. Trata-se das equipes 1) Extra\u00e7\u00e3o Mineral e Res\u00edduos S\u00f3lidos; 2) Produtos de Origem Animal; 3) Recursos H\u00eddricos; 4) Aqu\u00e1tica (Pesca Predat\u00f3ria e Seguran\u00e7a no Transporte Aquavi\u00e1rio); 5) Produtos Perigosos; 6) Fauna; 7) Centros de Sa\u00fade; 8) Flora; 9) Educa\u00e7\u00e3o Ambiental; 10) Comunidades Tradicionais; 11) Gest\u00e3o Ambiental; 12) Seguran\u00e7a de Barragens; e 13) Projeto Sede de Aprender.<\/p>\n\n\n\n<p>A FPI do Rio S\u00e3o Francisco em Alagoas \u00e9 coordenada pelo CBHSF, MPE, MPF e BPA\/PMAL, que desenvolvem os trabalhos de intelig\u00eancia, organiza\u00e7\u00e3o e divulga\u00e7\u00e3o das atividades e resultados para a popula\u00e7\u00e3o.<\/p>\n\n\n\n<p>Participam da FPI AL: a&nbsp;<a href=\"https:\/\/www.defesaagropecuaria.al.gov.br\/\">Ag\u00eancia de Defesa e Inspe\u00e7\u00e3o Agropecu\u00e1ria de Alagoas (Adeal)<\/a>,&nbsp;<a href=\"https:\/\/www.gov.br\/anm\/pt-br\">Ag\u00eancia Nacional de Minera\u00e7\u00e3o (ANM),<\/a><a href=\"https:\/\/www.arsal.al.gov.br\/\">&nbsp;Ag\u00eancia Reguladora de Servi\u00e7os P\u00fablicos do Estado de Alagoas (Arsal)<\/a>,&nbsp;<a href=\"https:\/\/www.instagram.com\/bpa.pmal\/\">Batalh\u00e3o de Policiamento Ambiental da Pol\u00edcia Militar do Estado de Alagoas (BPA\/PMAL)<\/a>,&nbsp;<a href=\"https:\/\/cbhsaofrancisco.org.br\/\">Comit\u00ea da Bacia Hidrogr\u00e1fica do Rio Francisco (CBHSF),<\/a>&nbsp;<a href=\"https:\/\/www.crea-al.org.br\/\">Conselho Regional de Engenharia e Agronomia de Alagoas (Crea\/AL)<\/a>,&nbsp;<a href=\"https:\/\/www.crmv-al.org.br\/\">Conselho Regional de Medicina Veterin\u00e1ria de Alagoas (CRMV\/AL)<\/a>, Conselho Regional dos T\u00e9cnicos Industriais da 3\u00aa Regi\u00e3o (CRT-3),&nbsp;<a href=\"https:\/\/www.gov.br\/funai\/pt-br\">Funda\u00e7\u00e3o Nacional dos Povos Ind\u00edgenas (Funai),<\/a>&nbsp;<a href=\"https:\/\/www.gov.br\/palmares\/pt-br\">Funda\u00e7\u00e3o Cultural Palmares<\/a>,&nbsp;<a href=\"http:\/\/institutohori.org.br\/\">Instituto Hori,<\/a>&nbsp;<a href=\"https:\/\/www2.ima.al.gov.br\/\">Instituto do Meio Ambiente de Alagoas (IMA\/AL)<\/a>,<a href=\"http:\/\/www.ipma.org.br\/\">&nbsp;Instituto Para Preserva\u00e7\u00e3o da Mata Atl\u00e2ntica (IPMA)<\/a>,&nbsp;<a href=\"http:\/\/portal.iphan.gov.br\/\">Instituto do Patrim\u00f4nio Hist\u00f3rico e Art\u00edstico Nacional (Iphan)<\/a>,&nbsp;<a href=\"https:\/\/www.marinha.mil.br\/\">Marinha do Brasil,<\/a>&nbsp;<a href=\"https:\/\/www.mpal.mp.br\/\">Minist\u00e9rio P\u00fablico do Estado de Alagoas (MPE<\/a>),&nbsp;<a href=\"https:\/\/www.mpf.mp.br\/\">Minist\u00e9rio P\u00fablico Federal em Alagoas (MPF)<\/a>,&nbsp;<a href=\"https:\/\/mpt.mp.br\/\">Minist\u00e9rio P\u00fablico do Trabalho em Alagoas (MPT)<\/a>, Minist\u00e9rio do Trabalho e Emprego (MTE), Ordem dos Advogados do Brasil \u2013 Seccional Alagoas (OAB\/AL),<a href=\"https:\/\/www.gov.br\/prf\/pt-br\">&nbsp;Pol\u00edcia Rodovi\u00e1ria Federal (PRF)<\/a>,&nbsp;<a href=\"https:\/\/www.semarh.al.gov.br\/\">Secretaria do Estado do Meio Ambiente e Recursos H\u00eddricos de Alagoas (SEMARH)<\/a>,&nbsp;<a href=\"https:\/\/mulheredireitoshumanos.al.gov.br\/\">Secret\u00e1ria de Estado da Mulher e dos Direitos Humanos (SEMUDH)<\/a>,&nbsp;<a href=\"https:\/\/www.saude.al.gov.br\/\">Secretaria de Estado da Sa\u00fade (Sesau)<\/a>, Secretaria de Sa\u00fade Ind\u00edgena (Sesai),&nbsp;<a href=\"https:\/\/institutososcaatinga.com.br\/site\/\">SOS Caatinga<\/a>,&nbsp;<a href=\"https:\/\/www.tceal.tc.br\/\">Tribunal de Contas do Estado de Alagoas (TCE\/AL)<\/a>&nbsp;e&nbsp;<a href=\"https:\/\/www.uneal.edu.br\/\">Universidade Estadual de Alagoas (Uneal).<\/a><\/p>\n\n\n\n<p><strong>Leia tamb\u00e9m:<\/strong><\/p>\n\n\n\n<p><a href=\"https:\/\/fpisaofrancisco.inf.br\/index.php\/2024\/05\/10\/fpial-apura-contaminacao-de-agua\/\">FPI AL apura contamina\u00e7\u00e3o de \u00e1gua de consumo humano por agrot\u00f3xico<\/a><\/p>\n\n\n\n<p><a href=\"https:\/\/fpisaofrancisco.inf.br\/index.php\/2024\/05\/10\/indigenas-acona-recebem-fpial\/\">Ind\u00edgenas Acon\u00e3 recebem FPI AL com a dan\u00e7a sagrada do Tor\u00e9<\/a><\/p>\n\n\n\n<p><a href=\"https:\/\/fpisaofrancisco.inf.br\/index.php\/2024\/05\/09\/fpial-destroi-46-quilos-de-explosivos\/\">FPI AL destr\u00f3i 46 kg de explosivos encontrados em f\u00e1brica clandestina de fogos em Traipu<\/a><\/p>\n\n\n\n<p><a href=\"https:\/\/fpisaofrancisco.inf.br\/index.php\/2024\/05\/08\/projeto-sede-de-aprender-volta-a-escolas\/\">Projeto Sede de Aprender: FPI AL volta a escolas para conferir \u00e1gua pot\u00e1vel<\/a><\/p>\n\n\n\n<p><a href=\"https:\/\/fpisaofrancisco.inf.br\/index.php\/2024\/05\/08\/fpi-autua-fazenda-de-camaroes\/\">FPI autua fazenda de cultivo de camar\u00f5es por irregularidades no licenciamento<\/a><\/p>\n\n\n\n<p><a href=\"https:\/\/fpisaofrancisco.inf.br\/index.php\/2024\/05\/07\/fpial-embarga-1025-hectares-de-area-por-desmatamento\/\">FPI AL embarga 1025 ha de \u00e1rea por desmatamento de vegeta\u00e7\u00e3o nativa.<\/a><\/p>\n\n\n\n<p><a href=\"https:\/\/fpisaofrancisco.inf.br\/index.php\/2024\/05\/07\/oficina-litica\/\">Achados da FPI confirmam preserva\u00e7\u00e3o de oficina l\u00edtica no Rio S\u00e3o Francisco<\/a><\/p>\n\n\n\n<p><a href=\"https:\/\/fpisaofrancisco.inf.br\/index.php\/2024\/05\/06\/abatedouro-clandestino-e-embargado\/\">Abatedouro clandestino \u00e9 embargado pela FPI AL<\/a><\/p>\n\n\n\n<p><a href=\"https:\/\/fpisaofrancisco.inf.br\/index.php\/2024\/05\/06\/fpial-impede-comercio-de-passaros-silvestres\/\">FPI AL resgata p\u00e1ssaros silvestres em feira de Delmiro Gouveia<\/a><\/p>\n\n\n\n<p><a href=\"https:\/\/fpisaofrancisco.inf.br\/index.php\/2024\/05\/06\/educacao-ambiental-fpial\/\">FPI AL promove sustentabilidade em comunidades de Alagoas<\/a><\/p>\n\n\n\n<p><a href=\"https:\/\/fpisaofrancisco.inf.br\/index.php\/2024\/05\/06\/situacao-de-abandono-e-inseguranca-em-barragens-da-codevasf\/\">FPI AL flagra situa\u00e7\u00e3o de abandono e inseguran\u00e7a em barragens da Codevasf<\/a><\/p>\n\n\n\n<p><a href=\"https:\/\/fpisaofrancisco.inf.br\/index.php\/2024\/05\/04\/criador-tem-400kg-de-carne-e-ovos-apreendidos\/\">400 quilos de carne de codorna e ovos s\u00e3o apreendidos pela FPI AL<\/a><\/p>\n\n\n\n<p><a href=\"https:\/\/fpisaofrancisco.inf.br\/index.php\/2024\/05\/04\/comunidade-jurema-sagrada-denuncia-intolerancia\/\">Comunidade de Terreiro de Jurema Sagrada denuncia intoler\u00e2ncia religiosa<\/a><\/p>\n\n\n\n<p><a href=\"https:\/\/fpisaofrancisco.inf.br\/index.php\/2024\/05\/04\/fpi-al-interdita-parque-aquatico-em-girau-do-ponciano\/\">FPI AL interdita Parque Aqu\u00e1tico em Girau do Ponciano<\/a><\/p>\n\n\n\n<p><a href=\"https:\/\/fpisaofrancisco.inf.br\/index.php\/2024\/05\/03\/fpial-constata-descarte-em-lixao\/\">FPI do Rio S\u00e3o Francisco constata descarte de res\u00edduos em \u201cantigo lix\u00e3o de Traipu\u201d<\/a><\/p>\n\n\n\n<p><a href=\"https:\/\/fpisaofrancisco.inf.br\/index.php\/2024\/05\/03\/captacao-indiscriminada-traz-riscos-a-saude\/\">Capta\u00e7\u00e3o indiscriminada das \u00e1guas traz riscos \u00e0 sa\u00fade<\/a><\/p>\n\n\n\n<p><a href=\"https:\/\/fpisaofrancisco.inf.br\/index.php\/2024\/05\/03\/quilombo-carrasco-sofre-sem-agua\/\">Quilombo Carrasco (AL) sofre sem \u00e1gua e com desmatamento Irregular<\/a><\/p>\n\n\n\n<p><a href=\"https:\/\/fpisaofrancisco.inf.br\/index.php\/2024\/05\/02\/animais-silvestres-resgatados\/\">Animais silvestres resgatados voltam para a natureza<\/a><\/p>\n\n\n\n<p><a href=\"https:\/\/fpisaofrancisco.inf.br\/index.php\/2024\/05\/01\/hospital-melhora-atendimento-apos-fpial\/\">Hospital melhora atendimento ap\u00f3s fiscaliza\u00e7\u00e3o da FPI AL<\/a><\/p>\n\n\n\n<p><a href=\"https:\/\/fpisaofrancisco.inf.br\/index.php\/2024\/04\/30\/hospital-de-emergencia-ainda-apresenta-irregularidades\/\">FPI AL fiscaliza o Hospital de Emerg\u00eancia em Arapiraca<\/a><\/p>\n\n\n\n<p><a href=\"https:\/\/fpisaofrancisco.inf.br\/index.php\/2024\/04\/30\/fpial-encontra-vulnerabilidade-em-comunidade-tradicional\/\">Pescadores em situa\u00e7\u00e3o de vulnerabilidade s\u00e3o visitados pela FPI AL<\/a><\/p>\n\n\n\n<p><a href=\"https:\/\/fpisaofrancisco.inf.br\/index.php\/2024\/04\/29\/fpial-retira-de-circulacao-500l-agrotoxico-irregular\/\">500 l de agrot\u00f3xico irregulares s\u00e3o retirados de circula\u00e7\u00e3o<\/a><\/p>\n\n\n\n<p><a href=\"https:\/\/fpisaofrancisco.inf.br\/index.php\/2024\/04\/29\/13a-etapa-fpial-inicia\/\">13a etapa da Fiscaliza\u00e7\u00e3o Preventiva Integrada em AL come\u00e7a<\/a><\/p>\n","protected":false},"excerpt":{"rendered":"<p>FPI do Rio S\u00e3o Francisco: munic\u00edpios t\u00eam poder-dever de defender meio ambiente. Audi\u00eancia p\u00fablica ocorrer\u00e1 neste s\u00e1bado (11), \u00e0s 8h, no Planet\u00e1rio de Arapiraca<\/p>\n","protected":false},"author":3,"featured_media":7016,"comment_status":"open","ping_status":"open","sticky":false,"template":"","format":"standard","meta":{"_jetpack_newsletter_access":"","_jetpack_dont_email_post_to_subs":false,"_jetpack_newsletter_tier_id":0,"_jetpack_memberships_contains_paywalled_content":false,"_jetpack_memberships_contains_paid_content":false,"footnotes":""},"categories":[85,1,72],"tags":[158,160,159],"class_list":["post-7013","post","type-post","status-publish","format-standard","has-post-thumbnail","hentry","category-13a-etapa-fpi-al","category-blog","category-noticias-alagoas","tag-fpi-fpial-13fpial-cbhsf-riosaofrancisco-velhochico-meioambiente-sustentabilidade-gestaoambiental-saude-agua-ods3-ods6-ods11","tag-ods16-ods17-audienciapublica2024","tag-sustentabilidade-gestaoambiental-saude-agua-ods3-ods6-ods11","category-85","category-1","category-72","description-off"],"aioseo_notices":[],"aioseo_head":"\n\t\t<!-- All in One SEO 5.0.1.1 - aioseo.com -->\n\t<meta name=\"description\" content=\"FPI do Rio S\u00e3o Francisco: munic\u00edpios t\u00eam poder-dever de defender meio ambiente. Audi\u00eancia p\u00fablica ocorrer\u00e1 neste s\u00e1bado (11), \u00e0s 8h, no Planet\u00e1rio de Arapiraca\" \/>\n\t<meta name=\"robots\" content=\"max-image-preview:large\" \/>\n\t<meta name=\"author\" content=\"editorfpi\"\/>\n\t<link rel=\"canonical\" href=\"https:\/\/fpisaofrancisco.inf.br\/index.php\/2024\/05\/10\/fpi-municipios-tem-poder-dever-de-defender-meio-ambiente\/\" \/>\n\t<meta name=\"generator\" content=\"All in One SEO (AIOSEO) 5.0.1.1\" \/>\n\t\t<meta property=\"og:locale\" content=\"pt_BR\" \/>\n\t\t<meta property=\"og:site_name\" content=\"fpisaofrancisco - Programa Fiscaliza\u00e7\u00e3o Preventiva Integrada do S\u00e2o Francisco\" \/>\n\t\t<meta property=\"og:type\" content=\"article\" \/>\n\t\t<meta property=\"og:title\" content=\"FPI AL: munic\u00edpios t\u00eam poder-dever de defender meio ambiente\" \/>\n\t\t<meta property=\"og:description\" content=\"FPI do Rio S\u00e3o Francisco: munic\u00edpios t\u00eam poder-dever de defender meio ambiente. Audi\u00eancia p\u00fablica ocorrer\u00e1 neste s\u00e1bado (11), \u00e0s 8h, no Planet\u00e1rio de Arapiraca\" \/>\n\t\t<meta property=\"og:url\" content=\"https:\/\/fpisaofrancisco.inf.br\/index.php\/2024\/05\/10\/fpi-municipios-tem-poder-dever-de-defender-meio-ambiente\/\" \/>\n\t\t<meta property=\"article:published_time\" content=\"2024-05-10T16:00:17+00:00\" \/>\n\t\t<meta property=\"article:modified_time\" content=\"2024-05-10T19:58:08+00:00\" \/>\n\t\t<meta name=\"twitter:card\" content=\"summary_large_image\" \/>\n\t\t<meta name=\"twitter:title\" content=\"FPI AL: munic\u00edpios t\u00eam poder-dever de defender meio ambiente\" \/>\n\t\t<meta name=\"twitter:description\" content=\"FPI do Rio S\u00e3o Francisco: munic\u00edpios t\u00eam poder-dever de defender meio ambiente. Audi\u00eancia p\u00fablica ocorrer\u00e1 neste s\u00e1bado (11), \u00e0s 8h, no Planet\u00e1rio de Arapiraca\" \/>\n\t\t<script type=\"application\/ld+json\" class=\"aioseo-schema\">\n\t\t\t{\"@context\":\"https:\\\/\\\/schema.org\",\"@graph\":[{\"@type\":\"BlogPosting\",\"@id\":\"https:\\\/\\\/fpisaofrancisco.inf.br\\\/index.php\\\/2024\\\/05\\\/10\\\/fpi-municipios-tem-poder-dever-de-defender-meio-ambiente\\\/#blogposting\",\"name\":\"FPI AL: munic\\u00edpios t\\u00eam poder-dever de defender meio ambiente\",\"headline\":\"FPI do Rio S\\u00e3o Francisco: munic\\u00edpios t\\u00eam poder-dever de defender meio ambiente\",\"author\":{\"@id\":\"https:\\\/\\\/fpisaofrancisco.inf.br\\\/index.php\\\/author\\\/editorfpi\\\/#author\"},\"publisher\":{\"@id\":\"https:\\\/\\\/fpisaofrancisco.inf.br\\\/#organization\"},\"image\":{\"@type\":\"ImageObject\",\"url\":\"https:\\\/\\\/fpisaofrancisco.inf.br\\\/wp-content\\\/uploads\\\/2024\\\/05\\\/WhatsApp-Image-2024-05-10-at-16.09.25-1.jpeg\",\"width\":1280,\"height\":720,\"caption\":\"Cr\\u00e9dito Comunica\\u00e7\\u00e3o FPI AL\"},\"datePublished\":\"2024-05-10T16:00:17+00:00\",\"dateModified\":\"2024-05-10T19:58:08+00:00\",\"inLanguage\":\"pt-BR\",\"mainEntityOfPage\":{\"@id\":\"https:\\\/\\\/fpisaofrancisco.inf.br\\\/index.php\\\/2024\\\/05\\\/10\\\/fpi-municipios-tem-poder-dever-de-defender-meio-ambiente\\\/#webpage\"},\"isPartOf\":{\"@id\":\"https:\\\/\\\/fpisaofrancisco.inf.br\\\/index.php\\\/2024\\\/05\\\/10\\\/fpi-municipios-tem-poder-dever-de-defender-meio-ambiente\\\/#webpage\"},\"articleSection\":\"13a etapa FPI AL, Blog, Not\\u00edcias Alagoas, #FPI #FPIAL #13FPIAL #cbhsf #RioSaoFrancisco #VelhoChico #MeioAmbiente #Sustentabilidade #GestaoAmbiental #Saude #Agua #ODS3 #ODS6 #ODS11, #ODS16 #ODS17 #AudienciaPublica2024, #Sustentabilidade #GestaoAmbiental #Saude #Agua #ODS3 #ODS6 #ODS11\"},{\"@type\":\"BreadcrumbList\",\"@id\":\"https:\\\/\\\/fpisaofrancisco.inf.br\\\/index.php\\\/2024\\\/05\\\/10\\\/fpi-municipios-tem-poder-dever-de-defender-meio-ambiente\\\/#breadcrumblist\",\"itemListElement\":[{\"@type\":\"ListItem\",\"@id\":\"https:\\\/\\\/fpisaofrancisco.inf.br#listItem\",\"position\":1,\"name\":\"Home\",\"item\":\"https:\\\/\\\/fpisaofrancisco.inf.br\",\"nextItem\":{\"@type\":\"ListItem\",\"@id\":\"https:\\\/\\\/fpisaofrancisco.inf.br\\\/index.php\\\/category\\\/blog\\\/#listItem\",\"name\":\"Blog\"}},{\"@type\":\"ListItem\",\"@id\":\"https:\\\/\\\/fpisaofrancisco.inf.br\\\/index.php\\\/category\\\/blog\\\/#listItem\",\"position\":2,\"name\":\"Blog\",\"item\":\"https:\\\/\\\/fpisaofrancisco.inf.br\\\/index.php\\\/category\\\/blog\\\/\",\"nextItem\":{\"@type\":\"ListItem\",\"@id\":\"https:\\\/\\\/fpisaofrancisco.inf.br\\\/index.php\\\/2024\\\/05\\\/10\\\/fpi-municipios-tem-poder-dever-de-defender-meio-ambiente\\\/#listItem\",\"name\":\"FPI do Rio S\\u00e3o Francisco: munic\\u00edpios t\\u00eam poder-dever de defender meio ambiente\"},\"previousItem\":{\"@type\":\"ListItem\",\"@id\":\"https:\\\/\\\/fpisaofrancisco.inf.br#listItem\",\"name\":\"Home\"}},{\"@type\":\"ListItem\",\"@id\":\"https:\\\/\\\/fpisaofrancisco.inf.br\\\/index.php\\\/2024\\\/05\\\/10\\\/fpi-municipios-tem-poder-dever-de-defender-meio-ambiente\\\/#listItem\",\"position\":3,\"name\":\"FPI do Rio S\\u00e3o Francisco: munic\\u00edpios t\\u00eam poder-dever de defender meio ambiente\",\"previousItem\":{\"@type\":\"ListItem\",\"@id\":\"https:\\\/\\\/fpisaofrancisco.inf.br\\\/index.php\\\/category\\\/blog\\\/#listItem\",\"name\":\"Blog\"}}]},{\"@type\":\"Organization\",\"@id\":\"https:\\\/\\\/fpisaofrancisco.inf.br\\\/#organization\",\"name\":\"fpisaofrancisco\",\"description\":\"Programa Fiscaliza\\u00e7\\u00e3o Preventiva Integrada do S\\u00e2o Francisco\",\"url\":\"https:\\\/\\\/fpisaofrancisco.inf.br\\\/\"},{\"@type\":\"Person\",\"@id\":\"https:\\\/\\\/fpisaofrancisco.inf.br\\\/index.php\\\/author\\\/editorfpi\\\/#author\",\"url\":\"https:\\\/\\\/fpisaofrancisco.inf.br\\\/index.php\\\/author\\\/editorfpi\\\/\",\"name\":\"editorfpi\",\"image\":{\"@type\":\"ImageObject\",\"@id\":\"https:\\\/\\\/fpisaofrancisco.inf.br\\\/index.php\\\/2024\\\/05\\\/10\\\/fpi-municipios-tem-poder-dever-de-defender-meio-ambiente\\\/#authorImage\",\"url\":\"https:\\\/\\\/secure.gravatar.com\\\/avatar\\\/92470701a68f8664302b6eec7c7e8476a551e64077b5b5b4a0ce84b83cab9ba6?s=96&d=mm&r=g\",\"width\":96,\"height\":96,\"caption\":\"editorfpi\"}},{\"@type\":\"WebPage\",\"@id\":\"https:\\\/\\\/fpisaofrancisco.inf.br\\\/index.php\\\/2024\\\/05\\\/10\\\/fpi-municipios-tem-poder-dever-de-defender-meio-ambiente\\\/#webpage\",\"url\":\"https:\\\/\\\/fpisaofrancisco.inf.br\\\/index.php\\\/2024\\\/05\\\/10\\\/fpi-municipios-tem-poder-dever-de-defender-meio-ambiente\\\/\",\"name\":\"FPI AL: munic\\u00edpios t\\u00eam poder-dever de defender meio ambiente\",\"description\":\"FPI do Rio S\\u00e3o Francisco: munic\\u00edpios t\\u00eam poder-dever de defender meio ambiente. Audi\\u00eancia p\\u00fablica ocorrer\\u00e1 neste s\\u00e1bado (11), \\u00e0s 8h, no Planet\\u00e1rio de Arapiraca\",\"inLanguage\":\"pt-BR\",\"isPartOf\":{\"@id\":\"https:\\\/\\\/fpisaofrancisco.inf.br\\\/#website\"},\"breadcrumb\":{\"@id\":\"https:\\\/\\\/fpisaofrancisco.inf.br\\\/index.php\\\/2024\\\/05\\\/10\\\/fpi-municipios-tem-poder-dever-de-defender-meio-ambiente\\\/#breadcrumblist\"},\"author\":{\"@id\":\"https:\\\/\\\/fpisaofrancisco.inf.br\\\/index.php\\\/author\\\/editorfpi\\\/#author\"},\"creator\":{\"@id\":\"https:\\\/\\\/fpisaofrancisco.inf.br\\\/index.php\\\/author\\\/editorfpi\\\/#author\"},\"image\":{\"@type\":\"ImageObject\",\"url\":\"https:\\\/\\\/fpisaofrancisco.inf.br\\\/wp-content\\\/uploads\\\/2024\\\/05\\\/WhatsApp-Image-2024-05-10-at-16.09.25-1.jpeg\",\"@id\":\"https:\\\/\\\/fpisaofrancisco.inf.br\\\/index.php\\\/2024\\\/05\\\/10\\\/fpi-municipios-tem-poder-dever-de-defender-meio-ambiente\\\/#mainImage\",\"width\":1280,\"height\":720,\"caption\":\"Cr\\u00e9dito Comunica\\u00e7\\u00e3o FPI AL\"},\"primaryImageOfPage\":{\"@id\":\"https:\\\/\\\/fpisaofrancisco.inf.br\\\/index.php\\\/2024\\\/05\\\/10\\\/fpi-municipios-tem-poder-dever-de-defender-meio-ambiente\\\/#mainImage\"},\"datePublished\":\"2024-05-10T16:00:17+00:00\",\"dateModified\":\"2024-05-10T19:58:08+00:00\"},{\"@type\":\"WebSite\",\"@id\":\"https:\\\/\\\/fpisaofrancisco.inf.br\\\/#website\",\"url\":\"https:\\\/\\\/fpisaofrancisco.inf.br\\\/\",\"name\":\"fpisaofrancisco\",\"description\":\"Programa Fiscaliza\\u00e7\\u00e3o Preventiva Integrada do S\\u00e2o Francisco\",\"inLanguage\":\"pt-BR\",\"publisher\":{\"@id\":\"https:\\\/\\\/fpisaofrancisco.inf.br\\\/#organization\"}}]}\n\t\t<\/script>\n\t\t<!-- All in One SEO -->\n\n","aioseo_head_json":{"title":"FPI AL: munic\u00edpios t\u00eam poder-dever de defender meio ambiente","description":"FPI do Rio S\u00e3o Francisco: munic\u00edpios t\u00eam poder-dever de defender meio ambiente. Audi\u00eancia p\u00fablica ocorrer\u00e1 neste s\u00e1bado (11), \u00e0s 8h, no Planet\u00e1rio de Arapiraca","canonical_url":"https:\/\/fpisaofrancisco.inf.br\/index.php\/2024\/05\/10\/fpi-municipios-tem-poder-dever-de-defender-meio-ambiente\/","robots":"max-image-preview:large","keywords":"","webmasterTools":{"miscellaneous":""},"schema":{"@context":"https:\/\/schema.org","@graph":[{"@type":"BlogPosting","@id":"https:\/\/fpisaofrancisco.inf.br\/index.php\/2024\/05\/10\/fpi-municipios-tem-poder-dever-de-defender-meio-ambiente\/#blogposting","name":"FPI AL: munic\u00edpios t\u00eam poder-dever de defender meio ambiente","headline":"FPI do Rio S\u00e3o Francisco: munic\u00edpios t\u00eam poder-dever de defender meio ambiente","author":{"@id":"https:\/\/fpisaofrancisco.inf.br\/index.php\/author\/editorfpi\/#author"},"publisher":{"@id":"https:\/\/fpisaofrancisco.inf.br\/#organization"},"image":{"@type":"ImageObject","url":"https:\/\/fpisaofrancisco.inf.br\/wp-content\/uploads\/2024\/05\/WhatsApp-Image-2024-05-10-at-16.09.25-1.jpeg","width":1280,"height":720,"caption":"Cr\u00e9dito Comunica\u00e7\u00e3o FPI AL"},"datePublished":"2024-05-10T16:00:17+00:00","dateModified":"2024-05-10T19:58:08+00:00","inLanguage":"pt-BR","mainEntityOfPage":{"@id":"https:\/\/fpisaofrancisco.inf.br\/index.php\/2024\/05\/10\/fpi-municipios-tem-poder-dever-de-defender-meio-ambiente\/#webpage"},"isPartOf":{"@id":"https:\/\/fpisaofrancisco.inf.br\/index.php\/2024\/05\/10\/fpi-municipios-tem-poder-dever-de-defender-meio-ambiente\/#webpage"},"articleSection":"13a etapa FPI AL, Blog, Not\u00edcias Alagoas, #FPI #FPIAL #13FPIAL #cbhsf #RioSaoFrancisco #VelhoChico #MeioAmbiente #Sustentabilidade #GestaoAmbiental #Saude #Agua #ODS3 #ODS6 #ODS11, #ODS16 #ODS17 #AudienciaPublica2024, #Sustentabilidade #GestaoAmbiental #Saude #Agua #ODS3 #ODS6 #ODS11"},{"@type":"BreadcrumbList","@id":"https:\/\/fpisaofrancisco.inf.br\/index.php\/2024\/05\/10\/fpi-municipios-tem-poder-dever-de-defender-meio-ambiente\/#breadcrumblist","itemListElement":[{"@type":"ListItem","@id":"https:\/\/fpisaofrancisco.inf.br#listItem","position":1,"name":"Home","item":"https:\/\/fpisaofrancisco.inf.br","nextItem":{"@type":"ListItem","@id":"https:\/\/fpisaofrancisco.inf.br\/index.php\/category\/blog\/#listItem","name":"Blog"}},{"@type":"ListItem","@id":"https:\/\/fpisaofrancisco.inf.br\/index.php\/category\/blog\/#listItem","position":2,"name":"Blog","item":"https:\/\/fpisaofrancisco.inf.br\/index.php\/category\/blog\/","nextItem":{"@type":"ListItem","@id":"https:\/\/fpisaofrancisco.inf.br\/index.php\/2024\/05\/10\/fpi-municipios-tem-poder-dever-de-defender-meio-ambiente\/#listItem","name":"FPI do Rio S\u00e3o Francisco: munic\u00edpios t\u00eam poder-dever de defender meio ambiente"},"previousItem":{"@type":"ListItem","@id":"https:\/\/fpisaofrancisco.inf.br#listItem","name":"Home"}},{"@type":"ListItem","@id":"https:\/\/fpisaofrancisco.inf.br\/index.php\/2024\/05\/10\/fpi-municipios-tem-poder-dever-de-defender-meio-ambiente\/#listItem","position":3,"name":"FPI do Rio S\u00e3o Francisco: munic\u00edpios t\u00eam poder-dever de defender meio ambiente","previousItem":{"@type":"ListItem","@id":"https:\/\/fpisaofrancisco.inf.br\/index.php\/category\/blog\/#listItem","name":"Blog"}}]},{"@type":"Organization","@id":"https:\/\/fpisaofrancisco.inf.br\/#organization","name":"fpisaofrancisco","description":"Programa Fiscaliza\u00e7\u00e3o Preventiva Integrada do S\u00e2o Francisco","url":"https:\/\/fpisaofrancisco.inf.br\/"},{"@type":"Person","@id":"https:\/\/fpisaofrancisco.inf.br\/index.php\/author\/editorfpi\/#author","url":"https:\/\/fpisaofrancisco.inf.br\/index.php\/author\/editorfpi\/","name":"editorfpi","image":{"@type":"ImageObject","@id":"https:\/\/fpisaofrancisco.inf.br\/index.php\/2024\/05\/10\/fpi-municipios-tem-poder-dever-de-defender-meio-ambiente\/#authorImage","url":"https:\/\/secure.gravatar.com\/avatar\/92470701a68f8664302b6eec7c7e8476a551e64077b5b5b4a0ce84b83cab9ba6?s=96&d=mm&r=g","width":96,"height":96,"caption":"editorfpi"}},{"@type":"WebPage","@id":"https:\/\/fpisaofrancisco.inf.br\/index.php\/2024\/05\/10\/fpi-municipios-tem-poder-dever-de-defender-meio-ambiente\/#webpage","url":"https:\/\/fpisaofrancisco.inf.br\/index.php\/2024\/05\/10\/fpi-municipios-tem-poder-dever-de-defender-meio-ambiente\/","name":"FPI AL: munic\u00edpios t\u00eam poder-dever de defender meio ambiente","description":"FPI do Rio S\u00e3o Francisco: munic\u00edpios t\u00eam poder-dever de defender meio ambiente. Audi\u00eancia p\u00fablica ocorrer\u00e1 neste s\u00e1bado (11), \u00e0s 8h, no Planet\u00e1rio de Arapiraca","inLanguage":"pt-BR","isPartOf":{"@id":"https:\/\/fpisaofrancisco.inf.br\/#website"},"breadcrumb":{"@id":"https:\/\/fpisaofrancisco.inf.br\/index.php\/2024\/05\/10\/fpi-municipios-tem-poder-dever-de-defender-meio-ambiente\/#breadcrumblist"},"author":{"@id":"https:\/\/fpisaofrancisco.inf.br\/index.php\/author\/editorfpi\/#author"},"creator":{"@id":"https:\/\/fpisaofrancisco.inf.br\/index.php\/author\/editorfpi\/#author"},"image":{"@type":"ImageObject","url":"https:\/\/fpisaofrancisco.inf.br\/wp-content\/uploads\/2024\/05\/WhatsApp-Image-2024-05-10-at-16.09.25-1.jpeg","@id":"https:\/\/fpisaofrancisco.inf.br\/index.php\/2024\/05\/10\/fpi-municipios-tem-poder-dever-de-defender-meio-ambiente\/#mainImage","width":1280,"height":720,"caption":"Cr\u00e9dito Comunica\u00e7\u00e3o FPI AL"},"primaryImageOfPage":{"@id":"https:\/\/fpisaofrancisco.inf.br\/index.php\/2024\/05\/10\/fpi-municipios-tem-poder-dever-de-defender-meio-ambiente\/#mainImage"},"datePublished":"2024-05-10T16:00:17+00:00","dateModified":"2024-05-10T19:58:08+00:00"},{"@type":"WebSite","@id":"https:\/\/fpisaofrancisco.inf.br\/#website","url":"https:\/\/fpisaofrancisco.inf.br\/","name":"fpisaofrancisco","description":"Programa Fiscaliza\u00e7\u00e3o Preventiva Integrada do S\u00e2o Francisco","inLanguage":"pt-BR","publisher":{"@id":"https:\/\/fpisaofrancisco.inf.br\/#organization"}}]},"og:locale":"pt_BR","og:site_name":"fpisaofrancisco - Programa Fiscaliza\u00e7\u00e3o Preventiva Integrada do S\u00e2o Francisco","og:type":"article","og:title":"FPI AL: munic\u00edpios t\u00eam poder-dever de defender meio ambiente","og:description":"FPI do Rio S\u00e3o Francisco: munic\u00edpios t\u00eam poder-dever de defender meio ambiente. Audi\u00eancia p\u00fablica ocorrer\u00e1 neste s\u00e1bado (11), \u00e0s 8h, no Planet\u00e1rio de Arapiraca","og:url":"https:\/\/fpisaofrancisco.inf.br\/index.php\/2024\/05\/10\/fpi-municipios-tem-poder-dever-de-defender-meio-ambiente\/","article:published_time":"2024-05-10T16:00:17+00:00","article:modified_time":"2024-05-10T19:58:08+00:00","twitter:card":"summary_large_image","twitter:title":"FPI AL: munic\u00edpios t\u00eam poder-dever de defender meio ambiente","twitter:description":"FPI do Rio S\u00e3o Francisco: munic\u00edpios t\u00eam poder-dever de defender meio ambiente. Audi\u00eancia p\u00fablica ocorrer\u00e1 neste s\u00e1bado (11), \u00e0s 8h, no Planet\u00e1rio de Arapiraca"},"aioseo_meta_data":{"post_id":"7013","title":"FPI AL: munic\u00edpios t\u00eam poder-dever de defender meio ambiente","description":"FPI do Rio S\u00e3o Francisco: munic\u00edpios t\u00eam poder-dever de defender meio ambiente. Audi\u00eancia p\u00fablica ocorrer\u00e1 neste s\u00e1bado (11), \u00e0s 8h, no Planet\u00e1rio de Arapiraca","keywords":[],"keyphrases":{"focus":{"keyphrase":"","score":0,"analysis":{"keyphraseInTitle":{"score":0,"maxScore":9,"error":1}}},"additional":[]},"primary_term":null,"canonical_url":null,"og_title":"FPI AL: munic\u00edpios t\u00eam poder-dever de defender meio ambiente","og_description":"FPI do Rio S\u00e3o Francisco: munic\u00edpios t\u00eam poder-dever de defender meio ambiente. Audi\u00eancia p\u00fablica ocorrer\u00e1 neste s\u00e1bado (11), \u00e0s 8h, no Planet\u00e1rio de Arapiraca","og_object_type":"default","og_image_type":"default","og_image_url":null,"og_image_width":null,"og_image_height":null,"og_image_custom_url":null,"og_image_custom_fields":null,"og_video":"","og_custom_url":null,"og_article_section":null,"og_article_tags":[],"twitter_use_og":false,"twitter_card":"default","twitter_image_type":"default","twitter_image_url":null,"twitter_image_custom_url":null,"twitter_image_custom_fields":null,"twitter_title":null,"twitter_description":null,"schema":{"blockGraphs":[],"customGraphs":[],"default":{"data":{"Article":[],"Course":[],"Dataset":[],"FAQPage":[],"Movie":[],"Person":[],"Product":[],"ProductReview":[],"Car":[],"Recipe":[],"Service":[],"SoftwareApplication":[],"WebPage":[]},"graphName":"BlogPosting","isEnabled":true},"graphs":[]},"schema_type":"default","schema_type_options":null,"pillar_content":false,"robots_default":true,"robots_noindex":false,"robots_noarchive":false,"robots_nosnippet":false,"robots_nofollow":false,"robots_noimageindex":false,"robots_noodp":false,"robots_notranslate":false,"robots_max_snippet":"-1","robots_max_videopreview":"-1","robots_max_imagepreview":"large","priority":null,"frequency":"default","local_seo":null,"breadcrumb_settings":null,"limit_modified_date":false,"ai":null,"created":"2024-05-10 19:38:56","updated":"2025-06-04 13:12:05","seo_analyzer_scan_date":null,"focus_keyword":null,"additional_keywords":null,"truseo_locale":null},"aioseo_breadcrumb":"<div class=\"aioseo-breadcrumbs\"><span class=\"aioseo-breadcrumb\">\n\t\t\t<a href=\"https:\/\/fpisaofrancisco.inf.br\" title=\"Home\">Home<\/a>\n\t\t<\/span><span class=\"aioseo-breadcrumb-separator\">&raquo;<\/span><span class=\"aioseo-breadcrumb\">\n\t\t\t<a href=\"https:\/\/fpisaofrancisco.inf.br\/index.php\/category\/blog\/\" title=\"Blog\">Blog<\/a>\n\t\t<\/span><span class=\"aioseo-breadcrumb-separator\">&raquo;<\/span><span class=\"aioseo-breadcrumb\">\n\t\t\tFPI do Rio S\u00e3o Francisco: munic\u00edpios t\u00eam poder-dever de defender meio ambiente\n\t\t<\/span><\/div>","aioseo_breadcrumb_json":[{"label":"Home","link":"https:\/\/fpisaofrancisco.inf.br"},{"label":"Blog","link":"https:\/\/fpisaofrancisco.inf.br\/index.php\/category\/blog\/"},{"label":"FPI do Rio S\u00e3o Francisco: munic\u00edpios t\u00eam poder-dever de defender meio ambiente","link":"https:\/\/fpisaofrancisco.inf.br\/index.php\/2024\/05\/10\/fpi-municipios-tem-poder-dever-de-defender-meio-ambiente\/"}],"jetpack_sharing_enabled":true,"jetpack_featured_media_url":"https:\/\/fpisaofrancisco.inf.br\/wp-content\/uploads\/2024\/05\/WhatsApp-Image-2024-05-10-at-16.09.25-1.jpeg","_links":{"self":[{"href":"https:\/\/fpisaofrancisco.inf.br\/index.php\/wp-json\/wp\/v2\/posts\/7013","targetHints":{"allow":["GET"]}}],"collection":[{"href":"https:\/\/fpisaofrancisco.inf.br\/index.php\/wp-json\/wp\/v2\/posts"}],"about":[{"href":"https:\/\/fpisaofrancisco.inf.br\/index.php\/wp-json\/wp\/v2\/types\/post"}],"author":[{"embeddable":true,"href":"https:\/\/fpisaofrancisco.inf.br\/index.php\/wp-json\/wp\/v2\/users\/3"}],"replies":[{"embeddable":true,"href":"https:\/\/fpisaofrancisco.inf.br\/index.php\/wp-json\/wp\/v2\/comments?post=7013"}],"version-history":[{"count":1,"href":"https:\/\/fpisaofrancisco.inf.br\/index.php\/wp-json\/wp\/v2\/posts\/7013\/revisions"}],"predecessor-version":[{"id":7023,"href":"https:\/\/fpisaofrancisco.inf.br\/index.php\/wp-json\/wp\/v2\/posts\/7013\/revisions\/7023"}],"wp:featuredmedia":[{"embeddable":true,"href":"https:\/\/fpisaofrancisco.inf.br\/index.php\/wp-json\/wp\/v2\/media\/7016"}],"wp:attachment":[{"href":"https:\/\/fpisaofrancisco.inf.br\/index.php\/wp-json\/wp\/v2\/media?parent=7013"}],"wp:term":[{"taxonomy":"category","embeddable":true,"href":"https:\/\/fpisaofrancisco.inf.br\/index.php\/wp-json\/wp\/v2\/categories?post=7013"},{"taxonomy":"post_tag","embeddable":true,"href":"https:\/\/fpisaofrancisco.inf.br\/index.php\/wp-json\/wp\/v2\/tags?post=7013"}],"curies":[{"name":"wp","href":"https:\/\/api.w.org\/{rel}","templated":true}]}}